{"id":9932,"date":"2022-04-11T10:57:07","date_gmt":"2022-04-11T08:57:07","guid":{"rendered":"https:\/\/www.ficoba.org\/?p=9932"},"modified":"2022-04-11T10:57:07","modified_gmt":"2022-04-11T08:57:07","slug":"bioterra-a-deja-vendu-pres-de-90-de-son-espace-dexposition","status":"publish","type":"post","link":"https:\/\/www.ficoba.org\/fr\/bioterra-a-deja-vendu-pres-de-90-de-son-espace-dexposition\/","title":{"rendered":"Bioterra a d\u00e9j\u00e0 vendu pr\u00e8s de 90 % de son espace d&rsquo;exposition"},"content":{"rendered":"<ul>\n<li><strong>Plus de 80 soci\u00e9t\u00e9s exposantes ont confirm\u00e9 leur pr\u00e9sence \u00e0 la 19e \u00e9dition de le salon<\/strong><\/li>\n<li><strong>La production biologique continue de progresser au Pays basque : les op\u00e9rateurs biologiques augmentent de 8% et les hectares de production biologique de 16% d&rsquo;ici 2021<\/strong><\/li>\n<li><strong>La 19e \u00e9dition de Bioterra se tiendra du 3 au 5 juin \u00e0 Ficoba<\/strong><\/li>\n<\/ul>\n<p>La Journ\u00e9e Mondiale de l&rsquo;Environnement approche (5 juin) et avec elle, Bioterra, la plus ancien salon de Ficoba et l&rsquo;\u00e9v\u00e9nement incontournable pour les personnes engag\u00e9es dans les produits et services respectueux de l&rsquo;environnement.<\/p>\n<p>Comme lors des \u00e9ditions pr\u00e9c\u00e9dentes, la r\u00e9ponse des professionnels du secteur a \u00e9t\u00e9 excellente et plus de 80 entreprises exposantes ont d\u00e9j\u00e0 confirm\u00e9 leur pr\u00e9sence au salon leader du Pays basque pour les produits \u00e9cologiques, la bio-construction, les \u00e9nergies renouvelables et la consommation responsable.<\/p>\n<p>Chaque ann\u00e9e, Bioterra se concentre sur un aspect sp\u00e9cifique de la durabilit\u00e9. \u00c0 cette occasion, il s&rsquo;est concentr\u00e9 sur la permaculture. Une philosophie et un mode de vie qui sont n\u00e9s li\u00e9s \u00e0 l&rsquo;agriculture durable, mais qui se sont aujourd&rsquo;hui \u00e9tendus \u00e0 tous les domaines de l&rsquo;activit\u00e9 humaine.<\/p>\n<p>Fond\u00e9e sur la biodiversit\u00e9 de chaque \u00e9cosyst\u00e8me, la permaculture propose des id\u00e9es et des solutions, locales et globales, pour concevoir des habitats humains ayant vocation \u00e0 durer dans le temps en prenant soin de la terre, des personnes et en garantissant un avenir durable en partageant les ressources avec \u00e9quit\u00e9. Bioterra abordera la permaculture de diff\u00e9rents points de vue tels que l&rsquo;alimentation, la bio-construction, la technologie et les outils, la culture et l&rsquo;\u00e9ducation, la sant\u00e9 et le bien-\u00eatre et la gouvernance communautaire.<\/p>\n<p><strong>La production \u00e9cologique au Pays basque continue de progresser<\/strong><\/p>\n<p>Un autre domaine qui a toujours \u00e9t\u00e9 tr\u00e8s pr\u00e9sent chez Bioterra est la production biologique, tant au Pays basque que dans d&rsquo;autres r\u00e9gions d&rsquo;Espagne. Dans le cas du Pays basque, elle est repr\u00e9sent\u00e9e par le Conseil de l&rsquo;agriculture et de l&rsquo;alimentation \u00e9cologiques, Ekolurra. Son pr\u00e9sident, Arantza Eguskiza, a pr\u00e9sent\u00e9 les chiffres de la production biologique de l&rsquo;ann\u00e9e derni\u00e8re \u00e0 Bioterra. Ces chiffres positifs montrent que l&rsquo;agriculture biologique au Pays basque poursuit sa tendance \u00e0 la hausse.<\/p>\n<p>Mais, comme il l&rsquo;a soulign\u00e9 dans son discours, \u00ab\u00a0la strat\u00e9gie europ\u00e9enne \u00ab\u00a0De la ferme \u00e0 la fourchette\u00a0\u00bb nous fixe un objectif ambitieux pour 2030. Nous devons atteindre 25 % de nos terres en production biologique. Actuellement, 4,3 % de la surface cultiv\u00e9e est certifi\u00e9e biologique. Le changement doit \u00eatre puissant dans les ann\u00e9es \u00e0 venir.<\/p>\n<p>Tant les producteurs organiques que la surface organique ont augment\u00e9. Plus de 60 personnes ont rejoint la conversion biologique.<\/p>\n<p>Au total, il y a 710 op\u00e9rateurs certifi\u00e9s, ce qui consolide une augmentation de 8 % des op\u00e9rateurs, les nouveaux agriculteurs biologiques du Gipuzkoa \u00e9tant ceux qui ont connu la plus grande augmentation, avec 12 % de personnes suppl\u00e9mentaires produisant sur la base de param\u00e8tres biologiques, 283 au total.<\/p>\n<p>Dans le m\u00eame temps, l&rsquo;extension des cultures biologiques a \u00e9galement augment\u00e9, atteignant 7 905 hectares, dont 1 200 nouveaux hectares, soit une augmentation de 16 %. Le territoire de Gipuzkoa se distingue avec une augmentation de 22%, bien qu&rsquo;Araba continue d&rsquo;\u00eatre le territoire avec la plus grande surface certifi\u00e9e, avec 59% des terres biologiques basques.<\/p>\n<p><strong>Production de vin et de viande : secteurs \u00e9mergents <\/strong><\/p>\n<p>Le secteur de la viticulture et la production de p\u00e2turages et de prairies se distinguent par leur croissance notable. La superficie consacr\u00e9e \u00e0 la production animale, tant en p\u00e2turages, prairies et fourrages, est tr\u00e8s importante, avec une augmentation de 20% par rapport \u00e0 l&rsquo;ann\u00e9e pr\u00e9c\u00e9dente. Il y a 975 nouveaux hectares destin\u00e9s \u00e0 la production de b\u00e9tail biologique.<\/p>\n<p>L&rsquo;augmentation des vignobles biologiques est de 16% et de 150 nouveaux hectares certifi\u00e9s par rapport \u00e0 l&rsquo;ann\u00e9e pr\u00e9c\u00e9dente et marque une tendance continue de croissance de la production de vin biologique.<\/p>\n<p>La production de fruits a connu une croissance modeste de 7%. Bien que moins d&rsquo;hectares en Araba et Bizkaia soient consacr\u00e9s aux arbres fruitiers, le territoire de Gipuzkoa a consolid\u00e9 une augmentation de 15%, et compte d\u00e9sormais 296 hectares certifi\u00e9s.<\/p>\n<p>La production horticole est rest\u00e9e stable au cours de la derni\u00e8re saison productive. 182 hectares sont destin\u00e9s \u00e0 sa production, soit un de moins qu&rsquo;en 2020, avec une l\u00e9g\u00e8re augmentation dans le territoire de l&rsquo;Alava, et une l\u00e9g\u00e8re diminution dans le Gipuzkoa.<\/p>\n<p><strong>L\u00e9g\u00e8re croissance de la transformation <\/strong><\/p>\n<p>On constate une augmentation mod\u00e9r\u00e9e des activit\u00e9s de transformation, avec 238 op\u00e9rateurs biologiques \u00e0 l&rsquo;heure actuelle, soit 13 de plus qu&rsquo;en 2020. 186 sont des transformations \u00e0 base de plantes, et 52 sont \u00e0 base d&rsquo;animaux. Les augmentations ont \u00e9t\u00e9 enregistr\u00e9es dans la production de conserves, de produits de boulangerie et de produits laitiers.<\/p>\n<p><strong>Nouveau site web de Bioterra<\/strong><\/p>\n<p>\u00c0 l&rsquo;approche de son 20e anniversaire, qui aura lieu en 2023, Bioterra a commenc\u00e9 \u00e0 pr\u00e9parer l&rsquo;\u00e9v\u00e9nement. L&rsquo;une des premi\u00e8res actions a \u00e9t\u00e9 la r\u00e9novation du site web du salon. Une page tr\u00e8s visuelle qui refl\u00e8te la richesse du contenu avec lequel Bioterra a captiv\u00e9 pr\u00e8s de 180 000 visiteurs au cours de son histoire.<\/p>\n<p><strong>Informations pratiques sur Bioterra 2022<\/strong><\/p>\n<p>La 19e \u00e9dition de Bioterra ouvrira ses portes du vendredi 3 juin au dimanche 5 juin.<\/p>\n<p>Le salon sera ouverte sans interruption de 10h00 \u00e0 20h00 le vendredi et le samedi et de 10h00 \u00e0 18h00 le dimanche. Entr\u00e9e et parking gratuits. L&rsquo;arr\u00eat Euskotren se trouve \u00e0 50 m\u00e8tres.<\/p>\n<p><strong>\u00a0<\/strong><strong>Plus d&rsquo;informations :<\/strong> bioterra.ficoba.org<\/p>\n<p>&nbsp;<\/p>\n","protected":false},"excerpt":{"rendered":"<p>Plus de 80 soci\u00e9t\u00e9s exposantes ont confirm\u00e9 leur pr\u00e9sence \u00e0 la 19e \u00e9dition de le salon La production biologique continue de progresser au Pays basque : les op\u00e9rateurs biologiques augmentent [&hellip;]<\/p>\n","protected":false},"author":2,"featured_media":9908,"comment_status":"closed","ping_status":"closed","sticky":false,"template":"","format":"standard","meta":{"_et_pb_use_builder":"","_et_pb_old_content":"","_et_gb_content_width":"","footnotes":""},"categories":[19],"tags":[],"class_list":["post-9932","post","type-post","status-publish","format-standard","has-post-thumbnail","hentry","category-evenements-et-salons"],"yoast_head":"<!-- This site is optimized with the Yoast SEO plugin v26.8 - https:\/\/yoast.com\/product\/yoast-seo-wordpress\/ -->\n<title>Bioterra a d\u00e9j\u00e0 vendu pr\u00e8s de 90 % de son espace d&#039;exposition - Ficoba<\/title>\n<meta name=\"robots\" content=\"index, follow, max-snippet:-1, max-image-preview:large, max-video-preview:-1\" \/>\n<link rel=\"canonical\" href=\"https:\/\/www.ficoba.org\/fr\/bioterra-a-deja-vendu-pres-de-90-de-son-espace-dexposition\/\" \/>\n<meta name=\"twitter:label1\" content=\"\u00c9crit par\" \/>\n\t<meta name=\"twitter:data1\" content=\"ficoba\" \/>\n\t<meta name=\"twitter:label2\" content=\"Dur\u00e9e de lecture estim\u00e9e\" \/>\n\t<meta name=\"twitter:data2\" content=\"4 minutes\" \/>\n<script type=\"application\/ld+json\" class=\"yoast-schema-graph\">{\"@context\":\"https:\/\/schema.org\",\"@graph\":[{\"@type\":\"Article\",\"@id\":\"https:\/\/www.ficoba.org\/fr\/bioterra-a-deja-vendu-pres-de-90-de-son-espace-dexposition\/#article\",\"isPartOf\":{\"@id\":\"https:\/\/www.ficoba.org\/fr\/bioterra-a-deja-vendu-pres-de-90-de-son-espace-dexposition\/\"},\"author\":{\"name\":\"ficoba\",\"@id\":\"https:\/\/www.ficoba.org\/es\/#\/schema\/person\/8a96a121e5dbd393e6e6b5a7ee7ed407\"},\"headline\":\"Bioterra a d\u00e9j\u00e0 vendu pr\u00e8s de 90 % de son espace d&rsquo;exposition\",\"datePublished\":\"2022-04-11T08:57:07+00:00\",\"mainEntityOfPage\":{\"@id\":\"https:\/\/www.ficoba.org\/fr\/bioterra-a-deja-vendu-pres-de-90-de-son-espace-dexposition\/\"},\"wordCount\":940,\"publisher\":{\"@id\":\"https:\/\/www.ficoba.org\/es\/#organization\"},\"image\":{\"@id\":\"https:\/\/www.ficoba.org\/fr\/bioterra-a-deja-vendu-pres-de-90-de-son-espace-dexposition\/#primaryimage\"},\"thumbnailUrl\":\"https:\/\/www.ficoba.org\/wp-content\/uploads\/2022\/04\/basque-green-deal-bioterra.jpg\",\"articleSection\":[\"\u00c9v\u00e9nements et salons\"],\"inLanguage\":\"fr-FR\"},{\"@type\":\"WebPage\",\"@id\":\"https:\/\/www.ficoba.org\/fr\/bioterra-a-deja-vendu-pres-de-90-de-son-espace-dexposition\/\",\"url\":\"https:\/\/www.ficoba.org\/fr\/bioterra-a-deja-vendu-pres-de-90-de-son-espace-dexposition\/\",\"name\":\"Bioterra a d\u00e9j\u00e0 vendu pr\u00e8s de 90 % de son espace d'exposition - Ficoba\",\"isPartOf\":{\"@id\":\"https:\/\/www.ficoba.org\/es\/#website\"},\"primaryImageOfPage\":{\"@id\":\"https:\/\/www.ficoba.org\/fr\/bioterra-a-deja-vendu-pres-de-90-de-son-espace-dexposition\/#primaryimage\"},\"image\":{\"@id\":\"https:\/\/www.ficoba.org\/fr\/bioterra-a-deja-vendu-pres-de-90-de-son-espace-dexposition\/#primaryimage\"},\"thumbnailUrl\":\"https:\/\/www.ficoba.org\/wp-content\/uploads\/2022\/04\/basque-green-deal-bioterra.jpg\",\"datePublished\":\"2022-04-11T08:57:07+00:00\",\"breadcrumb\":{\"@id\":\"https:\/\/www.ficoba.org\/fr\/bioterra-a-deja-vendu-pres-de-90-de-son-espace-dexposition\/#breadcrumb\"},\"inLanguage\":\"fr-FR\",\"potentialAction\":[{\"@type\":\"ReadAction\",\"target\":[\"https:\/\/www.ficoba.org\/fr\/bioterra-a-deja-vendu-pres-de-90-de-son-espace-dexposition\/\"]}]},{\"@type\":\"ImageObject\",\"inLanguage\":\"fr-FR\",\"@id\":\"https:\/\/www.ficoba.org\/fr\/bioterra-a-deja-vendu-pres-de-90-de-son-espace-dexposition\/#primaryimage\",\"url\":\"https:\/\/www.ficoba.org\/wp-content\/uploads\/2022\/04\/basque-green-deal-bioterra.jpg\",\"contentUrl\":\"https:\/\/www.ficoba.org\/wp-content\/uploads\/2022\/04\/basque-green-deal-bioterra.jpg\",\"width\":1500,\"height\":1000},{\"@type\":\"BreadcrumbList\",\"@id\":\"https:\/\/www.ficoba.org\/fr\/bioterra-a-deja-vendu-pres-de-90-de-son-espace-dexposition\/#breadcrumb\",\"itemListElement\":[{\"@type\":\"ListItem\",\"position\":1,\"name\":\"Portada\",\"item\":\"https:\/\/www.ficoba.org\/fr\/\"},{\"@type\":\"ListItem\",\"position\":2,\"name\":\"Bioterra a d\u00e9j\u00e0 vendu pr\u00e8s de 90 % de son espace d&#8217;exposition\"}]},{\"@type\":\"WebSite\",\"@id\":\"https:\/\/www.ficoba.org\/es\/#website\",\"url\":\"https:\/\/www.ficoba.org\/es\/\",\"name\":\"Ficoba, Recinto Ferial de Gipuzkoa\",\"description\":\"Ficoba, l\u2019art de cr\u00e9er des opportunit\u00e9s\",\"publisher\":{\"@id\":\"https:\/\/www.ficoba.org\/es\/#organization\"},\"alternateName\":\"Ficoba\",\"potentialAction\":[{\"@type\":\"SearchAction\",\"target\":{\"@type\":\"EntryPoint\",\"urlTemplate\":\"https:\/\/www.ficoba.org\/es\/?s={search_term_string}\"},\"query-input\":{\"@type\":\"PropertyValueSpecification\",\"valueRequired\":true,\"valueName\":\"search_term_string\"}}],\"inLanguage\":\"fr-FR\"},{\"@type\":\"Organization\",\"@id\":\"https:\/\/www.ficoba.org\/es\/#organization\",\"name\":\"Ficoba, Reciento Ferial de Gipuzkoa\",\"url\":\"https:\/\/www.ficoba.org\/es\/\",\"logo\":{\"@type\":\"ImageObject\",\"inLanguage\":\"fr-FR\",\"@id\":\"https:\/\/www.ficoba.org\/es\/#\/schema\/logo\/image\/\",\"url\":\"https:\/\/www.ficoba.org\/wp-content\/uploads\/2018\/11\/logo_ficoba.png\",\"contentUrl\":\"https:\/\/www.ficoba.org\/wp-content\/uploads\/2018\/11\/logo_ficoba.png\",\"width\":200,\"height\":124,\"caption\":\"Ficoba, Reciento Ferial de Gipuzkoa\"},\"image\":{\"@id\":\"https:\/\/www.ficoba.org\/es\/#\/schema\/logo\/image\/\"},\"sameAs\":[\"https:\/\/www.facebook.com\/FICOBAFUNDAZIOA\/\",\"https:\/\/x.com\/FicobaFundazioa\",\"https:\/\/www.youtube.com\/channel\/UCvo2JGluemyCf5KPRmEF9JQ\",\"https:\/\/www.linkedin.com\/company\/ficoba\/\",\"https:\/\/www.instagram.com\/ficobafundazioa\/\"]},{\"@type\":\"Person\",\"@id\":\"https:\/\/www.ficoba.org\/es\/#\/schema\/person\/8a96a121e5dbd393e6e6b5a7ee7ed407\",\"name\":\"ficoba\",\"image\":{\"@type\":\"ImageObject\",\"inLanguage\":\"fr-FR\",\"@id\":\"https:\/\/www.ficoba.org\/es\/#\/schema\/person\/image\/\",\"url\":\"https:\/\/secure.gravatar.com\/avatar\/c90cc0e07f75fecbe4165c1906a4cd61b0179a28caae2205d37516e4fb7c30c1?s=96&d=mm&r=g\",\"contentUrl\":\"https:\/\/secure.gravatar.com\/avatar\/c90cc0e07f75fecbe4165c1906a4cd61b0179a28caae2205d37516e4fb7c30c1?s=96&d=mm&r=g\",\"caption\":\"ficoba\"}}]}<\/script>\n<!-- \/ Yoast SEO plugin. -->","yoast_head_json":{"title":"Bioterra a d\u00e9j\u00e0 vendu pr\u00e8s de 90 % de son espace d'exposition - Ficoba","robots":{"index":"index","follow":"follow","max-snippet":"max-snippet:-1","max-image-preview":"max-image-preview:large","max-video-preview":"max-video-preview:-1"},"canonical":"https:\/\/www.ficoba.org\/fr\/bioterra-a-deja-vendu-pres-de-90-de-son-espace-dexposition\/","twitter_misc":{"\u00c9crit par":"ficoba","Dur\u00e9e de lecture estim\u00e9e":"4 minutes"},"schema":{"@context":"https:\/\/schema.org","@graph":[{"@type":"Article","@id":"https:\/\/www.ficoba.org\/fr\/bioterra-a-deja-vendu-pres-de-90-de-son-espace-dexposition\/#article","isPartOf":{"@id":"https:\/\/www.ficoba.org\/fr\/bioterra-a-deja-vendu-pres-de-90-de-son-espace-dexposition\/"},"author":{"name":"ficoba","@id":"https:\/\/www.ficoba.org\/es\/#\/schema\/person\/8a96a121e5dbd393e6e6b5a7ee7ed407"},"headline":"Bioterra a d\u00e9j\u00e0 vendu pr\u00e8s de 90 % de son espace d&rsquo;exposition","datePublished":"2022-04-11T08:57:07+00:00","mainEntityOfPage":{"@id":"https:\/\/www.ficoba.org\/fr\/bioterra-a-deja-vendu-pres-de-90-de-son-espace-dexposition\/"},"wordCount":940,"publisher":{"@id":"https:\/\/www.ficoba.org\/es\/#organization"},"image":{"@id":"https:\/\/www.ficoba.org\/fr\/bioterra-a-deja-vendu-pres-de-90-de-son-espace-dexposition\/#primaryimage"},"thumbnailUrl":"https:\/\/www.ficoba.org\/wp-content\/uploads\/2022\/04\/basque-green-deal-bioterra.jpg","articleSection":["\u00c9v\u00e9nements et salons"],"inLanguage":"fr-FR"},{"@type":"WebPage","@id":"https:\/\/www.ficoba.org\/fr\/bioterra-a-deja-vendu-pres-de-90-de-son-espace-dexposition\/","url":"https:\/\/www.ficoba.org\/fr\/bioterra-a-deja-vendu-pres-de-90-de-son-espace-dexposition\/","name":"Bioterra a d\u00e9j\u00e0 vendu pr\u00e8s de 90 % de son espace d'exposition - Ficoba","isPartOf":{"@id":"https:\/\/www.ficoba.org\/es\/#website"},"primaryImageOfPage":{"@id":"https:\/\/www.ficoba.org\/fr\/bioterra-a-deja-vendu-pres-de-90-de-son-espace-dexposition\/#primaryimage"},"image":{"@id":"https:\/\/www.ficoba.org\/fr\/bioterra-a-deja-vendu-pres-de-90-de-son-espace-dexposition\/#primaryimage"},"thumbnailUrl":"https:\/\/www.ficoba.org\/wp-content\/uploads\/2022\/04\/basque-green-deal-bioterra.jpg","datePublished":"2022-04-11T08:57:07+00:00","breadcrumb":{"@id":"https:\/\/www.ficoba.org\/fr\/bioterra-a-deja-vendu-pres-de-90-de-son-espace-dexposition\/#breadcrumb"},"inLanguage":"fr-FR","potentialAction":[{"@type":"ReadAction","target":["https:\/\/www.ficoba.org\/fr\/bioterra-a-deja-vendu-pres-de-90-de-son-espace-dexposition\/"]}]},{"@type":"ImageObject","inLanguage":"fr-FR","@id":"https:\/\/www.ficoba.org\/fr\/bioterra-a-deja-vendu-pres-de-90-de-son-espace-dexposition\/#primaryimage","url":"https:\/\/www.ficoba.org\/wp-content\/uploads\/2022\/04\/basque-green-deal-bioterra.jpg","contentUrl":"https:\/\/www.ficoba.org\/wp-content\/uploads\/2022\/04\/basque-green-deal-bioterra.jpg","width":1500,"height":1000},{"@type":"BreadcrumbList","@id":"https:\/\/www.ficoba.org\/fr\/bioterra-a-deja-vendu-pres-de-90-de-son-espace-dexposition\/#breadcrumb","itemListElement":[{"@type":"ListItem","position":1,"name":"Portada","item":"https:\/\/www.ficoba.org\/fr\/"},{"@type":"ListItem","position":2,"name":"Bioterra a d\u00e9j\u00e0 vendu pr\u00e8s de 90 % de son espace d&#8217;exposition"}]},{"@type":"WebSite","@id":"https:\/\/www.ficoba.org\/es\/#website","url":"https:\/\/www.ficoba.org\/es\/","name":"Ficoba, Recinto Ferial de Gipuzkoa","description":"Ficoba, l\u2019art de cr\u00e9er des opportunit\u00e9s","publisher":{"@id":"https:\/\/www.ficoba.org\/es\/#organization"},"alternateName":"Ficoba","potentialAction":[{"@type":"SearchAction","target":{"@type":"EntryPoint","urlTemplate":"https:\/\/www.ficoba.org\/es\/?s={search_term_string}"},"query-input":{"@type":"PropertyValueSpecification","valueRequired":true,"valueName":"search_term_string"}}],"inLanguage":"fr-FR"},{"@type":"Organization","@id":"https:\/\/www.ficoba.org\/es\/#organization","name":"Ficoba, Reciento Ferial de Gipuzkoa","url":"https:\/\/www.ficoba.org\/es\/","logo":{"@type":"ImageObject","inLanguage":"fr-FR","@id":"https:\/\/www.ficoba.org\/es\/#\/schema\/logo\/image\/","url":"https:\/\/www.ficoba.org\/wp-content\/uploads\/2018\/11\/logo_ficoba.png","contentUrl":"https:\/\/www.ficoba.org\/wp-content\/uploads\/2018\/11\/logo_ficoba.png","width":200,"height":124,"caption":"Ficoba, Reciento Ferial de Gipuzkoa"},"image":{"@id":"https:\/\/www.ficoba.org\/es\/#\/schema\/logo\/image\/"},"sameAs":["https:\/\/www.facebook.com\/FICOBAFUNDAZIOA\/","https:\/\/x.com\/FicobaFundazioa","https:\/\/www.youtube.com\/channel\/UCvo2JGluemyCf5KPRmEF9JQ","https:\/\/www.linkedin.com\/company\/ficoba\/","https:\/\/www.instagram.com\/ficobafundazioa\/"]},{"@type":"Person","@id":"https:\/\/www.ficoba.org\/es\/#\/schema\/person\/8a96a121e5dbd393e6e6b5a7ee7ed407","name":"ficoba","image":{"@type":"ImageObject","inLanguage":"fr-FR","@id":"https:\/\/www.ficoba.org\/es\/#\/schema\/person\/image\/","url":"https:\/\/secure.gravatar.com\/avatar\/c90cc0e07f75fecbe4165c1906a4cd61b0179a28caae2205d37516e4fb7c30c1?s=96&d=mm&r=g","contentUrl":"https:\/\/secure.gravatar.com\/avatar\/c90cc0e07f75fecbe4165c1906a4cd61b0179a28caae2205d37516e4fb7c30c1?s=96&d=mm&r=g","caption":"ficoba"}}]}},"_links":{"self":[{"href":"https:\/\/www.ficoba.org\/fr\/wp-json\/wp\/v2\/posts\/9932","targetHints":{"allow":["GET"]}}],"collection":[{"href":"https:\/\/www.ficoba.org\/fr\/wp-json\/wp\/v2\/posts"}],"about":[{"href":"https:\/\/www.ficoba.org\/fr\/wp-json\/wp\/v2\/types\/post"}],"author":[{"embeddable":true,"href":"https:\/\/www.ficoba.org\/fr\/wp-json\/wp\/v2\/users\/2"}],"replies":[{"embeddable":true,"href":"https:\/\/www.ficoba.org\/fr\/wp-json\/wp\/v2\/comments?post=9932"}],"version-history":[{"count":1,"href":"https:\/\/www.ficoba.org\/fr\/wp-json\/wp\/v2\/posts\/9932\/revisions"}],"predecessor-version":[{"id":9933,"href":"https:\/\/www.ficoba.org\/fr\/wp-json\/wp\/v2\/posts\/9932\/revisions\/9933"}],"wp:featuredmedia":[{"embeddable":true,"href":"https:\/\/www.ficoba.org\/fr\/wp-json\/wp\/v2\/media\/9908"}],"wp:attachment":[{"href":"https:\/\/www.ficoba.org\/fr\/wp-json\/wp\/v2\/media?parent=9932"}],"wp:term":[{"taxonomy":"category","embeddable":true,"href":"https:\/\/www.ficoba.org\/fr\/wp-json\/wp\/v2\/categories?post=9932"},{"taxonomy":"post_tag","embeddable":true,"href":"https:\/\/www.ficoba.org\/fr\/wp-json\/wp\/v2\/tags?post=9932"}],"curies":[{"name":"wp","href":"https:\/\/api.w.org\/{rel}","templated":true}]}}