{"id":9707,"date":"2022-03-29T13:02:12","date_gmt":"2022-03-29T11:02:12","guid":{"rendered":"https:\/\/www.ficoba.org\/?p=9707"},"modified":"2022-03-29T13:10:59","modified_gmt":"2022-03-29T11:10:59","slug":"mas-de-40-expositores-levan-anclas-en-la-primera-edicion-del-salon-nautico-ababor","status":"publish","type":"post","link":"https:\/\/www.ficoba.org\/fr\/mas-de-40-expositores-levan-anclas-en-la-primera-edicion-del-salon-nautico-ababor\/","title":{"rendered":"Plus de 40 exposants jettent l&rsquo;ancre \u00e0 la premi\u00e8re \u00e9dition du salon nautique d&rsquo;Ababor"},"content":{"rendered":"<ul>\n<li><strong>Le tourisme li\u00e9 \u00e0 la mer et aux activit\u00e9s aquatiques et aux bateaux, parmi les principales attractions <\/strong><\/li>\n<li><strong>L&rsquo;\u00e9v\u00e9nement aura lieu du 1er au 3 avril \u00e0 Ficoba<\/strong><\/li>\n<li><strong>L&rsquo;entr\u00e9e et le parking sont gratuits<\/strong><\/li>\n<\/ul>\n<p>La commercialisation de cette premi\u00e8re \u00e9dition du salon nautique d&rsquo;Euskadi a \u00e9t\u00e9 un succ\u00e8s. Au total, 43 entreprises ont r\u00e9pondu \u00e0 l&rsquo;appel de Ficoba et occuperont les trois halls du parc des expositions du 1er au 3 avril. Gr\u00e2ce \u00e0 un grand nombre d&rsquo;exposants, les visiteurs du salon trouveront une offre vari\u00e9e et int\u00e9ressante.<\/p>\n<p>Le secteur le plus repr\u00e9sent\u00e9 \u00e0 Ababor sera le tourisme nautique, les charters et les services, avec 18 entreprises et deux mus\u00e9es. Elle sera suivie par ordre d&rsquo;importance par les accessoires (moteurs, composants et \u00e9lectronique) et, bien s\u00fbr, les bateaux, qu&rsquo;ils soient \u00e0 moteur, \u00e0 voile ou de p\u00eache. Les visiteurs trouveront jusqu&rsquo;\u00e0 30 bateaux expos\u00e9s dans les pavillons de Ficoba.<\/p>\n<p>Des entreprises sp\u00e9cialis\u00e9es dans les v\u00eatements, le kayak et la plong\u00e9e, ainsi que des clubs et des \u00e9coles nautiques, ont \u00e9galement fait le d\u00e9placement pour cette premi\u00e8re \u00e9dition d&rsquo;Ababor.<\/p>\n<p>Une analyse de l&rsquo;origine des visiteurs montre l&rsquo;int\u00e9r\u00eat que le salon a suscit\u00e9 dans les environs imm\u00e9diats. 68% des entreprises exposantes viennent de Gipuzkoa. Il est \u00e9galement int\u00e9ressant de noter l&rsquo;attrait des visiteurs pour les entreprises fran\u00e7aises, qui repr\u00e9sentent 15 % du nombre total d&rsquo;exposants, suivies par Madrid, Bizkaia, Valence et Barcelone.<\/p>\n<p>Les propositions de ces 43 exposants vont transformer Ficoba en un grand port pour que les visiteurs puissent profiter de leur passion pour la mer et les activit\u00e9s nautiques dans un environnement confortable et accueillant.<\/p>\n<p>Le nombre \u00e9lev\u00e9 d&rsquo;exposants, le soutien institutionnel par le biais d&rsquo;Euskal Kirol Portuak (EKP) et de Basquetour, ainsi que le soutien de l&rsquo;ANEN (Asociaci\u00f3n Nacional de Empresas N\u00e1uticas, l&rsquo;association patronale du secteur nautique espagnol) \u00e0 l&rsquo;organisation du salon, font d&rsquo;Ababor, qui en est \u00e0 sa premi\u00e8re \u00e9dition, un \u00e9v\u00e9nement de r\u00e9f\u00e9rence dans le secteur du tourisme nautique et maritime.<\/p>\n<p><strong>25 autres raisons de visiter Ababor<\/strong><\/p>\n<p>La mer est bien plus que des activit\u00e9s de loisirs. D&rsquo;o\u00f9 le slogan de cette premi\u00e8re \u00e9dition d&rsquo;Ababor : nous sommes la mer. Une vision plus large qui se refl\u00e9tera dans le programme des conf\u00e9rences et des tables rondes.<\/p>\n<p>En cette ann\u00e9e qui marque le 500e anniversaire du premier tour du monde d&rsquo;Elkano, la Fondation Elkano ne pouvait pas manquer Ababor, qui a parrain\u00e9 plusieurs conf\u00e9rences pour expliquer les d\u00e9tails de cette \u00e9tape historique qu&rsquo;a \u00e9t\u00e9 le premier tour du monde.<\/p>\n<p>Des changements dans l&rsquo;art de la navigation qui ont donn\u00e9 l&rsquo;impulsion \u00e0 l&rsquo;\u00e8re des grandes explorations, aux explications de Rafa Zulaika, coordinateur de la Fondation Elkano, qui sera charg\u00e9 de d\u00e9crire ce qu&rsquo;\u00e9tait le tour du monde \u00e0 la voile en 1522, ou encore \u00e0 la r\u00e9flexion, \u00e0 travers le documentaire \u00ab\u00a0Haizeari mila galdera\u00a0\u00bb (mille questions au vent), sur la relation que les Basques entretiennent actuellement avec la mer, afin de mettre en valeur le patrimoine maritime et l&rsquo;identit\u00e9 basque.<\/p>\n<p>EKP- Euskal Kirol Portuak, entreprise publique du Gouvernement Basque qui g\u00e8re tous les quais et marinas de la Communaut\u00e9 Autonome Basque a \u00e9galement souhait\u00e9 enrichir le contenu d&rsquo;Ababor en sponsorisant plusieurs conf\u00e9rences sur les opportunit\u00e9s d&#8217;emploi pour les skippers offshore dans les charters et les \u00e9coles nautiques, l&rsquo;\u00e9volution de l&rsquo;\u00e9quipe f\u00e9minine de voile Decoexsa qui souligne que lorsqu&rsquo;il y a de l&rsquo;illusion, il n&rsquo;y a pas d&rsquo;obstacles ou le d\u00e9fi pour l&rsquo;industrie maritime des bateaux en fin de vie, qui sera pr\u00e9sent\u00e9 par Carlos Sanlorenzo, secr\u00e9taire g\u00e9n\u00e9ral de l&rsquo;ANEN (Association nationale des entreprises nautiques).<\/p>\n<p>Ababor pr\u00e9sentera \u00e9galement des marins experts qui ont fait de la voile leur mode de vie, comme l&rsquo;histoire vraie d&rsquo;une famille qui, en 1983, a embarqu\u00e9 sur un voilier dans le but de vivre diff\u00e9remment et qui, pendant dix-sept ans, a navigu\u00e9 autour du monde. Ou l&rsquo;exp\u00e9rience de Laura Gonzalvo, qui a parcouru plus de 35 000 milles \u00e0 la voile et qui, dans son blog Allende los Mares, montre ses exp\u00e9riences en mer et sur le voilier dans sa vie quotidienne.<\/p>\n<p>Le programme de la conf\u00e9rence est compl\u00e9t\u00e9, entre autres, par trois tables rondes qui aborderont des questions telles que la durabilit\u00e9 et la n\u00e9cessit\u00e9 de prendre soin des mers ; la voile en tant que secteur \u00e9conomique, ses d\u00e9fis et son innovation ; et le sport qui commence comme un loisir et culmine dans la haute comp\u00e9tition.<\/p>\n<p><strong>Au-del\u00e0 des loisirs<\/strong><\/p>\n<p>Le programme d&rsquo;activit\u00e9s d&rsquo;Ababor abordera \u00e9galement les probl\u00e8mes humanitaires que conna\u00eet actuellement la M\u00e9diterran\u00e9e, avec un manque de coordination dans la r\u00e9ponse de l&rsquo;Europe, qui se limite \u00e0 tenter de contenir le ph\u00e9nom\u00e8ne migratoire dans les pays voisins, voire \u00e0 effectuer des retours \u00e0 chaud, comme en Gr\u00e8ce. Par le biais d&rsquo;une conf\u00e9rence et de la projection du documentaire \u00ab\u00a0Aita Mari\u00a0\u00bb, qui raconte l&rsquo;odyss\u00e9e de plus de deux ans du navire, de sa reconstruction \u00e0 l&rsquo;aboutissement du premier sauvetage.<\/p>\n<p><strong>Activit\u00e9s pour les enfants<\/strong><\/p>\n<p>Afin d&rsquo;initier les enfants \u00e0 la passion de la mer et des activit\u00e9s nautiques, de multiples activit\u00e9s ont \u00e9t\u00e9 organis\u00e9es tout au long du week-end. Des ateliers au cours desquels ils peindront les d\u00e9chets et les plastiques trouv\u00e9s dans la mer, dessins qui seront utilis\u00e9s pour cr\u00e9er un panneau qui sera envoy\u00e9 \u00e0 l&rsquo;Agence europ\u00e9enne pour l&rsquo;environnement avec le message de sensibilisation des enfants. Un atelier qui r\u00e9unit le Chili et le Pays basque dans un projet de collaboration pour cr\u00e9er une carte postale autour du monde, donnant la parole aux nouvelles g\u00e9n\u00e9rations. Un autre atelier sur la r\u00e9utilisation des d\u00e9chets plastiques \u00e0 travers l&rsquo;artisanat ou la possibilit\u00e9 de participer \u00e0 une chasse au tr\u00e9sor pour avoir un aper\u00e7u de la vie quotidienne des marins.<\/p>\n<p><strong>&#8230; et des tombolas<\/strong><\/p>\n<p>Venir \u00e0 Ababor a un prix. Parmi tous ceux qui viendront \u00e0 Ficoba ce week-end, il y aura un tirage au sort pour gagner des voyages de voile, des cours d&rsquo;Optimist, des voyages de rafting, des voyages de paddle surfing, une descente de la rivi\u00e8re Bidassoa et des voyages de p\u00eache en bateau.<\/p>\n<p><strong>Informations pratiques :<\/strong><\/p>\n<p>Ababor sera ouvert du 1er au 3 avril de 11h00 \u00e0 20h00. L&rsquo;entr\u00e9e et le parking sont gratuits. Ficoba dispose \u00e9galement de son propre arr\u00eat de bus Topo \u00e0 50 m\u00e8tres de ses installations.<\/p>\n<p>L&rsquo;inauguration institutionnelle du salon aura lieu le vendredi 1er avril \u00e0 12h00 \u00e0 Ficoba.<\/p>\n<p><strong>www.ababor.eus<\/strong><\/p>\n<p>&nbsp;<\/p>\n<p>&nbsp;<\/p>\n","protected":false},"excerpt":{"rendered":"<p>Le tourisme li\u00e9 \u00e0 la mer et aux activit\u00e9s aquatiques et aux bateaux, parmi les principales attractions L&rsquo;\u00e9v\u00e9nement aura lieu du 1er au 3 avril \u00e0 Ficoba L&rsquo;entr\u00e9e et le [&hellip;]<\/p>\n","protected":false},"author":2,"featured_media":9708,"comment_status":"closed","ping_status":"closed","sticky":false,"template":"","format":"standard","meta":{"_et_pb_use_builder":"","_et_pb_old_content":"","_et_gb_content_width":"","footnotes":""},"categories":[19],"tags":[285,279,281,284,283,282,280],"class_list":["post-9707","post","type-post","status-publish","format-standard","has-post-thumbnail","hentry","category-evenements-et-salons","tag-actividades-acuaticas-fr","tag-barcos","tag-charters","tag-feria-nautica-fr","tag-kayacs","tag-submarinismo","tag-veleros"],"yoast_head":"<!-- This site is optimized with the Yoast SEO plugin v26.8 - https:\/\/yoast.com\/product\/yoast-seo-wordpress\/ -->\n<title>Plus de 40 exposants jettent l&#039;ancre \u00e0 la premi\u00e8re \u00e9dition du salon nautique d&#039;Ababor - Ficoba<\/title>\n<meta name=\"robots\" content=\"index, follow, max-snippet:-1, max-image-preview:large, max-video-preview:-1\" \/>\n<link rel=\"canonical\" href=\"https:\/\/www.ficoba.org\/fr\/mas-de-40-expositores-levan-anclas-en-la-primera-edicion-del-salon-nautico-ababor\/\" \/>\n<meta name=\"twitter:label1\" content=\"\u00c9crit par\" \/>\n\t<meta name=\"twitter:data1\" content=\"ficoba\" \/>\n\t<meta name=\"twitter:label2\" content=\"Dur\u00e9e de lecture estim\u00e9e\" \/>\n\t<meta name=\"twitter:data2\" content=\"5 minutes\" \/>\n<script type=\"application\/ld+json\" class=\"yoast-schema-graph\">{\"@context\":\"https:\/\/schema.org\",\"@graph\":[{\"@type\":\"Article\",\"@id\":\"https:\/\/www.ficoba.org\/fr\/mas-de-40-expositores-levan-anclas-en-la-primera-edicion-del-salon-nautico-ababor\/#article\",\"isPartOf\":{\"@id\":\"https:\/\/www.ficoba.org\/fr\/mas-de-40-expositores-levan-anclas-en-la-primera-edicion-del-salon-nautico-ababor\/\"},\"author\":{\"name\":\"ficoba\",\"@id\":\"https:\/\/www.ficoba.org\/es\/#\/schema\/person\/8a96a121e5dbd393e6e6b5a7ee7ed407\"},\"headline\":\"Plus de 40 exposants jettent l&rsquo;ancre \u00e0 la premi\u00e8re \u00e9dition du salon nautique d&rsquo;Ababor\",\"datePublished\":\"2022-03-29T11:02:12+00:00\",\"dateModified\":\"2022-03-29T11:10:59+00:00\",\"mainEntityOfPage\":{\"@id\":\"https:\/\/www.ficoba.org\/fr\/mas-de-40-expositores-levan-anclas-en-la-primera-edicion-del-salon-nautico-ababor\/\"},\"wordCount\":1159,\"publisher\":{\"@id\":\"https:\/\/www.ficoba.org\/es\/#organization\"},\"image\":{\"@id\":\"https:\/\/www.ficoba.org\/fr\/mas-de-40-expositores-levan-anclas-en-la-primera-edicion-del-salon-nautico-ababor\/#primaryimage\"},\"thumbnailUrl\":\"https:\/\/www.ficoba.org\/wp-content\/uploads\/2022\/03\/La-buena.jpg\",\"keywords\":[\"actividades acu\u00e1ticas\",\"barcos\",\"charters\",\"Feria n\u00e1utica\",\"kayacs\",\"submarinismo\",\"veleros\"],\"articleSection\":[\"\u00c9v\u00e9nements et salons\"],\"inLanguage\":\"fr-FR\"},{\"@type\":\"WebPage\",\"@id\":\"https:\/\/www.ficoba.org\/fr\/mas-de-40-expositores-levan-anclas-en-la-primera-edicion-del-salon-nautico-ababor\/\",\"url\":\"https:\/\/www.ficoba.org\/fr\/mas-de-40-expositores-levan-anclas-en-la-primera-edicion-del-salon-nautico-ababor\/\",\"name\":\"Plus de 40 exposants jettent l'ancre \u00e0 la premi\u00e8re \u00e9dition du salon nautique d'Ababor - Ficoba\",\"isPartOf\":{\"@id\":\"https:\/\/www.ficoba.org\/es\/#website\"},\"primaryImageOfPage\":{\"@id\":\"https:\/\/www.ficoba.org\/fr\/mas-de-40-expositores-levan-anclas-en-la-primera-edicion-del-salon-nautico-ababor\/#primaryimage\"},\"image\":{\"@id\":\"https:\/\/www.ficoba.org\/fr\/mas-de-40-expositores-levan-anclas-en-la-primera-edicion-del-salon-nautico-ababor\/#primaryimage\"},\"thumbnailUrl\":\"https:\/\/www.ficoba.org\/wp-content\/uploads\/2022\/03\/La-buena.jpg\",\"datePublished\":\"2022-03-29T11:02:12+00:00\",\"dateModified\":\"2022-03-29T11:10:59+00:00\",\"breadcrumb\":{\"@id\":\"https:\/\/www.ficoba.org\/fr\/mas-de-40-expositores-levan-anclas-en-la-primera-edicion-del-salon-nautico-ababor\/#breadcrumb\"},\"inLanguage\":\"fr-FR\",\"potentialAction\":[{\"@type\":\"ReadAction\",\"target\":[\"https:\/\/www.ficoba.org\/fr\/mas-de-40-expositores-levan-anclas-en-la-primera-edicion-del-salon-nautico-ababor\/\"]}]},{\"@type\":\"ImageObject\",\"inLanguage\":\"fr-FR\",\"@id\":\"https:\/\/www.ficoba.org\/fr\/mas-de-40-expositores-levan-anclas-en-la-primera-edicion-del-salon-nautico-ababor\/#primaryimage\",\"url\":\"https:\/\/www.ficoba.org\/wp-content\/uploads\/2022\/03\/La-buena.jpg\",\"contentUrl\":\"https:\/\/www.ficoba.org\/wp-content\/uploads\/2022\/03\/La-buena.jpg\",\"width\":2048,\"height\":1536},{\"@type\":\"BreadcrumbList\",\"@id\":\"https:\/\/www.ficoba.org\/fr\/mas-de-40-expositores-levan-anclas-en-la-primera-edicion-del-salon-nautico-ababor\/#breadcrumb\",\"itemListElement\":[{\"@type\":\"ListItem\",\"position\":1,\"name\":\"Portada\",\"item\":\"https:\/\/www.ficoba.org\/fr\/\"},{\"@type\":\"ListItem\",\"position\":2,\"name\":\"Plus de 40 exposants jettent l&#8217;ancre \u00e0 la premi\u00e8re \u00e9dition du salon nautique d&#8217;Ababor\"}]},{\"@type\":\"WebSite\",\"@id\":\"https:\/\/www.ficoba.org\/es\/#website\",\"url\":\"https:\/\/www.ficoba.org\/es\/\",\"name\":\"Ficoba, Recinto Ferial de Gipuzkoa\",\"description\":\"Ficoba, l\u2019art de cr\u00e9er des opportunit\u00e9s\",\"publisher\":{\"@id\":\"https:\/\/www.ficoba.org\/es\/#organization\"},\"alternateName\":\"Ficoba\",\"potentialAction\":[{\"@type\":\"SearchAction\",\"target\":{\"@type\":\"EntryPoint\",\"urlTemplate\":\"https:\/\/www.ficoba.org\/es\/?s={search_term_string}\"},\"query-input\":{\"@type\":\"PropertyValueSpecification\",\"valueRequired\":true,\"valueName\":\"search_term_string\"}}],\"inLanguage\":\"fr-FR\"},{\"@type\":\"Organization\",\"@id\":\"https:\/\/www.ficoba.org\/es\/#organization\",\"name\":\"Ficoba, Reciento Ferial de Gipuzkoa\",\"url\":\"https:\/\/www.ficoba.org\/es\/\",\"logo\":{\"@type\":\"ImageObject\",\"inLanguage\":\"fr-FR\",\"@id\":\"https:\/\/www.ficoba.org\/es\/#\/schema\/logo\/image\/\",\"url\":\"https:\/\/www.ficoba.org\/wp-content\/uploads\/2018\/11\/logo_ficoba.png\",\"contentUrl\":\"https:\/\/www.ficoba.org\/wp-content\/uploads\/2018\/11\/logo_ficoba.png\",\"width\":200,\"height\":124,\"caption\":\"Ficoba, Reciento Ferial de Gipuzkoa\"},\"image\":{\"@id\":\"https:\/\/www.ficoba.org\/es\/#\/schema\/logo\/image\/\"},\"sameAs\":[\"https:\/\/www.facebook.com\/FICOBAFUNDAZIOA\/\",\"https:\/\/x.com\/FicobaFundazioa\",\"https:\/\/www.youtube.com\/channel\/UCvo2JGluemyCf5KPRmEF9JQ\",\"https:\/\/www.linkedin.com\/company\/ficoba\/\",\"https:\/\/www.instagram.com\/ficobafundazioa\/\"]},{\"@type\":\"Person\",\"@id\":\"https:\/\/www.ficoba.org\/es\/#\/schema\/person\/8a96a121e5dbd393e6e6b5a7ee7ed407\",\"name\":\"ficoba\",\"image\":{\"@type\":\"ImageObject\",\"inLanguage\":\"fr-FR\",\"@id\":\"https:\/\/www.ficoba.org\/es\/#\/schema\/person\/image\/\",\"url\":\"https:\/\/secure.gravatar.com\/avatar\/c90cc0e07f75fecbe4165c1906a4cd61b0179a28caae2205d37516e4fb7c30c1?s=96&d=mm&r=g\",\"contentUrl\":\"https:\/\/secure.gravatar.com\/avatar\/c90cc0e07f75fecbe4165c1906a4cd61b0179a28caae2205d37516e4fb7c30c1?s=96&d=mm&r=g\",\"caption\":\"ficoba\"}}]}<\/script>\n<!-- \/ Yoast SEO plugin. -->","yoast_head_json":{"title":"Plus de 40 exposants jettent l'ancre \u00e0 la premi\u00e8re \u00e9dition du salon nautique d'Ababor - Ficoba","robots":{"index":"index","follow":"follow","max-snippet":"max-snippet:-1","max-image-preview":"max-image-preview:large","max-video-preview":"max-video-preview:-1"},"canonical":"https:\/\/www.ficoba.org\/fr\/mas-de-40-expositores-levan-anclas-en-la-primera-edicion-del-salon-nautico-ababor\/","twitter_misc":{"\u00c9crit par":"ficoba","Dur\u00e9e de lecture estim\u00e9e":"5 minutes"},"schema":{"@context":"https:\/\/schema.org","@graph":[{"@type":"Article","@id":"https:\/\/www.ficoba.org\/fr\/mas-de-40-expositores-levan-anclas-en-la-primera-edicion-del-salon-nautico-ababor\/#article","isPartOf":{"@id":"https:\/\/www.ficoba.org\/fr\/mas-de-40-expositores-levan-anclas-en-la-primera-edicion-del-salon-nautico-ababor\/"},"author":{"name":"ficoba","@id":"https:\/\/www.ficoba.org\/es\/#\/schema\/person\/8a96a121e5dbd393e6e6b5a7ee7ed407"},"headline":"Plus de 40 exposants jettent l&rsquo;ancre \u00e0 la premi\u00e8re \u00e9dition du salon nautique d&rsquo;Ababor","datePublished":"2022-03-29T11:02:12+00:00","dateModified":"2022-03-29T11:10:59+00:00","mainEntityOfPage":{"@id":"https:\/\/www.ficoba.org\/fr\/mas-de-40-expositores-levan-anclas-en-la-primera-edicion-del-salon-nautico-ababor\/"},"wordCount":1159,"publisher":{"@id":"https:\/\/www.ficoba.org\/es\/#organization"},"image":{"@id":"https:\/\/www.ficoba.org\/fr\/mas-de-40-expositores-levan-anclas-en-la-primera-edicion-del-salon-nautico-ababor\/#primaryimage"},"thumbnailUrl":"https:\/\/www.ficoba.org\/wp-content\/uploads\/2022\/03\/La-buena.jpg","keywords":["actividades acu\u00e1ticas","barcos","charters","Feria n\u00e1utica","kayacs","submarinismo","veleros"],"articleSection":["\u00c9v\u00e9nements et salons"],"inLanguage":"fr-FR"},{"@type":"WebPage","@id":"https:\/\/www.ficoba.org\/fr\/mas-de-40-expositores-levan-anclas-en-la-primera-edicion-del-salon-nautico-ababor\/","url":"https:\/\/www.ficoba.org\/fr\/mas-de-40-expositores-levan-anclas-en-la-primera-edicion-del-salon-nautico-ababor\/","name":"Plus de 40 exposants jettent l'ancre \u00e0 la premi\u00e8re \u00e9dition du salon nautique d'Ababor - Ficoba","isPartOf":{"@id":"https:\/\/www.ficoba.org\/es\/#website"},"primaryImageOfPage":{"@id":"https:\/\/www.ficoba.org\/fr\/mas-de-40-expositores-levan-anclas-en-la-primera-edicion-del-salon-nautico-ababor\/#primaryimage"},"image":{"@id":"https:\/\/www.ficoba.org\/fr\/mas-de-40-expositores-levan-anclas-en-la-primera-edicion-del-salon-nautico-ababor\/#primaryimage"},"thumbnailUrl":"https:\/\/www.ficoba.org\/wp-content\/uploads\/2022\/03\/La-buena.jpg","datePublished":"2022-03-29T11:02:12+00:00","dateModified":"2022-03-29T11:10:59+00:00","breadcrumb":{"@id":"https:\/\/www.ficoba.org\/fr\/mas-de-40-expositores-levan-anclas-en-la-primera-edicion-del-salon-nautico-ababor\/#breadcrumb"},"inLanguage":"fr-FR","potentialAction":[{"@type":"ReadAction","target":["https:\/\/www.ficoba.org\/fr\/mas-de-40-expositores-levan-anclas-en-la-primera-edicion-del-salon-nautico-ababor\/"]}]},{"@type":"ImageObject","inLanguage":"fr-FR","@id":"https:\/\/www.ficoba.org\/fr\/mas-de-40-expositores-levan-anclas-en-la-primera-edicion-del-salon-nautico-ababor\/#primaryimage","url":"https:\/\/www.ficoba.org\/wp-content\/uploads\/2022\/03\/La-buena.jpg","contentUrl":"https:\/\/www.ficoba.org\/wp-content\/uploads\/2022\/03\/La-buena.jpg","width":2048,"height":1536},{"@type":"BreadcrumbList","@id":"https:\/\/www.ficoba.org\/fr\/mas-de-40-expositores-levan-anclas-en-la-primera-edicion-del-salon-nautico-ababor\/#breadcrumb","itemListElement":[{"@type":"ListItem","position":1,"name":"Portada","item":"https:\/\/www.ficoba.org\/fr\/"},{"@type":"ListItem","position":2,"name":"Plus de 40 exposants jettent l&#8217;ancre \u00e0 la premi\u00e8re \u00e9dition du salon nautique d&#8217;Ababor"}]},{"@type":"WebSite","@id":"https:\/\/www.ficoba.org\/es\/#website","url":"https:\/\/www.ficoba.org\/es\/","name":"Ficoba, Recinto Ferial de Gipuzkoa","description":"Ficoba, l\u2019art de cr\u00e9er des opportunit\u00e9s","publisher":{"@id":"https:\/\/www.ficoba.org\/es\/#organization"},"alternateName":"Ficoba","potentialAction":[{"@type":"SearchAction","target":{"@type":"EntryPoint","urlTemplate":"https:\/\/www.ficoba.org\/es\/?s={search_term_string}"},"query-input":{"@type":"PropertyValueSpecification","valueRequired":true,"valueName":"search_term_string"}}],"inLanguage":"fr-FR"},{"@type":"Organization","@id":"https:\/\/www.ficoba.org\/es\/#organization","name":"Ficoba, Reciento Ferial de Gipuzkoa","url":"https:\/\/www.ficoba.org\/es\/","logo":{"@type":"ImageObject","inLanguage":"fr-FR","@id":"https:\/\/www.ficoba.org\/es\/#\/schema\/logo\/image\/","url":"https:\/\/www.ficoba.org\/wp-content\/uploads\/2018\/11\/logo_ficoba.png","contentUrl":"https:\/\/www.ficoba.org\/wp-content\/uploads\/2018\/11\/logo_ficoba.png","width":200,"height":124,"caption":"Ficoba, Reciento Ferial de Gipuzkoa"},"image":{"@id":"https:\/\/www.ficoba.org\/es\/#\/schema\/logo\/image\/"},"sameAs":["https:\/\/www.facebook.com\/FICOBAFUNDAZIOA\/","https:\/\/x.com\/FicobaFundazioa","https:\/\/www.youtube.com\/channel\/UCvo2JGluemyCf5KPRmEF9JQ","https:\/\/www.linkedin.com\/company\/ficoba\/","https:\/\/www.instagram.com\/ficobafundazioa\/"]},{"@type":"Person","@id":"https:\/\/www.ficoba.org\/es\/#\/schema\/person\/8a96a121e5dbd393e6e6b5a7ee7ed407","name":"ficoba","image":{"@type":"ImageObject","inLanguage":"fr-FR","@id":"https:\/\/www.ficoba.org\/es\/#\/schema\/person\/image\/","url":"https:\/\/secure.gravatar.com\/avatar\/c90cc0e07f75fecbe4165c1906a4cd61b0179a28caae2205d37516e4fb7c30c1?s=96&d=mm&r=g","contentUrl":"https:\/\/secure.gravatar.com\/avatar\/c90cc0e07f75fecbe4165c1906a4cd61b0179a28caae2205d37516e4fb7c30c1?s=96&d=mm&r=g","caption":"ficoba"}}]}},"_links":{"self":[{"href":"https:\/\/www.ficoba.org\/fr\/wp-json\/wp\/v2\/posts\/9707","targetHints":{"allow":["GET"]}}],"collection":[{"href":"https:\/\/www.ficoba.org\/fr\/wp-json\/wp\/v2\/posts"}],"about":[{"href":"https:\/\/www.ficoba.org\/fr\/wp-json\/wp\/v2\/types\/post"}],"author":[{"embeddable":true,"href":"https:\/\/www.ficoba.org\/fr\/wp-json\/wp\/v2\/users\/2"}],"replies":[{"embeddable":true,"href":"https:\/\/www.ficoba.org\/fr\/wp-json\/wp\/v2\/comments?post=9707"}],"version-history":[{"count":3,"href":"https:\/\/www.ficoba.org\/fr\/wp-json\/wp\/v2\/posts\/9707\/revisions"}],"predecessor-version":[{"id":9716,"href":"https:\/\/www.ficoba.org\/fr\/wp-json\/wp\/v2\/posts\/9707\/revisions\/9716"}],"wp:featuredmedia":[{"embeddable":true,"href":"https:\/\/www.ficoba.org\/fr\/wp-json\/wp\/v2\/media\/9708"}],"wp:attachment":[{"href":"https:\/\/www.ficoba.org\/fr\/wp-json\/wp\/v2\/media?parent=9707"}],"wp:term":[{"taxonomy":"category","embeddable":true,"href":"https:\/\/www.ficoba.org\/fr\/wp-json\/wp\/v2\/categories?post=9707"},{"taxonomy":"post_tag","embeddable":true,"href":"https:\/\/www.ficoba.org\/fr\/wp-json\/wp\/v2\/tags?post=9707"}],"curies":[{"name":"wp","href":"https:\/\/api.w.org\/{rel}","templated":true}]}}