{"id":8921,"date":"2021-10-13T12:39:27","date_gmt":"2021-10-13T10:39:27","guid":{"rendered":"https:\/\/www.ficoba.org\/?p=8921"},"modified":"2021-10-13T12:39:27","modified_gmt":"2021-10-13T10:39:27","slug":"les-mariages-renaissent-le-salon-du-mariage-los-munecos-de-la-tarta-revient-a-ficoba","status":"publish","type":"post","link":"https:\/\/www.ficoba.org\/fr\/les-mariages-renaissent-le-salon-du-mariage-los-munecos-de-la-tarta-revient-a-ficoba\/","title":{"rendered":"Les mariages renaissent : le salon du mariage \u00ab\u00a0Los mu\u00f1ecos de la tarta\u00a0\u00bb revient \u00e0 Ficoba"},"content":{"rendered":"<p><strong>&#8211; Plus de 20 exposants pr\u00e9senteront leurs propositions les 16 et 17 octobre<\/strong><\/p>\n<p><strong>&#8211; L&rsquo;entr\u00e9e et le parking sont gratuits<\/strong><\/p>\n<p>Ces derniers mois, pour des raisons \u00e9videntes, moins de mariages ont \u00e9t\u00e9 c\u00e9l\u00e9br\u00e9s. Mais le retour \u00e0 la normale fait ressurgir ces \u00e9v\u00e9nements. Un bon exemple en est la c\u00e9l\u00e9bration \u00e0 Ficoba d&rsquo;une nouvelle \u00e9dition du salon du mariage <strong>Los mu\u00f1ecos de la tarta<\/strong>, le premier \u00e9v\u00e9nement de ce type qui se tiendra au Gipuzkoa en 2021.<\/p>\n<p>Le salon deviendra donc une occasion unique pour les futurs mari\u00e9s et leurs accompagnateurs de conna\u00eetre en une seule visite et dans un environnement confortable les diff\u00e9rentes propositions \u00e0 prendre en compte pour l&rsquo;organisation d&rsquo;un mariage.<\/p>\n<p>Au cours du week-end, plus de 20 exposants seront pr\u00e9sents \u00e0 Ficoba pour pr\u00e9senter les derni\u00e8res tendances de la mode pour les mari\u00e9s, les bijoux et les accessoires ; d&rsquo;autres articles indispensables \u00e0 tout mariage comme la lune de miel, la photographie, la vid\u00e9o, les DJ pour animer le banquet ou l&rsquo;after-party, les chariots de bar \u00e0 bonbons et de glaces pour sucrer les invit\u00e9s, les cabines photo pour immortaliser la f\u00eate ou les voitures de collection pour une arriv\u00e9e remarqu\u00e9e au mariage.<\/p>\n<p>Et comme il n&rsquo;y a rien de tel que de voir le r\u00e9sultat final, des d\u00e9fil\u00e9s de mannequins ont \u00e9t\u00e9 programm\u00e9s le matin et l&rsquo;apr\u00e8s-midi pour que les futurs mari\u00e9s puissent voir \u00e0 quoi ressemblent les robes de mari\u00e9e, les costumes de mari\u00e9 et les accessoires.<\/p>\n<p><strong>\u00a0<\/strong><strong>Rendez-vous sur le site web <\/strong><\/p>\n<p>Afin de rendre la visite des plus de 20 stands du salon aussi confortable et agr\u00e9able que possible pour les visiteurs, les organisateurs ont permis cette ann\u00e9e, comme une nouveaut\u00e9, la possibilit\u00e9 de prendre un rendez-vous par le web (https:\/\/losmunecosdelatarta.es\/). Bien entendu, les couples qui d\u00e9cident de venir sans rendez-vous sont \u00e9galement les bienvenus.<\/p>\n<p><strong>Los mu\u00f1ecos de la tarta<\/strong> est un \u00e9v\u00e9nement organis\u00e9 par Estudio Gover Fotograf\u00eda et Helader\u00eda Papperino, deux entreprises de la r\u00e9gion de la Bidassoa ayant une grande exp\u00e9rience dans le monde du mariage qui, en plus d&rsquo;\u00eatre promoteurs de l&rsquo;\u00e9v\u00e9nement, y participent en tant qu&rsquo;exposants.<\/p>\n<p><strong>Informations pratiques<\/strong><\/p>\n<p><strong>Los mu\u00f1ecos de la tarta<\/strong> aura lieu les 16 et 17 octobre \u00e0 Ficoba de 11h00 \u00e0 14h00 et de 15h00 \u00e0 20h00. L&rsquo;entr\u00e9e et le parking sont gratuits.<\/p>\n<p><a href=\"http:\/\/www.losmunecosdelatarta.es\">www.losmunecosdelatarta.es<\/a><\/p>\n<p>&nbsp;<\/p>\n","protected":false},"excerpt":{"rendered":"<p>&#8211; Plus de 20 exposants pr\u00e9senteront leurs propositions les 16 et 17 octobre &#8211; L&rsquo;entr\u00e9e et le parking sont gratuits Ces derniers mois, pour des raisons \u00e9videntes, moins de mariages [&hellip;]<\/p>\n","protected":false},"author":2,"featured_media":8917,"comment_status":"closed","ping_status":"closed","sticky":false,"template":"","format":"standard","meta":{"_et_pb_use_builder":"","_et_pb_old_content":"","_et_gb_content_width":"","footnotes":""},"categories":[19],"tags":[],"class_list":["post-8921","post","type-post","status-publish","format-standard","has-post-thumbnail","hentry","category-evenements-et-salons"],"yoast_head":"<!-- This site is optimized with the Yoast SEO plugin v26.8 - https:\/\/yoast.com\/product\/yoast-seo-wordpress\/ -->\n<title>Les mariages renaissent : le salon du mariage &quot;Los mu\u00f1ecos de la tarta&quot; revient \u00e0 Ficoba - Ficoba<\/title>\n<meta name=\"robots\" content=\"index, follow, max-snippet:-1, max-image-preview:large, max-video-preview:-1\" \/>\n<link rel=\"canonical\" href=\"https:\/\/www.ficoba.org\/fr\/les-mariages-renaissent-le-salon-du-mariage-los-munecos-de-la-tarta-revient-a-ficoba\/\" \/>\n<meta name=\"twitter:label1\" content=\"\u00c9crit par\" \/>\n\t<meta name=\"twitter:data1\" content=\"ficoba\" \/>\n\t<meta name=\"twitter:label2\" content=\"Dur\u00e9e de lecture estim\u00e9e\" \/>\n\t<meta name=\"twitter:data2\" content=\"2 minutes\" \/>\n<script type=\"application\/ld+json\" class=\"yoast-schema-graph\">{\"@context\":\"https:\/\/schema.org\",\"@graph\":[{\"@type\":\"Article\",\"@id\":\"https:\/\/www.ficoba.org\/fr\/les-mariages-renaissent-le-salon-du-mariage-los-munecos-de-la-tarta-revient-a-ficoba\/#article\",\"isPartOf\":{\"@id\":\"https:\/\/www.ficoba.org\/fr\/les-mariages-renaissent-le-salon-du-mariage-los-munecos-de-la-tarta-revient-a-ficoba\/\"},\"author\":{\"name\":\"ficoba\",\"@id\":\"https:\/\/www.ficoba.org\/es\/#\/schema\/person\/8a96a121e5dbd393e6e6b5a7ee7ed407\"},\"headline\":\"Les mariages renaissent : le salon du mariage \u00ab\u00a0Los mu\u00f1ecos de la tarta\u00a0\u00bb revient \u00e0 Ficoba\",\"datePublished\":\"2021-10-13T10:39:27+00:00\",\"mainEntityOfPage\":{\"@id\":\"https:\/\/www.ficoba.org\/fr\/les-mariages-renaissent-le-salon-du-mariage-los-munecos-de-la-tarta-revient-a-ficoba\/\"},\"wordCount\":432,\"publisher\":{\"@id\":\"https:\/\/www.ficoba.org\/es\/#organization\"},\"image\":{\"@id\":\"https:\/\/www.ficoba.org\/fr\/les-mariages-renaissent-le-salon-du-mariage-los-munecos-de-la-tarta-revient-a-ficoba\/#primaryimage\"},\"thumbnailUrl\":\"https:\/\/www.ficoba.org\/wp-content\/uploads\/2021\/10\/Novios-2.jpg\",\"articleSection\":[\"\u00c9v\u00e9nements et salons\"],\"inLanguage\":\"fr-FR\"},{\"@type\":\"WebPage\",\"@id\":\"https:\/\/www.ficoba.org\/fr\/les-mariages-renaissent-le-salon-du-mariage-los-munecos-de-la-tarta-revient-a-ficoba\/\",\"url\":\"https:\/\/www.ficoba.org\/fr\/les-mariages-renaissent-le-salon-du-mariage-los-munecos-de-la-tarta-revient-a-ficoba\/\",\"name\":\"Les mariages renaissent : le salon du mariage \\\"Los mu\u00f1ecos de la tarta\\\" revient \u00e0 Ficoba - Ficoba\",\"isPartOf\":{\"@id\":\"https:\/\/www.ficoba.org\/es\/#website\"},\"primaryImageOfPage\":{\"@id\":\"https:\/\/www.ficoba.org\/fr\/les-mariages-renaissent-le-salon-du-mariage-los-munecos-de-la-tarta-revient-a-ficoba\/#primaryimage\"},\"image\":{\"@id\":\"https:\/\/www.ficoba.org\/fr\/les-mariages-renaissent-le-salon-du-mariage-los-munecos-de-la-tarta-revient-a-ficoba\/#primaryimage\"},\"thumbnailUrl\":\"https:\/\/www.ficoba.org\/wp-content\/uploads\/2021\/10\/Novios-2.jpg\",\"datePublished\":\"2021-10-13T10:39:27+00:00\",\"breadcrumb\":{\"@id\":\"https:\/\/www.ficoba.org\/fr\/les-mariages-renaissent-le-salon-du-mariage-los-munecos-de-la-tarta-revient-a-ficoba\/#breadcrumb\"},\"inLanguage\":\"fr-FR\",\"potentialAction\":[{\"@type\":\"ReadAction\",\"target\":[\"https:\/\/www.ficoba.org\/fr\/les-mariages-renaissent-le-salon-du-mariage-los-munecos-de-la-tarta-revient-a-ficoba\/\"]}]},{\"@type\":\"ImageObject\",\"inLanguage\":\"fr-FR\",\"@id\":\"https:\/\/www.ficoba.org\/fr\/les-mariages-renaissent-le-salon-du-mariage-los-munecos-de-la-tarta-revient-a-ficoba\/#primaryimage\",\"url\":\"https:\/\/www.ficoba.org\/wp-content\/uploads\/2021\/10\/Novios-2.jpg\",\"contentUrl\":\"https:\/\/www.ficoba.org\/wp-content\/uploads\/2021\/10\/Novios-2.jpg\",\"width\":2016,\"height\":1512},{\"@type\":\"BreadcrumbList\",\"@id\":\"https:\/\/www.ficoba.org\/fr\/les-mariages-renaissent-le-salon-du-mariage-los-munecos-de-la-tarta-revient-a-ficoba\/#breadcrumb\",\"itemListElement\":[{\"@type\":\"ListItem\",\"position\":1,\"name\":\"Portada\",\"item\":\"https:\/\/www.ficoba.org\/fr\/\"},{\"@type\":\"ListItem\",\"position\":2,\"name\":\"Les mariages renaissent : le salon du mariage \u00ab\u00a0Los mu\u00f1ecos de la tarta\u00a0\u00bb revient \u00e0 Ficoba\"}]},{\"@type\":\"WebSite\",\"@id\":\"https:\/\/www.ficoba.org\/es\/#website\",\"url\":\"https:\/\/www.ficoba.org\/es\/\",\"name\":\"Ficoba, Recinto Ferial de Gipuzkoa\",\"description\":\"Ficoba, l\u2019art de cr\u00e9er des opportunit\u00e9s\",\"publisher\":{\"@id\":\"https:\/\/www.ficoba.org\/es\/#organization\"},\"alternateName\":\"Ficoba\",\"potentialAction\":[{\"@type\":\"SearchAction\",\"target\":{\"@type\":\"EntryPoint\",\"urlTemplate\":\"https:\/\/www.ficoba.org\/es\/?s={search_term_string}\"},\"query-input\":{\"@type\":\"PropertyValueSpecification\",\"valueRequired\":true,\"valueName\":\"search_term_string\"}}],\"inLanguage\":\"fr-FR\"},{\"@type\":\"Organization\",\"@id\":\"https:\/\/www.ficoba.org\/es\/#organization\",\"name\":\"Ficoba, Reciento Ferial de Gipuzkoa\",\"url\":\"https:\/\/www.ficoba.org\/es\/\",\"logo\":{\"@type\":\"ImageObject\",\"inLanguage\":\"fr-FR\",\"@id\":\"https:\/\/www.ficoba.org\/es\/#\/schema\/logo\/image\/\",\"url\":\"https:\/\/www.ficoba.org\/wp-content\/uploads\/2018\/11\/logo_ficoba.png\",\"contentUrl\":\"https:\/\/www.ficoba.org\/wp-content\/uploads\/2018\/11\/logo_ficoba.png\",\"width\":200,\"height\":124,\"caption\":\"Ficoba, Reciento Ferial de Gipuzkoa\"},\"image\":{\"@id\":\"https:\/\/www.ficoba.org\/es\/#\/schema\/logo\/image\/\"},\"sameAs\":[\"https:\/\/www.facebook.com\/FICOBAFUNDAZIOA\/\",\"https:\/\/x.com\/FicobaFundazioa\",\"https:\/\/www.youtube.com\/channel\/UCvo2JGluemyCf5KPRmEF9JQ\",\"https:\/\/www.linkedin.com\/company\/ficoba\/\",\"https:\/\/www.instagram.com\/ficobafundazioa\/\"]},{\"@type\":\"Person\",\"@id\":\"https:\/\/www.ficoba.org\/es\/#\/schema\/person\/8a96a121e5dbd393e6e6b5a7ee7ed407\",\"name\":\"ficoba\",\"image\":{\"@type\":\"ImageObject\",\"inLanguage\":\"fr-FR\",\"@id\":\"https:\/\/www.ficoba.org\/es\/#\/schema\/person\/image\/\",\"url\":\"https:\/\/secure.gravatar.com\/avatar\/c90cc0e07f75fecbe4165c1906a4cd61b0179a28caae2205d37516e4fb7c30c1?s=96&d=mm&r=g\",\"contentUrl\":\"https:\/\/secure.gravatar.com\/avatar\/c90cc0e07f75fecbe4165c1906a4cd61b0179a28caae2205d37516e4fb7c30c1?s=96&d=mm&r=g\",\"caption\":\"ficoba\"}}]}<\/script>\n<!-- \/ Yoast SEO plugin. -->","yoast_head_json":{"title":"Les mariages renaissent : le salon du mariage \"Los mu\u00f1ecos de la tarta\" revient \u00e0 Ficoba - Ficoba","robots":{"index":"index","follow":"follow","max-snippet":"max-snippet:-1","max-image-preview":"max-image-preview:large","max-video-preview":"max-video-preview:-1"},"canonical":"https:\/\/www.ficoba.org\/fr\/les-mariages-renaissent-le-salon-du-mariage-los-munecos-de-la-tarta-revient-a-ficoba\/","twitter_misc":{"\u00c9crit par":"ficoba","Dur\u00e9e de lecture estim\u00e9e":"2 minutes"},"schema":{"@context":"https:\/\/schema.org","@graph":[{"@type":"Article","@id":"https:\/\/www.ficoba.org\/fr\/les-mariages-renaissent-le-salon-du-mariage-los-munecos-de-la-tarta-revient-a-ficoba\/#article","isPartOf":{"@id":"https:\/\/www.ficoba.org\/fr\/les-mariages-renaissent-le-salon-du-mariage-los-munecos-de-la-tarta-revient-a-ficoba\/"},"author":{"name":"ficoba","@id":"https:\/\/www.ficoba.org\/es\/#\/schema\/person\/8a96a121e5dbd393e6e6b5a7ee7ed407"},"headline":"Les mariages renaissent : le salon du mariage \u00ab\u00a0Los mu\u00f1ecos de la tarta\u00a0\u00bb revient \u00e0 Ficoba","datePublished":"2021-10-13T10:39:27+00:00","mainEntityOfPage":{"@id":"https:\/\/www.ficoba.org\/fr\/les-mariages-renaissent-le-salon-du-mariage-los-munecos-de-la-tarta-revient-a-ficoba\/"},"wordCount":432,"publisher":{"@id":"https:\/\/www.ficoba.org\/es\/#organization"},"image":{"@id":"https:\/\/www.ficoba.org\/fr\/les-mariages-renaissent-le-salon-du-mariage-los-munecos-de-la-tarta-revient-a-ficoba\/#primaryimage"},"thumbnailUrl":"https:\/\/www.ficoba.org\/wp-content\/uploads\/2021\/10\/Novios-2.jpg","articleSection":["\u00c9v\u00e9nements et salons"],"inLanguage":"fr-FR"},{"@type":"WebPage","@id":"https:\/\/www.ficoba.org\/fr\/les-mariages-renaissent-le-salon-du-mariage-los-munecos-de-la-tarta-revient-a-ficoba\/","url":"https:\/\/www.ficoba.org\/fr\/les-mariages-renaissent-le-salon-du-mariage-los-munecos-de-la-tarta-revient-a-ficoba\/","name":"Les mariages renaissent : le salon du mariage \"Los mu\u00f1ecos de la tarta\" revient \u00e0 Ficoba - Ficoba","isPartOf":{"@id":"https:\/\/www.ficoba.org\/es\/#website"},"primaryImageOfPage":{"@id":"https:\/\/www.ficoba.org\/fr\/les-mariages-renaissent-le-salon-du-mariage-los-munecos-de-la-tarta-revient-a-ficoba\/#primaryimage"},"image":{"@id":"https:\/\/www.ficoba.org\/fr\/les-mariages-renaissent-le-salon-du-mariage-los-munecos-de-la-tarta-revient-a-ficoba\/#primaryimage"},"thumbnailUrl":"https:\/\/www.ficoba.org\/wp-content\/uploads\/2021\/10\/Novios-2.jpg","datePublished":"2021-10-13T10:39:27+00:00","breadcrumb":{"@id":"https:\/\/www.ficoba.org\/fr\/les-mariages-renaissent-le-salon-du-mariage-los-munecos-de-la-tarta-revient-a-ficoba\/#breadcrumb"},"inLanguage":"fr-FR","potentialAction":[{"@type":"ReadAction","target":["https:\/\/www.ficoba.org\/fr\/les-mariages-renaissent-le-salon-du-mariage-los-munecos-de-la-tarta-revient-a-ficoba\/"]}]},{"@type":"ImageObject","inLanguage":"fr-FR","@id":"https:\/\/www.ficoba.org\/fr\/les-mariages-renaissent-le-salon-du-mariage-los-munecos-de-la-tarta-revient-a-ficoba\/#primaryimage","url":"https:\/\/www.ficoba.org\/wp-content\/uploads\/2021\/10\/Novios-2.jpg","contentUrl":"https:\/\/www.ficoba.org\/wp-content\/uploads\/2021\/10\/Novios-2.jpg","width":2016,"height":1512},{"@type":"BreadcrumbList","@id":"https:\/\/www.ficoba.org\/fr\/les-mariages-renaissent-le-salon-du-mariage-los-munecos-de-la-tarta-revient-a-ficoba\/#breadcrumb","itemListElement":[{"@type":"ListItem","position":1,"name":"Portada","item":"https:\/\/www.ficoba.org\/fr\/"},{"@type":"ListItem","position":2,"name":"Les mariages renaissent : le salon du mariage \u00ab\u00a0Los mu\u00f1ecos de la tarta\u00a0\u00bb revient \u00e0 Ficoba"}]},{"@type":"WebSite","@id":"https:\/\/www.ficoba.org\/es\/#website","url":"https:\/\/www.ficoba.org\/es\/","name":"Ficoba, Recinto Ferial de Gipuzkoa","description":"Ficoba, l\u2019art de cr\u00e9er des opportunit\u00e9s","publisher":{"@id":"https:\/\/www.ficoba.org\/es\/#organization"},"alternateName":"Ficoba","potentialAction":[{"@type":"SearchAction","target":{"@type":"EntryPoint","urlTemplate":"https:\/\/www.ficoba.org\/es\/?s={search_term_string}"},"query-input":{"@type":"PropertyValueSpecification","valueRequired":true,"valueName":"search_term_string"}}],"inLanguage":"fr-FR"},{"@type":"Organization","@id":"https:\/\/www.ficoba.org\/es\/#organization","name":"Ficoba, Reciento Ferial de Gipuzkoa","url":"https:\/\/www.ficoba.org\/es\/","logo":{"@type":"ImageObject","inLanguage":"fr-FR","@id":"https:\/\/www.ficoba.org\/es\/#\/schema\/logo\/image\/","url":"https:\/\/www.ficoba.org\/wp-content\/uploads\/2018\/11\/logo_ficoba.png","contentUrl":"https:\/\/www.ficoba.org\/wp-content\/uploads\/2018\/11\/logo_ficoba.png","width":200,"height":124,"caption":"Ficoba, Reciento Ferial de Gipuzkoa"},"image":{"@id":"https:\/\/www.ficoba.org\/es\/#\/schema\/logo\/image\/"},"sameAs":["https:\/\/www.facebook.com\/FICOBAFUNDAZIOA\/","https:\/\/x.com\/FicobaFundazioa","https:\/\/www.youtube.com\/channel\/UCvo2JGluemyCf5KPRmEF9JQ","https:\/\/www.linkedin.com\/company\/ficoba\/","https:\/\/www.instagram.com\/ficobafundazioa\/"]},{"@type":"Person","@id":"https:\/\/www.ficoba.org\/es\/#\/schema\/person\/8a96a121e5dbd393e6e6b5a7ee7ed407","name":"ficoba","image":{"@type":"ImageObject","inLanguage":"fr-FR","@id":"https:\/\/www.ficoba.org\/es\/#\/schema\/person\/image\/","url":"https:\/\/secure.gravatar.com\/avatar\/c90cc0e07f75fecbe4165c1906a4cd61b0179a28caae2205d37516e4fb7c30c1?s=96&d=mm&r=g","contentUrl":"https:\/\/secure.gravatar.com\/avatar\/c90cc0e07f75fecbe4165c1906a4cd61b0179a28caae2205d37516e4fb7c30c1?s=96&d=mm&r=g","caption":"ficoba"}}]}},"_links":{"self":[{"href":"https:\/\/www.ficoba.org\/fr\/wp-json\/wp\/v2\/posts\/8921","targetHints":{"allow":["GET"]}}],"collection":[{"href":"https:\/\/www.ficoba.org\/fr\/wp-json\/wp\/v2\/posts"}],"about":[{"href":"https:\/\/www.ficoba.org\/fr\/wp-json\/wp\/v2\/types\/post"}],"author":[{"embeddable":true,"href":"https:\/\/www.ficoba.org\/fr\/wp-json\/wp\/v2\/users\/2"}],"replies":[{"embeddable":true,"href":"https:\/\/www.ficoba.org\/fr\/wp-json\/wp\/v2\/comments?post=8921"}],"version-history":[{"count":1,"href":"https:\/\/www.ficoba.org\/fr\/wp-json\/wp\/v2\/posts\/8921\/revisions"}],"predecessor-version":[{"id":8922,"href":"https:\/\/www.ficoba.org\/fr\/wp-json\/wp\/v2\/posts\/8921\/revisions\/8922"}],"wp:featuredmedia":[{"embeddable":true,"href":"https:\/\/www.ficoba.org\/fr\/wp-json\/wp\/v2\/media\/8917"}],"wp:attachment":[{"href":"https:\/\/www.ficoba.org\/fr\/wp-json\/wp\/v2\/media?parent=8921"}],"wp:term":[{"taxonomy":"category","embeddable":true,"href":"https:\/\/www.ficoba.org\/fr\/wp-json\/wp\/v2\/categories?post=8921"},{"taxonomy":"post_tag","embeddable":true,"href":"https:\/\/www.ficoba.org\/fr\/wp-json\/wp\/v2\/tags?post=8921"}],"curies":[{"name":"wp","href":"https:\/\/api.w.org\/{rel}","templated":true}]}}