{"id":8880,"date":"2021-09-29T13:00:57","date_gmt":"2021-09-29T11:00:57","guid":{"rendered":"https:\/\/www.ficoba.org\/?p=8880"},"modified":"2021-09-29T13:00:57","modified_gmt":"2021-09-29T11:00:57","slug":"ficoba-reprend-son-activite-avec-un-calendrier-riche-en-activites","status":"publish","type":"post","link":"https:\/\/www.ficoba.org\/fr\/ficoba-reprend-son-activite-avec-un-calendrier-riche-en-activites\/","title":{"rendered":"Ficoba reprend son activit\u00e9 avec un calendrier riche en activit\u00e9s"},"content":{"rendered":"<p>Apr\u00e8s la pause estivale, Ficoba reprend son activit\u00e9 avec un calendrier riche en activit\u00e9s, dans lequel de nombreuses propositions, habituelles les ann\u00e9es pr\u00e9c\u00e9dentes, reviennent \u00e0 Ficoba.<\/p>\n<p>C&rsquo;est le cas <strong>d&rsquo;Ekodrive<\/strong>, le salon du v\u00e9hicule durable, qui se tiendra du 1er au 3 octobre, avec son exposition de v\u00e9hicules \u00e9conomes en \u00e9nergie, des voitures \u00e9lectriques aux v\u00e9hicules aliment\u00e9s par des \u00e9nergies nouvelles telles que les hybrides rechargeables, le gaz liqu\u00e9fi\u00e9, le gaz naturel, etc.<\/p>\n<p>L&rsquo;am\u00e9lioration de la situation sanitaire a permis la reprise des mariages et, avec eux, la r\u00e9activation du secteur. Preuve en est la c\u00e9l\u00e9bration d&rsquo;une nouvelle \u00e9dition du salon du mariage <strong>Los mu\u00f1ecos de la tarta,<\/strong> du 15 au 17 octobre.<\/p>\n<p>Les <strong>Olympiades de la formation professionnelle<\/strong>, connues sous le nom <strong>d&rsquo;Eusko Skills<\/strong> (20-21 octobre), ont une fois de plus choisi Ficoba comme lieu d&rsquo;accueil. Ce concours, promu par le D\u00e9partement de l&rsquo;\u00c9ducation du Gouvernement basque, auquel participent les centres de formation professionnelle publics et subventionn\u00e9s du Pays basque, a d\u00e9j\u00e0 eu lieu \u00e0 Ficoba en 2012.<\/p>\n<p>L&rsquo;Institut d&rsquo;alphab\u00e9tisation et de reeuskaldunisation des adultes <strong>HABE<\/strong> r\u00e9p\u00e8te \u00e9galement les examens \u00e0 Ficoba les 8 et 9 octobre. En mai, plus de 5 000 personnes ont pass\u00e9 l&rsquo;examen dans les halls du parc des expositions pour v\u00e9rifier leur niveau de langue basque. \u00c0 cette occasion, environ 2 000 personnes sont attendues.<\/p>\n<p>Le congr\u00e8s <strong>Entre Mares<\/strong> sera charg\u00e9e d&rsquo;ouvrir le programme Ficoba en novembre. Du 3 au 5 novembre, des experts internationaux traiteront des derni\u00e8res nouvelles arch\u00e9ologiques sur les ports romains.<\/p>\n<p>Le 10 novembre aura lieu \u00e0 Ficoba une nouvelle \u00e9dition de la <strong>Semaine de l&#8217;emploi<\/strong>, organis\u00e9e par la Bidasoa Activa, et le lendemain un classique du calendrier de Ficoba : les <strong>examens pour l&rsquo;obtention des qualifications de bateaux de plaisance<\/strong>. Et le 13 novembre, une nouvelle \u00e9dition du festival <strong>Irun Zuzenean<\/strong>.<\/p>\n<p>Du 19 au 21 novembre, les principales concessions et les concessionnaires automobiles du Gipuzkoa se retrouveront \u00e0 Ficoba pour participer \u00e0 la neuvi\u00e8me \u00e9dition de <strong>Ficoauto<\/strong>, le Salon du v\u00e9hicule d&rsquo;occasion. Comme les ann\u00e9es pr\u00e9c\u00e9dentes, les visiteurs trouveront des v\u00e9hicules de tous les segments, gammes et types : v\u00e9hicules d&rsquo;occasion, de gestion, Km 0, de flottes et de leasing aux meilleurs prix.<\/p>\n<p>Et nous terminerons le mois de novembre avec une nouvelle \u00e9dition <strong>du Salon international de la f\u00e9line<\/strong>, organis\u00e9 par le groupe fran\u00e7ais AMOBS STAR.<\/p>\n<p>En d\u00e9cembre, l&rsquo;un des principaux \u00e9v\u00e9nements sera le festival v\u00e9g\u00e9talien <strong>Be Veggie<\/strong>, qui se d\u00e9roulera du 4 au 6 d\u00e9cembre, et avec lequel Ficoba r\u00e9pond \u00e0 l&rsquo;int\u00e9r\u00eat croissant pour le v\u00e9g\u00e9talisme, le respect de l&rsquo;environnement, la maltraitance animale et la sant\u00e9.<\/p>\n<p>Sur le plan musical, un nouveau concert aura lieu le 18 d\u00e9cembre dans le cadre <strong>d&rsquo;Irun Zuzenean<\/strong>.<\/p>\n<p>No\u00ebl apportera \u00e9galement de bonnes raisons de visiter Ficoba gr\u00e2ce \u00e0 l&rsquo;initiative de la mairie d&rsquo;Irun d&rsquo;installer <strong>une patinoire synth\u00e9tique<\/strong> qui se veut la plus grande d&rsquo;Espagne.<\/p>\n<p><strong>Quatre mois pour consolider la relance \u00e9conomique<\/strong><\/p>\n<p>Les pr\u00e9visions d&rsquo;activit\u00e9 pour les quatre derniers mois de l&rsquo;ann\u00e9e confirment la reprise de Ficoba. Les r\u00e9sultats de l&rsquo;exercice 2021 seront meilleurs que ceux de 2020, sans toutefois atteindre les taux d&rsquo;activit\u00e9 et de chiffre d&rsquo;affaires d&rsquo;avant la pand\u00e9mie, comme l&rsquo;indiquent les chiffres du premier semestre.<\/p>\n<p>Le nombre total d&rsquo;activit\u00e9s \u00e9tait de 131, contre 78 en 2020. De bons chiffres dans le contexte actuel qui, toutefois, sont encore loin des r\u00e9sultats pr\u00e9pand\u00e9miques tels que ceux obtenus en 2019, lorsque Ficoba a accueilli 142 \u00e9v\u00e9nements \u00e0 la m\u00eame p\u00e9riode de l&rsquo;ann\u00e9e.<\/p>\n<p>La bonne nouvelle est la reprise de l&rsquo;activit\u00e9 des foires commerciales et des grands \u00e9v\u00e9nements publics qui avaient cess\u00e9 de se tenir en raison de la situation sanitaire. Ceci, ajout\u00e9 \u00e0 l&rsquo;augmentation des \u00e9v\u00e9nements qui ont trouv\u00e9 un lieu s\u00fbr \u00e0 Ficoba, comme les OPE (Offres Publiques d&rsquo;Emploi) et les examens tels que l&rsquo;EBAU (anciennement Selectividad) ou HABE, et le fait que de nombreuses petites et moyennes entreprises ont choisi Ficoba pour tenir leurs r\u00e9unions, ont plac\u00e9 Ficoba dans une bonne position pour consolider sa reprise.<\/p>\n<p><strong>www.ficoba.org<\/strong><\/p>\n<p>&nbsp;<\/p>\n","protected":false},"excerpt":{"rendered":"<p>Apr\u00e8s la pause estivale, Ficoba reprend son activit\u00e9 avec un calendrier riche en activit\u00e9s, dans lequel de nombreuses propositions, habituelles les ann\u00e9es pr\u00e9c\u00e9dentes, reviennent \u00e0 Ficoba. C&rsquo;est le cas d&rsquo;Ekodrive, [&hellip;]<\/p>\n","protected":false},"author":2,"featured_media":8635,"comment_status":"closed","ping_status":"closed","sticky":false,"template":"","format":"standard","meta":{"_et_pb_use_builder":"","_et_pb_old_content":"","_et_gb_content_width":"","footnotes":""},"categories":[11],"tags":[],"class_list":["post-8880","post","type-post","status-publish","format-standard","has-post-thumbnail","hentry","category-nouvelles"],"yoast_head":"<!-- This site is optimized with the Yoast SEO plugin v26.8 - https:\/\/yoast.com\/product\/yoast-seo-wordpress\/ -->\n<title>Ficoba reprend son activit\u00e9 avec un calendrier riche en activit\u00e9s - Ficoba<\/title>\n<meta name=\"robots\" content=\"index, follow, max-snippet:-1, max-image-preview:large, max-video-preview:-1\" \/>\n<link rel=\"canonical\" href=\"https:\/\/www.ficoba.org\/fr\/ficoba-reprend-son-activite-avec-un-calendrier-riche-en-activites\/\" \/>\n<meta name=\"twitter:label1\" content=\"\u00c9crit par\" \/>\n\t<meta name=\"twitter:data1\" content=\"ficoba\" \/>\n\t<meta name=\"twitter:label2\" content=\"Dur\u00e9e de lecture estim\u00e9e\" \/>\n\t<meta name=\"twitter:data2\" content=\"3 minutes\" \/>\n<script type=\"application\/ld+json\" class=\"yoast-schema-graph\">{\"@context\":\"https:\/\/schema.org\",\"@graph\":[{\"@type\":\"Article\",\"@id\":\"https:\/\/www.ficoba.org\/fr\/ficoba-reprend-son-activite-avec-un-calendrier-riche-en-activites\/#article\",\"isPartOf\":{\"@id\":\"https:\/\/www.ficoba.org\/fr\/ficoba-reprend-son-activite-avec-un-calendrier-riche-en-activites\/\"},\"author\":{\"name\":\"ficoba\",\"@id\":\"https:\/\/www.ficoba.org\/es\/#\/schema\/person\/8a96a121e5dbd393e6e6b5a7ee7ed407\"},\"headline\":\"Ficoba reprend son activit\u00e9 avec un calendrier riche en activit\u00e9s\",\"datePublished\":\"2021-09-29T11:00:57+00:00\",\"mainEntityOfPage\":{\"@id\":\"https:\/\/www.ficoba.org\/fr\/ficoba-reprend-son-activite-avec-un-calendrier-riche-en-activites\/\"},\"wordCount\":732,\"publisher\":{\"@id\":\"https:\/\/www.ficoba.org\/es\/#organization\"},\"image\":{\"@id\":\"https:\/\/www.ficoba.org\/fr\/ficoba-reprend-son-activite-avec-un-calendrier-riche-en-activites\/#primaryimage\"},\"thumbnailUrl\":\"https:\/\/www.ficoba.org\/wp-content\/uploads\/2021\/06\/1509Ficoba_129b.jpg\",\"articleSection\":[\"Nouvelles\"],\"inLanguage\":\"fr-FR\"},{\"@type\":\"WebPage\",\"@id\":\"https:\/\/www.ficoba.org\/fr\/ficoba-reprend-son-activite-avec-un-calendrier-riche-en-activites\/\",\"url\":\"https:\/\/www.ficoba.org\/fr\/ficoba-reprend-son-activite-avec-un-calendrier-riche-en-activites\/\",\"name\":\"Ficoba reprend son activit\u00e9 avec un calendrier riche en activit\u00e9s - Ficoba\",\"isPartOf\":{\"@id\":\"https:\/\/www.ficoba.org\/es\/#website\"},\"primaryImageOfPage\":{\"@id\":\"https:\/\/www.ficoba.org\/fr\/ficoba-reprend-son-activite-avec-un-calendrier-riche-en-activites\/#primaryimage\"},\"image\":{\"@id\":\"https:\/\/www.ficoba.org\/fr\/ficoba-reprend-son-activite-avec-un-calendrier-riche-en-activites\/#primaryimage\"},\"thumbnailUrl\":\"https:\/\/www.ficoba.org\/wp-content\/uploads\/2021\/06\/1509Ficoba_129b.jpg\",\"datePublished\":\"2021-09-29T11:00:57+00:00\",\"breadcrumb\":{\"@id\":\"https:\/\/www.ficoba.org\/fr\/ficoba-reprend-son-activite-avec-un-calendrier-riche-en-activites\/#breadcrumb\"},\"inLanguage\":\"fr-FR\",\"potentialAction\":[{\"@type\":\"ReadAction\",\"target\":[\"https:\/\/www.ficoba.org\/fr\/ficoba-reprend-son-activite-avec-un-calendrier-riche-en-activites\/\"]}]},{\"@type\":\"ImageObject\",\"inLanguage\":\"fr-FR\",\"@id\":\"https:\/\/www.ficoba.org\/fr\/ficoba-reprend-son-activite-avec-un-calendrier-riche-en-activites\/#primaryimage\",\"url\":\"https:\/\/www.ficoba.org\/wp-content\/uploads\/2021\/06\/1509Ficoba_129b.jpg\",\"contentUrl\":\"https:\/\/www.ficoba.org\/wp-content\/uploads\/2021\/06\/1509Ficoba_129b.jpg\",\"width\":1200,\"height\":800},{\"@type\":\"BreadcrumbList\",\"@id\":\"https:\/\/www.ficoba.org\/fr\/ficoba-reprend-son-activite-avec-un-calendrier-riche-en-activites\/#breadcrumb\",\"itemListElement\":[{\"@type\":\"ListItem\",\"position\":1,\"name\":\"Portada\",\"item\":\"https:\/\/www.ficoba.org\/fr\/\"},{\"@type\":\"ListItem\",\"position\":2,\"name\":\"Ficoba reprend son activit\u00e9 avec un calendrier riche en activit\u00e9s\"}]},{\"@type\":\"WebSite\",\"@id\":\"https:\/\/www.ficoba.org\/es\/#website\",\"url\":\"https:\/\/www.ficoba.org\/es\/\",\"name\":\"Ficoba, Recinto Ferial de Gipuzkoa\",\"description\":\"Ficoba, l\u2019art de cr\u00e9er des opportunit\u00e9s\",\"publisher\":{\"@id\":\"https:\/\/www.ficoba.org\/es\/#organization\"},\"alternateName\":\"Ficoba\",\"potentialAction\":[{\"@type\":\"SearchAction\",\"target\":{\"@type\":\"EntryPoint\",\"urlTemplate\":\"https:\/\/www.ficoba.org\/es\/?s={search_term_string}\"},\"query-input\":{\"@type\":\"PropertyValueSpecification\",\"valueRequired\":true,\"valueName\":\"search_term_string\"}}],\"inLanguage\":\"fr-FR\"},{\"@type\":\"Organization\",\"@id\":\"https:\/\/www.ficoba.org\/es\/#organization\",\"name\":\"Ficoba, Reciento Ferial de Gipuzkoa\",\"url\":\"https:\/\/www.ficoba.org\/es\/\",\"logo\":{\"@type\":\"ImageObject\",\"inLanguage\":\"fr-FR\",\"@id\":\"https:\/\/www.ficoba.org\/es\/#\/schema\/logo\/image\/\",\"url\":\"https:\/\/www.ficoba.org\/wp-content\/uploads\/2018\/11\/logo_ficoba.png\",\"contentUrl\":\"https:\/\/www.ficoba.org\/wp-content\/uploads\/2018\/11\/logo_ficoba.png\",\"width\":200,\"height\":124,\"caption\":\"Ficoba, Reciento Ferial de Gipuzkoa\"},\"image\":{\"@id\":\"https:\/\/www.ficoba.org\/es\/#\/schema\/logo\/image\/\"},\"sameAs\":[\"https:\/\/www.facebook.com\/FICOBAFUNDAZIOA\/\",\"https:\/\/x.com\/FicobaFundazioa\",\"https:\/\/www.youtube.com\/channel\/UCvo2JGluemyCf5KPRmEF9JQ\",\"https:\/\/www.linkedin.com\/company\/ficoba\/\",\"https:\/\/www.instagram.com\/ficobafundazioa\/\"]},{\"@type\":\"Person\",\"@id\":\"https:\/\/www.ficoba.org\/es\/#\/schema\/person\/8a96a121e5dbd393e6e6b5a7ee7ed407\",\"name\":\"ficoba\",\"image\":{\"@type\":\"ImageObject\",\"inLanguage\":\"fr-FR\",\"@id\":\"https:\/\/www.ficoba.org\/es\/#\/schema\/person\/image\/\",\"url\":\"https:\/\/secure.gravatar.com\/avatar\/c90cc0e07f75fecbe4165c1906a4cd61b0179a28caae2205d37516e4fb7c30c1?s=96&d=mm&r=g\",\"contentUrl\":\"https:\/\/secure.gravatar.com\/avatar\/c90cc0e07f75fecbe4165c1906a4cd61b0179a28caae2205d37516e4fb7c30c1?s=96&d=mm&r=g\",\"caption\":\"ficoba\"}}]}<\/script>\n<!-- \/ Yoast SEO plugin. -->","yoast_head_json":{"title":"Ficoba reprend son activit\u00e9 avec un calendrier riche en activit\u00e9s - Ficoba","robots":{"index":"index","follow":"follow","max-snippet":"max-snippet:-1","max-image-preview":"max-image-preview:large","max-video-preview":"max-video-preview:-1"},"canonical":"https:\/\/www.ficoba.org\/fr\/ficoba-reprend-son-activite-avec-un-calendrier-riche-en-activites\/","twitter_misc":{"\u00c9crit par":"ficoba","Dur\u00e9e de lecture estim\u00e9e":"3 minutes"},"schema":{"@context":"https:\/\/schema.org","@graph":[{"@type":"Article","@id":"https:\/\/www.ficoba.org\/fr\/ficoba-reprend-son-activite-avec-un-calendrier-riche-en-activites\/#article","isPartOf":{"@id":"https:\/\/www.ficoba.org\/fr\/ficoba-reprend-son-activite-avec-un-calendrier-riche-en-activites\/"},"author":{"name":"ficoba","@id":"https:\/\/www.ficoba.org\/es\/#\/schema\/person\/8a96a121e5dbd393e6e6b5a7ee7ed407"},"headline":"Ficoba reprend son activit\u00e9 avec un calendrier riche en activit\u00e9s","datePublished":"2021-09-29T11:00:57+00:00","mainEntityOfPage":{"@id":"https:\/\/www.ficoba.org\/fr\/ficoba-reprend-son-activite-avec-un-calendrier-riche-en-activites\/"},"wordCount":732,"publisher":{"@id":"https:\/\/www.ficoba.org\/es\/#organization"},"image":{"@id":"https:\/\/www.ficoba.org\/fr\/ficoba-reprend-son-activite-avec-un-calendrier-riche-en-activites\/#primaryimage"},"thumbnailUrl":"https:\/\/www.ficoba.org\/wp-content\/uploads\/2021\/06\/1509Ficoba_129b.jpg","articleSection":["Nouvelles"],"inLanguage":"fr-FR"},{"@type":"WebPage","@id":"https:\/\/www.ficoba.org\/fr\/ficoba-reprend-son-activite-avec-un-calendrier-riche-en-activites\/","url":"https:\/\/www.ficoba.org\/fr\/ficoba-reprend-son-activite-avec-un-calendrier-riche-en-activites\/","name":"Ficoba reprend son activit\u00e9 avec un calendrier riche en activit\u00e9s - Ficoba","isPartOf":{"@id":"https:\/\/www.ficoba.org\/es\/#website"},"primaryImageOfPage":{"@id":"https:\/\/www.ficoba.org\/fr\/ficoba-reprend-son-activite-avec-un-calendrier-riche-en-activites\/#primaryimage"},"image":{"@id":"https:\/\/www.ficoba.org\/fr\/ficoba-reprend-son-activite-avec-un-calendrier-riche-en-activites\/#primaryimage"},"thumbnailUrl":"https:\/\/www.ficoba.org\/wp-content\/uploads\/2021\/06\/1509Ficoba_129b.jpg","datePublished":"2021-09-29T11:00:57+00:00","breadcrumb":{"@id":"https:\/\/www.ficoba.org\/fr\/ficoba-reprend-son-activite-avec-un-calendrier-riche-en-activites\/#breadcrumb"},"inLanguage":"fr-FR","potentialAction":[{"@type":"ReadAction","target":["https:\/\/www.ficoba.org\/fr\/ficoba-reprend-son-activite-avec-un-calendrier-riche-en-activites\/"]}]},{"@type":"ImageObject","inLanguage":"fr-FR","@id":"https:\/\/www.ficoba.org\/fr\/ficoba-reprend-son-activite-avec-un-calendrier-riche-en-activites\/#primaryimage","url":"https:\/\/www.ficoba.org\/wp-content\/uploads\/2021\/06\/1509Ficoba_129b.jpg","contentUrl":"https:\/\/www.ficoba.org\/wp-content\/uploads\/2021\/06\/1509Ficoba_129b.jpg","width":1200,"height":800},{"@type":"BreadcrumbList","@id":"https:\/\/www.ficoba.org\/fr\/ficoba-reprend-son-activite-avec-un-calendrier-riche-en-activites\/#breadcrumb","itemListElement":[{"@type":"ListItem","position":1,"name":"Portada","item":"https:\/\/www.ficoba.org\/fr\/"},{"@type":"ListItem","position":2,"name":"Ficoba reprend son activit\u00e9 avec un calendrier riche en activit\u00e9s"}]},{"@type":"WebSite","@id":"https:\/\/www.ficoba.org\/es\/#website","url":"https:\/\/www.ficoba.org\/es\/","name":"Ficoba, Recinto Ferial de Gipuzkoa","description":"Ficoba, l\u2019art de cr\u00e9er des opportunit\u00e9s","publisher":{"@id":"https:\/\/www.ficoba.org\/es\/#organization"},"alternateName":"Ficoba","potentialAction":[{"@type":"SearchAction","target":{"@type":"EntryPoint","urlTemplate":"https:\/\/www.ficoba.org\/es\/?s={search_term_string}"},"query-input":{"@type":"PropertyValueSpecification","valueRequired":true,"valueName":"search_term_string"}}],"inLanguage":"fr-FR"},{"@type":"Organization","@id":"https:\/\/www.ficoba.org\/es\/#organization","name":"Ficoba, Reciento Ferial de Gipuzkoa","url":"https:\/\/www.ficoba.org\/es\/","logo":{"@type":"ImageObject","inLanguage":"fr-FR","@id":"https:\/\/www.ficoba.org\/es\/#\/schema\/logo\/image\/","url":"https:\/\/www.ficoba.org\/wp-content\/uploads\/2018\/11\/logo_ficoba.png","contentUrl":"https:\/\/www.ficoba.org\/wp-content\/uploads\/2018\/11\/logo_ficoba.png","width":200,"height":124,"caption":"Ficoba, Reciento Ferial de Gipuzkoa"},"image":{"@id":"https:\/\/www.ficoba.org\/es\/#\/schema\/logo\/image\/"},"sameAs":["https:\/\/www.facebook.com\/FICOBAFUNDAZIOA\/","https:\/\/x.com\/FicobaFundazioa","https:\/\/www.youtube.com\/channel\/UCvo2JGluemyCf5KPRmEF9JQ","https:\/\/www.linkedin.com\/company\/ficoba\/","https:\/\/www.instagram.com\/ficobafundazioa\/"]},{"@type":"Person","@id":"https:\/\/www.ficoba.org\/es\/#\/schema\/person\/8a96a121e5dbd393e6e6b5a7ee7ed407","name":"ficoba","image":{"@type":"ImageObject","inLanguage":"fr-FR","@id":"https:\/\/www.ficoba.org\/es\/#\/schema\/person\/image\/","url":"https:\/\/secure.gravatar.com\/avatar\/c90cc0e07f75fecbe4165c1906a4cd61b0179a28caae2205d37516e4fb7c30c1?s=96&d=mm&r=g","contentUrl":"https:\/\/secure.gravatar.com\/avatar\/c90cc0e07f75fecbe4165c1906a4cd61b0179a28caae2205d37516e4fb7c30c1?s=96&d=mm&r=g","caption":"ficoba"}}]}},"_links":{"self":[{"href":"https:\/\/www.ficoba.org\/fr\/wp-json\/wp\/v2\/posts\/8880","targetHints":{"allow":["GET"]}}],"collection":[{"href":"https:\/\/www.ficoba.org\/fr\/wp-json\/wp\/v2\/posts"}],"about":[{"href":"https:\/\/www.ficoba.org\/fr\/wp-json\/wp\/v2\/types\/post"}],"author":[{"embeddable":true,"href":"https:\/\/www.ficoba.org\/fr\/wp-json\/wp\/v2\/users\/2"}],"replies":[{"embeddable":true,"href":"https:\/\/www.ficoba.org\/fr\/wp-json\/wp\/v2\/comments?post=8880"}],"version-history":[{"count":1,"href":"https:\/\/www.ficoba.org\/fr\/wp-json\/wp\/v2\/posts\/8880\/revisions"}],"predecessor-version":[{"id":8881,"href":"https:\/\/www.ficoba.org\/fr\/wp-json\/wp\/v2\/posts\/8880\/revisions\/8881"}],"wp:featuredmedia":[{"embeddable":true,"href":"https:\/\/www.ficoba.org\/fr\/wp-json\/wp\/v2\/media\/8635"}],"wp:attachment":[{"href":"https:\/\/www.ficoba.org\/fr\/wp-json\/wp\/v2\/media?parent=8880"}],"wp:term":[{"taxonomy":"category","embeddable":true,"href":"https:\/\/www.ficoba.org\/fr\/wp-json\/wp\/v2\/categories?post=8880"},{"taxonomy":"post_tag","embeddable":true,"href":"https:\/\/www.ficoba.org\/fr\/wp-json\/wp\/v2\/tags?post=8880"}],"curies":[{"name":"wp","href":"https:\/\/api.w.org\/{rel}","templated":true}]}}