{"id":8639,"date":"2021-06-28T11:08:45","date_gmt":"2021-06-28T09:08:45","guid":{"rendered":"https:\/\/www.ficoba.org\/?p=8639"},"modified":"2021-06-28T11:08:45","modified_gmt":"2021-06-28T09:08:45","slug":"ficoba-entame-le-chemin-de-la-reprise-avec-une-reprise-des-evenements-en-juin","status":"publish","type":"post","link":"https:\/\/www.ficoba.org\/fr\/ficoba-entame-le-chemin-de-la-reprise-avec-une-reprise-des-evenements-en-juin\/","title":{"rendered":"Ficoba entame le chemin de la reprise avec une reprise des \u00e9v\u00e9nements en juin"},"content":{"rendered":"<ul>\n<li>Ficoba a accueilli 35 activit\u00e9s, le chiffre le plus \u00e9lev\u00e9 de ces quatre derni\u00e8res ann\u00e9es.<\/li>\n<li>131 \u00e9v\u00e9nements ont \u00e9t\u00e9 organis\u00e9s au cours du premier semestre, contre 78 en 2019.<\/li>\n<\/ul>\n<p>Ficoba a cl\u00f4tur\u00e9 le premier semestre de l&rsquo;ann\u00e9e avec une \u00e9volution positive de son activit\u00e9 gr\u00e2ce \u00e0 la reprise progressive enregistr\u00e9e dans la tenue d&rsquo;\u00e9v\u00e8nements, au point que le mois de juin a enregistr\u00e9 son meilleur r\u00e9sultat des 4 derni\u00e8res ann\u00e9es (35 \u00e9v\u00e8nements).<\/p>\n<p>Le nombre total d&rsquo;activit\u00e9s au cours des six premiers mois de l&rsquo;ann\u00e9e \u00e9tait de 131, contre 78 en 2020. De bons chiffres qui, toutefois, sont encore loin des r\u00e9sultats pr\u00e9-pand\u00e9miques obtenus en 2019, lorsque Ficoba avait accueilli 142 \u00e9v\u00e9nements \u00e0 la m\u00eame p\u00e9riode de l&rsquo;ann\u00e9e.<\/p>\n<p>La reprise de l&rsquo;activit\u00e9 a \u00e9t\u00e9 soutenue par l&rsquo;augmentation des \u00e9v\u00e9nements qui ont trouv\u00e9 un lieu s\u00fbr dans les espaces de Ficoba. Dans ce domaine, il convient de souligner les OPE (offres publiques d&#8217;emploi) et les examens tels que l&rsquo;EBAU (ancienne selectividad) ou l&rsquo;HABE. Ces derniers ont r\u00e9uni plus de 5.000 personnes \u00e0 Ficoba pour accr\u00e9diter leur niveau de basque. Par ailleurs, HABE a confirm\u00e9 Ficoba comme lieu de ses examens, qui auront lieu du 7 au 9 octobre.<\/p>\n<p>De m\u00eame, Ficoba est devenu le lieu de pr\u00e9dilection des petites et moyennes entreprises pour tenir leurs r\u00e9unions, voire des associations de r\u00e9sidents.<\/p>\n<p>Au cours de ce premier semestre 2021, Ficoba a \u00e9galement pu r\u00e9cup\u00e9rer son activit\u00e9 de salons avec la tenue de Caravantur et de Bioterra, le Salon basque des produits \u00e9cologiques, de la bio-construction, des \u00e9nergies renouvelables et de la consommation responsable. Tous deux ont augment\u00e9 le nombre d&rsquo;exposants et de visiteurs par rapport aux \u00e9ditions de 2020.<\/p>\n<p>Les restrictions de capacit\u00e9 et les r\u00e8gles de distanciation sociale ont entra\u00een\u00e9 la r\u00e9duction de la taille des \u00e9v\u00e9nements organis\u00e9s \u00e0 Ficoba. Ainsi, le nombre moyen de personnes par activit\u00e9 a \u00e9t\u00e9 de 320, contre les 1 090 enregistr\u00e9es en 2019. Ces donn\u00e9es sont directement affect\u00e9es par le nombre plus faible de grands \u00e9v\u00e9nements publics, tels que les foires commerciales.<\/p>\n<p>L&rsquo;activit\u00e9 que Ficoba a su g\u00e9n\u00e9rer, associ\u00e9e \u00e0 une gestion aust\u00e8re, a permis au Parc des Expositions du Gipuzkoa d&rsquo;\u00e9quilibrer ses recettes et ses d\u00e9penses au cours du premier semestre 2021 et d&rsquo;aborder la seconde moiti\u00e9 de l&rsquo;ann\u00e9e avec optimisme.<\/p>\n<p><strong>Calendrier pour les mois \u00e0 venir<\/strong><\/p>\n<p>L&rsquo;\u00e9quipe de Ficoba travaille d\u00e9j\u00e0 sur de multiples \u00e9v\u00e9nements pour les mois \u00e0 venir. Ekodrive (1-3 octobre) et Be Veggie (4-6 d\u00e9cembre) reviennent au format sur site et des propositions telles que l&rsquo;exposition de chats (27-28 novembre) et l&rsquo;exposition de mariage, les poup\u00e9es dans le g\u00e2teau (15-17 octobre) sont de nouveau au calendrier. Ficoauto (12-14 novembre) et les concerts d&rsquo;Irun Zuzenean, annonc\u00e9s pour octobre et d\u00e9cembre, ne manqueront pas non plus leurs dates habituelles. Et parmi les nouveaut\u00e9s, la c\u00e9l\u00e9bration du congr\u00e8s international Entre Mares sur les ports romains (3-5 novembre) se distingue.<\/p>\n","protected":false},"excerpt":{"rendered":"<p>Ficoba a accueilli 35 activit\u00e9s, le chiffre le plus \u00e9lev\u00e9 de ces quatre derni\u00e8res ann\u00e9es. 131 \u00e9v\u00e9nements ont \u00e9t\u00e9 organis\u00e9s au cours du premier semestre, contre 78 en 2019. Ficoba [&hellip;]<\/p>\n","protected":false},"author":2,"featured_media":8635,"comment_status":"closed","ping_status":"closed","sticky":false,"template":"","format":"standard","meta":{"_et_pb_use_builder":"","_et_pb_old_content":"","_et_gb_content_width":"","footnotes":""},"categories":[11],"tags":[],"class_list":["post-8639","post","type-post","status-publish","format-standard","has-post-thumbnail","hentry","category-nouvelles"],"yoast_head":"<!-- This site is optimized with the Yoast SEO plugin v26.8 - https:\/\/yoast.com\/product\/yoast-seo-wordpress\/ -->\n<title>Ficoba entame le chemin de la reprise avec une reprise des \u00e9v\u00e9nements en juin - Ficoba<\/title>\n<meta name=\"robots\" content=\"index, follow, max-snippet:-1, max-image-preview:large, max-video-preview:-1\" \/>\n<link rel=\"canonical\" href=\"https:\/\/www.ficoba.org\/fr\/ficoba-entame-le-chemin-de-la-reprise-avec-une-reprise-des-evenements-en-juin\/\" \/>\n<meta name=\"twitter:label1\" content=\"\u00c9crit par\" \/>\n\t<meta name=\"twitter:data1\" content=\"ficoba\" \/>\n\t<meta name=\"twitter:label2\" content=\"Dur\u00e9e de lecture estim\u00e9e\" \/>\n\t<meta name=\"twitter:data2\" content=\"3 minutes\" \/>\n<script type=\"application\/ld+json\" class=\"yoast-schema-graph\">{\"@context\":\"https:\/\/schema.org\",\"@graph\":[{\"@type\":\"Article\",\"@id\":\"https:\/\/www.ficoba.org\/fr\/ficoba-entame-le-chemin-de-la-reprise-avec-une-reprise-des-evenements-en-juin\/#article\",\"isPartOf\":{\"@id\":\"https:\/\/www.ficoba.org\/fr\/ficoba-entame-le-chemin-de-la-reprise-avec-une-reprise-des-evenements-en-juin\/\"},\"author\":{\"name\":\"ficoba\",\"@id\":\"https:\/\/www.ficoba.org\/es\/#\/schema\/person\/8a96a121e5dbd393e6e6b5a7ee7ed407\"},\"headline\":\"Ficoba entame le chemin de la reprise avec une reprise des \u00e9v\u00e9nements en juin\",\"datePublished\":\"2021-06-28T09:08:45+00:00\",\"mainEntityOfPage\":{\"@id\":\"https:\/\/www.ficoba.org\/fr\/ficoba-entame-le-chemin-de-la-reprise-avec-une-reprise-des-evenements-en-juin\/\"},\"wordCount\":540,\"publisher\":{\"@id\":\"https:\/\/www.ficoba.org\/es\/#organization\"},\"image\":{\"@id\":\"https:\/\/www.ficoba.org\/fr\/ficoba-entame-le-chemin-de-la-reprise-avec-une-reprise-des-evenements-en-juin\/#primaryimage\"},\"thumbnailUrl\":\"https:\/\/www.ficoba.org\/wp-content\/uploads\/2021\/06\/1509Ficoba_129b.jpg\",\"articleSection\":[\"Nouvelles\"],\"inLanguage\":\"fr-FR\"},{\"@type\":\"WebPage\",\"@id\":\"https:\/\/www.ficoba.org\/fr\/ficoba-entame-le-chemin-de-la-reprise-avec-une-reprise-des-evenements-en-juin\/\",\"url\":\"https:\/\/www.ficoba.org\/fr\/ficoba-entame-le-chemin-de-la-reprise-avec-une-reprise-des-evenements-en-juin\/\",\"name\":\"Ficoba entame le chemin de la reprise avec une reprise des \u00e9v\u00e9nements en juin - Ficoba\",\"isPartOf\":{\"@id\":\"https:\/\/www.ficoba.org\/es\/#website\"},\"primaryImageOfPage\":{\"@id\":\"https:\/\/www.ficoba.org\/fr\/ficoba-entame-le-chemin-de-la-reprise-avec-une-reprise-des-evenements-en-juin\/#primaryimage\"},\"image\":{\"@id\":\"https:\/\/www.ficoba.org\/fr\/ficoba-entame-le-chemin-de-la-reprise-avec-une-reprise-des-evenements-en-juin\/#primaryimage\"},\"thumbnailUrl\":\"https:\/\/www.ficoba.org\/wp-content\/uploads\/2021\/06\/1509Ficoba_129b.jpg\",\"datePublished\":\"2021-06-28T09:08:45+00:00\",\"breadcrumb\":{\"@id\":\"https:\/\/www.ficoba.org\/fr\/ficoba-entame-le-chemin-de-la-reprise-avec-une-reprise-des-evenements-en-juin\/#breadcrumb\"},\"inLanguage\":\"fr-FR\",\"potentialAction\":[{\"@type\":\"ReadAction\",\"target\":[\"https:\/\/www.ficoba.org\/fr\/ficoba-entame-le-chemin-de-la-reprise-avec-une-reprise-des-evenements-en-juin\/\"]}]},{\"@type\":\"ImageObject\",\"inLanguage\":\"fr-FR\",\"@id\":\"https:\/\/www.ficoba.org\/fr\/ficoba-entame-le-chemin-de-la-reprise-avec-une-reprise-des-evenements-en-juin\/#primaryimage\",\"url\":\"https:\/\/www.ficoba.org\/wp-content\/uploads\/2021\/06\/1509Ficoba_129b.jpg\",\"contentUrl\":\"https:\/\/www.ficoba.org\/wp-content\/uploads\/2021\/06\/1509Ficoba_129b.jpg\",\"width\":1200,\"height\":800},{\"@type\":\"BreadcrumbList\",\"@id\":\"https:\/\/www.ficoba.org\/fr\/ficoba-entame-le-chemin-de-la-reprise-avec-une-reprise-des-evenements-en-juin\/#breadcrumb\",\"itemListElement\":[{\"@type\":\"ListItem\",\"position\":1,\"name\":\"Portada\",\"item\":\"https:\/\/www.ficoba.org\/fr\/\"},{\"@type\":\"ListItem\",\"position\":2,\"name\":\"Ficoba entame le chemin de la reprise avec une reprise des \u00e9v\u00e9nements en juin\"}]},{\"@type\":\"WebSite\",\"@id\":\"https:\/\/www.ficoba.org\/es\/#website\",\"url\":\"https:\/\/www.ficoba.org\/es\/\",\"name\":\"Ficoba, Recinto Ferial de Gipuzkoa\",\"description\":\"Ficoba, l\u2019art de cr\u00e9er des opportunit\u00e9s\",\"publisher\":{\"@id\":\"https:\/\/www.ficoba.org\/es\/#organization\"},\"alternateName\":\"Ficoba\",\"potentialAction\":[{\"@type\":\"SearchAction\",\"target\":{\"@type\":\"EntryPoint\",\"urlTemplate\":\"https:\/\/www.ficoba.org\/es\/?s={search_term_string}\"},\"query-input\":{\"@type\":\"PropertyValueSpecification\",\"valueRequired\":true,\"valueName\":\"search_term_string\"}}],\"inLanguage\":\"fr-FR\"},{\"@type\":\"Organization\",\"@id\":\"https:\/\/www.ficoba.org\/es\/#organization\",\"name\":\"Ficoba, Reciento Ferial de Gipuzkoa\",\"url\":\"https:\/\/www.ficoba.org\/es\/\",\"logo\":{\"@type\":\"ImageObject\",\"inLanguage\":\"fr-FR\",\"@id\":\"https:\/\/www.ficoba.org\/es\/#\/schema\/logo\/image\/\",\"url\":\"https:\/\/www.ficoba.org\/wp-content\/uploads\/2018\/11\/logo_ficoba.png\",\"contentUrl\":\"https:\/\/www.ficoba.org\/wp-content\/uploads\/2018\/11\/logo_ficoba.png\",\"width\":200,\"height\":124,\"caption\":\"Ficoba, Reciento Ferial de Gipuzkoa\"},\"image\":{\"@id\":\"https:\/\/www.ficoba.org\/es\/#\/schema\/logo\/image\/\"},\"sameAs\":[\"https:\/\/www.facebook.com\/FICOBAFUNDAZIOA\/\",\"https:\/\/x.com\/FicobaFundazioa\",\"https:\/\/www.youtube.com\/channel\/UCvo2JGluemyCf5KPRmEF9JQ\",\"https:\/\/www.linkedin.com\/company\/ficoba\/\",\"https:\/\/www.instagram.com\/ficobafundazioa\/\"]},{\"@type\":\"Person\",\"@id\":\"https:\/\/www.ficoba.org\/es\/#\/schema\/person\/8a96a121e5dbd393e6e6b5a7ee7ed407\",\"name\":\"ficoba\",\"image\":{\"@type\":\"ImageObject\",\"inLanguage\":\"fr-FR\",\"@id\":\"https:\/\/www.ficoba.org\/es\/#\/schema\/person\/image\/\",\"url\":\"https:\/\/secure.gravatar.com\/avatar\/c90cc0e07f75fecbe4165c1906a4cd61b0179a28caae2205d37516e4fb7c30c1?s=96&d=mm&r=g\",\"contentUrl\":\"https:\/\/secure.gravatar.com\/avatar\/c90cc0e07f75fecbe4165c1906a4cd61b0179a28caae2205d37516e4fb7c30c1?s=96&d=mm&r=g\",\"caption\":\"ficoba\"}}]}<\/script>\n<!-- \/ Yoast SEO plugin. -->","yoast_head_json":{"title":"Ficoba entame le chemin de la reprise avec une reprise des \u00e9v\u00e9nements en juin - Ficoba","robots":{"index":"index","follow":"follow","max-snippet":"max-snippet:-1","max-image-preview":"max-image-preview:large","max-video-preview":"max-video-preview:-1"},"canonical":"https:\/\/www.ficoba.org\/fr\/ficoba-entame-le-chemin-de-la-reprise-avec-une-reprise-des-evenements-en-juin\/","twitter_misc":{"\u00c9crit par":"ficoba","Dur\u00e9e de lecture estim\u00e9e":"3 minutes"},"schema":{"@context":"https:\/\/schema.org","@graph":[{"@type":"Article","@id":"https:\/\/www.ficoba.org\/fr\/ficoba-entame-le-chemin-de-la-reprise-avec-une-reprise-des-evenements-en-juin\/#article","isPartOf":{"@id":"https:\/\/www.ficoba.org\/fr\/ficoba-entame-le-chemin-de-la-reprise-avec-une-reprise-des-evenements-en-juin\/"},"author":{"name":"ficoba","@id":"https:\/\/www.ficoba.org\/es\/#\/schema\/person\/8a96a121e5dbd393e6e6b5a7ee7ed407"},"headline":"Ficoba entame le chemin de la reprise avec une reprise des \u00e9v\u00e9nements en juin","datePublished":"2021-06-28T09:08:45+00:00","mainEntityOfPage":{"@id":"https:\/\/www.ficoba.org\/fr\/ficoba-entame-le-chemin-de-la-reprise-avec-une-reprise-des-evenements-en-juin\/"},"wordCount":540,"publisher":{"@id":"https:\/\/www.ficoba.org\/es\/#organization"},"image":{"@id":"https:\/\/www.ficoba.org\/fr\/ficoba-entame-le-chemin-de-la-reprise-avec-une-reprise-des-evenements-en-juin\/#primaryimage"},"thumbnailUrl":"https:\/\/www.ficoba.org\/wp-content\/uploads\/2021\/06\/1509Ficoba_129b.jpg","articleSection":["Nouvelles"],"inLanguage":"fr-FR"},{"@type":"WebPage","@id":"https:\/\/www.ficoba.org\/fr\/ficoba-entame-le-chemin-de-la-reprise-avec-une-reprise-des-evenements-en-juin\/","url":"https:\/\/www.ficoba.org\/fr\/ficoba-entame-le-chemin-de-la-reprise-avec-une-reprise-des-evenements-en-juin\/","name":"Ficoba entame le chemin de la reprise avec une reprise des \u00e9v\u00e9nements en juin - Ficoba","isPartOf":{"@id":"https:\/\/www.ficoba.org\/es\/#website"},"primaryImageOfPage":{"@id":"https:\/\/www.ficoba.org\/fr\/ficoba-entame-le-chemin-de-la-reprise-avec-une-reprise-des-evenements-en-juin\/#primaryimage"},"image":{"@id":"https:\/\/www.ficoba.org\/fr\/ficoba-entame-le-chemin-de-la-reprise-avec-une-reprise-des-evenements-en-juin\/#primaryimage"},"thumbnailUrl":"https:\/\/www.ficoba.org\/wp-content\/uploads\/2021\/06\/1509Ficoba_129b.jpg","datePublished":"2021-06-28T09:08:45+00:00","breadcrumb":{"@id":"https:\/\/www.ficoba.org\/fr\/ficoba-entame-le-chemin-de-la-reprise-avec-une-reprise-des-evenements-en-juin\/#breadcrumb"},"inLanguage":"fr-FR","potentialAction":[{"@type":"ReadAction","target":["https:\/\/www.ficoba.org\/fr\/ficoba-entame-le-chemin-de-la-reprise-avec-une-reprise-des-evenements-en-juin\/"]}]},{"@type":"ImageObject","inLanguage":"fr-FR","@id":"https:\/\/www.ficoba.org\/fr\/ficoba-entame-le-chemin-de-la-reprise-avec-une-reprise-des-evenements-en-juin\/#primaryimage","url":"https:\/\/www.ficoba.org\/wp-content\/uploads\/2021\/06\/1509Ficoba_129b.jpg","contentUrl":"https:\/\/www.ficoba.org\/wp-content\/uploads\/2021\/06\/1509Ficoba_129b.jpg","width":1200,"height":800},{"@type":"BreadcrumbList","@id":"https:\/\/www.ficoba.org\/fr\/ficoba-entame-le-chemin-de-la-reprise-avec-une-reprise-des-evenements-en-juin\/#breadcrumb","itemListElement":[{"@type":"ListItem","position":1,"name":"Portada","item":"https:\/\/www.ficoba.org\/fr\/"},{"@type":"ListItem","position":2,"name":"Ficoba entame le chemin de la reprise avec une reprise des \u00e9v\u00e9nements en juin"}]},{"@type":"WebSite","@id":"https:\/\/www.ficoba.org\/es\/#website","url":"https:\/\/www.ficoba.org\/es\/","name":"Ficoba, Recinto Ferial de Gipuzkoa","description":"Ficoba, l\u2019art de cr\u00e9er des opportunit\u00e9s","publisher":{"@id":"https:\/\/www.ficoba.org\/es\/#organization"},"alternateName":"Ficoba","potentialAction":[{"@type":"SearchAction","target":{"@type":"EntryPoint","urlTemplate":"https:\/\/www.ficoba.org\/es\/?s={search_term_string}"},"query-input":{"@type":"PropertyValueSpecification","valueRequired":true,"valueName":"search_term_string"}}],"inLanguage":"fr-FR"},{"@type":"Organization","@id":"https:\/\/www.ficoba.org\/es\/#organization","name":"Ficoba, Reciento Ferial de Gipuzkoa","url":"https:\/\/www.ficoba.org\/es\/","logo":{"@type":"ImageObject","inLanguage":"fr-FR","@id":"https:\/\/www.ficoba.org\/es\/#\/schema\/logo\/image\/","url":"https:\/\/www.ficoba.org\/wp-content\/uploads\/2018\/11\/logo_ficoba.png","contentUrl":"https:\/\/www.ficoba.org\/wp-content\/uploads\/2018\/11\/logo_ficoba.png","width":200,"height":124,"caption":"Ficoba, Reciento Ferial de Gipuzkoa"},"image":{"@id":"https:\/\/www.ficoba.org\/es\/#\/schema\/logo\/image\/"},"sameAs":["https:\/\/www.facebook.com\/FICOBAFUNDAZIOA\/","https:\/\/x.com\/FicobaFundazioa","https:\/\/www.youtube.com\/channel\/UCvo2JGluemyCf5KPRmEF9JQ","https:\/\/www.linkedin.com\/company\/ficoba\/","https:\/\/www.instagram.com\/ficobafundazioa\/"]},{"@type":"Person","@id":"https:\/\/www.ficoba.org\/es\/#\/schema\/person\/8a96a121e5dbd393e6e6b5a7ee7ed407","name":"ficoba","image":{"@type":"ImageObject","inLanguage":"fr-FR","@id":"https:\/\/www.ficoba.org\/es\/#\/schema\/person\/image\/","url":"https:\/\/secure.gravatar.com\/avatar\/c90cc0e07f75fecbe4165c1906a4cd61b0179a28caae2205d37516e4fb7c30c1?s=96&d=mm&r=g","contentUrl":"https:\/\/secure.gravatar.com\/avatar\/c90cc0e07f75fecbe4165c1906a4cd61b0179a28caae2205d37516e4fb7c30c1?s=96&d=mm&r=g","caption":"ficoba"}}]}},"_links":{"self":[{"href":"https:\/\/www.ficoba.org\/fr\/wp-json\/wp\/v2\/posts\/8639","targetHints":{"allow":["GET"]}}],"collection":[{"href":"https:\/\/www.ficoba.org\/fr\/wp-json\/wp\/v2\/posts"}],"about":[{"href":"https:\/\/www.ficoba.org\/fr\/wp-json\/wp\/v2\/types\/post"}],"author":[{"embeddable":true,"href":"https:\/\/www.ficoba.org\/fr\/wp-json\/wp\/v2\/users\/2"}],"replies":[{"embeddable":true,"href":"https:\/\/www.ficoba.org\/fr\/wp-json\/wp\/v2\/comments?post=8639"}],"version-history":[{"count":1,"href":"https:\/\/www.ficoba.org\/fr\/wp-json\/wp\/v2\/posts\/8639\/revisions"}],"predecessor-version":[{"id":8640,"href":"https:\/\/www.ficoba.org\/fr\/wp-json\/wp\/v2\/posts\/8639\/revisions\/8640"}],"wp:featuredmedia":[{"embeddable":true,"href":"https:\/\/www.ficoba.org\/fr\/wp-json\/wp\/v2\/media\/8635"}],"wp:attachment":[{"href":"https:\/\/www.ficoba.org\/fr\/wp-json\/wp\/v2\/media?parent=8639"}],"wp:term":[{"taxonomy":"category","embeddable":true,"href":"https:\/\/www.ficoba.org\/fr\/wp-json\/wp\/v2\/categories?post=8639"},{"taxonomy":"post_tag","embeddable":true,"href":"https:\/\/www.ficoba.org\/fr\/wp-json\/wp\/v2\/tags?post=8639"}],"curies":[{"name":"wp","href":"https:\/\/api.w.org\/{rel}","templated":true}]}}