{"id":7434,"date":"2020-10-16T10:57:20","date_gmt":"2020-10-16T08:57:20","guid":{"rendered":"https:\/\/www.ficoba.org\/?p=7434"},"modified":"2020-10-16T10:57:20","modified_gmt":"2020-10-16T08:57:20","slug":"lenvironnement-et-la-durabilite-confirment-leur-attrait-a-bioterra-2020","status":"publish","type":"post","link":"https:\/\/www.ficoba.org\/fr\/lenvironnement-et-la-durabilite-confirment-leur-attrait-a-bioterra-2020\/","title":{"rendered":"L&rsquo;environnement et la durabilit\u00e9 confirment leur attrait \u00e0 Bioterra 2020"},"content":{"rendered":"<p>Une \u00e9dition de plus, les exposants et les visiteurs ont montr\u00e9 leur fid\u00e9lit\u00e9 \u00e0 Bioterra, le salon des produits \u00e9cologiques, de la bioconstruction, des \u00e9nergies renouvelables et de la consommation responsable du Pays Basque.<\/p>\n<p>Pendant les quatre jours de la foire, un de plus que d&rsquo;habitude pour garantir la s\u00e9curit\u00e9 et le confort des participants, les trois pavillons de Ficoba ont accueilli un public d\u00e9sireux de revenir \u00e0 la foire, de conna\u00eetre en personne les offres des 85 exposants de Bioterra et de participer aux diff\u00e9rentes activit\u00e9s parall\u00e8les.<\/p>\n<p>Un public engag\u00e9 en faveur de la durabilit\u00e9 et de l&rsquo;environnement, qui s&rsquo;est montr\u00e9 coop\u00e9ratif \u00e0 tout moment lorsqu&rsquo;il s&rsquo;agit de respecter les diff\u00e9rentes mesures sanitaires et d&rsquo;hygi\u00e8ne adopt\u00e9es par les organisateurs de l&rsquo;\u00e9v\u00e9nement.<\/p>\n<p>Le fait que la capacit\u00e9 maximale autoris\u00e9e n&rsquo;ait jamais d\u00e9pass\u00e9 600 personnes a permis aux personnes qui sont venues \u00e0 Ficoba par ce pont de faire une visite particuli\u00e8rement paisible. La plupart d&rsquo;entre eux venaient de Gipuzkoa, avec 87%, et de pratiquement toutes les r\u00e9gions du territoire, en particulier Irun, Donostialdea et Oarsoaldea. Il convient \u00e9galement de noter la participation du public biscaen (4 %), fran\u00e7ais (4 %) et navarrais (3 %).<\/p>\n<p>Comme lors des \u00e9ditions pr\u00e9c\u00e9dentes, Bioterra a \u00e9galement pu attirer des exposants de nombreuses communaut\u00e9s autonomes, ainsi que de France. Parmi les pr\u00e9sences les plus nombreuses, le Pays Basque s&rsquo;est distingu\u00e9 avec 28 exposants, dont 20 de Guip\u00fazcoa, la Navarre avec 14, Madrid avec 8, la Catalogne et l&rsquo;Andalousie avec 7 respectivement et la Communaut\u00e9 Valencienne qui cette ann\u00e9e a apport\u00e9 6 exposants.<\/p>\n<p><strong>http:\/\/bioterra.ficoba.org<\/strong><\/p>\n","protected":false},"excerpt":{"rendered":"<p>Une \u00e9dition de plus, les exposants et les visiteurs ont montr\u00e9 leur fid\u00e9lit\u00e9 \u00e0 Bioterra, le salon des produits \u00e9cologiques, de la bioconstruction, des \u00e9nergies renouvelables et de la consommation [&hellip;]<\/p>\n","protected":false},"author":2,"featured_media":7429,"comment_status":"closed","ping_status":"closed","sticky":false,"template":"","format":"standard","meta":{"_et_pb_use_builder":"","_et_pb_old_content":"","_et_gb_content_width":"","footnotes":""},"categories":[19],"tags":[],"class_list":["post-7434","post","type-post","status-publish","format-standard","has-post-thumbnail","hentry","category-evenements-et-salons"],"yoast_head":"<!-- This site is optimized with the Yoast SEO plugin v26.8 - https:\/\/yoast.com\/product\/yoast-seo-wordpress\/ -->\n<title>L&#039;environnement et la durabilit\u00e9 confirment leur attrait \u00e0 Bioterra 2020 - Ficoba<\/title>\n<meta name=\"robots\" content=\"index, follow, max-snippet:-1, max-image-preview:large, max-video-preview:-1\" \/>\n<link rel=\"canonical\" href=\"https:\/\/www.ficoba.org\/fr\/lenvironnement-et-la-durabilite-confirment-leur-attrait-a-bioterra-2020\/\" \/>\n<meta name=\"twitter:label1\" content=\"\u00c9crit par\" \/>\n\t<meta name=\"twitter:data1\" content=\"ficoba\" \/>\n\t<meta name=\"twitter:label2\" content=\"Dur\u00e9e de lecture estim\u00e9e\" \/>\n\t<meta name=\"twitter:data2\" content=\"1 minute\" \/>\n<script type=\"application\/ld+json\" class=\"yoast-schema-graph\">{\"@context\":\"https:\/\/schema.org\",\"@graph\":[{\"@type\":\"Article\",\"@id\":\"https:\/\/www.ficoba.org\/fr\/lenvironnement-et-la-durabilite-confirment-leur-attrait-a-bioterra-2020\/#article\",\"isPartOf\":{\"@id\":\"https:\/\/www.ficoba.org\/fr\/lenvironnement-et-la-durabilite-confirment-leur-attrait-a-bioterra-2020\/\"},\"author\":{\"name\":\"ficoba\",\"@id\":\"https:\/\/www.ficoba.org\/es\/#\/schema\/person\/8a96a121e5dbd393e6e6b5a7ee7ed407\"},\"headline\":\"L&rsquo;environnement et la durabilit\u00e9 confirment leur attrait \u00e0 Bioterra 2020\",\"datePublished\":\"2020-10-16T08:57:20+00:00\",\"mainEntityOfPage\":{\"@id\":\"https:\/\/www.ficoba.org\/fr\/lenvironnement-et-la-durabilite-confirment-leur-attrait-a-bioterra-2020\/\"},\"wordCount\":285,\"publisher\":{\"@id\":\"https:\/\/www.ficoba.org\/es\/#organization\"},\"image\":{\"@id\":\"https:\/\/www.ficoba.org\/fr\/lenvironnement-et-la-durabilite-confirment-leur-attrait-a-bioterra-2020\/#primaryimage\"},\"thumbnailUrl\":\"https:\/\/www.ficoba.org\/wp-content\/uploads\/2020\/10\/201011-BIO-115-scaled.jpg\",\"articleSection\":[\"\u00c9v\u00e9nements et salons\"],\"inLanguage\":\"fr-FR\"},{\"@type\":\"WebPage\",\"@id\":\"https:\/\/www.ficoba.org\/fr\/lenvironnement-et-la-durabilite-confirment-leur-attrait-a-bioterra-2020\/\",\"url\":\"https:\/\/www.ficoba.org\/fr\/lenvironnement-et-la-durabilite-confirment-leur-attrait-a-bioterra-2020\/\",\"name\":\"L'environnement et la durabilit\u00e9 confirment leur attrait \u00e0 Bioterra 2020 - Ficoba\",\"isPartOf\":{\"@id\":\"https:\/\/www.ficoba.org\/es\/#website\"},\"primaryImageOfPage\":{\"@id\":\"https:\/\/www.ficoba.org\/fr\/lenvironnement-et-la-durabilite-confirment-leur-attrait-a-bioterra-2020\/#primaryimage\"},\"image\":{\"@id\":\"https:\/\/www.ficoba.org\/fr\/lenvironnement-et-la-durabilite-confirment-leur-attrait-a-bioterra-2020\/#primaryimage\"},\"thumbnailUrl\":\"https:\/\/www.ficoba.org\/wp-content\/uploads\/2020\/10\/201011-BIO-115-scaled.jpg\",\"datePublished\":\"2020-10-16T08:57:20+00:00\",\"breadcrumb\":{\"@id\":\"https:\/\/www.ficoba.org\/fr\/lenvironnement-et-la-durabilite-confirment-leur-attrait-a-bioterra-2020\/#breadcrumb\"},\"inLanguage\":\"fr-FR\",\"potentialAction\":[{\"@type\":\"ReadAction\",\"target\":[\"https:\/\/www.ficoba.org\/fr\/lenvironnement-et-la-durabilite-confirment-leur-attrait-a-bioterra-2020\/\"]}]},{\"@type\":\"ImageObject\",\"inLanguage\":\"fr-FR\",\"@id\":\"https:\/\/www.ficoba.org\/fr\/lenvironnement-et-la-durabilite-confirment-leur-attrait-a-bioterra-2020\/#primaryimage\",\"url\":\"https:\/\/www.ficoba.org\/wp-content\/uploads\/2020\/10\/201011-BIO-115-scaled.jpg\",\"contentUrl\":\"https:\/\/www.ficoba.org\/wp-content\/uploads\/2020\/10\/201011-BIO-115-scaled.jpg\",\"width\":2560,\"height\":1707},{\"@type\":\"BreadcrumbList\",\"@id\":\"https:\/\/www.ficoba.org\/fr\/lenvironnement-et-la-durabilite-confirment-leur-attrait-a-bioterra-2020\/#breadcrumb\",\"itemListElement\":[{\"@type\":\"ListItem\",\"position\":1,\"name\":\"Portada\",\"item\":\"https:\/\/www.ficoba.org\/fr\/\"},{\"@type\":\"ListItem\",\"position\":2,\"name\":\"L&rsquo;environnement et la durabilit\u00e9 confirment leur attrait \u00e0 Bioterra 2020\"}]},{\"@type\":\"WebSite\",\"@id\":\"https:\/\/www.ficoba.org\/es\/#website\",\"url\":\"https:\/\/www.ficoba.org\/es\/\",\"name\":\"Ficoba, Recinto Ferial de Gipuzkoa\",\"description\":\"Ficoba, l\u2019art de cr\u00e9er des opportunit\u00e9s\",\"publisher\":{\"@id\":\"https:\/\/www.ficoba.org\/es\/#organization\"},\"alternateName\":\"Ficoba\",\"potentialAction\":[{\"@type\":\"SearchAction\",\"target\":{\"@type\":\"EntryPoint\",\"urlTemplate\":\"https:\/\/www.ficoba.org\/es\/?s={search_term_string}\"},\"query-input\":{\"@type\":\"PropertyValueSpecification\",\"valueRequired\":true,\"valueName\":\"search_term_string\"}}],\"inLanguage\":\"fr-FR\"},{\"@type\":\"Organization\",\"@id\":\"https:\/\/www.ficoba.org\/es\/#organization\",\"name\":\"Ficoba, Reciento Ferial de Gipuzkoa\",\"url\":\"https:\/\/www.ficoba.org\/es\/\",\"logo\":{\"@type\":\"ImageObject\",\"inLanguage\":\"fr-FR\",\"@id\":\"https:\/\/www.ficoba.org\/es\/#\/schema\/logo\/image\/\",\"url\":\"https:\/\/www.ficoba.org\/wp-content\/uploads\/2018\/11\/logo_ficoba.png\",\"contentUrl\":\"https:\/\/www.ficoba.org\/wp-content\/uploads\/2018\/11\/logo_ficoba.png\",\"width\":200,\"height\":124,\"caption\":\"Ficoba, Reciento Ferial de Gipuzkoa\"},\"image\":{\"@id\":\"https:\/\/www.ficoba.org\/es\/#\/schema\/logo\/image\/\"},\"sameAs\":[\"https:\/\/www.facebook.com\/FICOBAFUNDAZIOA\/\",\"https:\/\/x.com\/FicobaFundazioa\",\"https:\/\/www.youtube.com\/channel\/UCvo2JGluemyCf5KPRmEF9JQ\",\"https:\/\/www.linkedin.com\/company\/ficoba\/\",\"https:\/\/www.instagram.com\/ficobafundazioa\/\"]},{\"@type\":\"Person\",\"@id\":\"https:\/\/www.ficoba.org\/es\/#\/schema\/person\/8a96a121e5dbd393e6e6b5a7ee7ed407\",\"name\":\"ficoba\",\"image\":{\"@type\":\"ImageObject\",\"inLanguage\":\"fr-FR\",\"@id\":\"https:\/\/www.ficoba.org\/es\/#\/schema\/person\/image\/\",\"url\":\"https:\/\/secure.gravatar.com\/avatar\/c90cc0e07f75fecbe4165c1906a4cd61b0179a28caae2205d37516e4fb7c30c1?s=96&d=mm&r=g\",\"contentUrl\":\"https:\/\/secure.gravatar.com\/avatar\/c90cc0e07f75fecbe4165c1906a4cd61b0179a28caae2205d37516e4fb7c30c1?s=96&d=mm&r=g\",\"caption\":\"ficoba\"}}]}<\/script>\n<!-- \/ Yoast SEO plugin. -->","yoast_head_json":{"title":"L'environnement et la durabilit\u00e9 confirment leur attrait \u00e0 Bioterra 2020 - Ficoba","robots":{"index":"index","follow":"follow","max-snippet":"max-snippet:-1","max-image-preview":"max-image-preview:large","max-video-preview":"max-video-preview:-1"},"canonical":"https:\/\/www.ficoba.org\/fr\/lenvironnement-et-la-durabilite-confirment-leur-attrait-a-bioterra-2020\/","twitter_misc":{"\u00c9crit par":"ficoba","Dur\u00e9e de lecture estim\u00e9e":"1 minute"},"schema":{"@context":"https:\/\/schema.org","@graph":[{"@type":"Article","@id":"https:\/\/www.ficoba.org\/fr\/lenvironnement-et-la-durabilite-confirment-leur-attrait-a-bioterra-2020\/#article","isPartOf":{"@id":"https:\/\/www.ficoba.org\/fr\/lenvironnement-et-la-durabilite-confirment-leur-attrait-a-bioterra-2020\/"},"author":{"name":"ficoba","@id":"https:\/\/www.ficoba.org\/es\/#\/schema\/person\/8a96a121e5dbd393e6e6b5a7ee7ed407"},"headline":"L&rsquo;environnement et la durabilit\u00e9 confirment leur attrait \u00e0 Bioterra 2020","datePublished":"2020-10-16T08:57:20+00:00","mainEntityOfPage":{"@id":"https:\/\/www.ficoba.org\/fr\/lenvironnement-et-la-durabilite-confirment-leur-attrait-a-bioterra-2020\/"},"wordCount":285,"publisher":{"@id":"https:\/\/www.ficoba.org\/es\/#organization"},"image":{"@id":"https:\/\/www.ficoba.org\/fr\/lenvironnement-et-la-durabilite-confirment-leur-attrait-a-bioterra-2020\/#primaryimage"},"thumbnailUrl":"https:\/\/www.ficoba.org\/wp-content\/uploads\/2020\/10\/201011-BIO-115-scaled.jpg","articleSection":["\u00c9v\u00e9nements et salons"],"inLanguage":"fr-FR"},{"@type":"WebPage","@id":"https:\/\/www.ficoba.org\/fr\/lenvironnement-et-la-durabilite-confirment-leur-attrait-a-bioterra-2020\/","url":"https:\/\/www.ficoba.org\/fr\/lenvironnement-et-la-durabilite-confirment-leur-attrait-a-bioterra-2020\/","name":"L'environnement et la durabilit\u00e9 confirment leur attrait \u00e0 Bioterra 2020 - Ficoba","isPartOf":{"@id":"https:\/\/www.ficoba.org\/es\/#website"},"primaryImageOfPage":{"@id":"https:\/\/www.ficoba.org\/fr\/lenvironnement-et-la-durabilite-confirment-leur-attrait-a-bioterra-2020\/#primaryimage"},"image":{"@id":"https:\/\/www.ficoba.org\/fr\/lenvironnement-et-la-durabilite-confirment-leur-attrait-a-bioterra-2020\/#primaryimage"},"thumbnailUrl":"https:\/\/www.ficoba.org\/wp-content\/uploads\/2020\/10\/201011-BIO-115-scaled.jpg","datePublished":"2020-10-16T08:57:20+00:00","breadcrumb":{"@id":"https:\/\/www.ficoba.org\/fr\/lenvironnement-et-la-durabilite-confirment-leur-attrait-a-bioterra-2020\/#breadcrumb"},"inLanguage":"fr-FR","potentialAction":[{"@type":"ReadAction","target":["https:\/\/www.ficoba.org\/fr\/lenvironnement-et-la-durabilite-confirment-leur-attrait-a-bioterra-2020\/"]}]},{"@type":"ImageObject","inLanguage":"fr-FR","@id":"https:\/\/www.ficoba.org\/fr\/lenvironnement-et-la-durabilite-confirment-leur-attrait-a-bioterra-2020\/#primaryimage","url":"https:\/\/www.ficoba.org\/wp-content\/uploads\/2020\/10\/201011-BIO-115-scaled.jpg","contentUrl":"https:\/\/www.ficoba.org\/wp-content\/uploads\/2020\/10\/201011-BIO-115-scaled.jpg","width":2560,"height":1707},{"@type":"BreadcrumbList","@id":"https:\/\/www.ficoba.org\/fr\/lenvironnement-et-la-durabilite-confirment-leur-attrait-a-bioterra-2020\/#breadcrumb","itemListElement":[{"@type":"ListItem","position":1,"name":"Portada","item":"https:\/\/www.ficoba.org\/fr\/"},{"@type":"ListItem","position":2,"name":"L&rsquo;environnement et la durabilit\u00e9 confirment leur attrait \u00e0 Bioterra 2020"}]},{"@type":"WebSite","@id":"https:\/\/www.ficoba.org\/es\/#website","url":"https:\/\/www.ficoba.org\/es\/","name":"Ficoba, Recinto Ferial de Gipuzkoa","description":"Ficoba, l\u2019art de cr\u00e9er des opportunit\u00e9s","publisher":{"@id":"https:\/\/www.ficoba.org\/es\/#organization"},"alternateName":"Ficoba","potentialAction":[{"@type":"SearchAction","target":{"@type":"EntryPoint","urlTemplate":"https:\/\/www.ficoba.org\/es\/?s={search_term_string}"},"query-input":{"@type":"PropertyValueSpecification","valueRequired":true,"valueName":"search_term_string"}}],"inLanguage":"fr-FR"},{"@type":"Organization","@id":"https:\/\/www.ficoba.org\/es\/#organization","name":"Ficoba, Reciento Ferial de Gipuzkoa","url":"https:\/\/www.ficoba.org\/es\/","logo":{"@type":"ImageObject","inLanguage":"fr-FR","@id":"https:\/\/www.ficoba.org\/es\/#\/schema\/logo\/image\/","url":"https:\/\/www.ficoba.org\/wp-content\/uploads\/2018\/11\/logo_ficoba.png","contentUrl":"https:\/\/www.ficoba.org\/wp-content\/uploads\/2018\/11\/logo_ficoba.png","width":200,"height":124,"caption":"Ficoba, Reciento Ferial de Gipuzkoa"},"image":{"@id":"https:\/\/www.ficoba.org\/es\/#\/schema\/logo\/image\/"},"sameAs":["https:\/\/www.facebook.com\/FICOBAFUNDAZIOA\/","https:\/\/x.com\/FicobaFundazioa","https:\/\/www.youtube.com\/channel\/UCvo2JGluemyCf5KPRmEF9JQ","https:\/\/www.linkedin.com\/company\/ficoba\/","https:\/\/www.instagram.com\/ficobafundazioa\/"]},{"@type":"Person","@id":"https:\/\/www.ficoba.org\/es\/#\/schema\/person\/8a96a121e5dbd393e6e6b5a7ee7ed407","name":"ficoba","image":{"@type":"ImageObject","inLanguage":"fr-FR","@id":"https:\/\/www.ficoba.org\/es\/#\/schema\/person\/image\/","url":"https:\/\/secure.gravatar.com\/avatar\/c90cc0e07f75fecbe4165c1906a4cd61b0179a28caae2205d37516e4fb7c30c1?s=96&d=mm&r=g","contentUrl":"https:\/\/secure.gravatar.com\/avatar\/c90cc0e07f75fecbe4165c1906a4cd61b0179a28caae2205d37516e4fb7c30c1?s=96&d=mm&r=g","caption":"ficoba"}}]}},"_links":{"self":[{"href":"https:\/\/www.ficoba.org\/fr\/wp-json\/wp\/v2\/posts\/7434","targetHints":{"allow":["GET"]}}],"collection":[{"href":"https:\/\/www.ficoba.org\/fr\/wp-json\/wp\/v2\/posts"}],"about":[{"href":"https:\/\/www.ficoba.org\/fr\/wp-json\/wp\/v2\/types\/post"}],"author":[{"embeddable":true,"href":"https:\/\/www.ficoba.org\/fr\/wp-json\/wp\/v2\/users\/2"}],"replies":[{"embeddable":true,"href":"https:\/\/www.ficoba.org\/fr\/wp-json\/wp\/v2\/comments?post=7434"}],"version-history":[{"count":1,"href":"https:\/\/www.ficoba.org\/fr\/wp-json\/wp\/v2\/posts\/7434\/revisions"}],"predecessor-version":[{"id":7435,"href":"https:\/\/www.ficoba.org\/fr\/wp-json\/wp\/v2\/posts\/7434\/revisions\/7435"}],"wp:featuredmedia":[{"embeddable":true,"href":"https:\/\/www.ficoba.org\/fr\/wp-json\/wp\/v2\/media\/7429"}],"wp:attachment":[{"href":"https:\/\/www.ficoba.org\/fr\/wp-json\/wp\/v2\/media?parent=7434"}],"wp:term":[{"taxonomy":"category","embeddable":true,"href":"https:\/\/www.ficoba.org\/fr\/wp-json\/wp\/v2\/categories?post=7434"},{"taxonomy":"post_tag","embeddable":true,"href":"https:\/\/www.ficoba.org\/fr\/wp-json\/wp\/v2\/tags?post=7434"}],"curies":[{"name":"wp","href":"https:\/\/api.w.org\/{rel}","templated":true}]}}