{"id":7277,"date":"2020-09-11T14:00:34","date_gmt":"2020-09-11T12:00:34","guid":{"rendered":"https:\/\/www.ficoba.org\/?p=7277"},"modified":"2020-09-11T14:00:34","modified_gmt":"2020-09-11T12:00:34","slug":"le-nouveau-format-du-congres-uhinak","status":"publish","type":"post","link":"https:\/\/www.ficoba.org\/fr\/le-nouveau-format-du-congres-uhinak\/","title":{"rendered":"Le nouveau format du congr\u00e9s Uhinak"},"content":{"rendered":"<ul>\n<li><strong>Le congr\u00e8s se d\u00e9roulera selon un format hybride, qui combine la participation en face \u00e0 face pour les orateurs et la participation \u00e0 distance pour les participants au congr\u00e8s<\/strong><\/li>\n<li><strong>Uhinak aura lieu les 4 et 5 novembre \u00e0 Ficoba <\/strong><\/li>\n<\/ul>\n<p>Uhinak, le Congr\u00e8s transfrontalier sur le Changement Climatique et Littoral, en est \u00e0 sa quatri\u00e8me \u00e9dition sous le slogan \u00ab\u00a0Nous bougeons pour agir contre l\u2019urgence \u00a0climatique\u00a0\u00bb. Des repr\u00e9sentants de la communaut\u00e9 scientifique et technique et de l&rsquo;administration publique r\u00e9fl\u00e9chiront et d\u00e9battront, dans une perspective multidisciplinaire, pour conna\u00eetre les besoins des gestionnaires face au changement climatique et voir ce que la communaut\u00e9 scientifique peut contribuer \u00e0 y r\u00e9pondre.<\/p>\n<p>Contrairement aux \u00e9ditions pr\u00e9c\u00e9dentes, le Congr\u00e8s sur le Changement Climatique et Littoral se d\u00e9roulera selon un format hybride dans lequel les conf\u00e9rences et l&rsquo;ouverture proprement dite auront lieu dans l&rsquo;Auditorium de Ficoba, tandis que les participants au congr\u00e8s participeront \u00e0 distance gr\u00e2ce \u00e0 la diffusion en streaming des contenus d&rsquo;Uhinak.<\/p>\n<p>Afin que les participants au congr\u00e8s puissent acc\u00e9der \u00e0 d&rsquo;autres contenus Uhinak tels que les posters, une section a \u00e9t\u00e9 mise en place sur le site du congr\u00e8s pour y acc\u00e9der.<\/p>\n<p>Avec cette nouvelle approche, Uhinak garantit une mani\u00e8re optimale d&rsquo;acc\u00e9der au contenu du congr\u00e8s ainsi que la participation des participants au congr\u00e8s, ind\u00e9pendamment de la situation sanitaire d\u00e9riv\u00e9e du Covid-19. En outre, il permet d&rsquo;atteindre plus facilement les visiteurs \u00e0 distance.<\/p>\n<p>D&rsquo;autre part, Uhinak continue de fermer son programme de contenu. \u00a0Aujourd&rsquo;hui le programme officiel des conf\u00e9rences sera disponible sur le site du congr\u00e8s. Cette \u00e9dition s&rsquo;articulera autour de 4 blocs : Urgence climatique : notre littoral en 2050 ; \u00c9v\u00e9nements extr\u00eames et mesures d&rsquo;adaptation ; Carbone bleu et att\u00e9nuation du changement climatique ; et Outils de gouvernance et de gestion, avec un total de 40 conf\u00e9rences pr\u00e9vues.<\/p>\n<p>Uhinak, Congr\u00e8s transfrontalier sur le Changement Climatique et Littoral promu par Ficoba et le centre technologique AZTI, est soutenu par un Comit\u00e9 technique compos\u00e9 de repr\u00e9sentants du Gouvernement Basque (Ihobe), du Conseil provincial de Gipuzkoa, de la Communaut\u00e9 d&rsquo;agglom\u00e9rations du Pays basque, de Adegi, du CSIC\/ESADE\/CEAB, le Bureau espagnol du changement climatique, BC3, Centre Atlantique de l&rsquo;EUCC, Association des ing\u00e9nieurs civils du Pays basque, Fondation Naturklima, AIHR (Association internationale d&rsquo;ing\u00e9nierie et de recherche hydroenvironnementales), Observatoire de la durabilit\u00e9-Fondation Cristina-Enea, Euror\u00e9gion Nouvelle Aquitanie-Euskadi-Navarre et AZTI.<\/p>\n<p>Uhinak b\u00e9n\u00e9ficie \u00e9galement du soutien de nombreuses institutions telles que le D\u00e9partement de l&rsquo;environnement, de l&rsquo;am\u00e9nagement du territoire et du logement du Gouvernement Basque par l&rsquo;interm\u00e9diaire de sa soci\u00e9t\u00e9 publique Ihobe, le Conseil provincial de Gipuzkoa (D\u00e9partement de l&rsquo;environnement), la Communaut\u00e9 d&rsquo;agglom\u00e9ration Pays Basque et la R\u00e9gion Nouvelle Aquitaine.<\/p>\n<p><strong>Pour plus d&rsquo;informations : www.uhinak.com<\/strong><\/p>\n<p>&nbsp;<\/p>\n","protected":false},"excerpt":{"rendered":"<p>Le congr\u00e8s se d\u00e9roulera selon un format hybride, qui combine la participation en face \u00e0 face pour les orateurs et la participation \u00e0 distance pour les participants au congr\u00e8s Uhinak [&hellip;]<\/p>\n","protected":false},"author":2,"featured_media":7278,"comment_status":"open","ping_status":"open","sticky":false,"template":"","format":"standard","meta":{"_et_pb_use_builder":"","_et_pb_old_content":"","_et_gb_content_width":"","footnotes":""},"categories":[19],"tags":[],"class_list":["post-7277","post","type-post","status-publish","format-standard","has-post-thumbnail","hentry","category-evenements-et-salons"],"yoast_head":"<!-- This site is optimized with the Yoast SEO plugin v26.8 - https:\/\/yoast.com\/product\/yoast-seo-wordpress\/ -->\n<title>Le nouveau format du congr\u00e9s Uhinak - Ficoba<\/title>\n<meta name=\"robots\" content=\"index, follow, max-snippet:-1, max-image-preview:large, max-video-preview:-1\" \/>\n<link rel=\"canonical\" href=\"https:\/\/www.ficoba.org\/fr\/le-nouveau-format-du-congres-uhinak\/\" \/>\n<meta name=\"twitter:label1\" content=\"\u00c9crit par\" \/>\n\t<meta name=\"twitter:data1\" content=\"ficoba\" \/>\n\t<meta name=\"twitter:label2\" content=\"Dur\u00e9e de lecture estim\u00e9e\" \/>\n\t<meta name=\"twitter:data2\" content=\"2 minutes\" \/>\n<script type=\"application\/ld+json\" class=\"yoast-schema-graph\">{\"@context\":\"https:\/\/schema.org\",\"@graph\":[{\"@type\":\"Article\",\"@id\":\"https:\/\/www.ficoba.org\/fr\/le-nouveau-format-du-congres-uhinak\/#article\",\"isPartOf\":{\"@id\":\"https:\/\/www.ficoba.org\/fr\/le-nouveau-format-du-congres-uhinak\/\"},\"author\":{\"name\":\"ficoba\",\"@id\":\"https:\/\/www.ficoba.org\/es\/#\/schema\/person\/8a96a121e5dbd393e6e6b5a7ee7ed407\"},\"headline\":\"Le nouveau format du congr\u00e9s Uhinak\",\"datePublished\":\"2020-09-11T12:00:34+00:00\",\"mainEntityOfPage\":{\"@id\":\"https:\/\/www.ficoba.org\/fr\/le-nouveau-format-du-congres-uhinak\/\"},\"wordCount\":498,\"commentCount\":0,\"publisher\":{\"@id\":\"https:\/\/www.ficoba.org\/es\/#organization\"},\"image\":{\"@id\":\"https:\/\/www.ficoba.org\/fr\/le-nouveau-format-du-congres-uhinak\/#primaryimage\"},\"thumbnailUrl\":\"https:\/\/www.ficoba.org\/wp-content\/uploads\/2020\/09\/cabecera-mailing-uhinak_sin_texto-4-5-noviembre-FR.jpg\",\"articleSection\":[\"\u00c9v\u00e9nements et salons\"],\"inLanguage\":\"fr-FR\",\"potentialAction\":[{\"@type\":\"CommentAction\",\"name\":\"Comment\",\"target\":[\"https:\/\/www.ficoba.org\/fr\/le-nouveau-format-du-congres-uhinak\/#respond\"]}]},{\"@type\":\"WebPage\",\"@id\":\"https:\/\/www.ficoba.org\/fr\/le-nouveau-format-du-congres-uhinak\/\",\"url\":\"https:\/\/www.ficoba.org\/fr\/le-nouveau-format-du-congres-uhinak\/\",\"name\":\"Le nouveau format du congr\u00e9s Uhinak - Ficoba\",\"isPartOf\":{\"@id\":\"https:\/\/www.ficoba.org\/es\/#website\"},\"primaryImageOfPage\":{\"@id\":\"https:\/\/www.ficoba.org\/fr\/le-nouveau-format-du-congres-uhinak\/#primaryimage\"},\"image\":{\"@id\":\"https:\/\/www.ficoba.org\/fr\/le-nouveau-format-du-congres-uhinak\/#primaryimage\"},\"thumbnailUrl\":\"https:\/\/www.ficoba.org\/wp-content\/uploads\/2020\/09\/cabecera-mailing-uhinak_sin_texto-4-5-noviembre-FR.jpg\",\"datePublished\":\"2020-09-11T12:00:34+00:00\",\"breadcrumb\":{\"@id\":\"https:\/\/www.ficoba.org\/fr\/le-nouveau-format-du-congres-uhinak\/#breadcrumb\"},\"inLanguage\":\"fr-FR\",\"potentialAction\":[{\"@type\":\"ReadAction\",\"target\":[\"https:\/\/www.ficoba.org\/fr\/le-nouveau-format-du-congres-uhinak\/\"]}]},{\"@type\":\"ImageObject\",\"inLanguage\":\"fr-FR\",\"@id\":\"https:\/\/www.ficoba.org\/fr\/le-nouveau-format-du-congres-uhinak\/#primaryimage\",\"url\":\"https:\/\/www.ficoba.org\/wp-content\/uploads\/2020\/09\/cabecera-mailing-uhinak_sin_texto-4-5-noviembre-FR.jpg\",\"contentUrl\":\"https:\/\/www.ficoba.org\/wp-content\/uploads\/2020\/09\/cabecera-mailing-uhinak_sin_texto-4-5-noviembre-FR.jpg\",\"width\":600,\"height\":232},{\"@type\":\"BreadcrumbList\",\"@id\":\"https:\/\/www.ficoba.org\/fr\/le-nouveau-format-du-congres-uhinak\/#breadcrumb\",\"itemListElement\":[{\"@type\":\"ListItem\",\"position\":1,\"name\":\"Portada\",\"item\":\"https:\/\/www.ficoba.org\/fr\/\"},{\"@type\":\"ListItem\",\"position\":2,\"name\":\"Le nouveau format du congr\u00e9s Uhinak\"}]},{\"@type\":\"WebSite\",\"@id\":\"https:\/\/www.ficoba.org\/es\/#website\",\"url\":\"https:\/\/www.ficoba.org\/es\/\",\"name\":\"Ficoba, Recinto Ferial de Gipuzkoa\",\"description\":\"Ficoba, l\u2019art de cr\u00e9er des opportunit\u00e9s\",\"publisher\":{\"@id\":\"https:\/\/www.ficoba.org\/es\/#organization\"},\"alternateName\":\"Ficoba\",\"potentialAction\":[{\"@type\":\"SearchAction\",\"target\":{\"@type\":\"EntryPoint\",\"urlTemplate\":\"https:\/\/www.ficoba.org\/es\/?s={search_term_string}\"},\"query-input\":{\"@type\":\"PropertyValueSpecification\",\"valueRequired\":true,\"valueName\":\"search_term_string\"}}],\"inLanguage\":\"fr-FR\"},{\"@type\":\"Organization\",\"@id\":\"https:\/\/www.ficoba.org\/es\/#organization\",\"name\":\"Ficoba, Reciento Ferial de Gipuzkoa\",\"url\":\"https:\/\/www.ficoba.org\/es\/\",\"logo\":{\"@type\":\"ImageObject\",\"inLanguage\":\"fr-FR\",\"@id\":\"https:\/\/www.ficoba.org\/es\/#\/schema\/logo\/image\/\",\"url\":\"https:\/\/www.ficoba.org\/wp-content\/uploads\/2018\/11\/logo_ficoba.png\",\"contentUrl\":\"https:\/\/www.ficoba.org\/wp-content\/uploads\/2018\/11\/logo_ficoba.png\",\"width\":200,\"height\":124,\"caption\":\"Ficoba, Reciento Ferial de Gipuzkoa\"},\"image\":{\"@id\":\"https:\/\/www.ficoba.org\/es\/#\/schema\/logo\/image\/\"},\"sameAs\":[\"https:\/\/www.facebook.com\/FICOBAFUNDAZIOA\/\",\"https:\/\/x.com\/FicobaFundazioa\",\"https:\/\/www.youtube.com\/channel\/UCvo2JGluemyCf5KPRmEF9JQ\",\"https:\/\/www.linkedin.com\/company\/ficoba\/\",\"https:\/\/www.instagram.com\/ficobafundazioa\/\"]},{\"@type\":\"Person\",\"@id\":\"https:\/\/www.ficoba.org\/es\/#\/schema\/person\/8a96a121e5dbd393e6e6b5a7ee7ed407\",\"name\":\"ficoba\",\"image\":{\"@type\":\"ImageObject\",\"inLanguage\":\"fr-FR\",\"@id\":\"https:\/\/www.ficoba.org\/es\/#\/schema\/person\/image\/\",\"url\":\"https:\/\/secure.gravatar.com\/avatar\/c90cc0e07f75fecbe4165c1906a4cd61b0179a28caae2205d37516e4fb7c30c1?s=96&d=mm&r=g\",\"contentUrl\":\"https:\/\/secure.gravatar.com\/avatar\/c90cc0e07f75fecbe4165c1906a4cd61b0179a28caae2205d37516e4fb7c30c1?s=96&d=mm&r=g\",\"caption\":\"ficoba\"}}]}<\/script>\n<!-- \/ Yoast SEO plugin. -->","yoast_head_json":{"title":"Le nouveau format du congr\u00e9s Uhinak - Ficoba","robots":{"index":"index","follow":"follow","max-snippet":"max-snippet:-1","max-image-preview":"max-image-preview:large","max-video-preview":"max-video-preview:-1"},"canonical":"https:\/\/www.ficoba.org\/fr\/le-nouveau-format-du-congres-uhinak\/","twitter_misc":{"\u00c9crit par":"ficoba","Dur\u00e9e de lecture estim\u00e9e":"2 minutes"},"schema":{"@context":"https:\/\/schema.org","@graph":[{"@type":"Article","@id":"https:\/\/www.ficoba.org\/fr\/le-nouveau-format-du-congres-uhinak\/#article","isPartOf":{"@id":"https:\/\/www.ficoba.org\/fr\/le-nouveau-format-du-congres-uhinak\/"},"author":{"name":"ficoba","@id":"https:\/\/www.ficoba.org\/es\/#\/schema\/person\/8a96a121e5dbd393e6e6b5a7ee7ed407"},"headline":"Le nouveau format du congr\u00e9s Uhinak","datePublished":"2020-09-11T12:00:34+00:00","mainEntityOfPage":{"@id":"https:\/\/www.ficoba.org\/fr\/le-nouveau-format-du-congres-uhinak\/"},"wordCount":498,"commentCount":0,"publisher":{"@id":"https:\/\/www.ficoba.org\/es\/#organization"},"image":{"@id":"https:\/\/www.ficoba.org\/fr\/le-nouveau-format-du-congres-uhinak\/#primaryimage"},"thumbnailUrl":"https:\/\/www.ficoba.org\/wp-content\/uploads\/2020\/09\/cabecera-mailing-uhinak_sin_texto-4-5-noviembre-FR.jpg","articleSection":["\u00c9v\u00e9nements et salons"],"inLanguage":"fr-FR","potentialAction":[{"@type":"CommentAction","name":"Comment","target":["https:\/\/www.ficoba.org\/fr\/le-nouveau-format-du-congres-uhinak\/#respond"]}]},{"@type":"WebPage","@id":"https:\/\/www.ficoba.org\/fr\/le-nouveau-format-du-congres-uhinak\/","url":"https:\/\/www.ficoba.org\/fr\/le-nouveau-format-du-congres-uhinak\/","name":"Le nouveau format du congr\u00e9s Uhinak - Ficoba","isPartOf":{"@id":"https:\/\/www.ficoba.org\/es\/#website"},"primaryImageOfPage":{"@id":"https:\/\/www.ficoba.org\/fr\/le-nouveau-format-du-congres-uhinak\/#primaryimage"},"image":{"@id":"https:\/\/www.ficoba.org\/fr\/le-nouveau-format-du-congres-uhinak\/#primaryimage"},"thumbnailUrl":"https:\/\/www.ficoba.org\/wp-content\/uploads\/2020\/09\/cabecera-mailing-uhinak_sin_texto-4-5-noviembre-FR.jpg","datePublished":"2020-09-11T12:00:34+00:00","breadcrumb":{"@id":"https:\/\/www.ficoba.org\/fr\/le-nouveau-format-du-congres-uhinak\/#breadcrumb"},"inLanguage":"fr-FR","potentialAction":[{"@type":"ReadAction","target":["https:\/\/www.ficoba.org\/fr\/le-nouveau-format-du-congres-uhinak\/"]}]},{"@type":"ImageObject","inLanguage":"fr-FR","@id":"https:\/\/www.ficoba.org\/fr\/le-nouveau-format-du-congres-uhinak\/#primaryimage","url":"https:\/\/www.ficoba.org\/wp-content\/uploads\/2020\/09\/cabecera-mailing-uhinak_sin_texto-4-5-noviembre-FR.jpg","contentUrl":"https:\/\/www.ficoba.org\/wp-content\/uploads\/2020\/09\/cabecera-mailing-uhinak_sin_texto-4-5-noviembre-FR.jpg","width":600,"height":232},{"@type":"BreadcrumbList","@id":"https:\/\/www.ficoba.org\/fr\/le-nouveau-format-du-congres-uhinak\/#breadcrumb","itemListElement":[{"@type":"ListItem","position":1,"name":"Portada","item":"https:\/\/www.ficoba.org\/fr\/"},{"@type":"ListItem","position":2,"name":"Le nouveau format du congr\u00e9s Uhinak"}]},{"@type":"WebSite","@id":"https:\/\/www.ficoba.org\/es\/#website","url":"https:\/\/www.ficoba.org\/es\/","name":"Ficoba, Recinto Ferial de Gipuzkoa","description":"Ficoba, l\u2019art de cr\u00e9er des opportunit\u00e9s","publisher":{"@id":"https:\/\/www.ficoba.org\/es\/#organization"},"alternateName":"Ficoba","potentialAction":[{"@type":"SearchAction","target":{"@type":"EntryPoint","urlTemplate":"https:\/\/www.ficoba.org\/es\/?s={search_term_string}"},"query-input":{"@type":"PropertyValueSpecification","valueRequired":true,"valueName":"search_term_string"}}],"inLanguage":"fr-FR"},{"@type":"Organization","@id":"https:\/\/www.ficoba.org\/es\/#organization","name":"Ficoba, Reciento Ferial de Gipuzkoa","url":"https:\/\/www.ficoba.org\/es\/","logo":{"@type":"ImageObject","inLanguage":"fr-FR","@id":"https:\/\/www.ficoba.org\/es\/#\/schema\/logo\/image\/","url":"https:\/\/www.ficoba.org\/wp-content\/uploads\/2018\/11\/logo_ficoba.png","contentUrl":"https:\/\/www.ficoba.org\/wp-content\/uploads\/2018\/11\/logo_ficoba.png","width":200,"height":124,"caption":"Ficoba, Reciento Ferial de Gipuzkoa"},"image":{"@id":"https:\/\/www.ficoba.org\/es\/#\/schema\/logo\/image\/"},"sameAs":["https:\/\/www.facebook.com\/FICOBAFUNDAZIOA\/","https:\/\/x.com\/FicobaFundazioa","https:\/\/www.youtube.com\/channel\/UCvo2JGluemyCf5KPRmEF9JQ","https:\/\/www.linkedin.com\/company\/ficoba\/","https:\/\/www.instagram.com\/ficobafundazioa\/"]},{"@type":"Person","@id":"https:\/\/www.ficoba.org\/es\/#\/schema\/person\/8a96a121e5dbd393e6e6b5a7ee7ed407","name":"ficoba","image":{"@type":"ImageObject","inLanguage":"fr-FR","@id":"https:\/\/www.ficoba.org\/es\/#\/schema\/person\/image\/","url":"https:\/\/secure.gravatar.com\/avatar\/c90cc0e07f75fecbe4165c1906a4cd61b0179a28caae2205d37516e4fb7c30c1?s=96&d=mm&r=g","contentUrl":"https:\/\/secure.gravatar.com\/avatar\/c90cc0e07f75fecbe4165c1906a4cd61b0179a28caae2205d37516e4fb7c30c1?s=96&d=mm&r=g","caption":"ficoba"}}]}},"_links":{"self":[{"href":"https:\/\/www.ficoba.org\/fr\/wp-json\/wp\/v2\/posts\/7277","targetHints":{"allow":["GET"]}}],"collection":[{"href":"https:\/\/www.ficoba.org\/fr\/wp-json\/wp\/v2\/posts"}],"about":[{"href":"https:\/\/www.ficoba.org\/fr\/wp-json\/wp\/v2\/types\/post"}],"author":[{"embeddable":true,"href":"https:\/\/www.ficoba.org\/fr\/wp-json\/wp\/v2\/users\/2"}],"replies":[{"embeddable":true,"href":"https:\/\/www.ficoba.org\/fr\/wp-json\/wp\/v2\/comments?post=7277"}],"version-history":[{"count":1,"href":"https:\/\/www.ficoba.org\/fr\/wp-json\/wp\/v2\/posts\/7277\/revisions"}],"predecessor-version":[{"id":7282,"href":"https:\/\/www.ficoba.org\/fr\/wp-json\/wp\/v2\/posts\/7277\/revisions\/7282"}],"wp:featuredmedia":[{"embeddable":true,"href":"https:\/\/www.ficoba.org\/fr\/wp-json\/wp\/v2\/media\/7278"}],"wp:attachment":[{"href":"https:\/\/www.ficoba.org\/fr\/wp-json\/wp\/v2\/media?parent=7277"}],"wp:term":[{"taxonomy":"category","embeddable":true,"href":"https:\/\/www.ficoba.org\/fr\/wp-json\/wp\/v2\/categories?post=7277"},{"taxonomy":"post_tag","embeddable":true,"href":"https:\/\/www.ficoba.org\/fr\/wp-json\/wp\/v2\/tags?post=7277"}],"curies":[{"name":"wp","href":"https:\/\/api.w.org\/{rel}","templated":true}]}}