{"id":6122,"date":"2019-11-15T14:38:46","date_gmt":"2019-11-15T12:38:46","guid":{"rendered":"https:\/\/www.ficoba.org\/?p=6122"},"modified":"2019-11-15T14:38:46","modified_gmt":"2019-11-15T12:38:46","slug":"be-veggie-le-premier-festival-vegan-de-la-corniche-cantabrique-annonce-que-lentree-sera-gratuite","status":"publish","type":"post","link":"https:\/\/www.ficoba.org\/fr\/be-veggie-le-premier-festival-vegan-de-la-corniche-cantabrique-annonce-que-lentree-sera-gratuite\/","title":{"rendered":"Be Veggie, le premier festival v\u00e9gan de la corniche cantabrique,  annonce que l&rsquo;entr\u00e9e sera gratuite"},"content":{"rendered":"<p>De plus en plus de personnes s&rsquo;int\u00e9ressent \u00e0 une autre forme d&rsquo;alimentation, plus saine, sans exploitation animale et plus respectueuse de l&rsquo;environnement.<\/p>\n<p>Pour toutes ces personnes, qu&rsquo;elles soient v\u00e9ganes ou qu&rsquo;elles s&rsquo;int\u00e9ressent au v\u00e9ganisme, Ficoba a organis\u00e9 Be Veggie. De plus, pour les encourager \u00e0 assister \u00e0 cette premi\u00e8re \u00e9dition du festival, cette ann\u00e9e l&rsquo;entr\u00e9e sera gratuite.<\/p>\n<p>Derri\u00e8re le nom de festival se cache une proposition polyvalente gr\u00e2ce \u00e0 laquelle les personnes qui visiteront Ficoba d\u00e9couvriront des stands qui proposent une vaste offre d&rsquo;aliments 100\u00a0% v\u00e9g\u00e9taux, des produits et des services destin\u00e9s aux v\u00e9gans\u00a0: cosm\u00e9tique naturelle, mode, habitat, h\u00f4tellerie et tourisme, applications et services technologiques, etc.<\/p>\n<p><strong>Un espace pour apprendre<\/strong><\/p>\n<p>En plus de pouvoir acqu\u00e9rir des produits et des services, Be Veggie s&rsquo;est efforc\u00e9 de r\u00e9unir des associations et des entit\u00e9s qui promeuvent la prise de conscience sur le v\u00e9ganisme, pour que ce festival devienne aussi un point d&rsquo;information et de connaissance de ce style de vie. En ce sens, des causeries et des activit\u00e9s seront \u00e9galement programm\u00e9es lors du weekend du 6 au 8 d\u00e9cembre.<\/p>\n<p>La journ\u00e9e du vendredi 6 d\u00e9cembre d\u00e9marrera sur une conf\u00e9rence de <strong>Jenny Rodr\u00edguez,<\/strong> qui nous invite \u00e0 approcher le v\u00e9ganisme. Cette cr\u00e9atrice graphique d\u00e9cida un jour de tout quitter pour faire de sa forme d&rsquo;activisme en faveur des animaux son m\u00e9tier. Elle est l&rsquo;auteur de l&rsquo;ouvrage \u00ab\u00a0Vive Vegan\u00a0\u00bb (Vivez v\u00e9gan), qui vise \u00e0 diffuser les bienfaits de l&rsquo;alimentation v\u00e9gane et \u00e0 transmettre un message d&#8217;empathie envers les animaux.<\/p>\n<p><strong>Melina Zukernik, <\/strong>sociologue, r\u00e9alisatrice audiovisuelle, directrice d&rsquo;art et master en internationalisation du d\u00e9veloppement local, prendra ensuite la rel\u00e8ve. Elle dirige Fauna Querida, qui promeut l&rsquo;amour et la connaissance du monde animal, et elle participera \u00e0 Be Veggie pour nous raconter le conte \u00ab\u00a0La princesa del reino peludo\u00a0\u00bb (La princesse du royaume poilu), qui s&rsquo;adresse \u00e0 un public enfant de 5 \u00e0 8 ans \u2013non exclusif\u2013 et aux familles pour sensibiliser au respect des animaux et sugg\u00e9rer des gestes quotidiens qui am\u00e9liorent notre relation avec la nature.<\/p>\n<p>Le samedi, <strong>Ibai Suarez Alonso, <\/strong>v\u00e9gan et activiste en faveur des animaux, qui diffuse son message sur les r\u00e9seaux sociaux, lors de causeries et dans la rue en r\u00e9alisant diff\u00e9rentes actions, reviendra sur les arguments contre le v\u00e9ganisme. Cette conf\u00e9rence s&rsquo;adresse aux v\u00e9gans et aux non v\u00e9gans.<\/p>\n<p>Elle donnera aux v\u00e9gans des outils pour argumenter au quotidien. Pour les non v\u00e9gans, il r\u00e9pliquera aux arguments qu&rsquo;ils utilisent pour ne pas devenir v\u00e9gans.<\/p>\n<p>Quant \u00e0 <strong>Jon Kareaga, <\/strong>cofondateur de Bask et activiste environnemental au sein de Fridays For Future, il pr\u00e9sentera \u00e0 Ficoba son documentaire <strong>\u00ab\u00a0Made in, made for\u00a0\u00bb, <\/strong>dans lequel il montre lors d&rsquo;un voyage en Asie \u00e0 quel point l&rsquo;industrie de la mode nuit aux personnes et \u00e0 la plan\u00e8te.<\/p>\n<p>L&rsquo;apr\u00e8s-midi, nous explorerons les bases d&rsquo;une alimentation saine \u00e0 base de plantes avec <strong>Helenka Santos Belmonte<\/strong>, chef cuisini\u00e8re, blogueuse, conseill\u00e8re, coach nutritionnelle, future TSD experte en alimentation \u00e0 base de plantes et cr\u00e9atrice du projet-blog gastro nutritionnel Las Alas de Jikari.<\/p>\n<p>Nous continuerons de parler alimentation avec <strong>V\u00edctor Gonz\u00e1lez Ruiz, <\/strong>Ing\u00e9nieur, professeur et mentor en consommation \u00e9thique. Sa causerie bouscule les id\u00e9es re\u00e7ues sur l&rsquo;\u00e9cologie et la nutrition et invite le public \u00e0 r\u00e9fl\u00e9chir sur sa relation avec la plan\u00e8te et les autres esp\u00e8ces avec lesquelles il cohabite.<\/p>\n<p><strong>Sukaldean\u00a0:aux fourneaux\u00a0!<\/strong><\/p>\n<p>Be Veggie a r\u00e9serv\u00e9 une place d&rsquo;honneur \u00e0 l&rsquo;alimentation 100\u00a0% v\u00e9g\u00e9tale et v\u00e9gane. Dans la section \u00ab\u00a0Sukaldean\u00bb (Dans la cuisine en langue basque), des ateliers de cuisine seront propos\u00e9s pour apprendre \u00e0 cuisiner le tofu, le seitan, le soja textur\u00e9, les l\u00e9gumineuses et les fruits secs dans de d\u00e9licieuses recettes \u00e9quilibr\u00e9es et savoureuses, en plus d&rsquo;en finir avec les croyances selon lesquelles il faut beaucoup de temps pour pr\u00e9parer des menus \u00e9quilibr\u00e9s et riches en saveur, en apprenant \u00e0 bien utiliser les bo\u00eetes de conserve de l\u00e9gumes et de l\u00e9gumineuses ou encore \u00e0 \u00e9laborer des confiseries et des desserts v\u00e9gans sans gluten.<\/p>\n<p>Bien entendu, d&rsquo;autres activit\u00e9s seront propos\u00e9es en marge de ces ateliers de cuisine. Les personnes qui assistent \u00e0 Be Veggie pourront \u00e9galement d\u00e9guster dans l&rsquo;espace de restauration des mets savoureux\u00a0: des plats de la cuisine libanaise, des kebabs, de la viande v\u00e9gane, de la bi\u00e8re, des confiseries ou des fromages, entre autres.<\/p>\n<p>Naturellement, une proposition pour l&rsquo;\u00e9quilibre du corps ne pouvait pas manquer. Pour cela, <strong>Mar\u00eda Skymaddi<\/strong> se chargera d&rsquo;animer une classe de <strong>Vinyasa Flow<\/strong>. Dans ce style de yoga dynamique, le mouvement s&rsquo;encha\u00eene au rythme de la respiration par le biais d&rsquo;une s\u00e9quence fluide. Dans cette classe au rythme doux et \u00e0 la fois intense, les \u00e9l\u00e8ves travaillent la force, l&rsquo;\u00e9quilibre et la souplesse en se tournant vers leur int\u00e9rieur.<\/p>\n<p>&nbsp;<\/p>\n<p><strong>Le programme complet peut \u00eatre consult\u00e9 sur <\/strong><a href=\"http:\/\/www.beveggie.eus\"><strong>www.beveggie.eus<\/strong><\/a><strong>.<\/strong><\/p>\n<p>&nbsp;<\/p>\n","protected":false},"excerpt":{"rendered":"<p>De plus en plus de personnes s&rsquo;int\u00e9ressent \u00e0 une autre forme d&rsquo;alimentation, plus saine, sans exploitation animale et plus respectueuse de l&rsquo;environnement. Pour toutes ces personnes, qu&rsquo;elles soient v\u00e9ganes ou [&hellip;]<\/p>\n","protected":false},"author":2,"featured_media":5576,"comment_status":"open","ping_status":"open","sticky":false,"template":"","format":"standard","meta":{"_et_pb_use_builder":"","_et_pb_old_content":"","_et_gb_content_width":"","footnotes":""},"categories":[19],"tags":[],"class_list":["post-6122","post","type-post","status-publish","format-standard","has-post-thumbnail","hentry","category-evenements-et-salons"],"yoast_head":"<!-- This site is optimized with the Yoast SEO plugin v26.8 - https:\/\/yoast.com\/product\/yoast-seo-wordpress\/ -->\n<title>Be Veggie, le premier festival v\u00e9gan de la corniche cantabrique, annonce que l&#039;entr\u00e9e sera gratuite - Ficoba<\/title>\n<meta name=\"robots\" content=\"index, follow, max-snippet:-1, max-image-preview:large, max-video-preview:-1\" \/>\n<link rel=\"canonical\" href=\"https:\/\/www.ficoba.org\/fr\/be-veggie-le-premier-festival-vegan-de-la-corniche-cantabrique-annonce-que-lentree-sera-gratuite\/\" \/>\n<meta name=\"twitter:label1\" content=\"\u00c9crit par\" \/>\n\t<meta name=\"twitter:data1\" content=\"ficoba\" \/>\n\t<meta name=\"twitter:label2\" content=\"Dur\u00e9e de lecture estim\u00e9e\" \/>\n\t<meta name=\"twitter:data2\" content=\"4 minutes\" \/>\n<script type=\"application\/ld+json\" class=\"yoast-schema-graph\">{\"@context\":\"https:\/\/schema.org\",\"@graph\":[{\"@type\":\"Article\",\"@id\":\"https:\/\/www.ficoba.org\/fr\/be-veggie-le-premier-festival-vegan-de-la-corniche-cantabrique-annonce-que-lentree-sera-gratuite\/#article\",\"isPartOf\":{\"@id\":\"https:\/\/www.ficoba.org\/fr\/be-veggie-le-premier-festival-vegan-de-la-corniche-cantabrique-annonce-que-lentree-sera-gratuite\/\"},\"author\":{\"name\":\"ficoba\",\"@id\":\"https:\/\/www.ficoba.org\/es\/#\/schema\/person\/8a96a121e5dbd393e6e6b5a7ee7ed407\"},\"headline\":\"Be Veggie, le premier festival v\u00e9gan de la corniche cantabrique, annonce que l&rsquo;entr\u00e9e sera gratuite\",\"datePublished\":\"2019-11-15T12:38:46+00:00\",\"mainEntityOfPage\":{\"@id\":\"https:\/\/www.ficoba.org\/fr\/be-veggie-le-premier-festival-vegan-de-la-corniche-cantabrique-annonce-que-lentree-sera-gratuite\/\"},\"wordCount\":890,\"commentCount\":0,\"publisher\":{\"@id\":\"https:\/\/www.ficoba.org\/es\/#organization\"},\"image\":{\"@id\":\"https:\/\/www.ficoba.org\/fr\/be-veggie-le-premier-festival-vegan-de-la-corniche-cantabrique-annonce-que-lentree-sera-gratuite\/#primaryimage\"},\"thumbnailUrl\":\"https:\/\/www.ficoba.org\/wp-content\/uploads\/2019\/07\/beveggie-marca-registro.jpg\",\"articleSection\":[\"\u00c9v\u00e9nements et salons\"],\"inLanguage\":\"fr-FR\",\"potentialAction\":[{\"@type\":\"CommentAction\",\"name\":\"Comment\",\"target\":[\"https:\/\/www.ficoba.org\/fr\/be-veggie-le-premier-festival-vegan-de-la-corniche-cantabrique-annonce-que-lentree-sera-gratuite\/#respond\"]}]},{\"@type\":\"WebPage\",\"@id\":\"https:\/\/www.ficoba.org\/fr\/be-veggie-le-premier-festival-vegan-de-la-corniche-cantabrique-annonce-que-lentree-sera-gratuite\/\",\"url\":\"https:\/\/www.ficoba.org\/fr\/be-veggie-le-premier-festival-vegan-de-la-corniche-cantabrique-annonce-que-lentree-sera-gratuite\/\",\"name\":\"Be Veggie, le premier festival v\u00e9gan de la corniche cantabrique, annonce que l'entr\u00e9e sera gratuite - Ficoba\",\"isPartOf\":{\"@id\":\"https:\/\/www.ficoba.org\/es\/#website\"},\"primaryImageOfPage\":{\"@id\":\"https:\/\/www.ficoba.org\/fr\/be-veggie-le-premier-festival-vegan-de-la-corniche-cantabrique-annonce-que-lentree-sera-gratuite\/#primaryimage\"},\"image\":{\"@id\":\"https:\/\/www.ficoba.org\/fr\/be-veggie-le-premier-festival-vegan-de-la-corniche-cantabrique-annonce-que-lentree-sera-gratuite\/#primaryimage\"},\"thumbnailUrl\":\"https:\/\/www.ficoba.org\/wp-content\/uploads\/2019\/07\/beveggie-marca-registro.jpg\",\"datePublished\":\"2019-11-15T12:38:46+00:00\",\"breadcrumb\":{\"@id\":\"https:\/\/www.ficoba.org\/fr\/be-veggie-le-premier-festival-vegan-de-la-corniche-cantabrique-annonce-que-lentree-sera-gratuite\/#breadcrumb\"},\"inLanguage\":\"fr-FR\",\"potentialAction\":[{\"@type\":\"ReadAction\",\"target\":[\"https:\/\/www.ficoba.org\/fr\/be-veggie-le-premier-festival-vegan-de-la-corniche-cantabrique-annonce-que-lentree-sera-gratuite\/\"]}]},{\"@type\":\"ImageObject\",\"inLanguage\":\"fr-FR\",\"@id\":\"https:\/\/www.ficoba.org\/fr\/be-veggie-le-premier-festival-vegan-de-la-corniche-cantabrique-annonce-que-lentree-sera-gratuite\/#primaryimage\",\"url\":\"https:\/\/www.ficoba.org\/wp-content\/uploads\/2019\/07\/beveggie-marca-registro.jpg\",\"contentUrl\":\"https:\/\/www.ficoba.org\/wp-content\/uploads\/2019\/07\/beveggie-marca-registro.jpg\",\"width\":1772,\"height\":1772,\"caption\":\"Festibal Be Veggie\"},{\"@type\":\"BreadcrumbList\",\"@id\":\"https:\/\/www.ficoba.org\/fr\/be-veggie-le-premier-festival-vegan-de-la-corniche-cantabrique-annonce-que-lentree-sera-gratuite\/#breadcrumb\",\"itemListElement\":[{\"@type\":\"ListItem\",\"position\":1,\"name\":\"Portada\",\"item\":\"https:\/\/www.ficoba.org\/fr\/\"},{\"@type\":\"ListItem\",\"position\":2,\"name\":\"Be Veggie, le premier festival v\u00e9gan de la corniche cantabrique, annonce que l&rsquo;entr\u00e9e sera gratuite\"}]},{\"@type\":\"WebSite\",\"@id\":\"https:\/\/www.ficoba.org\/es\/#website\",\"url\":\"https:\/\/www.ficoba.org\/es\/\",\"name\":\"Ficoba, Recinto Ferial de Gipuzkoa\",\"description\":\"Ficoba, l\u2019art de cr\u00e9er des opportunit\u00e9s\",\"publisher\":{\"@id\":\"https:\/\/www.ficoba.org\/es\/#organization\"},\"alternateName\":\"Ficoba\",\"potentialAction\":[{\"@type\":\"SearchAction\",\"target\":{\"@type\":\"EntryPoint\",\"urlTemplate\":\"https:\/\/www.ficoba.org\/es\/?s={search_term_string}\"},\"query-input\":{\"@type\":\"PropertyValueSpecification\",\"valueRequired\":true,\"valueName\":\"search_term_string\"}}],\"inLanguage\":\"fr-FR\"},{\"@type\":\"Organization\",\"@id\":\"https:\/\/www.ficoba.org\/es\/#organization\",\"name\":\"Ficoba, Reciento Ferial de Gipuzkoa\",\"url\":\"https:\/\/www.ficoba.org\/es\/\",\"logo\":{\"@type\":\"ImageObject\",\"inLanguage\":\"fr-FR\",\"@id\":\"https:\/\/www.ficoba.org\/es\/#\/schema\/logo\/image\/\",\"url\":\"https:\/\/www.ficoba.org\/wp-content\/uploads\/2018\/11\/logo_ficoba.png\",\"contentUrl\":\"https:\/\/www.ficoba.org\/wp-content\/uploads\/2018\/11\/logo_ficoba.png\",\"width\":200,\"height\":124,\"caption\":\"Ficoba, Reciento Ferial de Gipuzkoa\"},\"image\":{\"@id\":\"https:\/\/www.ficoba.org\/es\/#\/schema\/logo\/image\/\"},\"sameAs\":[\"https:\/\/www.facebook.com\/FICOBAFUNDAZIOA\/\",\"https:\/\/x.com\/FicobaFundazioa\",\"https:\/\/www.youtube.com\/channel\/UCvo2JGluemyCf5KPRmEF9JQ\",\"https:\/\/www.linkedin.com\/company\/ficoba\/\",\"https:\/\/www.instagram.com\/ficobafundazioa\/\"]},{\"@type\":\"Person\",\"@id\":\"https:\/\/www.ficoba.org\/es\/#\/schema\/person\/8a96a121e5dbd393e6e6b5a7ee7ed407\",\"name\":\"ficoba\",\"image\":{\"@type\":\"ImageObject\",\"inLanguage\":\"fr-FR\",\"@id\":\"https:\/\/www.ficoba.org\/es\/#\/schema\/person\/image\/\",\"url\":\"https:\/\/secure.gravatar.com\/avatar\/c90cc0e07f75fecbe4165c1906a4cd61b0179a28caae2205d37516e4fb7c30c1?s=96&d=mm&r=g\",\"contentUrl\":\"https:\/\/secure.gravatar.com\/avatar\/c90cc0e07f75fecbe4165c1906a4cd61b0179a28caae2205d37516e4fb7c30c1?s=96&d=mm&r=g\",\"caption\":\"ficoba\"}}]}<\/script>\n<!-- \/ Yoast SEO plugin. -->","yoast_head_json":{"title":"Be Veggie, le premier festival v\u00e9gan de la corniche cantabrique, annonce que l'entr\u00e9e sera gratuite - Ficoba","robots":{"index":"index","follow":"follow","max-snippet":"max-snippet:-1","max-image-preview":"max-image-preview:large","max-video-preview":"max-video-preview:-1"},"canonical":"https:\/\/www.ficoba.org\/fr\/be-veggie-le-premier-festival-vegan-de-la-corniche-cantabrique-annonce-que-lentree-sera-gratuite\/","twitter_misc":{"\u00c9crit par":"ficoba","Dur\u00e9e de lecture estim\u00e9e":"4 minutes"},"schema":{"@context":"https:\/\/schema.org","@graph":[{"@type":"Article","@id":"https:\/\/www.ficoba.org\/fr\/be-veggie-le-premier-festival-vegan-de-la-corniche-cantabrique-annonce-que-lentree-sera-gratuite\/#article","isPartOf":{"@id":"https:\/\/www.ficoba.org\/fr\/be-veggie-le-premier-festival-vegan-de-la-corniche-cantabrique-annonce-que-lentree-sera-gratuite\/"},"author":{"name":"ficoba","@id":"https:\/\/www.ficoba.org\/es\/#\/schema\/person\/8a96a121e5dbd393e6e6b5a7ee7ed407"},"headline":"Be Veggie, le premier festival v\u00e9gan de la corniche cantabrique, annonce que l&rsquo;entr\u00e9e sera gratuite","datePublished":"2019-11-15T12:38:46+00:00","mainEntityOfPage":{"@id":"https:\/\/www.ficoba.org\/fr\/be-veggie-le-premier-festival-vegan-de-la-corniche-cantabrique-annonce-que-lentree-sera-gratuite\/"},"wordCount":890,"commentCount":0,"publisher":{"@id":"https:\/\/www.ficoba.org\/es\/#organization"},"image":{"@id":"https:\/\/www.ficoba.org\/fr\/be-veggie-le-premier-festival-vegan-de-la-corniche-cantabrique-annonce-que-lentree-sera-gratuite\/#primaryimage"},"thumbnailUrl":"https:\/\/www.ficoba.org\/wp-content\/uploads\/2019\/07\/beveggie-marca-registro.jpg","articleSection":["\u00c9v\u00e9nements et salons"],"inLanguage":"fr-FR","potentialAction":[{"@type":"CommentAction","name":"Comment","target":["https:\/\/www.ficoba.org\/fr\/be-veggie-le-premier-festival-vegan-de-la-corniche-cantabrique-annonce-que-lentree-sera-gratuite\/#respond"]}]},{"@type":"WebPage","@id":"https:\/\/www.ficoba.org\/fr\/be-veggie-le-premier-festival-vegan-de-la-corniche-cantabrique-annonce-que-lentree-sera-gratuite\/","url":"https:\/\/www.ficoba.org\/fr\/be-veggie-le-premier-festival-vegan-de-la-corniche-cantabrique-annonce-que-lentree-sera-gratuite\/","name":"Be Veggie, le premier festival v\u00e9gan de la corniche cantabrique, annonce que l'entr\u00e9e sera gratuite - Ficoba","isPartOf":{"@id":"https:\/\/www.ficoba.org\/es\/#website"},"primaryImageOfPage":{"@id":"https:\/\/www.ficoba.org\/fr\/be-veggie-le-premier-festival-vegan-de-la-corniche-cantabrique-annonce-que-lentree-sera-gratuite\/#primaryimage"},"image":{"@id":"https:\/\/www.ficoba.org\/fr\/be-veggie-le-premier-festival-vegan-de-la-corniche-cantabrique-annonce-que-lentree-sera-gratuite\/#primaryimage"},"thumbnailUrl":"https:\/\/www.ficoba.org\/wp-content\/uploads\/2019\/07\/beveggie-marca-registro.jpg","datePublished":"2019-11-15T12:38:46+00:00","breadcrumb":{"@id":"https:\/\/www.ficoba.org\/fr\/be-veggie-le-premier-festival-vegan-de-la-corniche-cantabrique-annonce-que-lentree-sera-gratuite\/#breadcrumb"},"inLanguage":"fr-FR","potentialAction":[{"@type":"ReadAction","target":["https:\/\/www.ficoba.org\/fr\/be-veggie-le-premier-festival-vegan-de-la-corniche-cantabrique-annonce-que-lentree-sera-gratuite\/"]}]},{"@type":"ImageObject","inLanguage":"fr-FR","@id":"https:\/\/www.ficoba.org\/fr\/be-veggie-le-premier-festival-vegan-de-la-corniche-cantabrique-annonce-que-lentree-sera-gratuite\/#primaryimage","url":"https:\/\/www.ficoba.org\/wp-content\/uploads\/2019\/07\/beveggie-marca-registro.jpg","contentUrl":"https:\/\/www.ficoba.org\/wp-content\/uploads\/2019\/07\/beveggie-marca-registro.jpg","width":1772,"height":1772,"caption":"Festibal Be Veggie"},{"@type":"BreadcrumbList","@id":"https:\/\/www.ficoba.org\/fr\/be-veggie-le-premier-festival-vegan-de-la-corniche-cantabrique-annonce-que-lentree-sera-gratuite\/#breadcrumb","itemListElement":[{"@type":"ListItem","position":1,"name":"Portada","item":"https:\/\/www.ficoba.org\/fr\/"},{"@type":"ListItem","position":2,"name":"Be Veggie, le premier festival v\u00e9gan de la corniche cantabrique, annonce que l&rsquo;entr\u00e9e sera gratuite"}]},{"@type":"WebSite","@id":"https:\/\/www.ficoba.org\/es\/#website","url":"https:\/\/www.ficoba.org\/es\/","name":"Ficoba, Recinto Ferial de Gipuzkoa","description":"Ficoba, l\u2019art de cr\u00e9er des opportunit\u00e9s","publisher":{"@id":"https:\/\/www.ficoba.org\/es\/#organization"},"alternateName":"Ficoba","potentialAction":[{"@type":"SearchAction","target":{"@type":"EntryPoint","urlTemplate":"https:\/\/www.ficoba.org\/es\/?s={search_term_string}"},"query-input":{"@type":"PropertyValueSpecification","valueRequired":true,"valueName":"search_term_string"}}],"inLanguage":"fr-FR"},{"@type":"Organization","@id":"https:\/\/www.ficoba.org\/es\/#organization","name":"Ficoba, Reciento Ferial de Gipuzkoa","url":"https:\/\/www.ficoba.org\/es\/","logo":{"@type":"ImageObject","inLanguage":"fr-FR","@id":"https:\/\/www.ficoba.org\/es\/#\/schema\/logo\/image\/","url":"https:\/\/www.ficoba.org\/wp-content\/uploads\/2018\/11\/logo_ficoba.png","contentUrl":"https:\/\/www.ficoba.org\/wp-content\/uploads\/2018\/11\/logo_ficoba.png","width":200,"height":124,"caption":"Ficoba, Reciento Ferial de Gipuzkoa"},"image":{"@id":"https:\/\/www.ficoba.org\/es\/#\/schema\/logo\/image\/"},"sameAs":["https:\/\/www.facebook.com\/FICOBAFUNDAZIOA\/","https:\/\/x.com\/FicobaFundazioa","https:\/\/www.youtube.com\/channel\/UCvo2JGluemyCf5KPRmEF9JQ","https:\/\/www.linkedin.com\/company\/ficoba\/","https:\/\/www.instagram.com\/ficobafundazioa\/"]},{"@type":"Person","@id":"https:\/\/www.ficoba.org\/es\/#\/schema\/person\/8a96a121e5dbd393e6e6b5a7ee7ed407","name":"ficoba","image":{"@type":"ImageObject","inLanguage":"fr-FR","@id":"https:\/\/www.ficoba.org\/es\/#\/schema\/person\/image\/","url":"https:\/\/secure.gravatar.com\/avatar\/c90cc0e07f75fecbe4165c1906a4cd61b0179a28caae2205d37516e4fb7c30c1?s=96&d=mm&r=g","contentUrl":"https:\/\/secure.gravatar.com\/avatar\/c90cc0e07f75fecbe4165c1906a4cd61b0179a28caae2205d37516e4fb7c30c1?s=96&d=mm&r=g","caption":"ficoba"}}]}},"_links":{"self":[{"href":"https:\/\/www.ficoba.org\/fr\/wp-json\/wp\/v2\/posts\/6122","targetHints":{"allow":["GET"]}}],"collection":[{"href":"https:\/\/www.ficoba.org\/fr\/wp-json\/wp\/v2\/posts"}],"about":[{"href":"https:\/\/www.ficoba.org\/fr\/wp-json\/wp\/v2\/types\/post"}],"author":[{"embeddable":true,"href":"https:\/\/www.ficoba.org\/fr\/wp-json\/wp\/v2\/users\/2"}],"replies":[{"embeddable":true,"href":"https:\/\/www.ficoba.org\/fr\/wp-json\/wp\/v2\/comments?post=6122"}],"version-history":[{"count":1,"href":"https:\/\/www.ficoba.org\/fr\/wp-json\/wp\/v2\/posts\/6122\/revisions"}],"predecessor-version":[{"id":6123,"href":"https:\/\/www.ficoba.org\/fr\/wp-json\/wp\/v2\/posts\/6122\/revisions\/6123"}],"wp:featuredmedia":[{"embeddable":true,"href":"https:\/\/www.ficoba.org\/fr\/wp-json\/wp\/v2\/media\/5576"}],"wp:attachment":[{"href":"https:\/\/www.ficoba.org\/fr\/wp-json\/wp\/v2\/media?parent=6122"}],"wp:term":[{"taxonomy":"category","embeddable":true,"href":"https:\/\/www.ficoba.org\/fr\/wp-json\/wp\/v2\/categories?post=6122"},{"taxonomy":"post_tag","embeddable":true,"href":"https:\/\/www.ficoba.org\/fr\/wp-json\/wp\/v2\/tags?post=6122"}],"curies":[{"name":"wp","href":"https:\/\/api.w.org\/{rel}","templated":true}]}}