{"id":5197,"date":"2019-06-03T12:44:36","date_gmt":"2019-06-03T10:44:36","guid":{"rendered":"https:\/\/www.ficoba.org\/?p=5197"},"modified":"2019-06-03T12:44:36","modified_gmt":"2019-06-03T10:44:36","slug":"bioterra-2019-arrive-une-experience-bio-unique-dans-notre-environnement","status":"publish","type":"post","link":"https:\/\/www.ficoba.org\/fr\/bioterra-2019-arrive-une-experience-bio-unique-dans-notre-environnement\/","title":{"rendered":"Bioterra 2019 arrive, une exp\u00e9rience \u00ab bio \u00bb unique dans notre environnement"},"content":{"rendered":"<p><strong>Les mers, l&rsquo;agriculture biologique, la cosm\u00e9tique naturelle, le bien-\u00eatre, la bioconstruction, l&rsquo;alimentation saine, les v\u00e9hicules durables\u2026<\/strong><strong>dans ces domaines, et bien plus encore, se livre la bataille de la durabilit\u00e9. Tous vont \u00eatre repr\u00e9sent\u00e9s \u00e0 Bioterra \u00e0 travers des exposants, des conf\u00e9renciers, des ateliers ou des d\u00e9monstrations, faisant de Bioterra une exp\u00e9rience \u00ab\u00a0bio\u00a0\u00bb unique dans notre environnement.<\/strong><\/p>\n<p>Bioterra c\u00e9l\u00e8bre sa seizi\u00e8me \u00e9dition du 7 au 9\u00a0juin.\u00a0 160\u00a0exposants seront charg\u00e9s de montrer au public les principales propositions de produits et de services du secteur. Les principaux producteurs et cr\u00e9ateurs d&rsquo;Euskadi et de l&rsquo;\u00c9tat seront repr\u00e9sent\u00e9s, y compris un grand nombre d&rsquo;exposants fran\u00e7ais (8\u00a0%).<\/p>\n<p>Comme cela est habituel dans toutes ses \u00e9ditions, Bioterra a atteint 100\u00a0% des objectifs de commercialisation. Voil\u00e0 pourquoi le salon fera une large offre aux visiteurs dans les trois pavillons et la zone d&rsquo;exposition ext\u00e9rieure de Ficoba.<\/p>\n<p><strong>Pour un mer sans plastiques<\/strong><\/p>\n<p>Chaque ann\u00e9e, Bioterra met l&rsquo;accent sur l&rsquo;un des grands th\u00e8mes li\u00e9s \u00e0 la sant\u00e9 de notre plan\u00e8te. L&rsquo;accumulation asphyxiante de plastiques dans les mers et les oc\u00e9ans a pouss\u00e9 les personnes et les entit\u00e9s \u00e0 se concentrer sur ces derniers.<\/p>\n<p>\u00c0 Bioterra, nous voulons nous ajouter au travail qu&rsquo;ils r\u00e9alisent et avons adh\u00e9r\u00e9 \u00e0 l&rsquo;initiative de \u00ab\u00a0Mers sans Plastique\u00a0\u00bb. Nous avons \u00e9galement mis notre petit grain de sable en faisant la promotion avec Surfrider d&rsquo;une collecte de d\u00e9chets marins dans une zone particuli\u00e8rement sensible de notre environnement comme le Parc \u00e9cologique de Plaiaundi, qui se poursuivra \u00e0 Bioterra avec les <strong>ateliers de tri des d\u00e9chets<\/strong> marins, aussi bien pour les adultes que pour les enfants.<\/p>\n<p><strong>Efficacit\u00e9 \u00e9nerg\u00e9tique<\/strong><\/p>\n<p>Lorsqu&rsquo;il s&rsquo;agit de promouvoir l&rsquo;efficacit\u00e9 \u00e9nerg\u00e9tique, un aspect fondamental est l&rsquo;encouragement de la mobilit\u00e9 durable. Dans ce domaine, Bioterra donnera la possibilit\u00e9 de conduire une voiture \u00e9lectrique ou un v\u00e9lo \u00e9lectrique sur le <strong>circuit de Mobilit\u00e9 durable<\/strong> de la Bioterrasse. Une activit\u00e9 promue par l&rsquo;Agence de l&rsquo;\u00c9nergie du Pays Basque (EVE).<\/p>\n<p>Parmi l&rsquo;offre d&rsquo;exposition, les visiteurs pourront \u00e9galement trouver des v\u00e9hicules \u00e9lectriques, hybrides \u00e9lectriques ou au gaz, y compris un exposant sp\u00e9cialis\u00e9 dans la transformation de v\u00e9hicules conventionnels en v\u00e9hicules propuls\u00e9s par gaz.<\/p>\n<p>Dans le domaine de la bioconstruction, les solutions professionnelles pour une construction saine et respectueuse de l&rsquo;environnement, les \u00e9nergies renouvelables, les installations avec un impact plus faible sur l&rsquo;environnement, une meilleure \u00e9conomie et utilisation des \u00e9nergies naturelles, des installations d&rsquo;autoconsommation pour logements et entreprises, d&rsquo;\u00e9nergie photovolta\u00efque ou des panneaux isolants pour les constructions durables seront pr\u00e9sent\u00e9s, entre autres propositions. Tout cela dans l&rsquo;Espace Geobat, qui poss\u00e8de \u00e9galement son propre programme de conf\u00e9rences coordonn\u00e9 par l&rsquo;Ordre des Architectes basque et navarrais de Gipuzkoa (COAVNGI).<\/p>\n<p><strong>Un mode de vie <em>sain<\/em><\/strong><\/p>\n<p>La mode, la beaut\u00e9, la sant\u00e9\u2026 Elles poss\u00e8dent \u00e9galement leur aspect bio et les visiteurs de Bioterra sont de plus en plus nombreux \u00e0 demander de recevoir des conseils et de conna\u00eetre les tendances dans ces domaines.<\/p>\n<p>\u00c0 Bioterra, les visiteurs auront l&rsquo;opportunit\u00e9 d&rsquo;assister \u00e0 des conf\u00e9rences d&rsquo;\u00e9minents conf\u00e9renciers au mode de vie sain et durable comme <strong>Juan Llorca <\/strong>chef et responsable de Valencia Montessori School, premi\u00e8re \u00e9cole 100\u00a0% Montessori \u00e0 Valence et premi\u00e8re d&rsquo;Espagne avec un Chef\u00a0KM0 avec le label slow food\u00a0; <strong>Brenda Ch\u00e1vez<\/strong>, journaliste sp\u00e9cialis\u00e9e en durabilit\u00e9 et culture\u00a0; <strong>Mar\u00eda Cabanillas Ballesteros<\/strong> cr\u00e9atrice de Health Studio, directrice g\u00e9n\u00e9rale d&rsquo;Earth Beat\u00a0; <strong>Marc Casabosch<\/strong>, auteur du livre <em>Cultivando la vida.<\/em> 365 d\u00edas en el huerto que lo cambiar\u00e1n todo, un guide pratique pour cr\u00e9er un potager biologique, y compris sur le balcon d&rsquo;une maison, qu&rsquo;il accompagne de r\u00e9flexions qui peuvent bien germer dans un monde meilleur\u00a0; <strong>Virginia <\/strong><\/p>\n<p><strong>Ceballos Alonso, fondatrice et cr\u00e9atrice de Trucos Naturales\u00a0; Ana Gonz\u00e1lez Nevado, <\/strong>cr\u00e9atrice et conseill\u00e8re \u00e0 Hendaye Style, qui parlera de ce qui pollue la mode et de la mani\u00e8re dont nous pouvons l&rsquo;\u00e9viter\u00a0; ou <strong>Tamara Franco Lara, <\/strong>cr\u00e9atrice de Viviendo con V.<\/p>\n<p><strong>Des activit\u00e9s pour une vision globale de la durabilit\u00e9<\/strong><\/p>\n<p>Le programme d&rsquo;activit\u00e9s est l&rsquo;une des principales propositions de Bioterra, qui trouve dans la divulgation l&rsquo;un de ses objectifs. Outre les activit\u00e9s d\u00e9j\u00e0 d\u00e9crites se distingue le <strong>programme des conf\u00e9rences<\/strong> organis\u00e9 par des experts reconnus, qui se d\u00e9roule durant les trois jours du salon avec une th\u00e9matique tr\u00e8s vari\u00e9e o\u00f9 sont abord\u00e9s des th\u00e8mes comme le gaspillage alimentaire, la pollution interne et la sant\u00e9, la permaculture\u2026 Un vaste programme que nous invitons \u00e0 consulter sur le site Web du salon <strong>bioterra.ficoba.org<\/strong>.<\/p>\n<p>Les ateliers sont une autre des propositions de Bioterra. Cette ann\u00e9e, nous b\u00e9n\u00e9ficierons d&rsquo;ateliers de<strong> tri des d\u00e9chets marins<\/strong> et d&rsquo;<strong>horticulture <\/strong>(plantation de plants et lombricomposteur).<\/p>\n<p><strong>\u00a0<\/strong>Dans l&rsquo;espace <strong>Sukaldean, <\/strong>des d\u00e9monstrations seront organis\u00e9es sur la cuisine Zero Waste, les d\u00eeners v\u00e9g\u00e9taux, les substituts v\u00e9g\u00e9taux du fromage, le nettoyage naturel de la cuisine, le pique-nique sain pour toute la famille et un showcooking pour montrer l&rsquo;importance d&rsquo;une nutrition responsable.<\/p>\n<p>Vous y trouverez \u00e9galement<strong> des d\u00e9monstrations de g\u00e9obiologie<\/strong>\u00a0; des propositions pr\u00e9sent\u00e9es de mani\u00e8re d\u00e9taill\u00e9e sur le site Web de Bioterra.<\/p>\n<p>Et pour reprendre des forces d&rsquo;une activit\u00e9 \u00e0 une autre, la <strong>Bioterrasse<\/strong>, un espace gastronomique dans la zone d&rsquo;exposition ext\u00e9rieure o\u00f9 les visiteurs peuvent d\u00e9guster une superbe offre de restauration assur\u00e9e par les exposants du salon.<\/p>\n<p>Cette ann\u00e9e se distingue \u00e9galement l&rsquo;offre pour les personnes v\u00e9ganes qui, outre les propositions d&rsquo;alimentation, trouveront des produits de maquillage et de cosm\u00e9tique biologique, ainsi que des chaussures.<\/p>\n<p><strong>\u00a0<\/strong><strong>Biobeautygunea, pour une cosm\u00e9tique durable<\/strong><\/p>\n<p>Cet espace, qui c\u00e9l\u00e8bre maintenant sa quatri\u00e8me ann\u00e9e, offre aux visiteurs la possibilit\u00e9 de traiter respectueusement la nature et l&rsquo;environnement tout en prenant soin de nous. Les ateliers et les discussions permettent de faire conna\u00eetre les ingr\u00e9dients qui forment la cosm\u00e9tique biologique et le<\/p>\n<p>soin de la peau, toujours sans d\u00e9riv\u00e9s toxiques, p\u00e9trochimiques, synth\u00e9tiques, pesticides, transg\u00e9niques et colorants.<\/p>\n<p><strong>Bioterra Yoga Day<\/strong><\/p>\n<p>Le 9\u00a0juin, Bioterra accueillera la troisi\u00e8me \u00e9dition du Yoga Day. Une master class \u00e0 laquelle tous les niveaux sont les bienvenus.<\/p>\n<p><strong>Les tirages au sort<\/strong><\/p>\n<p>Participer \u00e0 Bioterra m\u00e9rite un prix. Des lots \u00e9cologiques seront tir\u00e9s au sort toutes les heures par ENEEK, Conseil de l&rsquo;Agriculture et d&rsquo;Aliment biologique d&rsquo;Euskadi\u00a0: un sac en jute rempli de produits biologiques d&rsquo;Euskadi et de bons d&rsquo;achat d&rsquo;une valeur de 125\u00a0\u20ac \u00e0 d\u00e9penser dans des produits du salon, chaque jour \u00e9galement.<\/p>\n<p><strong>Billet sp\u00e9cial Bioterra<\/strong><\/p>\n<p>Pour reconduire l&rsquo;initiative lanc\u00e9e pour la premi\u00e8re fois en 2017, Bioterra est parvenu \u00e0 un accord avec <strong>EuskoTren<\/strong> pour cr\u00e9er un <strong>billet sp\u00e9cial Bioterra<\/strong>, avec une r\u00e9duction et une entr\u00e9e gratuite au salon disponible pour les usagers de la <strong>ligne Lasarte-Hendaye<\/strong>.<\/p>\n<p><strong>\u00a0<\/strong><strong>Renseignements pratiques<\/strong><\/p>\n<p>La 16\u00e8me \u00e9dition de Bioterra ouvrira ses portes du <strong>vendredi\u00a07\u00a0juin au dimanche\u00a09<\/strong>\u00a0juin.<\/p>\n<p>L&rsquo;inauguration officielle du salon aura lieu le vendredi\u00a07\u00a0juin \u00e0 12\u00a0heures.<\/p>\n<p>Le salon restera ouvert <strong>sans interruption<\/strong> de 10\u00a0h \u00e0 20\u00a0h le vendredi et le dimanche, et se prolongera jusqu&rsquo;\u00e0 21\u00a0h le samedi. Prix de l&rsquo;entr\u00e9e\u00a0: <strong>3\u20ac\u00a0(enfants jusqu&rsquo;\u00e0 12 ans, gratuit)<\/strong>. <strong>Parking gratuit<\/strong>. Arr\u00eat d&rsquo;Euskotren \u00e0 50\u00a0m\u00e8tres.<\/p>\n<p>&nbsp;<\/p>\n<p><strong><a href=\"http:\/\/bioterra.ficoba.org\/\">http:\/\/bioterra.ficoba.org<\/a><\/strong><\/p>\n<p>&nbsp;<\/p>\n","protected":false},"excerpt":{"rendered":"<p>Les mers, l&rsquo;agriculture biologique, la cosm\u00e9tique naturelle, le bien-\u00eatre, la bioconstruction, l&rsquo;alimentation saine, les v\u00e9hicules durables\u2026dans ces domaines, et bien plus encore, se livre la bataille de la durabilit\u00e9. Tous [&hellip;]<\/p>\n","protected":false},"author":2,"featured_media":5193,"comment_status":"open","ping_status":"open","sticky":false,"template":"","format":"standard","meta":{"_et_pb_use_builder":"","_et_pb_old_content":"","_et_gb_content_width":"","footnotes":""},"categories":[19],"tags":[],"class_list":["post-5197","post","type-post","status-publish","format-standard","has-post-thumbnail","hentry","category-evenements-et-salons"],"yoast_head":"<!-- This site is optimized with the Yoast SEO plugin v26.8 - https:\/\/yoast.com\/product\/yoast-seo-wordpress\/ -->\n<title>Bioterra 2019 arrive, une exp\u00e9rience \u00ab bio \u00bb unique dans notre environnement - Ficoba<\/title>\n<meta name=\"robots\" content=\"index, follow, max-snippet:-1, max-image-preview:large, max-video-preview:-1\" \/>\n<link rel=\"canonical\" href=\"https:\/\/www.ficoba.org\/fr\/bioterra-2019-arrive-une-experience-bio-unique-dans-notre-environnement\/\" \/>\n<meta name=\"twitter:label1\" content=\"\u00c9crit par\" \/>\n\t<meta name=\"twitter:data1\" content=\"ficoba\" \/>\n\t<meta name=\"twitter:label2\" content=\"Dur\u00e9e de lecture estim\u00e9e\" \/>\n\t<meta name=\"twitter:data2\" content=\"6 minutes\" \/>\n<script type=\"application\/ld+json\" class=\"yoast-schema-graph\">{\"@context\":\"https:\/\/schema.org\",\"@graph\":[{\"@type\":\"Article\",\"@id\":\"https:\/\/www.ficoba.org\/fr\/bioterra-2019-arrive-une-experience-bio-unique-dans-notre-environnement\/#article\",\"isPartOf\":{\"@id\":\"https:\/\/www.ficoba.org\/fr\/bioterra-2019-arrive-une-experience-bio-unique-dans-notre-environnement\/\"},\"author\":{\"name\":\"ficoba\",\"@id\":\"https:\/\/www.ficoba.org\/es\/#\/schema\/person\/8a96a121e5dbd393e6e6b5a7ee7ed407\"},\"headline\":\"Bioterra 2019 arrive, une exp\u00e9rience \u00ab bio \u00bb unique dans notre environnement\",\"datePublished\":\"2019-06-03T10:44:36+00:00\",\"mainEntityOfPage\":{\"@id\":\"https:\/\/www.ficoba.org\/fr\/bioterra-2019-arrive-une-experience-bio-unique-dans-notre-environnement\/\"},\"wordCount\":1287,\"commentCount\":0,\"publisher\":{\"@id\":\"https:\/\/www.ficoba.org\/es\/#organization\"},\"image\":{\"@id\":\"https:\/\/www.ficoba.org\/fr\/bioterra-2019-arrive-une-experience-bio-unique-dans-notre-environnement\/#primaryimage\"},\"thumbnailUrl\":\"https:\/\/www.ficoba.org\/wp-content\/uploads\/2019\/06\/Bioterra-NP.jpg\",\"articleSection\":[\"\u00c9v\u00e9nements et salons\"],\"inLanguage\":\"fr-FR\",\"potentialAction\":[{\"@type\":\"CommentAction\",\"name\":\"Comment\",\"target\":[\"https:\/\/www.ficoba.org\/fr\/bioterra-2019-arrive-une-experience-bio-unique-dans-notre-environnement\/#respond\"]}]},{\"@type\":\"WebPage\",\"@id\":\"https:\/\/www.ficoba.org\/fr\/bioterra-2019-arrive-une-experience-bio-unique-dans-notre-environnement\/\",\"url\":\"https:\/\/www.ficoba.org\/fr\/bioterra-2019-arrive-une-experience-bio-unique-dans-notre-environnement\/\",\"name\":\"Bioterra 2019 arrive, une exp\u00e9rience \u00ab bio \u00bb unique dans notre environnement - Ficoba\",\"isPartOf\":{\"@id\":\"https:\/\/www.ficoba.org\/es\/#website\"},\"primaryImageOfPage\":{\"@id\":\"https:\/\/www.ficoba.org\/fr\/bioterra-2019-arrive-une-experience-bio-unique-dans-notre-environnement\/#primaryimage\"},\"image\":{\"@id\":\"https:\/\/www.ficoba.org\/fr\/bioterra-2019-arrive-une-experience-bio-unique-dans-notre-environnement\/#primaryimage\"},\"thumbnailUrl\":\"https:\/\/www.ficoba.org\/wp-content\/uploads\/2019\/06\/Bioterra-NP.jpg\",\"datePublished\":\"2019-06-03T10:44:36+00:00\",\"breadcrumb\":{\"@id\":\"https:\/\/www.ficoba.org\/fr\/bioterra-2019-arrive-une-experience-bio-unique-dans-notre-environnement\/#breadcrumb\"},\"inLanguage\":\"fr-FR\",\"potentialAction\":[{\"@type\":\"ReadAction\",\"target\":[\"https:\/\/www.ficoba.org\/fr\/bioterra-2019-arrive-une-experience-bio-unique-dans-notre-environnement\/\"]}]},{\"@type\":\"ImageObject\",\"inLanguage\":\"fr-FR\",\"@id\":\"https:\/\/www.ficoba.org\/fr\/bioterra-2019-arrive-une-experience-bio-unique-dans-notre-environnement\/#primaryimage\",\"url\":\"https:\/\/www.ficoba.org\/wp-content\/uploads\/2019\/06\/Bioterra-NP.jpg\",\"contentUrl\":\"https:\/\/www.ficoba.org\/wp-content\/uploads\/2019\/06\/Bioterra-NP.jpg\",\"width\":1632,\"height\":1224,\"caption\":\"Presentaci\u00f3n Bioterra 2019\"},{\"@type\":\"BreadcrumbList\",\"@id\":\"https:\/\/www.ficoba.org\/fr\/bioterra-2019-arrive-une-experience-bio-unique-dans-notre-environnement\/#breadcrumb\",\"itemListElement\":[{\"@type\":\"ListItem\",\"position\":1,\"name\":\"Portada\",\"item\":\"https:\/\/www.ficoba.org\/fr\/\"},{\"@type\":\"ListItem\",\"position\":2,\"name\":\"Bioterra 2019 arrive, une exp\u00e9rience \u00ab bio \u00bb unique dans notre environnement\"}]},{\"@type\":\"WebSite\",\"@id\":\"https:\/\/www.ficoba.org\/es\/#website\",\"url\":\"https:\/\/www.ficoba.org\/es\/\",\"name\":\"Ficoba, Recinto Ferial de Gipuzkoa\",\"description\":\"Ficoba, l\u2019art de cr\u00e9er des opportunit\u00e9s\",\"publisher\":{\"@id\":\"https:\/\/www.ficoba.org\/es\/#organization\"},\"alternateName\":\"Ficoba\",\"potentialAction\":[{\"@type\":\"SearchAction\",\"target\":{\"@type\":\"EntryPoint\",\"urlTemplate\":\"https:\/\/www.ficoba.org\/es\/?s={search_term_string}\"},\"query-input\":{\"@type\":\"PropertyValueSpecification\",\"valueRequired\":true,\"valueName\":\"search_term_string\"}}],\"inLanguage\":\"fr-FR\"},{\"@type\":\"Organization\",\"@id\":\"https:\/\/www.ficoba.org\/es\/#organization\",\"name\":\"Ficoba, Reciento Ferial de Gipuzkoa\",\"url\":\"https:\/\/www.ficoba.org\/es\/\",\"logo\":{\"@type\":\"ImageObject\",\"inLanguage\":\"fr-FR\",\"@id\":\"https:\/\/www.ficoba.org\/es\/#\/schema\/logo\/image\/\",\"url\":\"https:\/\/www.ficoba.org\/wp-content\/uploads\/2018\/11\/logo_ficoba.png\",\"contentUrl\":\"https:\/\/www.ficoba.org\/wp-content\/uploads\/2018\/11\/logo_ficoba.png\",\"width\":200,\"height\":124,\"caption\":\"Ficoba, Reciento Ferial de Gipuzkoa\"},\"image\":{\"@id\":\"https:\/\/www.ficoba.org\/es\/#\/schema\/logo\/image\/\"},\"sameAs\":[\"https:\/\/www.facebook.com\/FICOBAFUNDAZIOA\/\",\"https:\/\/x.com\/FicobaFundazioa\",\"https:\/\/www.youtube.com\/channel\/UCvo2JGluemyCf5KPRmEF9JQ\",\"https:\/\/www.linkedin.com\/company\/ficoba\/\",\"https:\/\/www.instagram.com\/ficobafundazioa\/\"]},{\"@type\":\"Person\",\"@id\":\"https:\/\/www.ficoba.org\/es\/#\/schema\/person\/8a96a121e5dbd393e6e6b5a7ee7ed407\",\"name\":\"ficoba\",\"image\":{\"@type\":\"ImageObject\",\"inLanguage\":\"fr-FR\",\"@id\":\"https:\/\/www.ficoba.org\/es\/#\/schema\/person\/image\/\",\"url\":\"https:\/\/secure.gravatar.com\/avatar\/c90cc0e07f75fecbe4165c1906a4cd61b0179a28caae2205d37516e4fb7c30c1?s=96&d=mm&r=g\",\"contentUrl\":\"https:\/\/secure.gravatar.com\/avatar\/c90cc0e07f75fecbe4165c1906a4cd61b0179a28caae2205d37516e4fb7c30c1?s=96&d=mm&r=g\",\"caption\":\"ficoba\"}}]}<\/script>\n<!-- \/ Yoast SEO plugin. -->","yoast_head_json":{"title":"Bioterra 2019 arrive, une exp\u00e9rience \u00ab bio \u00bb unique dans notre environnement - Ficoba","robots":{"index":"index","follow":"follow","max-snippet":"max-snippet:-1","max-image-preview":"max-image-preview:large","max-video-preview":"max-video-preview:-1"},"canonical":"https:\/\/www.ficoba.org\/fr\/bioterra-2019-arrive-une-experience-bio-unique-dans-notre-environnement\/","twitter_misc":{"\u00c9crit par":"ficoba","Dur\u00e9e de lecture estim\u00e9e":"6 minutes"},"schema":{"@context":"https:\/\/schema.org","@graph":[{"@type":"Article","@id":"https:\/\/www.ficoba.org\/fr\/bioterra-2019-arrive-une-experience-bio-unique-dans-notre-environnement\/#article","isPartOf":{"@id":"https:\/\/www.ficoba.org\/fr\/bioterra-2019-arrive-une-experience-bio-unique-dans-notre-environnement\/"},"author":{"name":"ficoba","@id":"https:\/\/www.ficoba.org\/es\/#\/schema\/person\/8a96a121e5dbd393e6e6b5a7ee7ed407"},"headline":"Bioterra 2019 arrive, une exp\u00e9rience \u00ab bio \u00bb unique dans notre environnement","datePublished":"2019-06-03T10:44:36+00:00","mainEntityOfPage":{"@id":"https:\/\/www.ficoba.org\/fr\/bioterra-2019-arrive-une-experience-bio-unique-dans-notre-environnement\/"},"wordCount":1287,"commentCount":0,"publisher":{"@id":"https:\/\/www.ficoba.org\/es\/#organization"},"image":{"@id":"https:\/\/www.ficoba.org\/fr\/bioterra-2019-arrive-une-experience-bio-unique-dans-notre-environnement\/#primaryimage"},"thumbnailUrl":"https:\/\/www.ficoba.org\/wp-content\/uploads\/2019\/06\/Bioterra-NP.jpg","articleSection":["\u00c9v\u00e9nements et salons"],"inLanguage":"fr-FR","potentialAction":[{"@type":"CommentAction","name":"Comment","target":["https:\/\/www.ficoba.org\/fr\/bioterra-2019-arrive-une-experience-bio-unique-dans-notre-environnement\/#respond"]}]},{"@type":"WebPage","@id":"https:\/\/www.ficoba.org\/fr\/bioterra-2019-arrive-une-experience-bio-unique-dans-notre-environnement\/","url":"https:\/\/www.ficoba.org\/fr\/bioterra-2019-arrive-une-experience-bio-unique-dans-notre-environnement\/","name":"Bioterra 2019 arrive, une exp\u00e9rience \u00ab bio \u00bb unique dans notre environnement - Ficoba","isPartOf":{"@id":"https:\/\/www.ficoba.org\/es\/#website"},"primaryImageOfPage":{"@id":"https:\/\/www.ficoba.org\/fr\/bioterra-2019-arrive-une-experience-bio-unique-dans-notre-environnement\/#primaryimage"},"image":{"@id":"https:\/\/www.ficoba.org\/fr\/bioterra-2019-arrive-une-experience-bio-unique-dans-notre-environnement\/#primaryimage"},"thumbnailUrl":"https:\/\/www.ficoba.org\/wp-content\/uploads\/2019\/06\/Bioterra-NP.jpg","datePublished":"2019-06-03T10:44:36+00:00","breadcrumb":{"@id":"https:\/\/www.ficoba.org\/fr\/bioterra-2019-arrive-une-experience-bio-unique-dans-notre-environnement\/#breadcrumb"},"inLanguage":"fr-FR","potentialAction":[{"@type":"ReadAction","target":["https:\/\/www.ficoba.org\/fr\/bioterra-2019-arrive-une-experience-bio-unique-dans-notre-environnement\/"]}]},{"@type":"ImageObject","inLanguage":"fr-FR","@id":"https:\/\/www.ficoba.org\/fr\/bioterra-2019-arrive-une-experience-bio-unique-dans-notre-environnement\/#primaryimage","url":"https:\/\/www.ficoba.org\/wp-content\/uploads\/2019\/06\/Bioterra-NP.jpg","contentUrl":"https:\/\/www.ficoba.org\/wp-content\/uploads\/2019\/06\/Bioterra-NP.jpg","width":1632,"height":1224,"caption":"Presentaci\u00f3n Bioterra 2019"},{"@type":"BreadcrumbList","@id":"https:\/\/www.ficoba.org\/fr\/bioterra-2019-arrive-une-experience-bio-unique-dans-notre-environnement\/#breadcrumb","itemListElement":[{"@type":"ListItem","position":1,"name":"Portada","item":"https:\/\/www.ficoba.org\/fr\/"},{"@type":"ListItem","position":2,"name":"Bioterra 2019 arrive, une exp\u00e9rience \u00ab bio \u00bb unique dans notre environnement"}]},{"@type":"WebSite","@id":"https:\/\/www.ficoba.org\/es\/#website","url":"https:\/\/www.ficoba.org\/es\/","name":"Ficoba, Recinto Ferial de Gipuzkoa","description":"Ficoba, l\u2019art de cr\u00e9er des opportunit\u00e9s","publisher":{"@id":"https:\/\/www.ficoba.org\/es\/#organization"},"alternateName":"Ficoba","potentialAction":[{"@type":"SearchAction","target":{"@type":"EntryPoint","urlTemplate":"https:\/\/www.ficoba.org\/es\/?s={search_term_string}"},"query-input":{"@type":"PropertyValueSpecification","valueRequired":true,"valueName":"search_term_string"}}],"inLanguage":"fr-FR"},{"@type":"Organization","@id":"https:\/\/www.ficoba.org\/es\/#organization","name":"Ficoba, Reciento Ferial de Gipuzkoa","url":"https:\/\/www.ficoba.org\/es\/","logo":{"@type":"ImageObject","inLanguage":"fr-FR","@id":"https:\/\/www.ficoba.org\/es\/#\/schema\/logo\/image\/","url":"https:\/\/www.ficoba.org\/wp-content\/uploads\/2018\/11\/logo_ficoba.png","contentUrl":"https:\/\/www.ficoba.org\/wp-content\/uploads\/2018\/11\/logo_ficoba.png","width":200,"height":124,"caption":"Ficoba, Reciento Ferial de Gipuzkoa"},"image":{"@id":"https:\/\/www.ficoba.org\/es\/#\/schema\/logo\/image\/"},"sameAs":["https:\/\/www.facebook.com\/FICOBAFUNDAZIOA\/","https:\/\/x.com\/FicobaFundazioa","https:\/\/www.youtube.com\/channel\/UCvo2JGluemyCf5KPRmEF9JQ","https:\/\/www.linkedin.com\/company\/ficoba\/","https:\/\/www.instagram.com\/ficobafundazioa\/"]},{"@type":"Person","@id":"https:\/\/www.ficoba.org\/es\/#\/schema\/person\/8a96a121e5dbd393e6e6b5a7ee7ed407","name":"ficoba","image":{"@type":"ImageObject","inLanguage":"fr-FR","@id":"https:\/\/www.ficoba.org\/es\/#\/schema\/person\/image\/","url":"https:\/\/secure.gravatar.com\/avatar\/c90cc0e07f75fecbe4165c1906a4cd61b0179a28caae2205d37516e4fb7c30c1?s=96&d=mm&r=g","contentUrl":"https:\/\/secure.gravatar.com\/avatar\/c90cc0e07f75fecbe4165c1906a4cd61b0179a28caae2205d37516e4fb7c30c1?s=96&d=mm&r=g","caption":"ficoba"}}]}},"_links":{"self":[{"href":"https:\/\/www.ficoba.org\/fr\/wp-json\/wp\/v2\/posts\/5197","targetHints":{"allow":["GET"]}}],"collection":[{"href":"https:\/\/www.ficoba.org\/fr\/wp-json\/wp\/v2\/posts"}],"about":[{"href":"https:\/\/www.ficoba.org\/fr\/wp-json\/wp\/v2\/types\/post"}],"author":[{"embeddable":true,"href":"https:\/\/www.ficoba.org\/fr\/wp-json\/wp\/v2\/users\/2"}],"replies":[{"embeddable":true,"href":"https:\/\/www.ficoba.org\/fr\/wp-json\/wp\/v2\/comments?post=5197"}],"version-history":[{"count":1,"href":"https:\/\/www.ficoba.org\/fr\/wp-json\/wp\/v2\/posts\/5197\/revisions"}],"predecessor-version":[{"id":5198,"href":"https:\/\/www.ficoba.org\/fr\/wp-json\/wp\/v2\/posts\/5197\/revisions\/5198"}],"wp:featuredmedia":[{"embeddable":true,"href":"https:\/\/www.ficoba.org\/fr\/wp-json\/wp\/v2\/media\/5193"}],"wp:attachment":[{"href":"https:\/\/www.ficoba.org\/fr\/wp-json\/wp\/v2\/media?parent=5197"}],"wp:term":[{"taxonomy":"category","embeddable":true,"href":"https:\/\/www.ficoba.org\/fr\/wp-json\/wp\/v2\/categories?post=5197"},{"taxonomy":"post_tag","embeddable":true,"href":"https:\/\/www.ficoba.org\/fr\/wp-json\/wp\/v2\/tags?post=5197"}],"curies":[{"name":"wp","href":"https:\/\/api.w.org\/{rel}","templated":true}]}}