{"id":4977,"date":"2019-05-10T12:18:09","date_gmt":"2019-05-10T10:18:09","guid":{"rendered":"https:\/\/www.ficoba.org\/?p=4977"},"modified":"2019-05-10T12:18:09","modified_gmt":"2019-05-10T10:18:09","slug":"rendez-vous-a-caravantur-2019-a-ficoba-ce-weekend","status":"publish","type":"post","link":"https:\/\/www.ficoba.org\/fr\/rendez-vous-a-caravantur-2019-a-ficoba-ce-weekend\/","title":{"rendered":"Rendez-vous \u00e0 Caravantur 2019 \u00e0 Ficoba ce weekend"},"content":{"rendered":"<p>La troisi\u00e8me \u00e9dition de Caravantur, le salon du caravaning, des camping-cars et des vans, se d\u00e9roulera le weekend prochain, du vendredi 10 mai au dimanche 12 mai, \u00e0 Ficoba.<\/p>\n<p>Les trois pavillons de Ficoba accueilleront \u00e0 nouveau les propositions de vente et de location d&rsquo;une vingtaine d&rsquo;exposants qui repr\u00e9sentent les produits de 40 marques diff\u00e9rentes. Il s&rsquo;agit d&rsquo;une offre int\u00e9ressante dans laquelle les amateurs de ce type de tourisme trouveront des v\u00e9hicules pour tous les secteurs du caravaning, de la tente-remorque tr\u00e8s utile jusqu&rsquo;au camping-car haut de gamme enti\u00e8rement am\u00e9nag\u00e9.<\/p>\n<p><strong>Les vans mis \u00e0 l&rsquo;honneur<\/strong><\/p>\n<p>Les vans sont pr\u00e9sents \u00e0 Caravantur dans leurs multiples facettes\u00a0:\u00a0 des mod\u00e8les des firmes du caravaning aux fourgons de s\u00e9rie des concessionnaires automobiles locaux, ainsi que les vans am\u00e9nag\u00e9s personnalis\u00e9s que proposent les sp\u00e9cialistes du fourgon am\u00e9nag\u00e9 de la r\u00e9gion.<\/p>\n<p><strong>Les tentes-remorques et le stationnement de nuit, deux grandes nouveaut\u00e9s<\/strong><\/p>\n<p>Les tentes-remorques sont des caravanes pliantes tr\u00e8s faciles \u00e0 transporter dans la voiture et \u00e0 ranger gr\u00e2ce \u00e0 leurs dimensions r\u00e9duites une fois pli\u00e9es.<\/p>\n<p>Les caravanes offrant des am\u00e9nagements judicieux tr\u00e8s demand\u00e9s sur le march\u00e9 et des mod\u00e8les accessibles seront aussi pr\u00e9sents dans cette \u00e9dition.<\/p>\n<p>De plus, pour cette \u00e9dition, les visiteurs \u00e9trangers qui souhaitent stationner leur camping-car ou leur van dans le parking de Ficoba pour la nuit pourront le faire en s&rsquo;inscrivant sur le site du salon (caravantur.ficoba.org).<\/p>\n<p>Caravantur est un salon coorganis\u00e9 par Ficoba et El Diario Vasco qui vise \u00e0 r\u00e9pondre \u00e0 l&rsquo;int\u00e9r\u00eat croissant envers ce type de v\u00e9hicules de loisirs dans notre r\u00e9gion.<\/p>\n<p>Autres nouveaut\u00e9s cette ann\u00e9e\u00a0: pendant le salon un <strong>bon de 600 euros<\/strong> de r\u00e9duction sur l&rsquo;achat ou la location de v\u00e9hicules sera tir\u00e9 au sort, un <strong>espace ludique pour enfants<\/strong> avec <strong>des structures gonflables<\/strong> sera am\u00e9nag\u00e9 et une zone de <strong><em>food trucks<\/em><\/strong> sera install\u00e9e pour se restaurer..<\/p>\n<p><strong>Donn\u00e9es pratiques<\/strong><\/p>\n<p>Horaires\u00a0:<\/p>\n<p>Vendredi, samedi et dimanche\u00a0: de 10h \u00e0 20h<\/p>\n<p>Entr\u00e9e et parking gratuits<\/p>\n","protected":false},"excerpt":{"rendered":"<p>La troisi\u00e8me \u00e9dition de Caravantur, le salon du caravaning, des camping-cars et des vans, se d\u00e9roulera le weekend prochain, du vendredi 10 mai au dimanche 12 mai, \u00e0 Ficoba. Les [&hellip;]<\/p>\n","protected":false},"author":2,"featured_media":4973,"comment_status":"open","ping_status":"open","sticky":false,"template":"","format":"standard","meta":{"_et_pb_use_builder":"","_et_pb_old_content":"","_et_gb_content_width":"","footnotes":""},"categories":[19],"tags":[80,79,81],"class_list":["post-4977","post","type-post","status-publish","format-standard","has-post-thumbnail","hentry","category-evenements-et-salons","tag-camping-cars","tag-caravaning","tag-vans"],"yoast_head":"<!-- This site is optimized with the Yoast SEO plugin v26.8 - https:\/\/yoast.com\/product\/yoast-seo-wordpress\/ -->\n<title>Rendez-vous \u00e0 Caravantur 2019 \u00e0 Ficoba ce weekend - Ficoba<\/title>\n<meta name=\"robots\" content=\"index, follow, max-snippet:-1, max-image-preview:large, max-video-preview:-1\" \/>\n<link rel=\"canonical\" href=\"https:\/\/www.ficoba.org\/fr\/rendez-vous-a-caravantur-2019-a-ficoba-ce-weekend\/\" \/>\n<meta name=\"twitter:label1\" content=\"\u00c9crit par\" \/>\n\t<meta name=\"twitter:data1\" content=\"ficoba\" \/>\n\t<meta name=\"twitter:label2\" content=\"Dur\u00e9e de lecture estim\u00e9e\" \/>\n\t<meta name=\"twitter:data2\" content=\"2 minutes\" \/>\n<script type=\"application\/ld+json\" class=\"yoast-schema-graph\">{\"@context\":\"https:\/\/schema.org\",\"@graph\":[{\"@type\":\"Article\",\"@id\":\"https:\/\/www.ficoba.org\/fr\/rendez-vous-a-caravantur-2019-a-ficoba-ce-weekend\/#article\",\"isPartOf\":{\"@id\":\"https:\/\/www.ficoba.org\/fr\/rendez-vous-a-caravantur-2019-a-ficoba-ce-weekend\/\"},\"author\":{\"name\":\"ficoba\",\"@id\":\"https:\/\/www.ficoba.org\/es\/#\/schema\/person\/8a96a121e5dbd393e6e6b5a7ee7ed407\"},\"headline\":\"Rendez-vous \u00e0 Caravantur 2019 \u00e0 Ficoba ce weekend\",\"datePublished\":\"2019-05-10T10:18:09+00:00\",\"mainEntityOfPage\":{\"@id\":\"https:\/\/www.ficoba.org\/fr\/rendez-vous-a-caravantur-2019-a-ficoba-ce-weekend\/\"},\"wordCount\":358,\"commentCount\":0,\"publisher\":{\"@id\":\"https:\/\/www.ficoba.org\/es\/#organization\"},\"image\":{\"@id\":\"https:\/\/www.ficoba.org\/fr\/rendez-vous-a-caravantur-2019-a-ficoba-ce-weekend\/#primaryimage\"},\"thumbnailUrl\":\"https:\/\/www.ficoba.org\/wp-content\/uploads\/2019\/05\/Caravantur-1.jpg\",\"keywords\":[\"camping-cars\",\"caravaning\",\"vans\"],\"articleSection\":[\"\u00c9v\u00e9nements et salons\"],\"inLanguage\":\"fr-FR\",\"potentialAction\":[{\"@type\":\"CommentAction\",\"name\":\"Comment\",\"target\":[\"https:\/\/www.ficoba.org\/fr\/rendez-vous-a-caravantur-2019-a-ficoba-ce-weekend\/#respond\"]}]},{\"@type\":\"WebPage\",\"@id\":\"https:\/\/www.ficoba.org\/fr\/rendez-vous-a-caravantur-2019-a-ficoba-ce-weekend\/\",\"url\":\"https:\/\/www.ficoba.org\/fr\/rendez-vous-a-caravantur-2019-a-ficoba-ce-weekend\/\",\"name\":\"Rendez-vous \u00e0 Caravantur 2019 \u00e0 Ficoba ce weekend - Ficoba\",\"isPartOf\":{\"@id\":\"https:\/\/www.ficoba.org\/es\/#website\"},\"primaryImageOfPage\":{\"@id\":\"https:\/\/www.ficoba.org\/fr\/rendez-vous-a-caravantur-2019-a-ficoba-ce-weekend\/#primaryimage\"},\"image\":{\"@id\":\"https:\/\/www.ficoba.org\/fr\/rendez-vous-a-caravantur-2019-a-ficoba-ce-weekend\/#primaryimage\"},\"thumbnailUrl\":\"https:\/\/www.ficoba.org\/wp-content\/uploads\/2019\/05\/Caravantur-1.jpg\",\"datePublished\":\"2019-05-10T10:18:09+00:00\",\"breadcrumb\":{\"@id\":\"https:\/\/www.ficoba.org\/fr\/rendez-vous-a-caravantur-2019-a-ficoba-ce-weekend\/#breadcrumb\"},\"inLanguage\":\"fr-FR\",\"potentialAction\":[{\"@type\":\"ReadAction\",\"target\":[\"https:\/\/www.ficoba.org\/fr\/rendez-vous-a-caravantur-2019-a-ficoba-ce-weekend\/\"]}]},{\"@type\":\"ImageObject\",\"inLanguage\":\"fr-FR\",\"@id\":\"https:\/\/www.ficoba.org\/fr\/rendez-vous-a-caravantur-2019-a-ficoba-ce-weekend\/#primaryimage\",\"url\":\"https:\/\/www.ficoba.org\/wp-content\/uploads\/2019\/05\/Caravantur-1.jpg\",\"contentUrl\":\"https:\/\/www.ficoba.org\/wp-content\/uploads\/2019\/05\/Caravantur-1.jpg\",\"width\":2592,\"height\":1936},{\"@type\":\"BreadcrumbList\",\"@id\":\"https:\/\/www.ficoba.org\/fr\/rendez-vous-a-caravantur-2019-a-ficoba-ce-weekend\/#breadcrumb\",\"itemListElement\":[{\"@type\":\"ListItem\",\"position\":1,\"name\":\"Portada\",\"item\":\"https:\/\/www.ficoba.org\/fr\/\"},{\"@type\":\"ListItem\",\"position\":2,\"name\":\"Rendez-vous \u00e0 Caravantur 2019 \u00e0 Ficoba ce weekend\"}]},{\"@type\":\"WebSite\",\"@id\":\"https:\/\/www.ficoba.org\/es\/#website\",\"url\":\"https:\/\/www.ficoba.org\/es\/\",\"name\":\"Ficoba, Recinto Ferial de Gipuzkoa\",\"description\":\"Ficoba, l\u2019art de cr\u00e9er des opportunit\u00e9s\",\"publisher\":{\"@id\":\"https:\/\/www.ficoba.org\/es\/#organization\"},\"alternateName\":\"Ficoba\",\"potentialAction\":[{\"@type\":\"SearchAction\",\"target\":{\"@type\":\"EntryPoint\",\"urlTemplate\":\"https:\/\/www.ficoba.org\/es\/?s={search_term_string}\"},\"query-input\":{\"@type\":\"PropertyValueSpecification\",\"valueRequired\":true,\"valueName\":\"search_term_string\"}}],\"inLanguage\":\"fr-FR\"},{\"@type\":\"Organization\",\"@id\":\"https:\/\/www.ficoba.org\/es\/#organization\",\"name\":\"Ficoba, Reciento Ferial de Gipuzkoa\",\"url\":\"https:\/\/www.ficoba.org\/es\/\",\"logo\":{\"@type\":\"ImageObject\",\"inLanguage\":\"fr-FR\",\"@id\":\"https:\/\/www.ficoba.org\/es\/#\/schema\/logo\/image\/\",\"url\":\"https:\/\/www.ficoba.org\/wp-content\/uploads\/2018\/11\/logo_ficoba.png\",\"contentUrl\":\"https:\/\/www.ficoba.org\/wp-content\/uploads\/2018\/11\/logo_ficoba.png\",\"width\":200,\"height\":124,\"caption\":\"Ficoba, Reciento Ferial de Gipuzkoa\"},\"image\":{\"@id\":\"https:\/\/www.ficoba.org\/es\/#\/schema\/logo\/image\/\"},\"sameAs\":[\"https:\/\/www.facebook.com\/FICOBAFUNDAZIOA\/\",\"https:\/\/x.com\/FicobaFundazioa\",\"https:\/\/www.youtube.com\/channel\/UCvo2JGluemyCf5KPRmEF9JQ\",\"https:\/\/www.linkedin.com\/company\/ficoba\/\",\"https:\/\/www.instagram.com\/ficobafundazioa\/\"]},{\"@type\":\"Person\",\"@id\":\"https:\/\/www.ficoba.org\/es\/#\/schema\/person\/8a96a121e5dbd393e6e6b5a7ee7ed407\",\"name\":\"ficoba\",\"image\":{\"@type\":\"ImageObject\",\"inLanguage\":\"fr-FR\",\"@id\":\"https:\/\/www.ficoba.org\/es\/#\/schema\/person\/image\/\",\"url\":\"https:\/\/secure.gravatar.com\/avatar\/c90cc0e07f75fecbe4165c1906a4cd61b0179a28caae2205d37516e4fb7c30c1?s=96&d=mm&r=g\",\"contentUrl\":\"https:\/\/secure.gravatar.com\/avatar\/c90cc0e07f75fecbe4165c1906a4cd61b0179a28caae2205d37516e4fb7c30c1?s=96&d=mm&r=g\",\"caption\":\"ficoba\"}}]}<\/script>\n<!-- \/ Yoast SEO plugin. -->","yoast_head_json":{"title":"Rendez-vous \u00e0 Caravantur 2019 \u00e0 Ficoba ce weekend - Ficoba","robots":{"index":"index","follow":"follow","max-snippet":"max-snippet:-1","max-image-preview":"max-image-preview:large","max-video-preview":"max-video-preview:-1"},"canonical":"https:\/\/www.ficoba.org\/fr\/rendez-vous-a-caravantur-2019-a-ficoba-ce-weekend\/","twitter_misc":{"\u00c9crit par":"ficoba","Dur\u00e9e de lecture estim\u00e9e":"2 minutes"},"schema":{"@context":"https:\/\/schema.org","@graph":[{"@type":"Article","@id":"https:\/\/www.ficoba.org\/fr\/rendez-vous-a-caravantur-2019-a-ficoba-ce-weekend\/#article","isPartOf":{"@id":"https:\/\/www.ficoba.org\/fr\/rendez-vous-a-caravantur-2019-a-ficoba-ce-weekend\/"},"author":{"name":"ficoba","@id":"https:\/\/www.ficoba.org\/es\/#\/schema\/person\/8a96a121e5dbd393e6e6b5a7ee7ed407"},"headline":"Rendez-vous \u00e0 Caravantur 2019 \u00e0 Ficoba ce weekend","datePublished":"2019-05-10T10:18:09+00:00","mainEntityOfPage":{"@id":"https:\/\/www.ficoba.org\/fr\/rendez-vous-a-caravantur-2019-a-ficoba-ce-weekend\/"},"wordCount":358,"commentCount":0,"publisher":{"@id":"https:\/\/www.ficoba.org\/es\/#organization"},"image":{"@id":"https:\/\/www.ficoba.org\/fr\/rendez-vous-a-caravantur-2019-a-ficoba-ce-weekend\/#primaryimage"},"thumbnailUrl":"https:\/\/www.ficoba.org\/wp-content\/uploads\/2019\/05\/Caravantur-1.jpg","keywords":["camping-cars","caravaning","vans"],"articleSection":["\u00c9v\u00e9nements et salons"],"inLanguage":"fr-FR","potentialAction":[{"@type":"CommentAction","name":"Comment","target":["https:\/\/www.ficoba.org\/fr\/rendez-vous-a-caravantur-2019-a-ficoba-ce-weekend\/#respond"]}]},{"@type":"WebPage","@id":"https:\/\/www.ficoba.org\/fr\/rendez-vous-a-caravantur-2019-a-ficoba-ce-weekend\/","url":"https:\/\/www.ficoba.org\/fr\/rendez-vous-a-caravantur-2019-a-ficoba-ce-weekend\/","name":"Rendez-vous \u00e0 Caravantur 2019 \u00e0 Ficoba ce weekend - Ficoba","isPartOf":{"@id":"https:\/\/www.ficoba.org\/es\/#website"},"primaryImageOfPage":{"@id":"https:\/\/www.ficoba.org\/fr\/rendez-vous-a-caravantur-2019-a-ficoba-ce-weekend\/#primaryimage"},"image":{"@id":"https:\/\/www.ficoba.org\/fr\/rendez-vous-a-caravantur-2019-a-ficoba-ce-weekend\/#primaryimage"},"thumbnailUrl":"https:\/\/www.ficoba.org\/wp-content\/uploads\/2019\/05\/Caravantur-1.jpg","datePublished":"2019-05-10T10:18:09+00:00","breadcrumb":{"@id":"https:\/\/www.ficoba.org\/fr\/rendez-vous-a-caravantur-2019-a-ficoba-ce-weekend\/#breadcrumb"},"inLanguage":"fr-FR","potentialAction":[{"@type":"ReadAction","target":["https:\/\/www.ficoba.org\/fr\/rendez-vous-a-caravantur-2019-a-ficoba-ce-weekend\/"]}]},{"@type":"ImageObject","inLanguage":"fr-FR","@id":"https:\/\/www.ficoba.org\/fr\/rendez-vous-a-caravantur-2019-a-ficoba-ce-weekend\/#primaryimage","url":"https:\/\/www.ficoba.org\/wp-content\/uploads\/2019\/05\/Caravantur-1.jpg","contentUrl":"https:\/\/www.ficoba.org\/wp-content\/uploads\/2019\/05\/Caravantur-1.jpg","width":2592,"height":1936},{"@type":"BreadcrumbList","@id":"https:\/\/www.ficoba.org\/fr\/rendez-vous-a-caravantur-2019-a-ficoba-ce-weekend\/#breadcrumb","itemListElement":[{"@type":"ListItem","position":1,"name":"Portada","item":"https:\/\/www.ficoba.org\/fr\/"},{"@type":"ListItem","position":2,"name":"Rendez-vous \u00e0 Caravantur 2019 \u00e0 Ficoba ce weekend"}]},{"@type":"WebSite","@id":"https:\/\/www.ficoba.org\/es\/#website","url":"https:\/\/www.ficoba.org\/es\/","name":"Ficoba, Recinto Ferial de Gipuzkoa","description":"Ficoba, l\u2019art de cr\u00e9er des opportunit\u00e9s","publisher":{"@id":"https:\/\/www.ficoba.org\/es\/#organization"},"alternateName":"Ficoba","potentialAction":[{"@type":"SearchAction","target":{"@type":"EntryPoint","urlTemplate":"https:\/\/www.ficoba.org\/es\/?s={search_term_string}"},"query-input":{"@type":"PropertyValueSpecification","valueRequired":true,"valueName":"search_term_string"}}],"inLanguage":"fr-FR"},{"@type":"Organization","@id":"https:\/\/www.ficoba.org\/es\/#organization","name":"Ficoba, Reciento Ferial de Gipuzkoa","url":"https:\/\/www.ficoba.org\/es\/","logo":{"@type":"ImageObject","inLanguage":"fr-FR","@id":"https:\/\/www.ficoba.org\/es\/#\/schema\/logo\/image\/","url":"https:\/\/www.ficoba.org\/wp-content\/uploads\/2018\/11\/logo_ficoba.png","contentUrl":"https:\/\/www.ficoba.org\/wp-content\/uploads\/2018\/11\/logo_ficoba.png","width":200,"height":124,"caption":"Ficoba, Reciento Ferial de Gipuzkoa"},"image":{"@id":"https:\/\/www.ficoba.org\/es\/#\/schema\/logo\/image\/"},"sameAs":["https:\/\/www.facebook.com\/FICOBAFUNDAZIOA\/","https:\/\/x.com\/FicobaFundazioa","https:\/\/www.youtube.com\/channel\/UCvo2JGluemyCf5KPRmEF9JQ","https:\/\/www.linkedin.com\/company\/ficoba\/","https:\/\/www.instagram.com\/ficobafundazioa\/"]},{"@type":"Person","@id":"https:\/\/www.ficoba.org\/es\/#\/schema\/person\/8a96a121e5dbd393e6e6b5a7ee7ed407","name":"ficoba","image":{"@type":"ImageObject","inLanguage":"fr-FR","@id":"https:\/\/www.ficoba.org\/es\/#\/schema\/person\/image\/","url":"https:\/\/secure.gravatar.com\/avatar\/c90cc0e07f75fecbe4165c1906a4cd61b0179a28caae2205d37516e4fb7c30c1?s=96&d=mm&r=g","contentUrl":"https:\/\/secure.gravatar.com\/avatar\/c90cc0e07f75fecbe4165c1906a4cd61b0179a28caae2205d37516e4fb7c30c1?s=96&d=mm&r=g","caption":"ficoba"}}]}},"_links":{"self":[{"href":"https:\/\/www.ficoba.org\/fr\/wp-json\/wp\/v2\/posts\/4977","targetHints":{"allow":["GET"]}}],"collection":[{"href":"https:\/\/www.ficoba.org\/fr\/wp-json\/wp\/v2\/posts"}],"about":[{"href":"https:\/\/www.ficoba.org\/fr\/wp-json\/wp\/v2\/types\/post"}],"author":[{"embeddable":true,"href":"https:\/\/www.ficoba.org\/fr\/wp-json\/wp\/v2\/users\/2"}],"replies":[{"embeddable":true,"href":"https:\/\/www.ficoba.org\/fr\/wp-json\/wp\/v2\/comments?post=4977"}],"version-history":[{"count":0,"href":"https:\/\/www.ficoba.org\/fr\/wp-json\/wp\/v2\/posts\/4977\/revisions"}],"wp:featuredmedia":[{"embeddable":true,"href":"https:\/\/www.ficoba.org\/fr\/wp-json\/wp\/v2\/media\/4973"}],"wp:attachment":[{"href":"https:\/\/www.ficoba.org\/fr\/wp-json\/wp\/v2\/media?parent=4977"}],"wp:term":[{"taxonomy":"category","embeddable":true,"href":"https:\/\/www.ficoba.org\/fr\/wp-json\/wp\/v2\/categories?post=4977"},{"taxonomy":"post_tag","embeddable":true,"href":"https:\/\/www.ficoba.org\/fr\/wp-json\/wp\/v2\/tags?post=4977"}],"curies":[{"name":"wp","href":"https:\/\/api.w.org\/{rel}","templated":true}]}}