{"id":4963,"date":"2019-05-07T13:22:49","date_gmt":"2019-05-07T11:22:49","guid":{"rendered":"https:\/\/www.ficoba.org\/?p=4963"},"modified":"2019-05-07T13:22:49","modified_gmt":"2019-05-07T11:22:49","slug":"le-developpement-durable-et-la-consommation-responsable-sont-mis-a-lhonneur-pour-la-16eme-edition-de-bioterra-a-ficoba","status":"publish","type":"post","link":"https:\/\/www.ficoba.org\/fr\/le-developpement-durable-et-la-consommation-responsable-sont-mis-a-lhonneur-pour-la-16eme-edition-de-bioterra-a-ficoba\/","title":{"rendered":"Le d\u00e9veloppement durable et la consommation responsable sont mis \u00e0 l&rsquo;honneur pour la 16\u00e8me \u00e9dition de Bioterra \u00e0 Ficoba"},"content":{"rendered":"<p>Ce matin, une nouvelle \u00e9dition de Bioterra, le salon des produits \u00e9cologiques, de la bioconstruction, des \u00e9nergies renouvelables et de la consommation responsable du Pays basque, a \u00e9t\u00e9 pr\u00e9sent\u00e9e \u00e0 Ficoba en pr\u00e9sence de plusieurs acteurs du secteur. Bioterra r\u00e9unit depuis 16 ans les principaux producteurs, fabricants et distributeurs de l&rsquo;\u00c9tat pour favoriser les contacts commerciaux, ce qui lui a valu de devenir l&rsquo;un des principaux salons du secteur.<\/p>\n<p>Bioterra se distingue par sa proposition professionnelle tant d&rsquo;un point de vue organisationnel que des contenus propos\u00e9s, un aspect qu&rsquo;appr\u00e9cient fortement les exposants, qui soulignent \u00e9galement la capacit\u00e9 de Bioterra pour attirer des visiteurs de qualit\u00e9 et la proximit\u00e9 de la France, autre point diff\u00e9rentiel et attrayant pour ceux qui souhaitent p\u00e9n\u00e9trer dans le pays voisin.<\/p>\n<p>La bataille pour la durabilit\u00e9 se livre sur deux fronts\u00a0: celui des id\u00e9es et celui des actions concr\u00e8tes. C&rsquo;est pourquoi cette ann\u00e9e Bioterra proposera du 7 au 9 juin \u00e0 Ficoba un programme dans lequel la durabilit\u00e9 est abord\u00e9e autour de deux actions que l&rsquo;on pourrait aussi appeler des r\u00e9flexions \u00ab\u00a0macro\u00a0\u00bb, mais aussi autour de petites actions et d\u00e9cisions qui contribuent au quotidien \u00e0 faire de la Terre un lieu plus durable.<\/p>\n<p><strong>Mers, plastique, actions de nettoyage<\/strong><\/p>\n<p>Sans oublier les th\u00e9matiques habituelles \u00e0 Bioterra, l&rsquo;\u00e9tat des oc\u00e9ans et des mers sera \u00e9galement au c\u0153ur de cette \u00e9dition. Pour se mettre en jambe, en collaboration avec <strong>Surfrider<\/strong>, une organisation consacr\u00e9e \u00e0 la protection et \u00e0 la valorisation des oc\u00e9ans, des vagues et du littoral, avec une trajectoire de plus de 25 ans \u00e0 son actif, une activit\u00e9 de <strong>ramassage de d\u00e9chets marins<\/strong> aura lieu le 19 mai. Une action en collaboration avec l&rsquo;Ekoetxea Txingudi dans le <strong>Parc \u00e9cologique de Plaiaundi<\/strong>, qui s&rsquo;\u00e9tend sur 24 hectares, est pr\u00e9vue. Ce lieu a \u00e9t\u00e9 choisi parce qu&rsquo;il comprend des espaces \u00e0 haute valeur \u00e9cologique class\u00e9s en tant que lieux d&rsquo;int\u00e9r\u00eat communautaire (LIC) Txingudi-Bidasoa et zone sp\u00e9ciale pour la protection des oiseaux (ZEPA) Txingudi, inclus dans la liste des zones humides selon Ramsar. Toutefois, ces espaces sont menac\u00e9s par la pr\u00e9sence du noyau urbain d&rsquo;Irun et le flux de la mar\u00e9e qui charrie les d\u00e9chets marins vers les marais.<\/p>\n<p>Par ailleurs, durant le salon Surfrider organisera <strong>des ateliers de tri des d\u00e9chets<\/strong> marins, pour adultes et enfants, avec les les d\u00e9chets ramass\u00e9s le 19 mai, conform\u00e9ment au protocole scientifique utilis\u00e9 durant les activit\u00e9s d&rsquo;<em>Ocean Initiatives<\/em> et en saisissant les donn\u00e9es dans l&rsquo;<em>Application Marine Litter Watch,<\/em> une application de l&rsquo;agence europ\u00e9enne pour l&rsquo;environnement.<\/p>\n<p>Dans le cadre de la durabilit\u00e9 des mers, l&rsquo;<strong>Association GAEA<\/strong> nous interpelle directement \u00e0 Bioterra avec sa causerie intitul\u00e9e <strong>\u00ab\u00a0Et moi, qu&rsquo;est-ce que je peux faire\u00a0?\u00a0\u00bb<\/strong>. Cette association pr\u00e9sentera ses recherches autour du plastique qui envahit silencieusement notre quotidien du fait de sa pr\u00e9sence partout et qui colonise progressivement notre environnement. Il fait le tour du monde&#8230; et n&rsquo;a pas la moindre intention de s&rsquo;\u00e9clipser.<\/p>\n<p>L&rsquo;association GAEA Elkartea vise \u00e0 promouvoir la d\u00e9fense et la protection de l&rsquo;environnement naturel, et principalement du milieu marin, \u00e0 r\u00e9duire l&rsquo;impact anthropique et \u00e0 favoriser la conservation de la vie marine par le biais de la sensibilisation, la prise de conscience et la divulgation aupr\u00e8s de la soci\u00e9t\u00e9.<\/p>\n<p>Pour ce faire, elle promeut des projets ax\u00e9s sur la r\u00e9duction et la r\u00e9utilisation des ressources et encourage un changement de notre mod\u00e8le actuel de consommation en visibilisant la probl\u00e9matique dans un endroit inaccessible pour la plupart des gens\u00a0: les fonds marins.<\/p>\n<p>Elle estime qu&rsquo;il faut absolument promouvoir l&rsquo;id\u00e9e que les petits gestes peuvent avoir un grand impact et que nous pouvons tous influencer notre avenir et l&rsquo;avenir de notre plan\u00e8te par nos actions.<\/p>\n<p><strong>L&rsquo;agriculture \u00e9cologique poursuit sa croissance au Pays basque<\/strong><\/p>\n<p>L&rsquo;agriculture \u00e9cologique a une cote raisonnable au Pays basque. Au cours des 10 derni\u00e8res ann\u00e9es, le nombre de personnes op\u00e9ratrices et de surfaces cultiv\u00e9es a augment\u00e9 de mani\u00e8re constante, sans atteindre toutefois les chiffres en termes de consommation d&rsquo;aliments \u00e9cologiques qui augmentent au fur et \u00e0 mesure que l&rsquo;offre disponible sur le march\u00e9 augmente.<\/p>\n<p>Comme l&rsquo;a expliqu\u00e9 aujourd&rsquo;hui le Conseil de l&rsquo;alimentation et de l&rsquo;agriculture \u00e9cologique d&rsquo;Euskadi (ENEEK) lors de la conf\u00e9rence de presse de pr\u00e9sentation de Bioterra tenue \u00e0 Ficoba, en 2018 les chiffres obtenus de l&rsquo;agriculture \u00e9cologique ont \u00e9t\u00e9 positifs, avec une <strong>croissance de 8\u00a0% du nombre d&rsquo;op\u00e9rateurs<\/strong> inscrits au Pays basque et de <strong>5\u00a0% en ce qui concerne la superficie agricole \u00e9cologique<\/strong>.\u00a0 En d\u00e9cembre 2018, le nombre d&rsquo;op\u00e9rateurs s&rsquo;\u00e9levait \u00e0 585 et celui de la superficie totale cultiv\u00e9e \u00e0 4\u00a0466 hectares. En termes de <strong>chiffre d&rsquo;affaires<\/strong>, il s&rsquo;\u00e9l\u00e8ve \u00e0 <strong>42 458 592<\/strong> euros, soit plus du double de celui de 2017.<\/p>\n<p>Comme aux exercices pr\u00e9c\u00e9dents, le Guipuscoa, bien qu&rsquo;ayant la plus faible r\u00e9percussion en termes d&rsquo;extension territoriale (848 hectares par rapport aux 883 hectares de la Bizkaye ou aux 2\u00a0735 hectares d&rsquo;Araba), poss\u00e8de toujours le plus grand nombre d&rsquo;acteurs dans le secteur\u00a0: 227.<\/p>\n<p>Par surface cultiv\u00e9e, les p\u00e2turages, les praires, les fourrages et les prot\u00e9agineux repr\u00e9sentent 63\u00a0% de la culture \u00e9cologique du Pays basque, suivis de la vigne avec 17\u00a0% et des arbres fruitiers et des c\u00e9r\u00e9ales avec 6\u00a0%.<\/p>\n<p>En ce qui concerne les entreprises de transformation \u00e9cologiques, les principales activit\u00e9s restent celles du secteur de la boulangerie, des conserves v\u00e9g\u00e9tales, de fabrication du cidre, de transformation de produits laitiers et des salles de d\u00e9pe\u00e7age.<\/p>\n<p><strong>Eneek \u00e0 Bioterra 2019<\/strong><\/p>\n<p>Cette ann\u00e9e encore, ENEEK a particip\u00e9 activement pour que les acteurs \u00e9cologiques basques puissent pr\u00e9senter leur offre vari\u00e9e au public de Bioterra\u00a0: des l\u00e9gumes, des plantes, des conserves de l\u00e9gumes, des plats cuisin\u00e9s, des pains et des petits pains, mais aussi des fromages, du cidre, du vin, des fruits secs, etc.<\/p>\n<p>En outre, dans le but de visibiliser les avantages de la production locale de produits \u00e9cologiques et les bienfaits de leur consommation pour le public et l&rsquo;environnement, ENEEK a organis\u00e9 des activit\u00e9s de <em>showcooking<\/em> et a mis \u00e0 la disposition de l&rsquo;organisation de Bioterra des lots de produits \u00e9cologiques qui seront tir\u00e9s au sort toutes les heures pendant les trois jours que durera le salon.<\/p>\n<p><strong>Renseignements pratiques<\/strong><\/p>\n<p>La 16\u00e8me \u00e9dition de Bioterra ouvrira ses portes du <strong>vendredi 7 juin au dimanche 9<\/strong> juin.<\/p>\n<p>Le salon restera ouvert <strong>sans interruption<\/strong> de 10\u00a0h \u00e0 20\u00a0h le vendredi et le dimanche, et se prolongera jusqu&rsquo;\u00e0 21\u00a0h le samedi. Prix de l&rsquo;entr\u00e9e\u00a0: <strong>3\u20ac\u00a0(enfants jusqu&rsquo;\u00e0 12 ans, gratuit)<\/strong>. <strong>Parking gratuit<\/strong>. Arr\u00eat d&rsquo;Euskotren \u00e0 50\u00a0m\u00e8tres.<\/p>\n<p>&nbsp;<\/p>\n<p><strong><u><a href=\"http:\/\/bioterra.ficoba.org\">http:\/\/bioterra.ficoba.org<\/a><\/u><\/strong><\/p>\n","protected":false},"excerpt":{"rendered":"<p>Ce matin, une nouvelle \u00e9dition de Bioterra, le salon des produits \u00e9cologiques, de la bioconstruction, des \u00e9nergies renouvelables et de la consommation responsable du Pays basque, a \u00e9t\u00e9 pr\u00e9sent\u00e9e \u00e0 [&hellip;]<\/p>\n","protected":false},"author":2,"featured_media":4955,"comment_status":"open","ping_status":"open","sticky":false,"template":"","format":"standard","meta":{"_et_pb_use_builder":"","_et_pb_old_content":"","_et_gb_content_width":"","footnotes":""},"categories":[19],"tags":[],"class_list":["post-4963","post","type-post","status-publish","format-standard","has-post-thumbnail","hentry","category-evenements-et-salons"],"yoast_head":"<!-- This site is optimized with the Yoast SEO plugin v26.8 - https:\/\/yoast.com\/product\/yoast-seo-wordpress\/ -->\n<title>Le d\u00e9veloppement durable et la consommation responsable sont mis \u00e0 l&#039;honneur pour la 16\u00e8me \u00e9dition de Bioterra \u00e0 Ficoba - Ficoba<\/title>\n<meta name=\"robots\" content=\"index, follow, max-snippet:-1, max-image-preview:large, max-video-preview:-1\" \/>\n<link rel=\"canonical\" href=\"https:\/\/www.ficoba.org\/fr\/le-developpement-durable-et-la-consommation-responsable-sont-mis-a-lhonneur-pour-la-16eme-edition-de-bioterra-a-ficoba\/\" \/>\n<meta name=\"twitter:label1\" content=\"\u00c9crit par\" \/>\n\t<meta name=\"twitter:data1\" content=\"ficoba\" \/>\n\t<meta name=\"twitter:label2\" content=\"Dur\u00e9e de lecture estim\u00e9e\" \/>\n\t<meta name=\"twitter:data2\" content=\"6 minutes\" \/>\n<script type=\"application\/ld+json\" class=\"yoast-schema-graph\">{\"@context\":\"https:\/\/schema.org\",\"@graph\":[{\"@type\":\"Article\",\"@id\":\"https:\/\/www.ficoba.org\/fr\/le-developpement-durable-et-la-consommation-responsable-sont-mis-a-lhonneur-pour-la-16eme-edition-de-bioterra-a-ficoba\/#article\",\"isPartOf\":{\"@id\":\"https:\/\/www.ficoba.org\/fr\/le-developpement-durable-et-la-consommation-responsable-sont-mis-a-lhonneur-pour-la-16eme-edition-de-bioterra-a-ficoba\/\"},\"author\":{\"name\":\"ficoba\",\"@id\":\"https:\/\/www.ficoba.org\/es\/#\/schema\/person\/8a96a121e5dbd393e6e6b5a7ee7ed407\"},\"headline\":\"Le d\u00e9veloppement durable et la consommation responsable sont mis \u00e0 l&rsquo;honneur pour la 16\u00e8me \u00e9dition de Bioterra \u00e0 Ficoba\",\"datePublished\":\"2019-05-07T11:22:49+00:00\",\"mainEntityOfPage\":{\"@id\":\"https:\/\/www.ficoba.org\/fr\/le-developpement-durable-et-la-consommation-responsable-sont-mis-a-lhonneur-pour-la-16eme-edition-de-bioterra-a-ficoba\/\"},\"wordCount\":1162,\"commentCount\":0,\"publisher\":{\"@id\":\"https:\/\/www.ficoba.org\/es\/#organization\"},\"image\":{\"@id\":\"https:\/\/www.ficoba.org\/fr\/le-developpement-durable-et-la-consommation-responsable-sont-mis-a-lhonneur-pour-la-16eme-edition-de-bioterra-a-ficoba\/#primaryimage\"},\"thumbnailUrl\":\"https:\/\/www.ficoba.org\/wp-content\/uploads\/2019\/05\/Bioterra-2.jpg\",\"articleSection\":[\"\u00c9v\u00e9nements et salons\"],\"inLanguage\":\"fr-FR\",\"potentialAction\":[{\"@type\":\"CommentAction\",\"name\":\"Comment\",\"target\":[\"https:\/\/www.ficoba.org\/fr\/le-developpement-durable-et-la-consommation-responsable-sont-mis-a-lhonneur-pour-la-16eme-edition-de-bioterra-a-ficoba\/#respond\"]}]},{\"@type\":\"WebPage\",\"@id\":\"https:\/\/www.ficoba.org\/fr\/le-developpement-durable-et-la-consommation-responsable-sont-mis-a-lhonneur-pour-la-16eme-edition-de-bioterra-a-ficoba\/\",\"url\":\"https:\/\/www.ficoba.org\/fr\/le-developpement-durable-et-la-consommation-responsable-sont-mis-a-lhonneur-pour-la-16eme-edition-de-bioterra-a-ficoba\/\",\"name\":\"Le d\u00e9veloppement durable et la consommation responsable sont mis \u00e0 l'honneur pour la 16\u00e8me \u00e9dition de Bioterra \u00e0 Ficoba - Ficoba\",\"isPartOf\":{\"@id\":\"https:\/\/www.ficoba.org\/es\/#website\"},\"primaryImageOfPage\":{\"@id\":\"https:\/\/www.ficoba.org\/fr\/le-developpement-durable-et-la-consommation-responsable-sont-mis-a-lhonneur-pour-la-16eme-edition-de-bioterra-a-ficoba\/#primaryimage\"},\"image\":{\"@id\":\"https:\/\/www.ficoba.org\/fr\/le-developpement-durable-et-la-consommation-responsable-sont-mis-a-lhonneur-pour-la-16eme-edition-de-bioterra-a-ficoba\/#primaryimage\"},\"thumbnailUrl\":\"https:\/\/www.ficoba.org\/wp-content\/uploads\/2019\/05\/Bioterra-2.jpg\",\"datePublished\":\"2019-05-07T11:22:49+00:00\",\"breadcrumb\":{\"@id\":\"https:\/\/www.ficoba.org\/fr\/le-developpement-durable-et-la-consommation-responsable-sont-mis-a-lhonneur-pour-la-16eme-edition-de-bioterra-a-ficoba\/#breadcrumb\"},\"inLanguage\":\"fr-FR\",\"potentialAction\":[{\"@type\":\"ReadAction\",\"target\":[\"https:\/\/www.ficoba.org\/fr\/le-developpement-durable-et-la-consommation-responsable-sont-mis-a-lhonneur-pour-la-16eme-edition-de-bioterra-a-ficoba\/\"]}]},{\"@type\":\"ImageObject\",\"inLanguage\":\"fr-FR\",\"@id\":\"https:\/\/www.ficoba.org\/fr\/le-developpement-durable-et-la-consommation-responsable-sont-mis-a-lhonneur-pour-la-16eme-edition-de-bioterra-a-ficoba\/#primaryimage\",\"url\":\"https:\/\/www.ficoba.org\/wp-content\/uploads\/2019\/05\/Bioterra-2.jpg\",\"contentUrl\":\"https:\/\/www.ficoba.org\/wp-content\/uploads\/2019\/05\/Bioterra-2.jpg\",\"width\":3264,\"height\":2448},{\"@type\":\"BreadcrumbList\",\"@id\":\"https:\/\/www.ficoba.org\/fr\/le-developpement-durable-et-la-consommation-responsable-sont-mis-a-lhonneur-pour-la-16eme-edition-de-bioterra-a-ficoba\/#breadcrumb\",\"itemListElement\":[{\"@type\":\"ListItem\",\"position\":1,\"name\":\"Portada\",\"item\":\"https:\/\/www.ficoba.org\/fr\/\"},{\"@type\":\"ListItem\",\"position\":2,\"name\":\"Le d\u00e9veloppement durable et la consommation responsable sont mis \u00e0 l&rsquo;honneur pour la 16\u00e8me \u00e9dition de Bioterra \u00e0 Ficoba\"}]},{\"@type\":\"WebSite\",\"@id\":\"https:\/\/www.ficoba.org\/es\/#website\",\"url\":\"https:\/\/www.ficoba.org\/es\/\",\"name\":\"Ficoba, Recinto Ferial de Gipuzkoa\",\"description\":\"Ficoba, l\u2019art de cr\u00e9er des opportunit\u00e9s\",\"publisher\":{\"@id\":\"https:\/\/www.ficoba.org\/es\/#organization\"},\"alternateName\":\"Ficoba\",\"potentialAction\":[{\"@type\":\"SearchAction\",\"target\":{\"@type\":\"EntryPoint\",\"urlTemplate\":\"https:\/\/www.ficoba.org\/es\/?s={search_term_string}\"},\"query-input\":{\"@type\":\"PropertyValueSpecification\",\"valueRequired\":true,\"valueName\":\"search_term_string\"}}],\"inLanguage\":\"fr-FR\"},{\"@type\":\"Organization\",\"@id\":\"https:\/\/www.ficoba.org\/es\/#organization\",\"name\":\"Ficoba, Reciento Ferial de Gipuzkoa\",\"url\":\"https:\/\/www.ficoba.org\/es\/\",\"logo\":{\"@type\":\"ImageObject\",\"inLanguage\":\"fr-FR\",\"@id\":\"https:\/\/www.ficoba.org\/es\/#\/schema\/logo\/image\/\",\"url\":\"https:\/\/www.ficoba.org\/wp-content\/uploads\/2018\/11\/logo_ficoba.png\",\"contentUrl\":\"https:\/\/www.ficoba.org\/wp-content\/uploads\/2018\/11\/logo_ficoba.png\",\"width\":200,\"height\":124,\"caption\":\"Ficoba, Reciento Ferial de Gipuzkoa\"},\"image\":{\"@id\":\"https:\/\/www.ficoba.org\/es\/#\/schema\/logo\/image\/\"},\"sameAs\":[\"https:\/\/www.facebook.com\/FICOBAFUNDAZIOA\/\",\"https:\/\/x.com\/FicobaFundazioa\",\"https:\/\/www.youtube.com\/channel\/UCvo2JGluemyCf5KPRmEF9JQ\",\"https:\/\/www.linkedin.com\/company\/ficoba\/\",\"https:\/\/www.instagram.com\/ficobafundazioa\/\"]},{\"@type\":\"Person\",\"@id\":\"https:\/\/www.ficoba.org\/es\/#\/schema\/person\/8a96a121e5dbd393e6e6b5a7ee7ed407\",\"name\":\"ficoba\",\"image\":{\"@type\":\"ImageObject\",\"inLanguage\":\"fr-FR\",\"@id\":\"https:\/\/www.ficoba.org\/es\/#\/schema\/person\/image\/\",\"url\":\"https:\/\/secure.gravatar.com\/avatar\/c90cc0e07f75fecbe4165c1906a4cd61b0179a28caae2205d37516e4fb7c30c1?s=96&d=mm&r=g\",\"contentUrl\":\"https:\/\/secure.gravatar.com\/avatar\/c90cc0e07f75fecbe4165c1906a4cd61b0179a28caae2205d37516e4fb7c30c1?s=96&d=mm&r=g\",\"caption\":\"ficoba\"}}]}<\/script>\n<!-- \/ Yoast SEO plugin. -->","yoast_head_json":{"title":"Le d\u00e9veloppement durable et la consommation responsable sont mis \u00e0 l'honneur pour la 16\u00e8me \u00e9dition de Bioterra \u00e0 Ficoba - Ficoba","robots":{"index":"index","follow":"follow","max-snippet":"max-snippet:-1","max-image-preview":"max-image-preview:large","max-video-preview":"max-video-preview:-1"},"canonical":"https:\/\/www.ficoba.org\/fr\/le-developpement-durable-et-la-consommation-responsable-sont-mis-a-lhonneur-pour-la-16eme-edition-de-bioterra-a-ficoba\/","twitter_misc":{"\u00c9crit par":"ficoba","Dur\u00e9e de lecture estim\u00e9e":"6 minutes"},"schema":{"@context":"https:\/\/schema.org","@graph":[{"@type":"Article","@id":"https:\/\/www.ficoba.org\/fr\/le-developpement-durable-et-la-consommation-responsable-sont-mis-a-lhonneur-pour-la-16eme-edition-de-bioterra-a-ficoba\/#article","isPartOf":{"@id":"https:\/\/www.ficoba.org\/fr\/le-developpement-durable-et-la-consommation-responsable-sont-mis-a-lhonneur-pour-la-16eme-edition-de-bioterra-a-ficoba\/"},"author":{"name":"ficoba","@id":"https:\/\/www.ficoba.org\/es\/#\/schema\/person\/8a96a121e5dbd393e6e6b5a7ee7ed407"},"headline":"Le d\u00e9veloppement durable et la consommation responsable sont mis \u00e0 l&rsquo;honneur pour la 16\u00e8me \u00e9dition de Bioterra \u00e0 Ficoba","datePublished":"2019-05-07T11:22:49+00:00","mainEntityOfPage":{"@id":"https:\/\/www.ficoba.org\/fr\/le-developpement-durable-et-la-consommation-responsable-sont-mis-a-lhonneur-pour-la-16eme-edition-de-bioterra-a-ficoba\/"},"wordCount":1162,"commentCount":0,"publisher":{"@id":"https:\/\/www.ficoba.org\/es\/#organization"},"image":{"@id":"https:\/\/www.ficoba.org\/fr\/le-developpement-durable-et-la-consommation-responsable-sont-mis-a-lhonneur-pour-la-16eme-edition-de-bioterra-a-ficoba\/#primaryimage"},"thumbnailUrl":"https:\/\/www.ficoba.org\/wp-content\/uploads\/2019\/05\/Bioterra-2.jpg","articleSection":["\u00c9v\u00e9nements et salons"],"inLanguage":"fr-FR","potentialAction":[{"@type":"CommentAction","name":"Comment","target":["https:\/\/www.ficoba.org\/fr\/le-developpement-durable-et-la-consommation-responsable-sont-mis-a-lhonneur-pour-la-16eme-edition-de-bioterra-a-ficoba\/#respond"]}]},{"@type":"WebPage","@id":"https:\/\/www.ficoba.org\/fr\/le-developpement-durable-et-la-consommation-responsable-sont-mis-a-lhonneur-pour-la-16eme-edition-de-bioterra-a-ficoba\/","url":"https:\/\/www.ficoba.org\/fr\/le-developpement-durable-et-la-consommation-responsable-sont-mis-a-lhonneur-pour-la-16eme-edition-de-bioterra-a-ficoba\/","name":"Le d\u00e9veloppement durable et la consommation responsable sont mis \u00e0 l'honneur pour la 16\u00e8me \u00e9dition de Bioterra \u00e0 Ficoba - Ficoba","isPartOf":{"@id":"https:\/\/www.ficoba.org\/es\/#website"},"primaryImageOfPage":{"@id":"https:\/\/www.ficoba.org\/fr\/le-developpement-durable-et-la-consommation-responsable-sont-mis-a-lhonneur-pour-la-16eme-edition-de-bioterra-a-ficoba\/#primaryimage"},"image":{"@id":"https:\/\/www.ficoba.org\/fr\/le-developpement-durable-et-la-consommation-responsable-sont-mis-a-lhonneur-pour-la-16eme-edition-de-bioterra-a-ficoba\/#primaryimage"},"thumbnailUrl":"https:\/\/www.ficoba.org\/wp-content\/uploads\/2019\/05\/Bioterra-2.jpg","datePublished":"2019-05-07T11:22:49+00:00","breadcrumb":{"@id":"https:\/\/www.ficoba.org\/fr\/le-developpement-durable-et-la-consommation-responsable-sont-mis-a-lhonneur-pour-la-16eme-edition-de-bioterra-a-ficoba\/#breadcrumb"},"inLanguage":"fr-FR","potentialAction":[{"@type":"ReadAction","target":["https:\/\/www.ficoba.org\/fr\/le-developpement-durable-et-la-consommation-responsable-sont-mis-a-lhonneur-pour-la-16eme-edition-de-bioterra-a-ficoba\/"]}]},{"@type":"ImageObject","inLanguage":"fr-FR","@id":"https:\/\/www.ficoba.org\/fr\/le-developpement-durable-et-la-consommation-responsable-sont-mis-a-lhonneur-pour-la-16eme-edition-de-bioterra-a-ficoba\/#primaryimage","url":"https:\/\/www.ficoba.org\/wp-content\/uploads\/2019\/05\/Bioterra-2.jpg","contentUrl":"https:\/\/www.ficoba.org\/wp-content\/uploads\/2019\/05\/Bioterra-2.jpg","width":3264,"height":2448},{"@type":"BreadcrumbList","@id":"https:\/\/www.ficoba.org\/fr\/le-developpement-durable-et-la-consommation-responsable-sont-mis-a-lhonneur-pour-la-16eme-edition-de-bioterra-a-ficoba\/#breadcrumb","itemListElement":[{"@type":"ListItem","position":1,"name":"Portada","item":"https:\/\/www.ficoba.org\/fr\/"},{"@type":"ListItem","position":2,"name":"Le d\u00e9veloppement durable et la consommation responsable sont mis \u00e0 l&rsquo;honneur pour la 16\u00e8me \u00e9dition de Bioterra \u00e0 Ficoba"}]},{"@type":"WebSite","@id":"https:\/\/www.ficoba.org\/es\/#website","url":"https:\/\/www.ficoba.org\/es\/","name":"Ficoba, Recinto Ferial de Gipuzkoa","description":"Ficoba, l\u2019art de cr\u00e9er des opportunit\u00e9s","publisher":{"@id":"https:\/\/www.ficoba.org\/es\/#organization"},"alternateName":"Ficoba","potentialAction":[{"@type":"SearchAction","target":{"@type":"EntryPoint","urlTemplate":"https:\/\/www.ficoba.org\/es\/?s={search_term_string}"},"query-input":{"@type":"PropertyValueSpecification","valueRequired":true,"valueName":"search_term_string"}}],"inLanguage":"fr-FR"},{"@type":"Organization","@id":"https:\/\/www.ficoba.org\/es\/#organization","name":"Ficoba, Reciento Ferial de Gipuzkoa","url":"https:\/\/www.ficoba.org\/es\/","logo":{"@type":"ImageObject","inLanguage":"fr-FR","@id":"https:\/\/www.ficoba.org\/es\/#\/schema\/logo\/image\/","url":"https:\/\/www.ficoba.org\/wp-content\/uploads\/2018\/11\/logo_ficoba.png","contentUrl":"https:\/\/www.ficoba.org\/wp-content\/uploads\/2018\/11\/logo_ficoba.png","width":200,"height":124,"caption":"Ficoba, Reciento Ferial de Gipuzkoa"},"image":{"@id":"https:\/\/www.ficoba.org\/es\/#\/schema\/logo\/image\/"},"sameAs":["https:\/\/www.facebook.com\/FICOBAFUNDAZIOA\/","https:\/\/x.com\/FicobaFundazioa","https:\/\/www.youtube.com\/channel\/UCvo2JGluemyCf5KPRmEF9JQ","https:\/\/www.linkedin.com\/company\/ficoba\/","https:\/\/www.instagram.com\/ficobafundazioa\/"]},{"@type":"Person","@id":"https:\/\/www.ficoba.org\/es\/#\/schema\/person\/8a96a121e5dbd393e6e6b5a7ee7ed407","name":"ficoba","image":{"@type":"ImageObject","inLanguage":"fr-FR","@id":"https:\/\/www.ficoba.org\/es\/#\/schema\/person\/image\/","url":"https:\/\/secure.gravatar.com\/avatar\/c90cc0e07f75fecbe4165c1906a4cd61b0179a28caae2205d37516e4fb7c30c1?s=96&d=mm&r=g","contentUrl":"https:\/\/secure.gravatar.com\/avatar\/c90cc0e07f75fecbe4165c1906a4cd61b0179a28caae2205d37516e4fb7c30c1?s=96&d=mm&r=g","caption":"ficoba"}}]}},"_links":{"self":[{"href":"https:\/\/www.ficoba.org\/fr\/wp-json\/wp\/v2\/posts\/4963","targetHints":{"allow":["GET"]}}],"collection":[{"href":"https:\/\/www.ficoba.org\/fr\/wp-json\/wp\/v2\/posts"}],"about":[{"href":"https:\/\/www.ficoba.org\/fr\/wp-json\/wp\/v2\/types\/post"}],"author":[{"embeddable":true,"href":"https:\/\/www.ficoba.org\/fr\/wp-json\/wp\/v2\/users\/2"}],"replies":[{"embeddable":true,"href":"https:\/\/www.ficoba.org\/fr\/wp-json\/wp\/v2\/comments?post=4963"}],"version-history":[{"count":0,"href":"https:\/\/www.ficoba.org\/fr\/wp-json\/wp\/v2\/posts\/4963\/revisions"}],"wp:featuredmedia":[{"embeddable":true,"href":"https:\/\/www.ficoba.org\/fr\/wp-json\/wp\/v2\/media\/4955"}],"wp:attachment":[{"href":"https:\/\/www.ficoba.org\/fr\/wp-json\/wp\/v2\/media?parent=4963"}],"wp:term":[{"taxonomy":"category","embeddable":true,"href":"https:\/\/www.ficoba.org\/fr\/wp-json\/wp\/v2\/categories?post=4963"},{"taxonomy":"post_tag","embeddable":true,"href":"https:\/\/www.ficoba.org\/fr\/wp-json\/wp\/v2\/tags?post=4963"}],"curies":[{"name":"wp","href":"https:\/\/api.w.org\/{rel}","templated":true}]}}