{"id":3700,"date":"2018-12-21T12:34:15","date_gmt":"2018-12-21T10:34:15","guid":{"rendered":"https:\/\/www.ficoba.org\/?p=3700"},"modified":"2018-12-28T12:35:39","modified_gmt":"2018-12-28T10:35:39","slug":"le-26-decembre-le-pin-sera-de-retour-a-ficoba","status":"publish","type":"post","link":"https:\/\/www.ficoba.org\/fr\/le-26-decembre-le-pin-sera-de-retour-a-ficoba\/","title":{"rendered":"Le 26 d\u00e9cembre, le PIN sera de retour \u00e0 Ficoba"},"content":{"rendered":"<ul>\n<li>Les billets peuvent \u00eatre acquis sur le site du PIN<\/li>\n<li>Le parking est gratuit<\/li>\n<li>Quatre jours seront r\u00e9serv\u00e9s aux \u00e9coles en r\u00e9ponse \u00e0 l&rsquo;augmentation de la demande. Un Topo gratuit sera disponible gr\u00e2ce au sponsoring d&rsquo;Euskotren<\/li>\n<\/ul>\n<p>Cette ann\u00e9e encore, Ficoba deviendra l&rsquo;\u00e9picentre des loisirs pour les enfants du Guipuscoa, de Navarre et d&rsquo;Iparralde. Du 26 d\u00e9cembre au 4 janvier, Pin,Pan,Pun, le parc de No\u00ebl pour enfants de Ficoba, rouvrira ses portes avec de nombreuses nouveaut\u00e9s pour \u00eatre un lieu confortable pour les plus jeunes et leurs familles pour s&rsquo;amuser. C&rsquo;est pourquoi \u00e0 l&rsquo;occasion de cette \u00e9dition les places seront limit\u00e9es. Pour faciliter votre achat, les billets pourront \u00eatre acquis sur le site du PIN <a href=\"http:\/\/www.pin.ficoba.org\">pin.ficoba.org<\/a><\/p>\n<h2><strong>Pavillon 1\u00a0: technologie et divertissement<\/strong><\/h2>\n<p>La principale nouveaut\u00e9 de cet espace sera la participation du <strong>Real Sociedad<\/strong> avec une offre <strong>multisports<\/strong> vari\u00e9e. En plus de jouer au football, d&rsquo;autres sports comme l&rsquo;athl\u00e9tisme, le hockey ou le jeu de balle aux prisonniers pourront \u00eatre pratiqu\u00e9s.<\/p>\n<p>Pour ceux qui pr\u00e9f\u00e8rent les propositions plus technologiques, ils trouveront dans le Pavillon 1 un <strong>simulateur de drones<\/strong> ainsi qu&rsquo;un espace pour jouer et apprendre \u00e0 programmer des <strong>robots \u00e9ducatifs Dash<\/strong>.<\/p>\n<p>Suite au chaleureux accueil de la pr\u00e9c\u00e9dente \u00e9dition, le <strong>\u00ab Ikasgela Ibiltaria \u00bb<\/strong>, un projet qui fait partie du\u00a0programme KULTURA DIGITAL@\u00a0du Conseil r\u00e9gional de Guipuscoa, sera de retour au PIN de Ficoba pour apprendre aux visiteurs <strong>\u00e0programmer et \u00e0 cr\u00e9er des jeux vid\u00e9o<\/strong>.<\/p>\n<p>La sensibilisation autour des premiers soins sera assur\u00e9e par la <strong>Croix-Rouge<\/strong>, qui animera plusieurs ateliers qui aborderont la pr\u00e9vention de la consommation d&rsquo;alcool et de drogues.<\/p>\n<p>L&rsquo;offre de ce pavillon sera compl\u00e9t\u00e9e par une vaste <strong>zone d&rsquo;ateliers<\/strong> et un espace qui enseignera \u00e0 prendre soin de la colonne vert\u00e9brale.<\/p>\n<p>De plus, ETB3 disposera d&rsquo;un espace pour s&rsquo;inscrire au club Hiru3 et profiter des multiples avantages d&rsquo;\u00eatre membre.<\/p>\n<h2><strong>Pavillon 2\u00a0: plus de divertissement, sensibilisation et offre gastronomique<\/strong><\/h2>\n<p>D&rsquo;autres nouveaut\u00e9s attendent les visiteurs au Pavillon 2. Les enfants pourront prouver leur adresse sur un <strong>baby-foot g\u00e9ant<\/strong>, chevaucher le taureau m\u00e9canique ou s&rsquo;amuser dans les structures gonflables.<\/p>\n<p>Les amoureux de la bonne table pourront <strong>apprendre \u00e0 \u00e9laborer des pizzas<\/strong>, d\u00e9guster l&rsquo;offre du <strong>gastrotxoko <\/strong>ou encore d\u00e9couvrir le processus suivi par le lait pour arriver sur notre table, pour finir en dansant ou en chantant au <strong>disko festa<\/strong> ou au <strong>karaok\u00e9<\/strong>. Ceux qui ont besoin d&rsquo;un moment d\u00e9tente avant de visiter le troisi\u00e8me pavillon peuvent participer aux activit\u00e9s telles que les <strong>conteurs d&rsquo;histoires<\/strong>, explorer l&rsquo;univers du <strong>recyclage <\/strong>ou faire une halte \u00e0 la <strong>caf\u00e9t\u00e9ria<\/strong>.<\/p>\n<h2><strong>Pavillon 3\u00a0: adr\u00e9naline et \u00e9motion<\/strong><\/h2>\n<p>Les <strong>\u00ab baraques foraines \u00bb<\/strong> ne peuvent pas manquer dans un PIN digne de ce nom. La <strong>sauterelle, le petit train, le man\u00e8ge, les auto-tamponneuses pour enfantset les trampolines<\/strong> seront au rendez-vous une ann\u00e9e encore \u00e0 Ficoba et partageront l&rsquo;espace avec <strong>le SportJam Kids Park<\/strong>, avec des rampes pour tous les niveaux, pour la pratique du scooter.<\/p>\n<h2><strong>Quatre jours seront r\u00e9serv\u00e9s aux \u00e9coles et aux associations d&rsquo;enfants handicap\u00e9s<\/strong><\/h2>\n<p>Les journ\u00e9es r\u00e9serv\u00e9es aux \u00e9coles ont \u00e9t\u00e9 augment\u00e9es cette ann\u00e9e. Du 17 au 20 d\u00e9cembre, plus de 2\u00a0500 \u00e9coliers du Guipuscoa, de Navarre et d&rsquo;Iparralde visiteront le PIN de Ficoba, 25\u00a0% de plus qu&rsquo;en 2017. De plus, cette ann\u00e9e ils disposeront de transport gratuit en Topo sponsoris\u00e9 par Euskotren.<\/p>\n<p>En ces journ\u00e9es la <strong>Fondation Mapfre<\/strong> installera une structure gonflable de 400\u00a0m<sup>2<\/sup>, dans laquelle les \u00e9l\u00e8ves pourront participer \u00e0 une \u00e9vacuation simul\u00e9e encadr\u00e9s par 3 pompiers du service officiel de pr\u00e9vention, d&rsquo;extinction d&rsquo;incendies et de sauvetage de la DFG.<\/p>\n<p><strong>\u00a0<\/strong>Par ailleurs, dans la matin\u00e9e du 30 d\u00e9cembre, les installations du PIN s&rsquo;ouvriront en exclusivit\u00e9 pour que les enfants ayant diff\u00e9rents handicaps et leurs familles puissent profiter du Parc de No\u00ebl.<\/p>\n<h2><strong>Renseignements pratiques<\/strong><\/h2>\n<ul>\n<li>Du 26 d\u00e9cembre au 4 janvier<\/li>\n<li>L&rsquo;apr\u00e8s-midi de 15h \u00e0 20h<\/li>\n<li>Ferm\u00e9\u00a0: 31 d\u00e9cembre et 1er janvier<\/li>\n<\/ul>\n<h2>TARIFS\u00a0:<\/h2>\n<ul>\n<li>Enfants de 3 \u00e0 13 ans\u00a0: 8 \u20ac<\/li>\n<li>Adultes\u00a0: 7 \u20ac<\/li>\n<li>Enfants jusqu&rsquo;\u00e0 3 ans\u00a0: gratuit<\/li>\n<li>Groupes de plus de 10 enfants\u00a0: 6 \u20ac par enfant (+ 1 accompagnateur adulte gratuit)<\/li>\n<li>Familles nombreuses (avec carte)\u00a0: 6 \u20ac par enfant<\/li>\n<li>Parking gratuit<\/li>\n<\/ul>\n<p><a href=\"http:\/\/pin.ficoba.org\">http:\/\/pin.ficoba.org<\/a><\/p>\n","protected":false},"excerpt":{"rendered":"<p>Les billets peuvent \u00eatre acquis sur le site du PIN Le parking est gratuit Quatre jours seront r\u00e9serv\u00e9s aux \u00e9coles en r\u00e9ponse \u00e0 l&rsquo;augmentation de la demande. Un Topo gratuit [&hellip;]<\/p>\n","protected":false},"author":2,"featured_media":3695,"comment_status":"open","ping_status":"open","sticky":false,"template":"","format":"standard","meta":{"_et_pb_use_builder":"","_et_pb_old_content":"","_et_gb_content_width":"","footnotes":""},"categories":[19],"tags":[],"class_list":["post-3700","post","type-post","status-publish","format-standard","has-post-thumbnail","hentry","category-evenements-et-salons"],"yoast_head":"<!-- This site is optimized with the Yoast SEO plugin v26.8 - https:\/\/yoast.com\/product\/yoast-seo-wordpress\/ -->\n<title>Le 26 d\u00e9cembre, le PIN sera de retour \u00e0 Ficoba - Ficoba<\/title>\n<meta name=\"robots\" content=\"index, follow, max-snippet:-1, max-image-preview:large, max-video-preview:-1\" \/>\n<link rel=\"canonical\" href=\"https:\/\/www.ficoba.org\/fr\/le-26-decembre-le-pin-sera-de-retour-a-ficoba\/\" \/>\n<meta name=\"twitter:label1\" content=\"\u00c9crit par\" \/>\n\t<meta name=\"twitter:data1\" content=\"ficoba\" \/>\n\t<meta name=\"twitter:label2\" content=\"Dur\u00e9e de lecture estim\u00e9e\" \/>\n\t<meta name=\"twitter:data2\" content=\"3 minutes\" \/>\n<script type=\"application\/ld+json\" class=\"yoast-schema-graph\">{\"@context\":\"https:\/\/schema.org\",\"@graph\":[{\"@type\":\"Article\",\"@id\":\"https:\/\/www.ficoba.org\/fr\/le-26-decembre-le-pin-sera-de-retour-a-ficoba\/#article\",\"isPartOf\":{\"@id\":\"https:\/\/www.ficoba.org\/fr\/le-26-decembre-le-pin-sera-de-retour-a-ficoba\/\"},\"author\":{\"name\":\"ficoba\",\"@id\":\"https:\/\/www.ficoba.org\/es\/#\/schema\/person\/8a96a121e5dbd393e6e6b5a7ee7ed407\"},\"headline\":\"Le 26 d\u00e9cembre, le PIN sera de retour \u00e0 Ficoba\",\"datePublished\":\"2018-12-21T10:34:15+00:00\",\"dateModified\":\"2018-12-28T10:35:39+00:00\",\"mainEntityOfPage\":{\"@id\":\"https:\/\/www.ficoba.org\/fr\/le-26-decembre-le-pin-sera-de-retour-a-ficoba\/\"},\"wordCount\":728,\"commentCount\":0,\"publisher\":{\"@id\":\"https:\/\/www.ficoba.org\/es\/#organization\"},\"image\":{\"@id\":\"https:\/\/www.ficoba.org\/fr\/le-26-decembre-le-pin-sera-de-retour-a-ficoba\/#primaryimage\"},\"thumbnailUrl\":\"https:\/\/www.ficoba.org\/wp-content\/uploads\/2018\/12\/PIN-Ficoba.jpg\",\"articleSection\":[\"\u00c9v\u00e9nements et salons\"],\"inLanguage\":\"fr-FR\",\"potentialAction\":[{\"@type\":\"CommentAction\",\"name\":\"Comment\",\"target\":[\"https:\/\/www.ficoba.org\/fr\/le-26-decembre-le-pin-sera-de-retour-a-ficoba\/#respond\"]}]},{\"@type\":\"WebPage\",\"@id\":\"https:\/\/www.ficoba.org\/fr\/le-26-decembre-le-pin-sera-de-retour-a-ficoba\/\",\"url\":\"https:\/\/www.ficoba.org\/fr\/le-26-decembre-le-pin-sera-de-retour-a-ficoba\/\",\"name\":\"Le 26 d\u00e9cembre, le PIN sera de retour \u00e0 Ficoba - Ficoba\",\"isPartOf\":{\"@id\":\"https:\/\/www.ficoba.org\/es\/#website\"},\"primaryImageOfPage\":{\"@id\":\"https:\/\/www.ficoba.org\/fr\/le-26-decembre-le-pin-sera-de-retour-a-ficoba\/#primaryimage\"},\"image\":{\"@id\":\"https:\/\/www.ficoba.org\/fr\/le-26-decembre-le-pin-sera-de-retour-a-ficoba\/#primaryimage\"},\"thumbnailUrl\":\"https:\/\/www.ficoba.org\/wp-content\/uploads\/2018\/12\/PIN-Ficoba.jpg\",\"datePublished\":\"2018-12-21T10:34:15+00:00\",\"dateModified\":\"2018-12-28T10:35:39+00:00\",\"breadcrumb\":{\"@id\":\"https:\/\/www.ficoba.org\/fr\/le-26-decembre-le-pin-sera-de-retour-a-ficoba\/#breadcrumb\"},\"inLanguage\":\"fr-FR\",\"potentialAction\":[{\"@type\":\"ReadAction\",\"target\":[\"https:\/\/www.ficoba.org\/fr\/le-26-decembre-le-pin-sera-de-retour-a-ficoba\/\"]}]},{\"@type\":\"ImageObject\",\"inLanguage\":\"fr-FR\",\"@id\":\"https:\/\/www.ficoba.org\/fr\/le-26-decembre-le-pin-sera-de-retour-a-ficoba\/#primaryimage\",\"url\":\"https:\/\/www.ficoba.org\/wp-content\/uploads\/2018\/12\/PIN-Ficoba.jpg\",\"contentUrl\":\"https:\/\/www.ficoba.org\/wp-content\/uploads\/2018\/12\/PIN-Ficoba.jpg\",\"width\":1200,\"height\":900},{\"@type\":\"BreadcrumbList\",\"@id\":\"https:\/\/www.ficoba.org\/fr\/le-26-decembre-le-pin-sera-de-retour-a-ficoba\/#breadcrumb\",\"itemListElement\":[{\"@type\":\"ListItem\",\"position\":1,\"name\":\"Portada\",\"item\":\"https:\/\/www.ficoba.org\/fr\/\"},{\"@type\":\"ListItem\",\"position\":2,\"name\":\"Le 26 d\u00e9cembre, le PIN sera de retour \u00e0 Ficoba\"}]},{\"@type\":\"WebSite\",\"@id\":\"https:\/\/www.ficoba.org\/es\/#website\",\"url\":\"https:\/\/www.ficoba.org\/es\/\",\"name\":\"Ficoba, Recinto Ferial de Gipuzkoa\",\"description\":\"Ficoba, l\u2019art de cr\u00e9er des opportunit\u00e9s\",\"publisher\":{\"@id\":\"https:\/\/www.ficoba.org\/es\/#organization\"},\"alternateName\":\"Ficoba\",\"potentialAction\":[{\"@type\":\"SearchAction\",\"target\":{\"@type\":\"EntryPoint\",\"urlTemplate\":\"https:\/\/www.ficoba.org\/es\/?s={search_term_string}\"},\"query-input\":{\"@type\":\"PropertyValueSpecification\",\"valueRequired\":true,\"valueName\":\"search_term_string\"}}],\"inLanguage\":\"fr-FR\"},{\"@type\":\"Organization\",\"@id\":\"https:\/\/www.ficoba.org\/es\/#organization\",\"name\":\"Ficoba, Reciento Ferial de Gipuzkoa\",\"url\":\"https:\/\/www.ficoba.org\/es\/\",\"logo\":{\"@type\":\"ImageObject\",\"inLanguage\":\"fr-FR\",\"@id\":\"https:\/\/www.ficoba.org\/es\/#\/schema\/logo\/image\/\",\"url\":\"https:\/\/www.ficoba.org\/wp-content\/uploads\/2018\/11\/logo_ficoba.png\",\"contentUrl\":\"https:\/\/www.ficoba.org\/wp-content\/uploads\/2018\/11\/logo_ficoba.png\",\"width\":200,\"height\":124,\"caption\":\"Ficoba, Reciento Ferial de Gipuzkoa\"},\"image\":{\"@id\":\"https:\/\/www.ficoba.org\/es\/#\/schema\/logo\/image\/\"},\"sameAs\":[\"https:\/\/www.facebook.com\/FICOBAFUNDAZIOA\/\",\"https:\/\/x.com\/FicobaFundazioa\",\"https:\/\/www.youtube.com\/channel\/UCvo2JGluemyCf5KPRmEF9JQ\",\"https:\/\/www.linkedin.com\/company\/ficoba\/\",\"https:\/\/www.instagram.com\/ficobafundazioa\/\"]},{\"@type\":\"Person\",\"@id\":\"https:\/\/www.ficoba.org\/es\/#\/schema\/person\/8a96a121e5dbd393e6e6b5a7ee7ed407\",\"name\":\"ficoba\",\"image\":{\"@type\":\"ImageObject\",\"inLanguage\":\"fr-FR\",\"@id\":\"https:\/\/www.ficoba.org\/es\/#\/schema\/person\/image\/\",\"url\":\"https:\/\/secure.gravatar.com\/avatar\/c90cc0e07f75fecbe4165c1906a4cd61b0179a28caae2205d37516e4fb7c30c1?s=96&d=mm&r=g\",\"contentUrl\":\"https:\/\/secure.gravatar.com\/avatar\/c90cc0e07f75fecbe4165c1906a4cd61b0179a28caae2205d37516e4fb7c30c1?s=96&d=mm&r=g\",\"caption\":\"ficoba\"}}]}<\/script>\n<!-- \/ Yoast SEO plugin. -->","yoast_head_json":{"title":"Le 26 d\u00e9cembre, le PIN sera de retour \u00e0 Ficoba - Ficoba","robots":{"index":"index","follow":"follow","max-snippet":"max-snippet:-1","max-image-preview":"max-image-preview:large","max-video-preview":"max-video-preview:-1"},"canonical":"https:\/\/www.ficoba.org\/fr\/le-26-decembre-le-pin-sera-de-retour-a-ficoba\/","twitter_misc":{"\u00c9crit par":"ficoba","Dur\u00e9e de lecture estim\u00e9e":"3 minutes"},"schema":{"@context":"https:\/\/schema.org","@graph":[{"@type":"Article","@id":"https:\/\/www.ficoba.org\/fr\/le-26-decembre-le-pin-sera-de-retour-a-ficoba\/#article","isPartOf":{"@id":"https:\/\/www.ficoba.org\/fr\/le-26-decembre-le-pin-sera-de-retour-a-ficoba\/"},"author":{"name":"ficoba","@id":"https:\/\/www.ficoba.org\/es\/#\/schema\/person\/8a96a121e5dbd393e6e6b5a7ee7ed407"},"headline":"Le 26 d\u00e9cembre, le PIN sera de retour \u00e0 Ficoba","datePublished":"2018-12-21T10:34:15+00:00","dateModified":"2018-12-28T10:35:39+00:00","mainEntityOfPage":{"@id":"https:\/\/www.ficoba.org\/fr\/le-26-decembre-le-pin-sera-de-retour-a-ficoba\/"},"wordCount":728,"commentCount":0,"publisher":{"@id":"https:\/\/www.ficoba.org\/es\/#organization"},"image":{"@id":"https:\/\/www.ficoba.org\/fr\/le-26-decembre-le-pin-sera-de-retour-a-ficoba\/#primaryimage"},"thumbnailUrl":"https:\/\/www.ficoba.org\/wp-content\/uploads\/2018\/12\/PIN-Ficoba.jpg","articleSection":["\u00c9v\u00e9nements et salons"],"inLanguage":"fr-FR","potentialAction":[{"@type":"CommentAction","name":"Comment","target":["https:\/\/www.ficoba.org\/fr\/le-26-decembre-le-pin-sera-de-retour-a-ficoba\/#respond"]}]},{"@type":"WebPage","@id":"https:\/\/www.ficoba.org\/fr\/le-26-decembre-le-pin-sera-de-retour-a-ficoba\/","url":"https:\/\/www.ficoba.org\/fr\/le-26-decembre-le-pin-sera-de-retour-a-ficoba\/","name":"Le 26 d\u00e9cembre, le PIN sera de retour \u00e0 Ficoba - Ficoba","isPartOf":{"@id":"https:\/\/www.ficoba.org\/es\/#website"},"primaryImageOfPage":{"@id":"https:\/\/www.ficoba.org\/fr\/le-26-decembre-le-pin-sera-de-retour-a-ficoba\/#primaryimage"},"image":{"@id":"https:\/\/www.ficoba.org\/fr\/le-26-decembre-le-pin-sera-de-retour-a-ficoba\/#primaryimage"},"thumbnailUrl":"https:\/\/www.ficoba.org\/wp-content\/uploads\/2018\/12\/PIN-Ficoba.jpg","datePublished":"2018-12-21T10:34:15+00:00","dateModified":"2018-12-28T10:35:39+00:00","breadcrumb":{"@id":"https:\/\/www.ficoba.org\/fr\/le-26-decembre-le-pin-sera-de-retour-a-ficoba\/#breadcrumb"},"inLanguage":"fr-FR","potentialAction":[{"@type":"ReadAction","target":["https:\/\/www.ficoba.org\/fr\/le-26-decembre-le-pin-sera-de-retour-a-ficoba\/"]}]},{"@type":"ImageObject","inLanguage":"fr-FR","@id":"https:\/\/www.ficoba.org\/fr\/le-26-decembre-le-pin-sera-de-retour-a-ficoba\/#primaryimage","url":"https:\/\/www.ficoba.org\/wp-content\/uploads\/2018\/12\/PIN-Ficoba.jpg","contentUrl":"https:\/\/www.ficoba.org\/wp-content\/uploads\/2018\/12\/PIN-Ficoba.jpg","width":1200,"height":900},{"@type":"BreadcrumbList","@id":"https:\/\/www.ficoba.org\/fr\/le-26-decembre-le-pin-sera-de-retour-a-ficoba\/#breadcrumb","itemListElement":[{"@type":"ListItem","position":1,"name":"Portada","item":"https:\/\/www.ficoba.org\/fr\/"},{"@type":"ListItem","position":2,"name":"Le 26 d\u00e9cembre, le PIN sera de retour \u00e0 Ficoba"}]},{"@type":"WebSite","@id":"https:\/\/www.ficoba.org\/es\/#website","url":"https:\/\/www.ficoba.org\/es\/","name":"Ficoba, Recinto Ferial de Gipuzkoa","description":"Ficoba, l\u2019art de cr\u00e9er des opportunit\u00e9s","publisher":{"@id":"https:\/\/www.ficoba.org\/es\/#organization"},"alternateName":"Ficoba","potentialAction":[{"@type":"SearchAction","target":{"@type":"EntryPoint","urlTemplate":"https:\/\/www.ficoba.org\/es\/?s={search_term_string}"},"query-input":{"@type":"PropertyValueSpecification","valueRequired":true,"valueName":"search_term_string"}}],"inLanguage":"fr-FR"},{"@type":"Organization","@id":"https:\/\/www.ficoba.org\/es\/#organization","name":"Ficoba, Reciento Ferial de Gipuzkoa","url":"https:\/\/www.ficoba.org\/es\/","logo":{"@type":"ImageObject","inLanguage":"fr-FR","@id":"https:\/\/www.ficoba.org\/es\/#\/schema\/logo\/image\/","url":"https:\/\/www.ficoba.org\/wp-content\/uploads\/2018\/11\/logo_ficoba.png","contentUrl":"https:\/\/www.ficoba.org\/wp-content\/uploads\/2018\/11\/logo_ficoba.png","width":200,"height":124,"caption":"Ficoba, Reciento Ferial de Gipuzkoa"},"image":{"@id":"https:\/\/www.ficoba.org\/es\/#\/schema\/logo\/image\/"},"sameAs":["https:\/\/www.facebook.com\/FICOBAFUNDAZIOA\/","https:\/\/x.com\/FicobaFundazioa","https:\/\/www.youtube.com\/channel\/UCvo2JGluemyCf5KPRmEF9JQ","https:\/\/www.linkedin.com\/company\/ficoba\/","https:\/\/www.instagram.com\/ficobafundazioa\/"]},{"@type":"Person","@id":"https:\/\/www.ficoba.org\/es\/#\/schema\/person\/8a96a121e5dbd393e6e6b5a7ee7ed407","name":"ficoba","image":{"@type":"ImageObject","inLanguage":"fr-FR","@id":"https:\/\/www.ficoba.org\/es\/#\/schema\/person\/image\/","url":"https:\/\/secure.gravatar.com\/avatar\/c90cc0e07f75fecbe4165c1906a4cd61b0179a28caae2205d37516e4fb7c30c1?s=96&d=mm&r=g","contentUrl":"https:\/\/secure.gravatar.com\/avatar\/c90cc0e07f75fecbe4165c1906a4cd61b0179a28caae2205d37516e4fb7c30c1?s=96&d=mm&r=g","caption":"ficoba"}}]}},"_links":{"self":[{"href":"https:\/\/www.ficoba.org\/fr\/wp-json\/wp\/v2\/posts\/3700","targetHints":{"allow":["GET"]}}],"collection":[{"href":"https:\/\/www.ficoba.org\/fr\/wp-json\/wp\/v2\/posts"}],"about":[{"href":"https:\/\/www.ficoba.org\/fr\/wp-json\/wp\/v2\/types\/post"}],"author":[{"embeddable":true,"href":"https:\/\/www.ficoba.org\/fr\/wp-json\/wp\/v2\/users\/2"}],"replies":[{"embeddable":true,"href":"https:\/\/www.ficoba.org\/fr\/wp-json\/wp\/v2\/comments?post=3700"}],"version-history":[{"count":0,"href":"https:\/\/www.ficoba.org\/fr\/wp-json\/wp\/v2\/posts\/3700\/revisions"}],"wp:featuredmedia":[{"embeddable":true,"href":"https:\/\/www.ficoba.org\/fr\/wp-json\/wp\/v2\/media\/3695"}],"wp:attachment":[{"href":"https:\/\/www.ficoba.org\/fr\/wp-json\/wp\/v2\/media?parent=3700"}],"wp:term":[{"taxonomy":"category","embeddable":true,"href":"https:\/\/www.ficoba.org\/fr\/wp-json\/wp\/v2\/categories?post=3700"},{"taxonomy":"post_tag","embeddable":true,"href":"https:\/\/www.ficoba.org\/fr\/wp-json\/wp\/v2\/tags?post=3700"}],"curies":[{"name":"wp","href":"https:\/\/api.w.org\/{rel}","templated":true}]}}