{"id":3360,"date":"2018-11-16T01:29:34","date_gmt":"2018-11-15T23:29:34","guid":{"rendered":"https:\/\/www.ficoba.org\/?p=3360"},"modified":"2018-11-27T01:34:30","modified_gmt":"2018-11-26T23:34:30","slug":"derniere-ligne-droite-pour-go-mobility-avec-lobjectif-dattirer-les-visiteurs-professionnels","status":"publish","type":"post","link":"https:\/\/www.ficoba.org\/fr\/derniere-ligne-droite-pour-go-mobility-avec-lobjectif-dattirer-les-visiteurs-professionnels\/","title":{"rendered":"Derniere ligne droite pour Go Mobility avec l\u2019objectif d\u2019attirer les visiteurs professionnels"},"content":{"rendered":"<p>L\u2019inscription de visiteurs professionnels bat son plein et l\u2019accueil a \u00e9t\u00e9 positif en Euskadi, r\u00e9gion d\u2019o\u00f9 provient un fort taux de participants. Signalons \u00e9galement l\u2019\u00e9cho qu\u2019a rencontr\u00e9 le salon dans le reste de l\u2019Espagne, puisque les visiteurs s\u2019annoncent de pratiquement toutes les r\u00e9gions.<\/p>\n<p>En ce qui concerne l\u2019\u00e9tranger, les visiteurs les plus nombreux arriveront de France, mais des inscriptions nous sont \u00e9galement parvenues d\u2019Allemagne, du Chili, de l\u2019Inde, d\u2019Isra\u00ebl, de l\u2019Italie, du Portugal et du Royaume-Uni.<\/p>\n<p>L\u2019administration publique, les soci\u00e9t\u00e9s de conseil, les centres technologiques et de recherche de solutions int\u00e9grales en mobilit\u00e9 durable, les fabricants, ainsi qu\u2019aux op\u00e9rateurs de transport public et priv\u00e9 de passagers apporteront les plus forts contingents de visiteurs.<\/p>\n<p>Ils pourront d\u00e9couvrir au Ficoba les propositions de 70 exposants qui rempliront les trois halls de la foire-exposition, ainsi que l\u2019espace ext\u00e9rieur o\u00f9 se d\u00e9rouleront les d\u00e9monstrations.<\/p>\n<p><strong>Acheteurs invit\u00e9s<\/strong><\/p>\n<p>L\u2019un des objectifs de Go Mobility \u00e9tant de cr\u00e9er un march\u00e9 autour de la mobilit\u00e9 durable et du stockage d\u2019\u00e9nergie, un programme d\u2019acheteurs invit\u00e9s, tant nationaux qu\u2019internationaux, a \u00e9t\u00e9 organis\u00e9. Il s\u2019agit d\u2019entreprises, d\u2019institutions, d\u2019administrations, etc., qui ont pr\u00e9vu d\u2019investir dans ces domaines au cours des 24 prochains mois. L\u2019incorporation au programme se poursuit, mais \u00e0 ce jour des acheteurs potentiels en provenance d\u2019Allemagne, Belgique, Chili, Colombie, \u00c9quateur, France, Grande-Bretagne, Gr\u00e8ce, Irlande, Mexique et Uruguay ont confirm\u00e9 leur assistance.<\/p>\n<p>Le salon Go Mobility &#8211; Basque Sustainable Mobility Industry Exhibition est une initiative du d\u00e9partement de Promotion \u00e9conomique, Milieu rural et \u00c9quilibre territorial du Conseil g\u00e9n\u00e9ral du Gipuzkoa et s\u2019inscrit dans le cadre de la Strat\u00e9gie du Gipuzkoa pour le D\u00e9veloppement industriel en Mobilit\u00e9 \u00e9lectrique (MUBIL).<\/p>\n","protected":false},"excerpt":{"rendered":"<p>L\u2019inscription de visiteurs professionnels bat son plein et l\u2019accueil a \u00e9t\u00e9 positif en Euskadi, r\u00e9gion d\u2019o\u00f9 provient un fort taux de participants. Signalons \u00e9galement l\u2019\u00e9cho qu\u2019a rencontr\u00e9 le salon dans [&hellip;]<\/p>\n","protected":false},"author":2,"featured_media":2390,"comment_status":"open","ping_status":"open","sticky":false,"template":"","format":"standard","meta":{"_et_pb_use_builder":"","_et_pb_old_content":"","_et_gb_content_width":"","footnotes":""},"categories":[19],"tags":[],"class_list":["post-3360","post","type-post","status-publish","format-standard","has-post-thumbnail","hentry","category-evenements-et-salons"],"yoast_head":"<!-- This site is optimized with the Yoast SEO plugin v26.8 - https:\/\/yoast.com\/product\/yoast-seo-wordpress\/ -->\n<title>Derniere ligne droite pour Go Mobility avec l\u2019objectif d\u2019attirer les visiteurs professionnels - Ficoba<\/title>\n<meta name=\"robots\" content=\"index, follow, max-snippet:-1, max-image-preview:large, max-video-preview:-1\" \/>\n<link rel=\"canonical\" href=\"https:\/\/www.ficoba.org\/fr\/derniere-ligne-droite-pour-go-mobility-avec-lobjectif-dattirer-les-visiteurs-professionnels\/\" \/>\n<meta name=\"twitter:label1\" content=\"\u00c9crit par\" \/>\n\t<meta name=\"twitter:data1\" content=\"ficoba\" \/>\n\t<meta name=\"twitter:label2\" content=\"Dur\u00e9e de lecture estim\u00e9e\" \/>\n\t<meta name=\"twitter:data2\" content=\"2 minutes\" \/>\n<script type=\"application\/ld+json\" class=\"yoast-schema-graph\">{\"@context\":\"https:\/\/schema.org\",\"@graph\":[{\"@type\":\"Article\",\"@id\":\"https:\/\/www.ficoba.org\/fr\/derniere-ligne-droite-pour-go-mobility-avec-lobjectif-dattirer-les-visiteurs-professionnels\/#article\",\"isPartOf\":{\"@id\":\"https:\/\/www.ficoba.org\/fr\/derniere-ligne-droite-pour-go-mobility-avec-lobjectif-dattirer-les-visiteurs-professionnels\/\"},\"author\":{\"name\":\"ficoba\",\"@id\":\"https:\/\/www.ficoba.org\/es\/#\/schema\/person\/8a96a121e5dbd393e6e6b5a7ee7ed407\"},\"headline\":\"Derniere ligne droite pour Go Mobility avec l\u2019objectif d\u2019attirer les visiteurs professionnels\",\"datePublished\":\"2018-11-15T23:29:34+00:00\",\"dateModified\":\"2018-11-26T23:34:30+00:00\",\"mainEntityOfPage\":{\"@id\":\"https:\/\/www.ficoba.org\/fr\/derniere-ligne-droite-pour-go-mobility-avec-lobjectif-dattirer-les-visiteurs-professionnels\/\"},\"wordCount\":326,\"commentCount\":0,\"publisher\":{\"@id\":\"https:\/\/www.ficoba.org\/es\/#organization\"},\"image\":{\"@id\":\"https:\/\/www.ficoba.org\/fr\/derniere-ligne-droite-pour-go-mobility-avec-lobjectif-dattirer-les-visiteurs-professionnels\/#primaryimage\"},\"thumbnailUrl\":\"https:\/\/www.ficoba.org\/wp-content\/uploads\/2018\/11\/Go-Mobility-negativo.jpg\",\"articleSection\":[\"\u00c9v\u00e9nements et salons\"],\"inLanguage\":\"fr-FR\",\"potentialAction\":[{\"@type\":\"CommentAction\",\"name\":\"Comment\",\"target\":[\"https:\/\/www.ficoba.org\/fr\/derniere-ligne-droite-pour-go-mobility-avec-lobjectif-dattirer-les-visiteurs-professionnels\/#respond\"]}]},{\"@type\":\"WebPage\",\"@id\":\"https:\/\/www.ficoba.org\/fr\/derniere-ligne-droite-pour-go-mobility-avec-lobjectif-dattirer-les-visiteurs-professionnels\/\",\"url\":\"https:\/\/www.ficoba.org\/fr\/derniere-ligne-droite-pour-go-mobility-avec-lobjectif-dattirer-les-visiteurs-professionnels\/\",\"name\":\"Derniere ligne droite pour Go Mobility avec l\u2019objectif d\u2019attirer les visiteurs professionnels - Ficoba\",\"isPartOf\":{\"@id\":\"https:\/\/www.ficoba.org\/es\/#website\"},\"primaryImageOfPage\":{\"@id\":\"https:\/\/www.ficoba.org\/fr\/derniere-ligne-droite-pour-go-mobility-avec-lobjectif-dattirer-les-visiteurs-professionnels\/#primaryimage\"},\"image\":{\"@id\":\"https:\/\/www.ficoba.org\/fr\/derniere-ligne-droite-pour-go-mobility-avec-lobjectif-dattirer-les-visiteurs-professionnels\/#primaryimage\"},\"thumbnailUrl\":\"https:\/\/www.ficoba.org\/wp-content\/uploads\/2018\/11\/Go-Mobility-negativo.jpg\",\"datePublished\":\"2018-11-15T23:29:34+00:00\",\"dateModified\":\"2018-11-26T23:34:30+00:00\",\"breadcrumb\":{\"@id\":\"https:\/\/www.ficoba.org\/fr\/derniere-ligne-droite-pour-go-mobility-avec-lobjectif-dattirer-les-visiteurs-professionnels\/#breadcrumb\"},\"inLanguage\":\"fr-FR\",\"potentialAction\":[{\"@type\":\"ReadAction\",\"target\":[\"https:\/\/www.ficoba.org\/fr\/derniere-ligne-droite-pour-go-mobility-avec-lobjectif-dattirer-les-visiteurs-professionnels\/\"]}]},{\"@type\":\"ImageObject\",\"inLanguage\":\"fr-FR\",\"@id\":\"https:\/\/www.ficoba.org\/fr\/derniere-ligne-droite-pour-go-mobility-avec-lobjectif-dattirer-les-visiteurs-professionnels\/#primaryimage\",\"url\":\"https:\/\/www.ficoba.org\/wp-content\/uploads\/2018\/11\/Go-Mobility-negativo.jpg\",\"contentUrl\":\"https:\/\/www.ficoba.org\/wp-content\/uploads\/2018\/11\/Go-Mobility-negativo.jpg\",\"width\":640,\"height\":480},{\"@type\":\"BreadcrumbList\",\"@id\":\"https:\/\/www.ficoba.org\/fr\/derniere-ligne-droite-pour-go-mobility-avec-lobjectif-dattirer-les-visiteurs-professionnels\/#breadcrumb\",\"itemListElement\":[{\"@type\":\"ListItem\",\"position\":1,\"name\":\"Portada\",\"item\":\"https:\/\/www.ficoba.org\/fr\/\"},{\"@type\":\"ListItem\",\"position\":2,\"name\":\"Derniere ligne droite pour Go Mobility avec l\u2019objectif d\u2019attirer les visiteurs professionnels\"}]},{\"@type\":\"WebSite\",\"@id\":\"https:\/\/www.ficoba.org\/es\/#website\",\"url\":\"https:\/\/www.ficoba.org\/es\/\",\"name\":\"Ficoba, Recinto Ferial de Gipuzkoa\",\"description\":\"Ficoba, l\u2019art de cr\u00e9er des opportunit\u00e9s\",\"publisher\":{\"@id\":\"https:\/\/www.ficoba.org\/es\/#organization\"},\"alternateName\":\"Ficoba\",\"potentialAction\":[{\"@type\":\"SearchAction\",\"target\":{\"@type\":\"EntryPoint\",\"urlTemplate\":\"https:\/\/www.ficoba.org\/es\/?s={search_term_string}\"},\"query-input\":{\"@type\":\"PropertyValueSpecification\",\"valueRequired\":true,\"valueName\":\"search_term_string\"}}],\"inLanguage\":\"fr-FR\"},{\"@type\":\"Organization\",\"@id\":\"https:\/\/www.ficoba.org\/es\/#organization\",\"name\":\"Ficoba, Reciento Ferial de Gipuzkoa\",\"url\":\"https:\/\/www.ficoba.org\/es\/\",\"logo\":{\"@type\":\"ImageObject\",\"inLanguage\":\"fr-FR\",\"@id\":\"https:\/\/www.ficoba.org\/es\/#\/schema\/logo\/image\/\",\"url\":\"https:\/\/www.ficoba.org\/wp-content\/uploads\/2018\/11\/logo_ficoba.png\",\"contentUrl\":\"https:\/\/www.ficoba.org\/wp-content\/uploads\/2018\/11\/logo_ficoba.png\",\"width\":200,\"height\":124,\"caption\":\"Ficoba, Reciento Ferial de Gipuzkoa\"},\"image\":{\"@id\":\"https:\/\/www.ficoba.org\/es\/#\/schema\/logo\/image\/\"},\"sameAs\":[\"https:\/\/www.facebook.com\/FICOBAFUNDAZIOA\/\",\"https:\/\/x.com\/FicobaFundazioa\",\"https:\/\/www.youtube.com\/channel\/UCvo2JGluemyCf5KPRmEF9JQ\",\"https:\/\/www.linkedin.com\/company\/ficoba\/\",\"https:\/\/www.instagram.com\/ficobafundazioa\/\"]},{\"@type\":\"Person\",\"@id\":\"https:\/\/www.ficoba.org\/es\/#\/schema\/person\/8a96a121e5dbd393e6e6b5a7ee7ed407\",\"name\":\"ficoba\",\"image\":{\"@type\":\"ImageObject\",\"inLanguage\":\"fr-FR\",\"@id\":\"https:\/\/www.ficoba.org\/es\/#\/schema\/person\/image\/\",\"url\":\"https:\/\/secure.gravatar.com\/avatar\/c90cc0e07f75fecbe4165c1906a4cd61b0179a28caae2205d37516e4fb7c30c1?s=96&d=mm&r=g\",\"contentUrl\":\"https:\/\/secure.gravatar.com\/avatar\/c90cc0e07f75fecbe4165c1906a4cd61b0179a28caae2205d37516e4fb7c30c1?s=96&d=mm&r=g\",\"caption\":\"ficoba\"}}]}<\/script>\n<!-- \/ Yoast SEO plugin. -->","yoast_head_json":{"title":"Derniere ligne droite pour Go Mobility avec l\u2019objectif d\u2019attirer les visiteurs professionnels - Ficoba","robots":{"index":"index","follow":"follow","max-snippet":"max-snippet:-1","max-image-preview":"max-image-preview:large","max-video-preview":"max-video-preview:-1"},"canonical":"https:\/\/www.ficoba.org\/fr\/derniere-ligne-droite-pour-go-mobility-avec-lobjectif-dattirer-les-visiteurs-professionnels\/","twitter_misc":{"\u00c9crit par":"ficoba","Dur\u00e9e de lecture estim\u00e9e":"2 minutes"},"schema":{"@context":"https:\/\/schema.org","@graph":[{"@type":"Article","@id":"https:\/\/www.ficoba.org\/fr\/derniere-ligne-droite-pour-go-mobility-avec-lobjectif-dattirer-les-visiteurs-professionnels\/#article","isPartOf":{"@id":"https:\/\/www.ficoba.org\/fr\/derniere-ligne-droite-pour-go-mobility-avec-lobjectif-dattirer-les-visiteurs-professionnels\/"},"author":{"name":"ficoba","@id":"https:\/\/www.ficoba.org\/es\/#\/schema\/person\/8a96a121e5dbd393e6e6b5a7ee7ed407"},"headline":"Derniere ligne droite pour Go Mobility avec l\u2019objectif d\u2019attirer les visiteurs professionnels","datePublished":"2018-11-15T23:29:34+00:00","dateModified":"2018-11-26T23:34:30+00:00","mainEntityOfPage":{"@id":"https:\/\/www.ficoba.org\/fr\/derniere-ligne-droite-pour-go-mobility-avec-lobjectif-dattirer-les-visiteurs-professionnels\/"},"wordCount":326,"commentCount":0,"publisher":{"@id":"https:\/\/www.ficoba.org\/es\/#organization"},"image":{"@id":"https:\/\/www.ficoba.org\/fr\/derniere-ligne-droite-pour-go-mobility-avec-lobjectif-dattirer-les-visiteurs-professionnels\/#primaryimage"},"thumbnailUrl":"https:\/\/www.ficoba.org\/wp-content\/uploads\/2018\/11\/Go-Mobility-negativo.jpg","articleSection":["\u00c9v\u00e9nements et salons"],"inLanguage":"fr-FR","potentialAction":[{"@type":"CommentAction","name":"Comment","target":["https:\/\/www.ficoba.org\/fr\/derniere-ligne-droite-pour-go-mobility-avec-lobjectif-dattirer-les-visiteurs-professionnels\/#respond"]}]},{"@type":"WebPage","@id":"https:\/\/www.ficoba.org\/fr\/derniere-ligne-droite-pour-go-mobility-avec-lobjectif-dattirer-les-visiteurs-professionnels\/","url":"https:\/\/www.ficoba.org\/fr\/derniere-ligne-droite-pour-go-mobility-avec-lobjectif-dattirer-les-visiteurs-professionnels\/","name":"Derniere ligne droite pour Go Mobility avec l\u2019objectif d\u2019attirer les visiteurs professionnels - Ficoba","isPartOf":{"@id":"https:\/\/www.ficoba.org\/es\/#website"},"primaryImageOfPage":{"@id":"https:\/\/www.ficoba.org\/fr\/derniere-ligne-droite-pour-go-mobility-avec-lobjectif-dattirer-les-visiteurs-professionnels\/#primaryimage"},"image":{"@id":"https:\/\/www.ficoba.org\/fr\/derniere-ligne-droite-pour-go-mobility-avec-lobjectif-dattirer-les-visiteurs-professionnels\/#primaryimage"},"thumbnailUrl":"https:\/\/www.ficoba.org\/wp-content\/uploads\/2018\/11\/Go-Mobility-negativo.jpg","datePublished":"2018-11-15T23:29:34+00:00","dateModified":"2018-11-26T23:34:30+00:00","breadcrumb":{"@id":"https:\/\/www.ficoba.org\/fr\/derniere-ligne-droite-pour-go-mobility-avec-lobjectif-dattirer-les-visiteurs-professionnels\/#breadcrumb"},"inLanguage":"fr-FR","potentialAction":[{"@type":"ReadAction","target":["https:\/\/www.ficoba.org\/fr\/derniere-ligne-droite-pour-go-mobility-avec-lobjectif-dattirer-les-visiteurs-professionnels\/"]}]},{"@type":"ImageObject","inLanguage":"fr-FR","@id":"https:\/\/www.ficoba.org\/fr\/derniere-ligne-droite-pour-go-mobility-avec-lobjectif-dattirer-les-visiteurs-professionnels\/#primaryimage","url":"https:\/\/www.ficoba.org\/wp-content\/uploads\/2018\/11\/Go-Mobility-negativo.jpg","contentUrl":"https:\/\/www.ficoba.org\/wp-content\/uploads\/2018\/11\/Go-Mobility-negativo.jpg","width":640,"height":480},{"@type":"BreadcrumbList","@id":"https:\/\/www.ficoba.org\/fr\/derniere-ligne-droite-pour-go-mobility-avec-lobjectif-dattirer-les-visiteurs-professionnels\/#breadcrumb","itemListElement":[{"@type":"ListItem","position":1,"name":"Portada","item":"https:\/\/www.ficoba.org\/fr\/"},{"@type":"ListItem","position":2,"name":"Derniere ligne droite pour Go Mobility avec l\u2019objectif d\u2019attirer les visiteurs professionnels"}]},{"@type":"WebSite","@id":"https:\/\/www.ficoba.org\/es\/#website","url":"https:\/\/www.ficoba.org\/es\/","name":"Ficoba, Recinto Ferial de Gipuzkoa","description":"Ficoba, l\u2019art de cr\u00e9er des opportunit\u00e9s","publisher":{"@id":"https:\/\/www.ficoba.org\/es\/#organization"},"alternateName":"Ficoba","potentialAction":[{"@type":"SearchAction","target":{"@type":"EntryPoint","urlTemplate":"https:\/\/www.ficoba.org\/es\/?s={search_term_string}"},"query-input":{"@type":"PropertyValueSpecification","valueRequired":true,"valueName":"search_term_string"}}],"inLanguage":"fr-FR"},{"@type":"Organization","@id":"https:\/\/www.ficoba.org\/es\/#organization","name":"Ficoba, Reciento Ferial de Gipuzkoa","url":"https:\/\/www.ficoba.org\/es\/","logo":{"@type":"ImageObject","inLanguage":"fr-FR","@id":"https:\/\/www.ficoba.org\/es\/#\/schema\/logo\/image\/","url":"https:\/\/www.ficoba.org\/wp-content\/uploads\/2018\/11\/logo_ficoba.png","contentUrl":"https:\/\/www.ficoba.org\/wp-content\/uploads\/2018\/11\/logo_ficoba.png","width":200,"height":124,"caption":"Ficoba, Reciento Ferial de Gipuzkoa"},"image":{"@id":"https:\/\/www.ficoba.org\/es\/#\/schema\/logo\/image\/"},"sameAs":["https:\/\/www.facebook.com\/FICOBAFUNDAZIOA\/","https:\/\/x.com\/FicobaFundazioa","https:\/\/www.youtube.com\/channel\/UCvo2JGluemyCf5KPRmEF9JQ","https:\/\/www.linkedin.com\/company\/ficoba\/","https:\/\/www.instagram.com\/ficobafundazioa\/"]},{"@type":"Person","@id":"https:\/\/www.ficoba.org\/es\/#\/schema\/person\/8a96a121e5dbd393e6e6b5a7ee7ed407","name":"ficoba","image":{"@type":"ImageObject","inLanguage":"fr-FR","@id":"https:\/\/www.ficoba.org\/es\/#\/schema\/person\/image\/","url":"https:\/\/secure.gravatar.com\/avatar\/c90cc0e07f75fecbe4165c1906a4cd61b0179a28caae2205d37516e4fb7c30c1?s=96&d=mm&r=g","contentUrl":"https:\/\/secure.gravatar.com\/avatar\/c90cc0e07f75fecbe4165c1906a4cd61b0179a28caae2205d37516e4fb7c30c1?s=96&d=mm&r=g","caption":"ficoba"}}]}},"_links":{"self":[{"href":"https:\/\/www.ficoba.org\/fr\/wp-json\/wp\/v2\/posts\/3360","targetHints":{"allow":["GET"]}}],"collection":[{"href":"https:\/\/www.ficoba.org\/fr\/wp-json\/wp\/v2\/posts"}],"about":[{"href":"https:\/\/www.ficoba.org\/fr\/wp-json\/wp\/v2\/types\/post"}],"author":[{"embeddable":true,"href":"https:\/\/www.ficoba.org\/fr\/wp-json\/wp\/v2\/users\/2"}],"replies":[{"embeddable":true,"href":"https:\/\/www.ficoba.org\/fr\/wp-json\/wp\/v2\/comments?post=3360"}],"version-history":[{"count":0,"href":"https:\/\/www.ficoba.org\/fr\/wp-json\/wp\/v2\/posts\/3360\/revisions"}],"wp:featuredmedia":[{"embeddable":true,"href":"https:\/\/www.ficoba.org\/fr\/wp-json\/wp\/v2\/media\/2390"}],"wp:attachment":[{"href":"https:\/\/www.ficoba.org\/fr\/wp-json\/wp\/v2\/media?parent=3360"}],"wp:term":[{"taxonomy":"category","embeddable":true,"href":"https:\/\/www.ficoba.org\/fr\/wp-json\/wp\/v2\/categories?post=3360"},{"taxonomy":"post_tag","embeddable":true,"href":"https:\/\/www.ficoba.org\/fr\/wp-json\/wp\/v2\/tags?post=3360"}],"curies":[{"name":"wp","href":"https:\/\/api.w.org\/{rel}","templated":true}]}}