{"id":20298,"date":"2024-10-14T12:53:16","date_gmt":"2024-10-14T10:53:16","guid":{"rendered":"https:\/\/www.ficoba.org\/?p=20298"},"modified":"2024-10-14T12:53:16","modified_gmt":"2024-10-14T10:53:16","slug":"uhinak-2024-nous-sommes-confrontes-a-un-defi-denvergure-parce-que-le-changement-climatique-a-deja-un-impact-direct-sur-la-cote-et-sur-la-vie-des-personnes","status":"publish","type":"post","link":"https:\/\/www.ficoba.org\/fr\/uhinak-2024-nous-sommes-confrontes-a-un-defi-denvergure-parce-que-le-changement-climatique-a-deja-un-impact-direct-sur-la-cote-et-sur-la-vie-des-personnes\/","title":{"rendered":"Uhinak 2024 : nous sommes confront\u00e9s \u00e0 un d\u00e9fi d\u2019envergure parce que le changement climatique a d\u00e9j\u00e0 un impact direct sur la c\u00f4te et sur la vie des personnes"},"content":{"rendered":"<ul>\n<li><strong>150\u00a0experts d\u00e9battront durant deux jours \u00e0 Ficoba des solutions pratiques et scientifiques pour relever les d\u00e9fis du changement climatique<\/strong><\/li>\n<li><strong>Peter Ditlevsen, professeur agr\u00e9g\u00e9 de l\u2019Institut Niels Bohr de l\u2019Universit\u00e9 de Copenhague, sera charg\u00e9 d\u2019inaugurer la premi\u00e8re journ\u00e9e lors d\u2019une conf\u00e9rence autour de l\u2019effondrement potentiel de la circulation m\u00e9ridionale de renversement de l\u2019Atlantique, qui changera radicalement le climat d\u2019Europe<\/strong><\/li>\n<li><strong>Marta Coll, vice-directrice de l\u2019Institut des sciences de la mer, sera l\u2019intervenante invit\u00e9e lors de l\u2019ouverture de la deuxi\u00e8me journ\u00e9e, \u00e0 l\u2019occasion d\u2019une intervention sur les effets du changement climatique sur les \u00e9cosyst\u00e8mes marins<\/strong><\/li>\n<li><strong>Le congr\u00e8s aura lieu les 23 et 24\u00a0octobre<\/strong><\/li>\n<\/ul>\n<p><em>(Irun, le 14\u00a0octobre\u00a02024).<\/em> <strong>Hausse du niveau de la mer, changements des \u00e9cosyst\u00e8mes marins, \u00e9v\u00e9nement climatiques extr\u00eames, salinisation des aquif\u00e8res et, dans les cas les plus extr\u00eames, d\u00e9placement des communaut\u00e9s. Il s\u2019agit de quelques-unes des cons\u00e9quences que le changement climatique r\u00e9serve au littoral.<\/strong><\/p>\n<p>Dans un tel contexte, l\u2019engagement d\u2019Uhinak, Congr\u00e8s transfrontalier du changement climatique et littoral, qui consiste \u00e0 promouvoir une approche transversale de ce d\u00e9fi, en r\u00e9unissant dans un m\u00eame \u00e9v\u00e9nement des experts, scientifiques, administrations publiques et entreprises, est d\u2019autant plus d\u2019actualit\u00e9. Aujourd\u2019hui, plus que jamais, il appara\u00eet que rien qu\u2019en agissant sur diff\u00e9rents domaines, on obtiendra les r\u00e9sultats n\u00e9cessaires pour pallier les effets du changement climatique.<\/p>\n<p>C\u2019est pourquoi, \u00e0 Uhinak, on parlera d\u2019att\u00e9nuation, c\u2019est-\u00e0-dire de la r\u00e9duction des \u00e9missions. Mais on y abordera \u00e9galement l\u2019adaptation au changement climatique pour pr\u00e9venir et r\u00e9duire les dommages et leurs co\u00fbts. La recherche dans le suivi des tendances et le d\u00e9veloppement des mod\u00e8les locaux seront \u00e9galement analys\u00e9s. En effet, cela est crucial pour pr\u00e9voir la r\u00e9ponse de notre territoire et l\u2019impact sur l\u2019\u00e9cosyst\u00e8me.<\/p>\n<p>Parmi les sujets principaux qui seront abord\u00e9s ressort l\u2019avertissement d\u2019atteindre les points de non-retour pour les changements mondiaux qui se produisent, comme l\u2019effondrement possible de la Circulation m\u00e9ridionale de retournement Atlantique (AMOC), crucial pour le syst\u00e8me climatique mondial et notamment en Europe pour son impact sur le climat regional\u00a0; les ph\u00e9nom\u00e8nes m\u00e9t\u00e9orologiques d\u00e9favorables, les stocks halieutiques et le changement des sch\u00e9mas migratoires des esp\u00e8ces marines. En outre, on assistera tout particuli\u00e8rement sur les recherches sur la r\u00e9silience des mers europ\u00e9ennes face au changement climatique, tr\u00e8s affect\u00e9es par la hausse moyenne de la temp\u00e9rature du niveau de la mer et par l\u2019acidification de l\u2019eau.<\/p>\n<p>&nbsp;<\/p>\n<p>&nbsp;<\/p>\n<p>Cette ann\u00e9e, pr\u00e8s de 150\u00a0personnes de diff\u00e9rents domaines participeront \u00e0 Uhinak. Parmi ces derni\u00e8res, une large repr\u00e9sentation de congressistes fran\u00e7ais, soit plus de 20\u00a0%, renfor\u00e7ant ainsi le caract\u00e8re transfrontalier du congr\u00e8s.<\/p>\n<p><strong>La vision des institutions et des experts<\/strong><\/p>\n<p>La VI\u00a0\u00e9dition du Congr\u00e8s transfrontalier du changement climatique et littoral a \u00e9t\u00e9 pr\u00e9sent\u00e9e ce matin \u00e0 la conf\u00e9rence de presse \u00e0 Ficoba.<\/p>\n<p><strong>La maire d\u2019Irun et pr\u00e9sidente de Fondation Ficoba, Cristina Laborda<\/strong>, a affirm\u00e9 que \u00ab\u00a0Irun est un exemple de ville engag\u00e9e en faveur de l&rsquo;environnement, et ce congr\u00e8s en est un exemple. Un \u00e9v\u00e9nement qui b\u00e9n\u00e9ficie d&rsquo;une reconnaissance internationale et du monde scientifique, et cela parce qu&rsquo;ici, les choses sont bien faites, avec responsabilit\u00e9. Cependant, nous ne devons pas nous en contenter. Les institutions ont le devoir de se concentrer sur les d\u00e9fis auxquels nous sommes confront\u00e9s en tant que soci\u00e9t\u00e9, et l&rsquo;environnement en est un des plus importants. Il est essentiel de prendre des mesures, chacun dans ses comp\u00e9tences, et d&rsquo;\u00eatre coh\u00e9rents avec nos actions et responsables de quel monde nous laisserons aux g\u00e9n\u00e9rations futures.\u00a0\u00bb<\/p>\n<p>Pour sa part, <strong>le conseiller en Durabilit\u00e9 de Gipuzkoa, Jos\u00e9 Ignacio Asensio<\/strong>, a signal\u00e9 que \u00ab\u00a0Depuis Gipuzkoa, nous travaillons avec rigueur et engagement pour pr\u00e9venir les risques par des initiatives comme l\u2019Observatoire marin c\u00f4tier et des projets innovants comme Blue Point, qui transforment la pollution plastique en opportunit\u00e9s pour l\u2019\u00c9conomie bleue. Sur un territoire o\u00f9 40\u00a0% de la population vit \u00e0 proximit\u00e9 de la c\u00f4te, nous devons agir avec urgence, en utilisant la connaissance et la science pour garantir la s\u00e9curit\u00e9 et le bien-\u00eatre de nos citoyens.\u00a0\u00bb<\/p>\n<p><strong>\u00a0Adolfo Uriarte, directeur du Patrimoine naturel et du Changement climatique du Gouvernement basque<\/strong>, a soulign\u00e9 que \u00ab\u00a0L\u2019adaptation du littoral aux effets du changement climatique n\u00e9cessite de prendre des mesures d\u2019urgence et de large ampleur pour r\u00e9pondre \u00e0 la triple crise\u00a0: la crise climatique, celle de la perte de biodiversit\u00e9 et celle de la pollution. Des projets comme Urban Klima\u00a02050, le plus grand projet d\u2019action climatique en Euskadi dirig\u00e9 par le Gouvernement basque, sont l\u2019exemple qu\u2019il est possible d\u2019appliquer des solutions transformatrices sur le territoire et \u00e9galement de g\u00e9n\u00e9rer des opportunit\u00e9s de march\u00e9 pour transf\u00e9rer notre exp\u00e9rience ailleurs. Nous devons passer de la planification \u00e0 l\u2019action transformatrice, et g\u00e9n\u00e9rer de la connaissance pour faciliter la prise de d\u00e9cision.\u00a0\u00bb<\/p>\n<p><strong>Rogelio Pozo, PDG d&rsquo;AZTI<\/strong>, centre technologique coorganisateur du Congr\u00e8s Uhinak, a soulign\u00e9 l&rsquo;importance de cet \u00e9v\u00e9nement comme une plateforme essentielle pour la discussion et le d\u00e9veloppement de solutions pratiques et scientifiques face aux d\u00e9fis du changement climatique sur nos c\u00f4tes. Pozo a d\u00e9clar\u00e9 qu&rsquo;\u00ab AZTI, en tant qu&rsquo;entit\u00e9 leader dans l&rsquo;\u00e9valuation des impacts du changement climatique au niveau local, jouera un r\u00f4le crucial dans ce congr\u00e8s, en centrant sa contribution sur les r\u00e9sultats de projets innovants visant \u00e0 att\u00e9nuer les effets du changement climatique \u00bb.<\/p>\n<p><strong>Le contenu du congr\u00e8s<\/strong><\/p>\n<p>Cette ann\u00e9e, le congr\u00e8s proposera 8\u00a0conf\u00e9rences invit\u00e9es et 35\u00a0communications orales, ainsi que 17\u00a0posters.<\/p>\n<p><strong>Peter Ditlevsen, professeur agr\u00e9g\u00e9 de l\u2019Institut Niels Bohr de l\u2019Universit\u00e9 de Copenhague<\/strong>, inaugurera la premi\u00e8re journ\u00e9e. Avec une solide formation en physique du climat et des syst\u00e8mes dynamiques, Ditlevsen a publi\u00e9 une centaine d\u2019ouvrages et de nombreux articles de vulgarisation scientifique. Sa conf\u00e9rence d\u2019inauguration portera sur l\u2019avertissement autour de l\u2019effondrement potentiel de la circulation m\u00e9ridionale de renversement de l\u2019Atlantique (AMOC), un courant essentiel dans le syst\u00e8me climatique mondial. Des \u00e9tudes r\u00e9centes ont r\u00e9v\u00e9l\u00e9 un affaiblissement de cette circulation, et les pr\u00e9visions sugg\u00e8rent que son effondrement pourrait survenir vers le milieu du si\u00e8cle si les \u00e9missions de gaz \u00e0 effet de serre poursuivent leur trajectoire actuelle.<\/p>\n<p>La responsable d\u2019inaugurer la deuxi\u00e8me journ\u00e9e du congr\u00e8s sera<strong> Marta Coll, vice-directrice de l\u2019Institut des sciences de la mer<\/strong>. Ses recherches portent sur les changements et les menaces pour la biodiversit\u00e9 marine et les ressources marines en raison d\u2019activit\u00e9s humaines telles que la p\u00eache et le changement climatique. Coll utilise diff\u00e9rentes techniques de mod\u00e9lisation des \u00e9cosyst\u00e8mes et des outils statistiques pour analyser la dynamique des communaut\u00e9s marines et les r\u00e9seaux trophiques. Sa pr\u00e9sentation montrera les impacts du changement climatique sur les \u00e9cosyst\u00e8mes marins et les strat\u00e9gies d\u2019att\u00e9nuation n\u00e9cessaires pour pr\u00e9server ces ressources vitales.<\/p>\n<p>Bloc I, Points de Non-Retour Plan\u00e9taires, comprendra une conf\u00e9rence invit\u00e9e de <strong>Jon S\u00e1enz de l&rsquo;Universit\u00e9 du Pays basque (UPV)<\/strong>, qui parlera des vagues de chaleur marines dans le sud du Golfe de Gascogne et des flux d&rsquo;\u00e9nergie entre l&rsquo;atmosph\u00e8re et l&rsquo;oc\u00e9an.<\/p>\n<p>Bloc II, \u00c9v\u00e9nements Extr\u00eames et Mesures d&rsquo;Adaptation, accueillera <strong>Roland Garnier d&rsquo;AZTI<\/strong>, qui pr\u00e9sentera le programme de suivi des actions de restauration des marais c\u00f4tiers au long de la c\u00f4te basque. De plus, <strong>Matthias Delpey de Rivages Pro Tech, SUEZ Eau France<\/strong>, parlera du d\u00e9veloppement d&rsquo;outils d&rsquo;aide \u00e0 la d\u00e9cision pour la gestion des impacts des temp\u00eates oc\u00e9aniques le long de la c\u00f4te de Saint-Jean-de-Luz, dans le sud-ouest de la France.<\/p>\n<p>Bloc III, Att\u00e9nuation du Changement Climatique dans les Zones C\u00f4ti\u00e8res et Oc\u00e9aniques, inclura l&rsquo;intervention de <strong>Soledad Vivas Navarro, coordinatrice technique du milieu marin \u00e0 l&rsquo;Agence andalouse de l&rsquo;Environnement et de l&rsquo;Eau<\/strong>, qui pr\u00e9sentera le projet LIFE Blue Natura, ax\u00e9 sur le carbone bleu en Andalousie comme outil pour att\u00e9nuer le changement climatique.<\/p>\n<p>Enfin, Bloc IV, Gouvernance, Outils de Gestion et Communication, comportera deux conf\u00e9rences invit\u00e9es. D&rsquo;une part, une conf\u00e9rence de <strong>I\u00f1igo Losada Rodr\u00edguez, directeur de la recherche \u00e0 l&rsquo;Institut de l&rsquo;Hydraulique Environnementale de Cantabrie (IHCantabria)<\/strong>, sur un guide pour l&rsquo;\u00e9valuation des risques et l&rsquo;adaptation au changement climatique sur les c\u00f4tes. D&rsquo;autre part, <strong>Mar\u00eda Josep Pic\u00f3, professeure de journalisme \u00e0 l&rsquo;Universit\u00e9 de Valence,<\/strong> prononcera une conf\u00e9rence sur \u00ab La gouvernance c\u00f4ti\u00e8re dans le m\u00e9tavers. D\u00e9fis pour la communication, la participation et le dialogue\u00a0\u00bb.<\/p>\n<p><strong>Un congr\u00e8s avec une zone d&rsquo;exposition<\/strong><\/p>\n<p>Un bon nom d\u2019entreprises et d\u2019organismes ont souhait\u00e9 participer \u00e0 cette sixi\u00e8me \u00e9dition d\u2019Uhinak en s\u2019y rendant \u00e9galement avec une offre exposante, que ce soit pour renforcer leur visibilit\u00e9 en tant qu\u2019entreprise fournisseur du secteur, lier leur marque \u00e0 la recherche pour att\u00e9nuer les effets du changement climatique, cr\u00e9er une conscience de marque et renforcer leur impact, se positionner en tant qu\u2019entreprise de r\u00e9f\u00e9rence pour leur engagement en mati\u00e8re de pr\u00e9servation de l\u2019environnement ou \u00e9tablir des relations commerciales avec leur public cible.<\/p>\n<p>La liste des exposants se compose du <strong>Conseil r\u00e9gional de Gipuzkoa (D\u00e9partement de Durabilit\u00e9),<\/strong> la soci\u00e9t\u00e9 publique du Gouvernement basque qui promeut la durabilit\u00e9 environnementale au Pays Basque <strong>Ihobe, Vervirtech<\/strong> (produits multi-enzymatiques durables), le centre de recherche Marina y Alimentaria <strong>AZTI<\/strong>, <strong>Artelia<\/strong> (projets d\u2019architecture et d\u2019ing\u00e9nierie, ax\u00e9 sur la conception de solutions constructives durables), <strong>GIS Litotral Basque<\/strong> (initiative qui r\u00e9unit des entit\u00e9s scientifiques et gouvernementales de la r\u00e9gion du Pays Basque, tant de France que d\u2019Espagne, pour relever les d\u00e9fis environnementaux du littoral), <strong>Nautilus Oce\u00e1nica<\/strong> (entreprise d\u00e9di\u00e9e \u00e0 la vente et l\u2019installation d\u2019\u00e9quipements oc\u00e9anographiques, hydrographiques et topographiques) et <strong>Regions4 Climate<\/strong> (r\u00e9seau mondial qui soutient les gouvernements r\u00e9gionaux dans la gestion des d\u00e9fis li\u00e9s au changement climatique, \u00e0 la perte de biodiversit\u00e9 et la mise en \u0153uvre des Objectifs de D\u00e9veloppement Durable (ODD).<\/p>\n<p><strong>\u00c0 propos d\u2019Uhinak<\/strong><\/p>\n<p>Uhinak est un Congr\u00e8s transfrontalier sur le changement climatique et le littoral promu par Ficoba et le centre technologique AZTI, avec le soutien de nombreuses institutions comme le D\u00e9partement de l\u2019Industrie, de la Transition \u00e9nerg\u00e9tique et de la Durabilit\u00e9 du Gouvernement basque \u00e0 travers sa soci\u00e9t\u00e9 publique Ihobe, le Conseil r\u00e9gional du Guipuscoa (D\u00e9partement de la Durabilit\u00e9), la Communaut\u00e9 d\u2019agglom\u00e9ration Pays basque et la r\u00e9gion Nouvelle-Aquitaine.<\/p>\n<p><strong>www.uhinak.com<\/strong><\/p>\n","protected":false},"excerpt":{"rendered":"<p>150\u00a0experts d\u00e9battront durant deux jours \u00e0 Ficoba des solutions pratiques et scientifiques pour relever les d\u00e9fis du changement climatique Peter Ditlevsen, professeur agr\u00e9g\u00e9 de l\u2019Institut Niels Bohr de l\u2019Universit\u00e9 de [&hellip;]<\/p>\n","protected":false},"author":2,"featured_media":20290,"comment_status":"closed","ping_status":"closed","sticky":false,"template":"","format":"standard","meta":{"_et_pb_use_builder":"","_et_pb_old_content":"","_et_gb_content_width":"","footnotes":""},"categories":[19],"tags":[],"class_list":["post-20298","post","type-post","status-publish","format-standard","has-post-thumbnail","hentry","category-evenements-et-salons"],"yoast_head":"<!-- This site is optimized with the Yoast SEO plugin v26.8 - https:\/\/yoast.com\/product\/yoast-seo-wordpress\/ -->\n<title>Uhinak 2024 : nous sommes confront\u00e9s \u00e0 un d\u00e9fi d\u2019envergure parce que le changement climatique a d\u00e9j\u00e0 un impact direct sur la c\u00f4te et sur la vie des personnes - Ficoba<\/title>\n<meta name=\"robots\" content=\"index, follow, max-snippet:-1, max-image-preview:large, max-video-preview:-1\" \/>\n<link rel=\"canonical\" href=\"https:\/\/www.ficoba.org\/fr\/uhinak-2024-nous-sommes-confrontes-a-un-defi-denvergure-parce-que-le-changement-climatique-a-deja-un-impact-direct-sur-la-cote-et-sur-la-vie-des-personnes\/\" \/>\n<meta name=\"twitter:label1\" content=\"\u00c9crit par\" \/>\n\t<meta name=\"twitter:data1\" content=\"ficoba\" \/>\n\t<meta name=\"twitter:label2\" content=\"Dur\u00e9e de lecture estim\u00e9e\" \/>\n\t<meta name=\"twitter:data2\" content=\"8 minutes\" \/>\n<script type=\"application\/ld+json\" class=\"yoast-schema-graph\">{\"@context\":\"https:\/\/schema.org\",\"@graph\":[{\"@type\":\"Article\",\"@id\":\"https:\/\/www.ficoba.org\/fr\/uhinak-2024-nous-sommes-confrontes-a-un-defi-denvergure-parce-que-le-changement-climatique-a-deja-un-impact-direct-sur-la-cote-et-sur-la-vie-des-personnes\/#article\",\"isPartOf\":{\"@id\":\"https:\/\/www.ficoba.org\/fr\/uhinak-2024-nous-sommes-confrontes-a-un-defi-denvergure-parce-que-le-changement-climatique-a-deja-un-impact-direct-sur-la-cote-et-sur-la-vie-des-personnes\/\"},\"author\":{\"name\":\"ficoba\",\"@id\":\"https:\/\/www.ficoba.org\/es\/#\/schema\/person\/8a96a121e5dbd393e6e6b5a7ee7ed407\"},\"headline\":\"Uhinak 2024 : nous sommes confront\u00e9s \u00e0 un d\u00e9fi d\u2019envergure parce que le changement climatique a d\u00e9j\u00e0 un impact direct sur la c\u00f4te et sur la vie des personnes\",\"datePublished\":\"2024-10-14T10:53:16+00:00\",\"mainEntityOfPage\":{\"@id\":\"https:\/\/www.ficoba.org\/fr\/uhinak-2024-nous-sommes-confrontes-a-un-defi-denvergure-parce-que-le-changement-climatique-a-deja-un-impact-direct-sur-la-cote-et-sur-la-vie-des-personnes\/\"},\"wordCount\":1900,\"publisher\":{\"@id\":\"https:\/\/www.ficoba.org\/es\/#organization\"},\"image\":{\"@id\":\"https:\/\/www.ficoba.org\/fr\/uhinak-2024-nous-sommes-confrontes-a-un-defi-denvergure-parce-que-le-changement-climatique-a-deja-un-impact-direct-sur-la-cote-et-sur-la-vie-des-personnes\/#primaryimage\"},\"thumbnailUrl\":\"https:\/\/www.ficoba.org\/wp-content\/uploads\/2024\/10\/Uhinak-1.jpg\",\"articleSection\":[\"\u00c9v\u00e9nements et salons\"],\"inLanguage\":\"fr-FR\"},{\"@type\":\"WebPage\",\"@id\":\"https:\/\/www.ficoba.org\/fr\/uhinak-2024-nous-sommes-confrontes-a-un-defi-denvergure-parce-que-le-changement-climatique-a-deja-un-impact-direct-sur-la-cote-et-sur-la-vie-des-personnes\/\",\"url\":\"https:\/\/www.ficoba.org\/fr\/uhinak-2024-nous-sommes-confrontes-a-un-defi-denvergure-parce-que-le-changement-climatique-a-deja-un-impact-direct-sur-la-cote-et-sur-la-vie-des-personnes\/\",\"name\":\"Uhinak 2024 : nous sommes confront\u00e9s \u00e0 un d\u00e9fi d\u2019envergure parce que le changement climatique a d\u00e9j\u00e0 un impact direct sur la c\u00f4te et sur la vie des personnes - Ficoba\",\"isPartOf\":{\"@id\":\"https:\/\/www.ficoba.org\/es\/#website\"},\"primaryImageOfPage\":{\"@id\":\"https:\/\/www.ficoba.org\/fr\/uhinak-2024-nous-sommes-confrontes-a-un-defi-denvergure-parce-que-le-changement-climatique-a-deja-un-impact-direct-sur-la-cote-et-sur-la-vie-des-personnes\/#primaryimage\"},\"image\":{\"@id\":\"https:\/\/www.ficoba.org\/fr\/uhinak-2024-nous-sommes-confrontes-a-un-defi-denvergure-parce-que-le-changement-climatique-a-deja-un-impact-direct-sur-la-cote-et-sur-la-vie-des-personnes\/#primaryimage\"},\"thumbnailUrl\":\"https:\/\/www.ficoba.org\/wp-content\/uploads\/2024\/10\/Uhinak-1.jpg\",\"datePublished\":\"2024-10-14T10:53:16+00:00\",\"breadcrumb\":{\"@id\":\"https:\/\/www.ficoba.org\/fr\/uhinak-2024-nous-sommes-confrontes-a-un-defi-denvergure-parce-que-le-changement-climatique-a-deja-un-impact-direct-sur-la-cote-et-sur-la-vie-des-personnes\/#breadcrumb\"},\"inLanguage\":\"fr-FR\",\"potentialAction\":[{\"@type\":\"ReadAction\",\"target\":[\"https:\/\/www.ficoba.org\/fr\/uhinak-2024-nous-sommes-confrontes-a-un-defi-denvergure-parce-que-le-changement-climatique-a-deja-un-impact-direct-sur-la-cote-et-sur-la-vie-des-personnes\/\"]}]},{\"@type\":\"ImageObject\",\"inLanguage\":\"fr-FR\",\"@id\":\"https:\/\/www.ficoba.org\/fr\/uhinak-2024-nous-sommes-confrontes-a-un-defi-denvergure-parce-que-le-changement-climatique-a-deja-un-impact-direct-sur-la-cote-et-sur-la-vie-des-personnes\/#primaryimage\",\"url\":\"https:\/\/www.ficoba.org\/wp-content\/uploads\/2024\/10\/Uhinak-1.jpg\",\"contentUrl\":\"https:\/\/www.ficoba.org\/wp-content\/uploads\/2024\/10\/Uhinak-1.jpg\",\"width\":2016,\"height\":1512},{\"@type\":\"BreadcrumbList\",\"@id\":\"https:\/\/www.ficoba.org\/fr\/uhinak-2024-nous-sommes-confrontes-a-un-defi-denvergure-parce-que-le-changement-climatique-a-deja-un-impact-direct-sur-la-cote-et-sur-la-vie-des-personnes\/#breadcrumb\",\"itemListElement\":[{\"@type\":\"ListItem\",\"position\":1,\"name\":\"Portada\",\"item\":\"https:\/\/www.ficoba.org\/fr\/\"},{\"@type\":\"ListItem\",\"position\":2,\"name\":\"Uhinak 2024 : nous sommes confront\u00e9s \u00e0 un d\u00e9fi d\u2019envergure parce que le changement climatique a d\u00e9j\u00e0 un impact direct sur la c\u00f4te et sur la vie des personnes\"}]},{\"@type\":\"WebSite\",\"@id\":\"https:\/\/www.ficoba.org\/es\/#website\",\"url\":\"https:\/\/www.ficoba.org\/es\/\",\"name\":\"Ficoba, Recinto Ferial de Gipuzkoa\",\"description\":\"Ficoba, l\u2019art de cr\u00e9er des opportunit\u00e9s\",\"publisher\":{\"@id\":\"https:\/\/www.ficoba.org\/es\/#organization\"},\"alternateName\":\"Ficoba\",\"potentialAction\":[{\"@type\":\"SearchAction\",\"target\":{\"@type\":\"EntryPoint\",\"urlTemplate\":\"https:\/\/www.ficoba.org\/es\/?s={search_term_string}\"},\"query-input\":{\"@type\":\"PropertyValueSpecification\",\"valueRequired\":true,\"valueName\":\"search_term_string\"}}],\"inLanguage\":\"fr-FR\"},{\"@type\":\"Organization\",\"@id\":\"https:\/\/www.ficoba.org\/es\/#organization\",\"name\":\"Ficoba, Reciento Ferial de Gipuzkoa\",\"url\":\"https:\/\/www.ficoba.org\/es\/\",\"logo\":{\"@type\":\"ImageObject\",\"inLanguage\":\"fr-FR\",\"@id\":\"https:\/\/www.ficoba.org\/es\/#\/schema\/logo\/image\/\",\"url\":\"https:\/\/www.ficoba.org\/wp-content\/uploads\/2018\/11\/logo_ficoba.png\",\"contentUrl\":\"https:\/\/www.ficoba.org\/wp-content\/uploads\/2018\/11\/logo_ficoba.png\",\"width\":200,\"height\":124,\"caption\":\"Ficoba, Reciento Ferial de Gipuzkoa\"},\"image\":{\"@id\":\"https:\/\/www.ficoba.org\/es\/#\/schema\/logo\/image\/\"},\"sameAs\":[\"https:\/\/www.facebook.com\/FICOBAFUNDAZIOA\/\",\"https:\/\/x.com\/FicobaFundazioa\",\"https:\/\/www.youtube.com\/channel\/UCvo2JGluemyCf5KPRmEF9JQ\",\"https:\/\/www.linkedin.com\/company\/ficoba\/\",\"https:\/\/www.instagram.com\/ficobafundazioa\/\"]},{\"@type\":\"Person\",\"@id\":\"https:\/\/www.ficoba.org\/es\/#\/schema\/person\/8a96a121e5dbd393e6e6b5a7ee7ed407\",\"name\":\"ficoba\",\"image\":{\"@type\":\"ImageObject\",\"inLanguage\":\"fr-FR\",\"@id\":\"https:\/\/www.ficoba.org\/es\/#\/schema\/person\/image\/\",\"url\":\"https:\/\/secure.gravatar.com\/avatar\/c90cc0e07f75fecbe4165c1906a4cd61b0179a28caae2205d37516e4fb7c30c1?s=96&d=mm&r=g\",\"contentUrl\":\"https:\/\/secure.gravatar.com\/avatar\/c90cc0e07f75fecbe4165c1906a4cd61b0179a28caae2205d37516e4fb7c30c1?s=96&d=mm&r=g\",\"caption\":\"ficoba\"}}]}<\/script>\n<!-- \/ Yoast SEO plugin. -->","yoast_head_json":{"title":"Uhinak 2024 : nous sommes confront\u00e9s \u00e0 un d\u00e9fi d\u2019envergure parce que le changement climatique a d\u00e9j\u00e0 un impact direct sur la c\u00f4te et sur la vie des personnes - Ficoba","robots":{"index":"index","follow":"follow","max-snippet":"max-snippet:-1","max-image-preview":"max-image-preview:large","max-video-preview":"max-video-preview:-1"},"canonical":"https:\/\/www.ficoba.org\/fr\/uhinak-2024-nous-sommes-confrontes-a-un-defi-denvergure-parce-que-le-changement-climatique-a-deja-un-impact-direct-sur-la-cote-et-sur-la-vie-des-personnes\/","twitter_misc":{"\u00c9crit par":"ficoba","Dur\u00e9e de lecture estim\u00e9e":"8 minutes"},"schema":{"@context":"https:\/\/schema.org","@graph":[{"@type":"Article","@id":"https:\/\/www.ficoba.org\/fr\/uhinak-2024-nous-sommes-confrontes-a-un-defi-denvergure-parce-que-le-changement-climatique-a-deja-un-impact-direct-sur-la-cote-et-sur-la-vie-des-personnes\/#article","isPartOf":{"@id":"https:\/\/www.ficoba.org\/fr\/uhinak-2024-nous-sommes-confrontes-a-un-defi-denvergure-parce-que-le-changement-climatique-a-deja-un-impact-direct-sur-la-cote-et-sur-la-vie-des-personnes\/"},"author":{"name":"ficoba","@id":"https:\/\/www.ficoba.org\/es\/#\/schema\/person\/8a96a121e5dbd393e6e6b5a7ee7ed407"},"headline":"Uhinak 2024 : nous sommes confront\u00e9s \u00e0 un d\u00e9fi d\u2019envergure parce que le changement climatique a d\u00e9j\u00e0 un impact direct sur la c\u00f4te et sur la vie des personnes","datePublished":"2024-10-14T10:53:16+00:00","mainEntityOfPage":{"@id":"https:\/\/www.ficoba.org\/fr\/uhinak-2024-nous-sommes-confrontes-a-un-defi-denvergure-parce-que-le-changement-climatique-a-deja-un-impact-direct-sur-la-cote-et-sur-la-vie-des-personnes\/"},"wordCount":1900,"publisher":{"@id":"https:\/\/www.ficoba.org\/es\/#organization"},"image":{"@id":"https:\/\/www.ficoba.org\/fr\/uhinak-2024-nous-sommes-confrontes-a-un-defi-denvergure-parce-que-le-changement-climatique-a-deja-un-impact-direct-sur-la-cote-et-sur-la-vie-des-personnes\/#primaryimage"},"thumbnailUrl":"https:\/\/www.ficoba.org\/wp-content\/uploads\/2024\/10\/Uhinak-1.jpg","articleSection":["\u00c9v\u00e9nements et salons"],"inLanguage":"fr-FR"},{"@type":"WebPage","@id":"https:\/\/www.ficoba.org\/fr\/uhinak-2024-nous-sommes-confrontes-a-un-defi-denvergure-parce-que-le-changement-climatique-a-deja-un-impact-direct-sur-la-cote-et-sur-la-vie-des-personnes\/","url":"https:\/\/www.ficoba.org\/fr\/uhinak-2024-nous-sommes-confrontes-a-un-defi-denvergure-parce-que-le-changement-climatique-a-deja-un-impact-direct-sur-la-cote-et-sur-la-vie-des-personnes\/","name":"Uhinak 2024 : nous sommes confront\u00e9s \u00e0 un d\u00e9fi d\u2019envergure parce que le changement climatique a d\u00e9j\u00e0 un impact direct sur la c\u00f4te et sur la vie des personnes - Ficoba","isPartOf":{"@id":"https:\/\/www.ficoba.org\/es\/#website"},"primaryImageOfPage":{"@id":"https:\/\/www.ficoba.org\/fr\/uhinak-2024-nous-sommes-confrontes-a-un-defi-denvergure-parce-que-le-changement-climatique-a-deja-un-impact-direct-sur-la-cote-et-sur-la-vie-des-personnes\/#primaryimage"},"image":{"@id":"https:\/\/www.ficoba.org\/fr\/uhinak-2024-nous-sommes-confrontes-a-un-defi-denvergure-parce-que-le-changement-climatique-a-deja-un-impact-direct-sur-la-cote-et-sur-la-vie-des-personnes\/#primaryimage"},"thumbnailUrl":"https:\/\/www.ficoba.org\/wp-content\/uploads\/2024\/10\/Uhinak-1.jpg","datePublished":"2024-10-14T10:53:16+00:00","breadcrumb":{"@id":"https:\/\/www.ficoba.org\/fr\/uhinak-2024-nous-sommes-confrontes-a-un-defi-denvergure-parce-que-le-changement-climatique-a-deja-un-impact-direct-sur-la-cote-et-sur-la-vie-des-personnes\/#breadcrumb"},"inLanguage":"fr-FR","potentialAction":[{"@type":"ReadAction","target":["https:\/\/www.ficoba.org\/fr\/uhinak-2024-nous-sommes-confrontes-a-un-defi-denvergure-parce-que-le-changement-climatique-a-deja-un-impact-direct-sur-la-cote-et-sur-la-vie-des-personnes\/"]}]},{"@type":"ImageObject","inLanguage":"fr-FR","@id":"https:\/\/www.ficoba.org\/fr\/uhinak-2024-nous-sommes-confrontes-a-un-defi-denvergure-parce-que-le-changement-climatique-a-deja-un-impact-direct-sur-la-cote-et-sur-la-vie-des-personnes\/#primaryimage","url":"https:\/\/www.ficoba.org\/wp-content\/uploads\/2024\/10\/Uhinak-1.jpg","contentUrl":"https:\/\/www.ficoba.org\/wp-content\/uploads\/2024\/10\/Uhinak-1.jpg","width":2016,"height":1512},{"@type":"BreadcrumbList","@id":"https:\/\/www.ficoba.org\/fr\/uhinak-2024-nous-sommes-confrontes-a-un-defi-denvergure-parce-que-le-changement-climatique-a-deja-un-impact-direct-sur-la-cote-et-sur-la-vie-des-personnes\/#breadcrumb","itemListElement":[{"@type":"ListItem","position":1,"name":"Portada","item":"https:\/\/www.ficoba.org\/fr\/"},{"@type":"ListItem","position":2,"name":"Uhinak 2024 : nous sommes confront\u00e9s \u00e0 un d\u00e9fi d\u2019envergure parce que le changement climatique a d\u00e9j\u00e0 un impact direct sur la c\u00f4te et sur la vie des personnes"}]},{"@type":"WebSite","@id":"https:\/\/www.ficoba.org\/es\/#website","url":"https:\/\/www.ficoba.org\/es\/","name":"Ficoba, Recinto Ferial de Gipuzkoa","description":"Ficoba, l\u2019art de cr\u00e9er des opportunit\u00e9s","publisher":{"@id":"https:\/\/www.ficoba.org\/es\/#organization"},"alternateName":"Ficoba","potentialAction":[{"@type":"SearchAction","target":{"@type":"EntryPoint","urlTemplate":"https:\/\/www.ficoba.org\/es\/?s={search_term_string}"},"query-input":{"@type":"PropertyValueSpecification","valueRequired":true,"valueName":"search_term_string"}}],"inLanguage":"fr-FR"},{"@type":"Organization","@id":"https:\/\/www.ficoba.org\/es\/#organization","name":"Ficoba, Reciento Ferial de Gipuzkoa","url":"https:\/\/www.ficoba.org\/es\/","logo":{"@type":"ImageObject","inLanguage":"fr-FR","@id":"https:\/\/www.ficoba.org\/es\/#\/schema\/logo\/image\/","url":"https:\/\/www.ficoba.org\/wp-content\/uploads\/2018\/11\/logo_ficoba.png","contentUrl":"https:\/\/www.ficoba.org\/wp-content\/uploads\/2018\/11\/logo_ficoba.png","width":200,"height":124,"caption":"Ficoba, Reciento Ferial de Gipuzkoa"},"image":{"@id":"https:\/\/www.ficoba.org\/es\/#\/schema\/logo\/image\/"},"sameAs":["https:\/\/www.facebook.com\/FICOBAFUNDAZIOA\/","https:\/\/x.com\/FicobaFundazioa","https:\/\/www.youtube.com\/channel\/UCvo2JGluemyCf5KPRmEF9JQ","https:\/\/www.linkedin.com\/company\/ficoba\/","https:\/\/www.instagram.com\/ficobafundazioa\/"]},{"@type":"Person","@id":"https:\/\/www.ficoba.org\/es\/#\/schema\/person\/8a96a121e5dbd393e6e6b5a7ee7ed407","name":"ficoba","image":{"@type":"ImageObject","inLanguage":"fr-FR","@id":"https:\/\/www.ficoba.org\/es\/#\/schema\/person\/image\/","url":"https:\/\/secure.gravatar.com\/avatar\/c90cc0e07f75fecbe4165c1906a4cd61b0179a28caae2205d37516e4fb7c30c1?s=96&d=mm&r=g","contentUrl":"https:\/\/secure.gravatar.com\/avatar\/c90cc0e07f75fecbe4165c1906a4cd61b0179a28caae2205d37516e4fb7c30c1?s=96&d=mm&r=g","caption":"ficoba"}}]}},"_links":{"self":[{"href":"https:\/\/www.ficoba.org\/fr\/wp-json\/wp\/v2\/posts\/20298","targetHints":{"allow":["GET"]}}],"collection":[{"href":"https:\/\/www.ficoba.org\/fr\/wp-json\/wp\/v2\/posts"}],"about":[{"href":"https:\/\/www.ficoba.org\/fr\/wp-json\/wp\/v2\/types\/post"}],"author":[{"embeddable":true,"href":"https:\/\/www.ficoba.org\/fr\/wp-json\/wp\/v2\/users\/2"}],"replies":[{"embeddable":true,"href":"https:\/\/www.ficoba.org\/fr\/wp-json\/wp\/v2\/comments?post=20298"}],"version-history":[{"count":1,"href":"https:\/\/www.ficoba.org\/fr\/wp-json\/wp\/v2\/posts\/20298\/revisions"}],"predecessor-version":[{"id":20299,"href":"https:\/\/www.ficoba.org\/fr\/wp-json\/wp\/v2\/posts\/20298\/revisions\/20299"}],"wp:featuredmedia":[{"embeddable":true,"href":"https:\/\/www.ficoba.org\/fr\/wp-json\/wp\/v2\/media\/20290"}],"wp:attachment":[{"href":"https:\/\/www.ficoba.org\/fr\/wp-json\/wp\/v2\/media?parent=20298"}],"wp:term":[{"taxonomy":"category","embeddable":true,"href":"https:\/\/www.ficoba.org\/fr\/wp-json\/wp\/v2\/categories?post=20298"},{"taxonomy":"post_tag","embeddable":true,"href":"https:\/\/www.ficoba.org\/fr\/wp-json\/wp\/v2\/tags?post=20298"}],"curies":[{"name":"wp","href":"https:\/\/api.w.org\/{rel}","templated":true}]}}