{"id":19128,"date":"2024-04-15T12:35:18","date_gmt":"2024-04-15T10:35:18","guid":{"rendered":"https:\/\/www.ficoba.org\/?p=19128"},"modified":"2024-04-15T12:35:18","modified_gmt":"2024-04-15T10:35:18","slug":"le-21-avril-lexposition-internationale-canine-revient-a-ficoba","status":"publish","type":"post","link":"https:\/\/www.ficoba.org\/fr\/le-21-avril-lexposition-internationale-canine-revient-a-ficoba\/","title":{"rendered":"Le 21 avril, l&rsquo;Exposition Internationale Canine revient \u00e0 Ficoba"},"content":{"rendered":"<ul>\n<li><strong>Cette ann\u00e9e, plus de 500 chiens y participeront<\/strong><\/li>\n<li><strong>Le Retriever, le Teckel et le Doberman seront les races les plus repr\u00e9sent\u00e9es<\/strong><\/li>\n<\/ul>\n<p><em>(Irun, 15 avril 2024).<\/em> Ficoba s&rsquo;appr\u00eate \u00e0 accueillir l&rsquo;un des \u00e9v\u00e9nements les plus attendus par les amateurs de chiens : la <strong>42\u00e8me \u00e9dition de l&rsquo;Exposition Internationale Canine du Gipuzkoa<\/strong>. Cet \u00e9v\u00e9nement, qui est devenu un rendez-vous incontournable pour les \u00e9leveurs, les professionnels et les amateurs de chiens, promet une journ\u00e9e riche en activit\u00e9s, en concours et, surtout, en pr\u00e9sence de plus de 500 chiens de 150 races diff\u00e9rentes.<\/p>\n<p>L&rsquo;exposition, qui se tiendra le <strong>dimanche 21 avril<\/strong>, est une vitrine de la diversit\u00e9 et de la beaut\u00e9 canines, o\u00f9 seront pr\u00e9sent\u00e9s des chiens de la plus haute qualit\u00e9.<\/p>\n<p>La journ\u00e9e d\u00e9butera \u00e0 9h30 et se poursuivra jusqu&rsquo;\u00e0 19h00, offrant aux visiteurs une exp\u00e9rience unique et la possibilit\u00e9 d&rsquo;en apprendre davantage sur le monde fascinant des chiens.<\/p>\n<p>Comme lors des \u00e9ditions pr\u00e9c\u00e9dentes, l&rsquo;exposition a eu un impact important en France, d&rsquo;o\u00f9 arrivera une importante d\u00e9l\u00e9gation de chiens.<\/p>\n<p>Les chiens participeront \u00e0 11 groupes diff\u00e9rents. Le groupe 11 comprendra l&rsquo;une des races les plus rares de l&rsquo;ann\u00e9e. Il s&rsquo;agit du biewer, une race de chien issue d&rsquo;une mutation g\u00e9n\u00e9tique qui affecte la couleur de la robe du Yorkshire terrier, produisant ainsi des chiens tricolores.<\/p>\n<p>Les races concourant dans le groupe 11 sont des races qui ne sont pas encore reconnues par la FCI (F\u00e9d\u00e9ration Cynologique Internationale). Outre le bouvier d\u00e9j\u00e0 mentionn\u00e9, il s&rsquo;agit de races espagnoles telles que le Majorero, le berger basque, le berger de Garafiano, le berger du L\u00e9on, le chien de Valdueza, l&rsquo;Alano espagnol, la buse andalouse Bodeguero, la buse valencienne, le Podenco andalou, le Maneto, le Podenco valencien et le Pach\u00f3n navarrais.<\/p>\n<p>Quant aux races les plus repr\u00e9sent\u00e9es \u00e0 l&rsquo;exposition canine internationale de cette ann\u00e9e, il s&rsquo;agit du retriever, du teckel et du doberman.<\/p>\n<p><strong>Un jury exceptionnel<\/strong><\/p>\n<p>Cette ann\u00e9e, l&rsquo;exposition accueillera d&rsquo;\u00e9minents juges internationaux tels que Enrico Drudi de Saint-Marin, Bruce Schwartz des \u00c9tats-Unis, Elisabet Caminade Lavault d&rsquo;Afrique du Sud et Claudio Lonbardi d&rsquo;Italie, qui, avec des juges espagnols, auront pour t\u00e2che de s\u00e9lectionner les meilleurs chiens. Les participants se disputeront le prestigieux titre de Meilleur chien de l&rsquo;exposition et la Coupe du Roi, ainsi que plus d&rsquo;une centaine de troph\u00e9es et de m\u00e9dailles.<\/p>\n<p><strong>Activit\u00e9s parall\u00e8les<\/strong><\/p>\n<p>En plus du concours, l&rsquo;exposition offrira un espace de stands avec toutes sortes de produits pour le soin et le bien-\u00eatre de nos amis les chiens. Les jeunes auront \u00e9galement l&rsquo;occasion de d\u00e9montrer leurs comp\u00e9tences dans le cadre du concours des jeunes pr\u00e9sentateurs.<\/p>\n<p>Prix et r\u00e9compenses<\/p>\n<p>Les participants pourront recevoir des prix tels que le certificat d&rsquo;aptitude au championnat d&rsquo;Espagne (CAC) et le certificat d&rsquo;aptitude international (CACIB), entre autres. Les temps forts seront les finales de groupe et la grande finale, au cours de laquelle le meilleur chien de l&rsquo;exposition sera couronn\u00e9 et recevra la Copa de su Majestad el Rey (Coupe de Sa Majest\u00e9 le Roi).<\/p>\n<p><strong>Informations pratiques<\/strong><\/p>\n<p>L&rsquo;entr\u00e9e \u00e0 l&rsquo;exposition co\u00fbtera 5 euros pour les adultes et 3 euros pour les enfants de moins de 10 ans.<\/p>\n<p><strong>IL EST IMPORTANT DE RAPPELER QUE, CONFORM\u00c9MENT AU R\u00c8GLEMENT DE L&rsquo;EXPOSITION, LES CHIENS QUI NE PARTICIPENT PAS \u00c0 L&rsquo;EXPOSITION NE SONT PAS AUTORIS\u00c9S \u00c0 ENTRER DANS L&rsquo;EXPOSITION ET QU&rsquo;IL EST INTERDIT DE VENDRE DES CHIENS DANS L&rsquo;ENCEINTE DE L&rsquo;EXPOSITION.<\/strong><\/p>\n<p>Programme<\/p>\n<p>08.00 : Collecte de la documentation et contr\u00f4le v\u00e9t\u00e9rinaire.<\/p>\n<p>09.30 : D\u00e9but du jugement.<\/p>\n<p>12h00 : D\u00e9monstration de dressage de chiens.<\/p>\n<p>14.00 : Concours des jeunes pr\u00e9sentateurs.<\/p>\n<p>16.00 : Finales de groupe et grande finale.<\/p>\n","protected":false},"excerpt":{"rendered":"<p>Cette ann\u00e9e, plus de 500 chiens y participeront Le Retriever, le Teckel et le Doberman seront les races les plus repr\u00e9sent\u00e9es (Irun, 15 avril 2024). Ficoba s&rsquo;appr\u00eate \u00e0 accueillir l&rsquo;un [&hellip;]<\/p>\n","protected":false},"author":2,"featured_media":19122,"comment_status":"closed","ping_status":"closed","sticky":false,"template":"","format":"standard","meta":{"_et_pb_use_builder":"","_et_pb_old_content":"","_et_gb_content_width":"","footnotes":""},"categories":[19],"tags":[],"class_list":["post-19128","post","type-post","status-publish","format-standard","has-post-thumbnail","hentry","category-evenements-et-salons"],"yoast_head":"<!-- This site is optimized with the Yoast SEO plugin v26.8 - https:\/\/yoast.com\/product\/yoast-seo-wordpress\/ -->\n<title>Le 21 avril, l&#039;Exposition Internationale Canine revient \u00e0 Ficoba - Ficoba<\/title>\n<meta name=\"robots\" content=\"index, follow, max-snippet:-1, max-image-preview:large, max-video-preview:-1\" \/>\n<link rel=\"canonical\" href=\"https:\/\/www.ficoba.org\/fr\/le-21-avril-lexposition-internationale-canine-revient-a-ficoba\/\" \/>\n<meta name=\"twitter:label1\" content=\"\u00c9crit par\" \/>\n\t<meta name=\"twitter:data1\" content=\"ficoba\" \/>\n\t<meta name=\"twitter:label2\" content=\"Dur\u00e9e de lecture estim\u00e9e\" \/>\n\t<meta name=\"twitter:data2\" content=\"3 minutes\" \/>\n<script type=\"application\/ld+json\" class=\"yoast-schema-graph\">{\"@context\":\"https:\/\/schema.org\",\"@graph\":[{\"@type\":\"Article\",\"@id\":\"https:\/\/www.ficoba.org\/fr\/le-21-avril-lexposition-internationale-canine-revient-a-ficoba\/#article\",\"isPartOf\":{\"@id\":\"https:\/\/www.ficoba.org\/fr\/le-21-avril-lexposition-internationale-canine-revient-a-ficoba\/\"},\"author\":{\"name\":\"ficoba\",\"@id\":\"https:\/\/www.ficoba.org\/es\/#\/schema\/person\/8a96a121e5dbd393e6e6b5a7ee7ed407\"},\"headline\":\"Le 21 avril, l&rsquo;Exposition Internationale Canine revient \u00e0 Ficoba\",\"datePublished\":\"2024-04-15T10:35:18+00:00\",\"mainEntityOfPage\":{\"@id\":\"https:\/\/www.ficoba.org\/fr\/le-21-avril-lexposition-internationale-canine-revient-a-ficoba\/\"},\"wordCount\":650,\"publisher\":{\"@id\":\"https:\/\/www.ficoba.org\/es\/#organization\"},\"image\":{\"@id\":\"https:\/\/www.ficoba.org\/fr\/le-21-avril-lexposition-internationale-canine-revient-a-ficoba\/#primaryimage\"},\"thumbnailUrl\":\"https:\/\/www.ficoba.org\/wp-content\/uploads\/2024\/04\/Expo-Canina-scaled.jpg\",\"articleSection\":[\"\u00c9v\u00e9nements et salons\"],\"inLanguage\":\"fr-FR\"},{\"@type\":\"WebPage\",\"@id\":\"https:\/\/www.ficoba.org\/fr\/le-21-avril-lexposition-internationale-canine-revient-a-ficoba\/\",\"url\":\"https:\/\/www.ficoba.org\/fr\/le-21-avril-lexposition-internationale-canine-revient-a-ficoba\/\",\"name\":\"Le 21 avril, l'Exposition Internationale Canine revient \u00e0 Ficoba - Ficoba\",\"isPartOf\":{\"@id\":\"https:\/\/www.ficoba.org\/es\/#website\"},\"primaryImageOfPage\":{\"@id\":\"https:\/\/www.ficoba.org\/fr\/le-21-avril-lexposition-internationale-canine-revient-a-ficoba\/#primaryimage\"},\"image\":{\"@id\":\"https:\/\/www.ficoba.org\/fr\/le-21-avril-lexposition-internationale-canine-revient-a-ficoba\/#primaryimage\"},\"thumbnailUrl\":\"https:\/\/www.ficoba.org\/wp-content\/uploads\/2024\/04\/Expo-Canina-scaled.jpg\",\"datePublished\":\"2024-04-15T10:35:18+00:00\",\"breadcrumb\":{\"@id\":\"https:\/\/www.ficoba.org\/fr\/le-21-avril-lexposition-internationale-canine-revient-a-ficoba\/#breadcrumb\"},\"inLanguage\":\"fr-FR\",\"potentialAction\":[{\"@type\":\"ReadAction\",\"target\":[\"https:\/\/www.ficoba.org\/fr\/le-21-avril-lexposition-internationale-canine-revient-a-ficoba\/\"]}]},{\"@type\":\"ImageObject\",\"inLanguage\":\"fr-FR\",\"@id\":\"https:\/\/www.ficoba.org\/fr\/le-21-avril-lexposition-internationale-canine-revient-a-ficoba\/#primaryimage\",\"url\":\"https:\/\/www.ficoba.org\/wp-content\/uploads\/2024\/04\/Expo-Canina-scaled.jpg\",\"contentUrl\":\"https:\/\/www.ficoba.org\/wp-content\/uploads\/2024\/04\/Expo-Canina-scaled.jpg\",\"width\":2560,\"height\":1916},{\"@type\":\"BreadcrumbList\",\"@id\":\"https:\/\/www.ficoba.org\/fr\/le-21-avril-lexposition-internationale-canine-revient-a-ficoba\/#breadcrumb\",\"itemListElement\":[{\"@type\":\"ListItem\",\"position\":1,\"name\":\"Portada\",\"item\":\"https:\/\/www.ficoba.org\/fr\/\"},{\"@type\":\"ListItem\",\"position\":2,\"name\":\"Le 21 avril, l&#8217;Exposition Internationale Canine revient \u00e0 Ficoba\"}]},{\"@type\":\"WebSite\",\"@id\":\"https:\/\/www.ficoba.org\/es\/#website\",\"url\":\"https:\/\/www.ficoba.org\/es\/\",\"name\":\"Ficoba, Recinto Ferial de Gipuzkoa\",\"description\":\"Ficoba, l\u2019art de cr\u00e9er des opportunit\u00e9s\",\"publisher\":{\"@id\":\"https:\/\/www.ficoba.org\/es\/#organization\"},\"alternateName\":\"Ficoba\",\"potentialAction\":[{\"@type\":\"SearchAction\",\"target\":{\"@type\":\"EntryPoint\",\"urlTemplate\":\"https:\/\/www.ficoba.org\/es\/?s={search_term_string}\"},\"query-input\":{\"@type\":\"PropertyValueSpecification\",\"valueRequired\":true,\"valueName\":\"search_term_string\"}}],\"inLanguage\":\"fr-FR\"},{\"@type\":\"Organization\",\"@id\":\"https:\/\/www.ficoba.org\/es\/#organization\",\"name\":\"Ficoba, Reciento Ferial de Gipuzkoa\",\"url\":\"https:\/\/www.ficoba.org\/es\/\",\"logo\":{\"@type\":\"ImageObject\",\"inLanguage\":\"fr-FR\",\"@id\":\"https:\/\/www.ficoba.org\/es\/#\/schema\/logo\/image\/\",\"url\":\"https:\/\/www.ficoba.org\/wp-content\/uploads\/2018\/11\/logo_ficoba.png\",\"contentUrl\":\"https:\/\/www.ficoba.org\/wp-content\/uploads\/2018\/11\/logo_ficoba.png\",\"width\":200,\"height\":124,\"caption\":\"Ficoba, Reciento Ferial de Gipuzkoa\"},\"image\":{\"@id\":\"https:\/\/www.ficoba.org\/es\/#\/schema\/logo\/image\/\"},\"sameAs\":[\"https:\/\/www.facebook.com\/FICOBAFUNDAZIOA\/\",\"https:\/\/x.com\/FicobaFundazioa\",\"https:\/\/www.youtube.com\/channel\/UCvo2JGluemyCf5KPRmEF9JQ\",\"https:\/\/www.linkedin.com\/company\/ficoba\/\",\"https:\/\/www.instagram.com\/ficobafundazioa\/\"]},{\"@type\":\"Person\",\"@id\":\"https:\/\/www.ficoba.org\/es\/#\/schema\/person\/8a96a121e5dbd393e6e6b5a7ee7ed407\",\"name\":\"ficoba\",\"image\":{\"@type\":\"ImageObject\",\"inLanguage\":\"fr-FR\",\"@id\":\"https:\/\/www.ficoba.org\/es\/#\/schema\/person\/image\/\",\"url\":\"https:\/\/secure.gravatar.com\/avatar\/c90cc0e07f75fecbe4165c1906a4cd61b0179a28caae2205d37516e4fb7c30c1?s=96&d=mm&r=g\",\"contentUrl\":\"https:\/\/secure.gravatar.com\/avatar\/c90cc0e07f75fecbe4165c1906a4cd61b0179a28caae2205d37516e4fb7c30c1?s=96&d=mm&r=g\",\"caption\":\"ficoba\"}}]}<\/script>\n<!-- \/ Yoast SEO plugin. -->","yoast_head_json":{"title":"Le 21 avril, l'Exposition Internationale Canine revient \u00e0 Ficoba - Ficoba","robots":{"index":"index","follow":"follow","max-snippet":"max-snippet:-1","max-image-preview":"max-image-preview:large","max-video-preview":"max-video-preview:-1"},"canonical":"https:\/\/www.ficoba.org\/fr\/le-21-avril-lexposition-internationale-canine-revient-a-ficoba\/","twitter_misc":{"\u00c9crit par":"ficoba","Dur\u00e9e de lecture estim\u00e9e":"3 minutes"},"schema":{"@context":"https:\/\/schema.org","@graph":[{"@type":"Article","@id":"https:\/\/www.ficoba.org\/fr\/le-21-avril-lexposition-internationale-canine-revient-a-ficoba\/#article","isPartOf":{"@id":"https:\/\/www.ficoba.org\/fr\/le-21-avril-lexposition-internationale-canine-revient-a-ficoba\/"},"author":{"name":"ficoba","@id":"https:\/\/www.ficoba.org\/es\/#\/schema\/person\/8a96a121e5dbd393e6e6b5a7ee7ed407"},"headline":"Le 21 avril, l&rsquo;Exposition Internationale Canine revient \u00e0 Ficoba","datePublished":"2024-04-15T10:35:18+00:00","mainEntityOfPage":{"@id":"https:\/\/www.ficoba.org\/fr\/le-21-avril-lexposition-internationale-canine-revient-a-ficoba\/"},"wordCount":650,"publisher":{"@id":"https:\/\/www.ficoba.org\/es\/#organization"},"image":{"@id":"https:\/\/www.ficoba.org\/fr\/le-21-avril-lexposition-internationale-canine-revient-a-ficoba\/#primaryimage"},"thumbnailUrl":"https:\/\/www.ficoba.org\/wp-content\/uploads\/2024\/04\/Expo-Canina-scaled.jpg","articleSection":["\u00c9v\u00e9nements et salons"],"inLanguage":"fr-FR"},{"@type":"WebPage","@id":"https:\/\/www.ficoba.org\/fr\/le-21-avril-lexposition-internationale-canine-revient-a-ficoba\/","url":"https:\/\/www.ficoba.org\/fr\/le-21-avril-lexposition-internationale-canine-revient-a-ficoba\/","name":"Le 21 avril, l'Exposition Internationale Canine revient \u00e0 Ficoba - Ficoba","isPartOf":{"@id":"https:\/\/www.ficoba.org\/es\/#website"},"primaryImageOfPage":{"@id":"https:\/\/www.ficoba.org\/fr\/le-21-avril-lexposition-internationale-canine-revient-a-ficoba\/#primaryimage"},"image":{"@id":"https:\/\/www.ficoba.org\/fr\/le-21-avril-lexposition-internationale-canine-revient-a-ficoba\/#primaryimage"},"thumbnailUrl":"https:\/\/www.ficoba.org\/wp-content\/uploads\/2024\/04\/Expo-Canina-scaled.jpg","datePublished":"2024-04-15T10:35:18+00:00","breadcrumb":{"@id":"https:\/\/www.ficoba.org\/fr\/le-21-avril-lexposition-internationale-canine-revient-a-ficoba\/#breadcrumb"},"inLanguage":"fr-FR","potentialAction":[{"@type":"ReadAction","target":["https:\/\/www.ficoba.org\/fr\/le-21-avril-lexposition-internationale-canine-revient-a-ficoba\/"]}]},{"@type":"ImageObject","inLanguage":"fr-FR","@id":"https:\/\/www.ficoba.org\/fr\/le-21-avril-lexposition-internationale-canine-revient-a-ficoba\/#primaryimage","url":"https:\/\/www.ficoba.org\/wp-content\/uploads\/2024\/04\/Expo-Canina-scaled.jpg","contentUrl":"https:\/\/www.ficoba.org\/wp-content\/uploads\/2024\/04\/Expo-Canina-scaled.jpg","width":2560,"height":1916},{"@type":"BreadcrumbList","@id":"https:\/\/www.ficoba.org\/fr\/le-21-avril-lexposition-internationale-canine-revient-a-ficoba\/#breadcrumb","itemListElement":[{"@type":"ListItem","position":1,"name":"Portada","item":"https:\/\/www.ficoba.org\/fr\/"},{"@type":"ListItem","position":2,"name":"Le 21 avril, l&#8217;Exposition Internationale Canine revient \u00e0 Ficoba"}]},{"@type":"WebSite","@id":"https:\/\/www.ficoba.org\/es\/#website","url":"https:\/\/www.ficoba.org\/es\/","name":"Ficoba, Recinto Ferial de Gipuzkoa","description":"Ficoba, l\u2019art de cr\u00e9er des opportunit\u00e9s","publisher":{"@id":"https:\/\/www.ficoba.org\/es\/#organization"},"alternateName":"Ficoba","potentialAction":[{"@type":"SearchAction","target":{"@type":"EntryPoint","urlTemplate":"https:\/\/www.ficoba.org\/es\/?s={search_term_string}"},"query-input":{"@type":"PropertyValueSpecification","valueRequired":true,"valueName":"search_term_string"}}],"inLanguage":"fr-FR"},{"@type":"Organization","@id":"https:\/\/www.ficoba.org\/es\/#organization","name":"Ficoba, Reciento Ferial de Gipuzkoa","url":"https:\/\/www.ficoba.org\/es\/","logo":{"@type":"ImageObject","inLanguage":"fr-FR","@id":"https:\/\/www.ficoba.org\/es\/#\/schema\/logo\/image\/","url":"https:\/\/www.ficoba.org\/wp-content\/uploads\/2018\/11\/logo_ficoba.png","contentUrl":"https:\/\/www.ficoba.org\/wp-content\/uploads\/2018\/11\/logo_ficoba.png","width":200,"height":124,"caption":"Ficoba, Reciento Ferial de Gipuzkoa"},"image":{"@id":"https:\/\/www.ficoba.org\/es\/#\/schema\/logo\/image\/"},"sameAs":["https:\/\/www.facebook.com\/FICOBAFUNDAZIOA\/","https:\/\/x.com\/FicobaFundazioa","https:\/\/www.youtube.com\/channel\/UCvo2JGluemyCf5KPRmEF9JQ","https:\/\/www.linkedin.com\/company\/ficoba\/","https:\/\/www.instagram.com\/ficobafundazioa\/"]},{"@type":"Person","@id":"https:\/\/www.ficoba.org\/es\/#\/schema\/person\/8a96a121e5dbd393e6e6b5a7ee7ed407","name":"ficoba","image":{"@type":"ImageObject","inLanguage":"fr-FR","@id":"https:\/\/www.ficoba.org\/es\/#\/schema\/person\/image\/","url":"https:\/\/secure.gravatar.com\/avatar\/c90cc0e07f75fecbe4165c1906a4cd61b0179a28caae2205d37516e4fb7c30c1?s=96&d=mm&r=g","contentUrl":"https:\/\/secure.gravatar.com\/avatar\/c90cc0e07f75fecbe4165c1906a4cd61b0179a28caae2205d37516e4fb7c30c1?s=96&d=mm&r=g","caption":"ficoba"}}]}},"_links":{"self":[{"href":"https:\/\/www.ficoba.org\/fr\/wp-json\/wp\/v2\/posts\/19128","targetHints":{"allow":["GET"]}}],"collection":[{"href":"https:\/\/www.ficoba.org\/fr\/wp-json\/wp\/v2\/posts"}],"about":[{"href":"https:\/\/www.ficoba.org\/fr\/wp-json\/wp\/v2\/types\/post"}],"author":[{"embeddable":true,"href":"https:\/\/www.ficoba.org\/fr\/wp-json\/wp\/v2\/users\/2"}],"replies":[{"embeddable":true,"href":"https:\/\/www.ficoba.org\/fr\/wp-json\/wp\/v2\/comments?post=19128"}],"version-history":[{"count":1,"href":"https:\/\/www.ficoba.org\/fr\/wp-json\/wp\/v2\/posts\/19128\/revisions"}],"predecessor-version":[{"id":19129,"href":"https:\/\/www.ficoba.org\/fr\/wp-json\/wp\/v2\/posts\/19128\/revisions\/19129"}],"wp:featuredmedia":[{"embeddable":true,"href":"https:\/\/www.ficoba.org\/fr\/wp-json\/wp\/v2\/media\/19122"}],"wp:attachment":[{"href":"https:\/\/www.ficoba.org\/fr\/wp-json\/wp\/v2\/media?parent=19128"}],"wp:term":[{"taxonomy":"category","embeddable":true,"href":"https:\/\/www.ficoba.org\/fr\/wp-json\/wp\/v2\/categories?post=19128"},{"taxonomy":"post_tag","embeddable":true,"href":"https:\/\/www.ficoba.org\/fr\/wp-json\/wp\/v2\/tags?post=19128"}],"curies":[{"name":"wp","href":"https:\/\/api.w.org\/{rel}","templated":true}]}}