{"id":18990,"date":"2024-02-26T13:58:09","date_gmt":"2024-02-26T11:58:09","guid":{"rendered":"https:\/\/www.ficoba.org\/?p=18990"},"modified":"2024-02-26T13:58:09","modified_gmt":"2024-02-26T11:58:09","slug":"a-deux-mois-de-sa-celebration-mubil-mobility-expo-a-commercialise-100-de-lespace-dexposition","status":"publish","type":"post","link":"https:\/\/www.ficoba.org\/fr\/a-deux-mois-de-sa-celebration-mubil-mobility-expo-a-commercialise-100-de-lespace-dexposition\/","title":{"rendered":"\u00c0 deux mois de sa c\u00e9l\u00e9bration, MUBIL Mobility Expo a commercialis\u00e9 100 % de l\u2019espace d\u2019exposition"},"content":{"rendered":"<ul>\n<li><strong>Le Comit\u00e9 technique du salon s\u2019est r\u00e9uni ce matin \u00e0 Ficoba<\/strong><\/li>\n<li><strong>MUBIL MOBILITY EXPO aura lieu \u00e0 Ficoba les 17 et 18\u00a0avril<\/strong><\/li>\n<\/ul>\n<p>MUBIL Mobility Expo, le salon professionnel de l\u2019industrie de la mobilit\u00e9 durable dans le sud de l\u2019Europe, est parvenu \u00e0 commercialiser jusqu\u2019\u00e0 100 % de l\u2019espace d\u2019exposition. Les trois pavillons de Ficoba accueilleront les 17 et 18 avril prochains, une centaine d\u2019entreprises, de centres technologiques, d\u2019institutions et d\u2019associations li\u00e9es \u00e0 la mobilit\u00e9 durable et \u00e0 l\u2019\u00e9nergie, dans une nouvelle \u00e9dition du salon qui a \u00e9t\u00e9 inaugur\u00e9e avec succ\u00e8s.<\/p>\n<p>Le comit\u00e9 technique de MUBIL Mobility Expo a organis\u00e9 ce matin \u00e0 Ficoba sa derni\u00e8re r\u00e9union avant la tenue du salon.\u00a0 Lors de cette rencontre, on a constat\u00e9 la bonne r\u00e9ponse de cette quatri\u00e8me \u00e9dition du salon sur le secteur. Les efforts se concentrent maintenant sur la captation de visiteurs, en particulier des op\u00e9rateurs, des acheteurs, des d\u00e9cideurs de villes et d\u2019entreprises, et des fournisseurs de services en qu\u00eate de nouvelles opportunit\u00e9s commerciales.<\/p>\n<p><em>\u00a0<\/em>En outre, comme lors des pr\u00e9c\u00e9dentes \u00e9ditions, MUBIL Mobility Expo encouragera la participation de visiteurs sp\u00e9cialis\u00e9s (d\u2019entreprises priv\u00e9es et publiques) ayant une capacit\u00e9 et une pr\u00e9vision d\u2019investissement av\u00e9r\u00e9e en produits et services de mobilit\u00e9 durable gr\u00e2ce \u00e0 l\u2019organisation d\u2019un programme Hosted Buyers.<\/p>\n<p><strong>Direbus, nouveau membre du Comit\u00e9 technique <\/strong><\/p>\n<p>La r\u00e9union du Comit\u00e9 technique de MUBIL Mobility Expo organis\u00e9e ce matin a compt\u00e9 sur la participation de Direbus, nouveau membre qui s\u2019ajoute aux institutions publiques, entreprises, centres technologiques et associations li\u00e9es \u00e0 la mobilit\u00e9 durable et \u00e0 l\u2019\u00e9nergie, qui travaillent sur la quatri\u00e8me \u00e9dition du salon.<\/p>\n<p>Direbus est une organisation commerciale des PME du Secteur du Transport des Services publics discr\u00e9tionnaires et r\u00e9guliers des voyageurs par route, avec une repr\u00e9sentation dans toutes les Communaut\u00e9s autonomes et plus de 700\u00a0entreprises affili\u00e9es prestataires de services de transport par route.<\/p>\n<p><strong>\u00c0 propos de MUBIL Mobility Expo<\/strong><\/p>\n<p>MUBIL Mobility Expo, le salon professionnel de l\u2019industrie de la mobilit\u00e9 durable dans le Sud de l\u2019Europe, est un rendez-vous lanc\u00e9 par MUBIL, p\u00f4le de mobilit\u00e9 intelligente et durable d\u2019Euskadi, cr\u00e9\u00e9 dans le cadre de l\u2019initiative Etorkizuna Eraikiz du Conseil r\u00e9gional de Gipuzkoa, et compte sur le soutien du Gouvernement basque et de l\u2019EVE (Agence de l&rsquo;\u00c9nergie du Pays basque), afin de renforcer les capacit\u00e9s existantes dans ce secteur, d\u2019encourager son d\u00e9veloppement et de renforcer la comp\u00e9titivit\u00e9 et le positionnement international du tissu entrepreneurial dans ce domaine. MUBIL Mobility Expo est le point de rencontre des professionnels de la cha\u00eene de valeur de la mobilit\u00e9 durable, qui est propre, accessible, fiable et connect\u00e9e. Un espace o\u00f9 se donnent rendez-vous les principaux acteurs publics et priv\u00e9s, et o\u00f9 les besoins du pr\u00e9sent et les d\u00e9fis futurs de la mobilit\u00e9 durable trouvent leurs solutions industrielles et num\u00e9riques.<\/p>\n<p><strong>Membres du comit\u00e9 technique de MUBIL Mobility Expo\u00a0\u00a0\u00a0\u00a0\u00a0\u00a0\u00a0\u00a0\u00a0\u00a0\u00a0\u00a0 <\/strong><\/p>\n<ul>\n<li>AEDIVE (Association professionnelle pour le d\u00e9veloppement et la promotion du v\u00e9hicule \u00e9lectrique)<\/li>\n<li>BRTA-Basque Research and Technology Alliance<\/li>\n<li>Chambre du Commerce de Gipuzkoa<\/li>\n<li>Cluster de l&rsquo;\u00e9nergie<\/li>\n<li>Cluster de la mobilit\u00e9 et la logistique d&rsquo;Euskadi<\/li>\n<li>Ordre officiel des Ing\u00e9nieurs industriels de Gipuzkoa<\/li>\n<li>Conseil r\u00e9gional de Guipuzcoa<\/li>\n<li>Direbus<\/li>\n<li>EIT Innoenergy (European Institute of Innovation &amp; Technology)<\/li>\n<li>EIT Urban Mobility (European Institute of Innovation &amp; Technology)<\/li>\n<li>Agence de l&rsquo;\u00c9nergie du Pays basque<\/li>\n<li>Gouvernement basque<\/li>\n<li>Groupe\u00a0CAF-Solaris<\/li>\n<li>Ibil<\/li>\n<li>Indar (Groupe Ingeteam)<\/li>\n<li>Irizar e-mobility<\/li>\n<li>MUBIL<\/li>\n<li>Bureau de l&rsquo;Euror\u00e9gion Aquitaine-Euskadi-Navarre<\/li>\n<li>Petronor<\/li>\n<li>Tecnalia<\/li>\n<\/ul>\n<p><strong>\u00a0<\/strong><\/p>\n<p><strong>https:\/\/www.mubilexpo.eus\/<\/strong><\/p>\n<p>&nbsp;<\/p>\n","protected":false},"excerpt":{"rendered":"<p>Le Comit\u00e9 technique du salon s\u2019est r\u00e9uni ce matin \u00e0 Ficoba MUBIL MOBILITY EXPO aura lieu \u00e0 Ficoba les 17 et 18\u00a0avril MUBIL Mobility Expo, le salon professionnel de l\u2019industrie [&hellip;]<\/p>\n","protected":false},"author":2,"featured_media":18986,"comment_status":"closed","ping_status":"closed","sticky":false,"template":"","format":"standard","meta":{"_et_pb_use_builder":"","_et_pb_old_content":"","_et_gb_content_width":"","footnotes":""},"categories":[19],"tags":[],"class_list":["post-18990","post","type-post","status-publish","format-standard","has-post-thumbnail","hentry","category-evenements-et-salons"],"yoast_head":"<!-- This site is optimized with the Yoast SEO plugin v26.8 - https:\/\/yoast.com\/product\/yoast-seo-wordpress\/ -->\n<title>\u00c0 deux mois de sa c\u00e9l\u00e9bration, MUBIL Mobility Expo a commercialis\u00e9 100 % de l\u2019espace d\u2019exposition - Ficoba<\/title>\n<meta name=\"robots\" content=\"index, follow, max-snippet:-1, max-image-preview:large, max-video-preview:-1\" \/>\n<link rel=\"canonical\" href=\"https:\/\/www.ficoba.org\/fr\/a-deux-mois-de-sa-celebration-mubil-mobility-expo-a-commercialise-100-de-lespace-dexposition\/\" \/>\n<meta name=\"twitter:label1\" content=\"\u00c9crit par\" \/>\n\t<meta name=\"twitter:data1\" content=\"ficoba\" \/>\n\t<meta name=\"twitter:label2\" content=\"Dur\u00e9e de lecture estim\u00e9e\" \/>\n\t<meta name=\"twitter:data2\" content=\"3 minutes\" \/>\n<script type=\"application\/ld+json\" class=\"yoast-schema-graph\">{\"@context\":\"https:\/\/schema.org\",\"@graph\":[{\"@type\":\"Article\",\"@id\":\"https:\/\/www.ficoba.org\/fr\/a-deux-mois-de-sa-celebration-mubil-mobility-expo-a-commercialise-100-de-lespace-dexposition\/#article\",\"isPartOf\":{\"@id\":\"https:\/\/www.ficoba.org\/fr\/a-deux-mois-de-sa-celebration-mubil-mobility-expo-a-commercialise-100-de-lespace-dexposition\/\"},\"author\":{\"name\":\"ficoba\",\"@id\":\"https:\/\/www.ficoba.org\/es\/#\/schema\/person\/8a96a121e5dbd393e6e6b5a7ee7ed407\"},\"headline\":\"\u00c0 deux mois de sa c\u00e9l\u00e9bration, MUBIL Mobility Expo a commercialis\u00e9 100 % de l\u2019espace d\u2019exposition\",\"datePublished\":\"2024-02-26T11:58:09+00:00\",\"mainEntityOfPage\":{\"@id\":\"https:\/\/www.ficoba.org\/fr\/a-deux-mois-de-sa-celebration-mubil-mobility-expo-a-commercialise-100-de-lespace-dexposition\/\"},\"wordCount\":623,\"publisher\":{\"@id\":\"https:\/\/www.ficoba.org\/es\/#organization\"},\"image\":{\"@id\":\"https:\/\/www.ficoba.org\/fr\/a-deux-mois-de-sa-celebration-mubil-mobility-expo-a-commercialise-100-de-lespace-dexposition\/#primaryimage\"},\"thumbnailUrl\":\"https:\/\/www.ficoba.org\/wp-content\/uploads\/2024\/02\/MME-scaled.jpg\",\"articleSection\":[\"\u00c9v\u00e9nements et salons\"],\"inLanguage\":\"fr-FR\"},{\"@type\":\"WebPage\",\"@id\":\"https:\/\/www.ficoba.org\/fr\/a-deux-mois-de-sa-celebration-mubil-mobility-expo-a-commercialise-100-de-lespace-dexposition\/\",\"url\":\"https:\/\/www.ficoba.org\/fr\/a-deux-mois-de-sa-celebration-mubil-mobility-expo-a-commercialise-100-de-lespace-dexposition\/\",\"name\":\"\u00c0 deux mois de sa c\u00e9l\u00e9bration, MUBIL Mobility Expo a commercialis\u00e9 100 % de l\u2019espace d\u2019exposition - Ficoba\",\"isPartOf\":{\"@id\":\"https:\/\/www.ficoba.org\/es\/#website\"},\"primaryImageOfPage\":{\"@id\":\"https:\/\/www.ficoba.org\/fr\/a-deux-mois-de-sa-celebration-mubil-mobility-expo-a-commercialise-100-de-lespace-dexposition\/#primaryimage\"},\"image\":{\"@id\":\"https:\/\/www.ficoba.org\/fr\/a-deux-mois-de-sa-celebration-mubil-mobility-expo-a-commercialise-100-de-lespace-dexposition\/#primaryimage\"},\"thumbnailUrl\":\"https:\/\/www.ficoba.org\/wp-content\/uploads\/2024\/02\/MME-scaled.jpg\",\"datePublished\":\"2024-02-26T11:58:09+00:00\",\"breadcrumb\":{\"@id\":\"https:\/\/www.ficoba.org\/fr\/a-deux-mois-de-sa-celebration-mubil-mobility-expo-a-commercialise-100-de-lespace-dexposition\/#breadcrumb\"},\"inLanguage\":\"fr-FR\",\"potentialAction\":[{\"@type\":\"ReadAction\",\"target\":[\"https:\/\/www.ficoba.org\/fr\/a-deux-mois-de-sa-celebration-mubil-mobility-expo-a-commercialise-100-de-lespace-dexposition\/\"]}]},{\"@type\":\"ImageObject\",\"inLanguage\":\"fr-FR\",\"@id\":\"https:\/\/www.ficoba.org\/fr\/a-deux-mois-de-sa-celebration-mubil-mobility-expo-a-commercialise-100-de-lespace-dexposition\/#primaryimage\",\"url\":\"https:\/\/www.ficoba.org\/wp-content\/uploads\/2024\/02\/MME-scaled.jpg\",\"contentUrl\":\"https:\/\/www.ficoba.org\/wp-content\/uploads\/2024\/02\/MME-scaled.jpg\",\"width\":2560,\"height\":1920},{\"@type\":\"BreadcrumbList\",\"@id\":\"https:\/\/www.ficoba.org\/fr\/a-deux-mois-de-sa-celebration-mubil-mobility-expo-a-commercialise-100-de-lespace-dexposition\/#breadcrumb\",\"itemListElement\":[{\"@type\":\"ListItem\",\"position\":1,\"name\":\"Portada\",\"item\":\"https:\/\/www.ficoba.org\/fr\/\"},{\"@type\":\"ListItem\",\"position\":2,\"name\":\"\u00c0 deux mois de sa c\u00e9l\u00e9bration, MUBIL Mobility Expo a commercialis\u00e9 100 % de l\u2019espace d\u2019exposition\"}]},{\"@type\":\"WebSite\",\"@id\":\"https:\/\/www.ficoba.org\/es\/#website\",\"url\":\"https:\/\/www.ficoba.org\/es\/\",\"name\":\"Ficoba, Recinto Ferial de Gipuzkoa\",\"description\":\"Ficoba, l\u2019art de cr\u00e9er des opportunit\u00e9s\",\"publisher\":{\"@id\":\"https:\/\/www.ficoba.org\/es\/#organization\"},\"alternateName\":\"Ficoba\",\"potentialAction\":[{\"@type\":\"SearchAction\",\"target\":{\"@type\":\"EntryPoint\",\"urlTemplate\":\"https:\/\/www.ficoba.org\/es\/?s={search_term_string}\"},\"query-input\":{\"@type\":\"PropertyValueSpecification\",\"valueRequired\":true,\"valueName\":\"search_term_string\"}}],\"inLanguage\":\"fr-FR\"},{\"@type\":\"Organization\",\"@id\":\"https:\/\/www.ficoba.org\/es\/#organization\",\"name\":\"Ficoba, Reciento Ferial de Gipuzkoa\",\"url\":\"https:\/\/www.ficoba.org\/es\/\",\"logo\":{\"@type\":\"ImageObject\",\"inLanguage\":\"fr-FR\",\"@id\":\"https:\/\/www.ficoba.org\/es\/#\/schema\/logo\/image\/\",\"url\":\"https:\/\/www.ficoba.org\/wp-content\/uploads\/2018\/11\/logo_ficoba.png\",\"contentUrl\":\"https:\/\/www.ficoba.org\/wp-content\/uploads\/2018\/11\/logo_ficoba.png\",\"width\":200,\"height\":124,\"caption\":\"Ficoba, Reciento Ferial de Gipuzkoa\"},\"image\":{\"@id\":\"https:\/\/www.ficoba.org\/es\/#\/schema\/logo\/image\/\"},\"sameAs\":[\"https:\/\/www.facebook.com\/FICOBAFUNDAZIOA\/\",\"https:\/\/x.com\/FicobaFundazioa\",\"https:\/\/www.youtube.com\/channel\/UCvo2JGluemyCf5KPRmEF9JQ\",\"https:\/\/www.linkedin.com\/company\/ficoba\/\",\"https:\/\/www.instagram.com\/ficobafundazioa\/\"]},{\"@type\":\"Person\",\"@id\":\"https:\/\/www.ficoba.org\/es\/#\/schema\/person\/8a96a121e5dbd393e6e6b5a7ee7ed407\",\"name\":\"ficoba\",\"image\":{\"@type\":\"ImageObject\",\"inLanguage\":\"fr-FR\",\"@id\":\"https:\/\/www.ficoba.org\/es\/#\/schema\/person\/image\/\",\"url\":\"https:\/\/secure.gravatar.com\/avatar\/c90cc0e07f75fecbe4165c1906a4cd61b0179a28caae2205d37516e4fb7c30c1?s=96&d=mm&r=g\",\"contentUrl\":\"https:\/\/secure.gravatar.com\/avatar\/c90cc0e07f75fecbe4165c1906a4cd61b0179a28caae2205d37516e4fb7c30c1?s=96&d=mm&r=g\",\"caption\":\"ficoba\"}}]}<\/script>\n<!-- \/ Yoast SEO plugin. -->","yoast_head_json":{"title":"\u00c0 deux mois de sa c\u00e9l\u00e9bration, MUBIL Mobility Expo a commercialis\u00e9 100 % de l\u2019espace d\u2019exposition - Ficoba","robots":{"index":"index","follow":"follow","max-snippet":"max-snippet:-1","max-image-preview":"max-image-preview:large","max-video-preview":"max-video-preview:-1"},"canonical":"https:\/\/www.ficoba.org\/fr\/a-deux-mois-de-sa-celebration-mubil-mobility-expo-a-commercialise-100-de-lespace-dexposition\/","twitter_misc":{"\u00c9crit par":"ficoba","Dur\u00e9e de lecture estim\u00e9e":"3 minutes"},"schema":{"@context":"https:\/\/schema.org","@graph":[{"@type":"Article","@id":"https:\/\/www.ficoba.org\/fr\/a-deux-mois-de-sa-celebration-mubil-mobility-expo-a-commercialise-100-de-lespace-dexposition\/#article","isPartOf":{"@id":"https:\/\/www.ficoba.org\/fr\/a-deux-mois-de-sa-celebration-mubil-mobility-expo-a-commercialise-100-de-lespace-dexposition\/"},"author":{"name":"ficoba","@id":"https:\/\/www.ficoba.org\/es\/#\/schema\/person\/8a96a121e5dbd393e6e6b5a7ee7ed407"},"headline":"\u00c0 deux mois de sa c\u00e9l\u00e9bration, MUBIL Mobility Expo a commercialis\u00e9 100 % de l\u2019espace d\u2019exposition","datePublished":"2024-02-26T11:58:09+00:00","mainEntityOfPage":{"@id":"https:\/\/www.ficoba.org\/fr\/a-deux-mois-de-sa-celebration-mubil-mobility-expo-a-commercialise-100-de-lespace-dexposition\/"},"wordCount":623,"publisher":{"@id":"https:\/\/www.ficoba.org\/es\/#organization"},"image":{"@id":"https:\/\/www.ficoba.org\/fr\/a-deux-mois-de-sa-celebration-mubil-mobility-expo-a-commercialise-100-de-lespace-dexposition\/#primaryimage"},"thumbnailUrl":"https:\/\/www.ficoba.org\/wp-content\/uploads\/2024\/02\/MME-scaled.jpg","articleSection":["\u00c9v\u00e9nements et salons"],"inLanguage":"fr-FR"},{"@type":"WebPage","@id":"https:\/\/www.ficoba.org\/fr\/a-deux-mois-de-sa-celebration-mubil-mobility-expo-a-commercialise-100-de-lespace-dexposition\/","url":"https:\/\/www.ficoba.org\/fr\/a-deux-mois-de-sa-celebration-mubil-mobility-expo-a-commercialise-100-de-lespace-dexposition\/","name":"\u00c0 deux mois de sa c\u00e9l\u00e9bration, MUBIL Mobility Expo a commercialis\u00e9 100 % de l\u2019espace d\u2019exposition - Ficoba","isPartOf":{"@id":"https:\/\/www.ficoba.org\/es\/#website"},"primaryImageOfPage":{"@id":"https:\/\/www.ficoba.org\/fr\/a-deux-mois-de-sa-celebration-mubil-mobility-expo-a-commercialise-100-de-lespace-dexposition\/#primaryimage"},"image":{"@id":"https:\/\/www.ficoba.org\/fr\/a-deux-mois-de-sa-celebration-mubil-mobility-expo-a-commercialise-100-de-lespace-dexposition\/#primaryimage"},"thumbnailUrl":"https:\/\/www.ficoba.org\/wp-content\/uploads\/2024\/02\/MME-scaled.jpg","datePublished":"2024-02-26T11:58:09+00:00","breadcrumb":{"@id":"https:\/\/www.ficoba.org\/fr\/a-deux-mois-de-sa-celebration-mubil-mobility-expo-a-commercialise-100-de-lespace-dexposition\/#breadcrumb"},"inLanguage":"fr-FR","potentialAction":[{"@type":"ReadAction","target":["https:\/\/www.ficoba.org\/fr\/a-deux-mois-de-sa-celebration-mubil-mobility-expo-a-commercialise-100-de-lespace-dexposition\/"]}]},{"@type":"ImageObject","inLanguage":"fr-FR","@id":"https:\/\/www.ficoba.org\/fr\/a-deux-mois-de-sa-celebration-mubil-mobility-expo-a-commercialise-100-de-lespace-dexposition\/#primaryimage","url":"https:\/\/www.ficoba.org\/wp-content\/uploads\/2024\/02\/MME-scaled.jpg","contentUrl":"https:\/\/www.ficoba.org\/wp-content\/uploads\/2024\/02\/MME-scaled.jpg","width":2560,"height":1920},{"@type":"BreadcrumbList","@id":"https:\/\/www.ficoba.org\/fr\/a-deux-mois-de-sa-celebration-mubil-mobility-expo-a-commercialise-100-de-lespace-dexposition\/#breadcrumb","itemListElement":[{"@type":"ListItem","position":1,"name":"Portada","item":"https:\/\/www.ficoba.org\/fr\/"},{"@type":"ListItem","position":2,"name":"\u00c0 deux mois de sa c\u00e9l\u00e9bration, MUBIL Mobility Expo a commercialis\u00e9 100 % de l\u2019espace d\u2019exposition"}]},{"@type":"WebSite","@id":"https:\/\/www.ficoba.org\/es\/#website","url":"https:\/\/www.ficoba.org\/es\/","name":"Ficoba, Recinto Ferial de Gipuzkoa","description":"Ficoba, l\u2019art de cr\u00e9er des opportunit\u00e9s","publisher":{"@id":"https:\/\/www.ficoba.org\/es\/#organization"},"alternateName":"Ficoba","potentialAction":[{"@type":"SearchAction","target":{"@type":"EntryPoint","urlTemplate":"https:\/\/www.ficoba.org\/es\/?s={search_term_string}"},"query-input":{"@type":"PropertyValueSpecification","valueRequired":true,"valueName":"search_term_string"}}],"inLanguage":"fr-FR"},{"@type":"Organization","@id":"https:\/\/www.ficoba.org\/es\/#organization","name":"Ficoba, Reciento Ferial de Gipuzkoa","url":"https:\/\/www.ficoba.org\/es\/","logo":{"@type":"ImageObject","inLanguage":"fr-FR","@id":"https:\/\/www.ficoba.org\/es\/#\/schema\/logo\/image\/","url":"https:\/\/www.ficoba.org\/wp-content\/uploads\/2018\/11\/logo_ficoba.png","contentUrl":"https:\/\/www.ficoba.org\/wp-content\/uploads\/2018\/11\/logo_ficoba.png","width":200,"height":124,"caption":"Ficoba, Reciento Ferial de Gipuzkoa"},"image":{"@id":"https:\/\/www.ficoba.org\/es\/#\/schema\/logo\/image\/"},"sameAs":["https:\/\/www.facebook.com\/FICOBAFUNDAZIOA\/","https:\/\/x.com\/FicobaFundazioa","https:\/\/www.youtube.com\/channel\/UCvo2JGluemyCf5KPRmEF9JQ","https:\/\/www.linkedin.com\/company\/ficoba\/","https:\/\/www.instagram.com\/ficobafundazioa\/"]},{"@type":"Person","@id":"https:\/\/www.ficoba.org\/es\/#\/schema\/person\/8a96a121e5dbd393e6e6b5a7ee7ed407","name":"ficoba","image":{"@type":"ImageObject","inLanguage":"fr-FR","@id":"https:\/\/www.ficoba.org\/es\/#\/schema\/person\/image\/","url":"https:\/\/secure.gravatar.com\/avatar\/c90cc0e07f75fecbe4165c1906a4cd61b0179a28caae2205d37516e4fb7c30c1?s=96&d=mm&r=g","contentUrl":"https:\/\/secure.gravatar.com\/avatar\/c90cc0e07f75fecbe4165c1906a4cd61b0179a28caae2205d37516e4fb7c30c1?s=96&d=mm&r=g","caption":"ficoba"}}]}},"_links":{"self":[{"href":"https:\/\/www.ficoba.org\/fr\/wp-json\/wp\/v2\/posts\/18990","targetHints":{"allow":["GET"]}}],"collection":[{"href":"https:\/\/www.ficoba.org\/fr\/wp-json\/wp\/v2\/posts"}],"about":[{"href":"https:\/\/www.ficoba.org\/fr\/wp-json\/wp\/v2\/types\/post"}],"author":[{"embeddable":true,"href":"https:\/\/www.ficoba.org\/fr\/wp-json\/wp\/v2\/users\/2"}],"replies":[{"embeddable":true,"href":"https:\/\/www.ficoba.org\/fr\/wp-json\/wp\/v2\/comments?post=18990"}],"version-history":[{"count":1,"href":"https:\/\/www.ficoba.org\/fr\/wp-json\/wp\/v2\/posts\/18990\/revisions"}],"predecessor-version":[{"id":18991,"href":"https:\/\/www.ficoba.org\/fr\/wp-json\/wp\/v2\/posts\/18990\/revisions\/18991"}],"wp:featuredmedia":[{"embeddable":true,"href":"https:\/\/www.ficoba.org\/fr\/wp-json\/wp\/v2\/media\/18986"}],"wp:attachment":[{"href":"https:\/\/www.ficoba.org\/fr\/wp-json\/wp\/v2\/media?parent=18990"}],"wp:term":[{"taxonomy":"category","embeddable":true,"href":"https:\/\/www.ficoba.org\/fr\/wp-json\/wp\/v2\/categories?post=18990"},{"taxonomy":"post_tag","embeddable":true,"href":"https:\/\/www.ficoba.org\/fr\/wp-json\/wp\/v2\/tags?post=18990"}],"curies":[{"name":"wp","href":"https:\/\/api.w.org\/{rel}","templated":true}]}}