{"id":18835,"date":"2024-02-02T13:48:33","date_gmt":"2024-02-02T11:48:33","guid":{"rendered":"https:\/\/www.ficoba.org\/?p=18835"},"modified":"2024-02-02T13:48:33","modified_gmt":"2024-02-02T11:48:33","slug":"cristina-laborda-premiere-femme-a-presider-le-conseil-dadministration-de-la-fondation-ficoba","status":"publish","type":"post","link":"https:\/\/www.ficoba.org\/fr\/cristina-laborda-premiere-femme-a-presider-le-conseil-dadministration-de-la-fondation-ficoba\/","title":{"rendered":"Cristina Laborda : premi\u00e8re femme \u00e0 pr\u00e9sider le Conseil d&rsquo;Administration de la Fondation Ficoba"},"content":{"rendered":"<p><em>(Irun, 30 janvier 2024).<\/em> Le premier Conseil d&rsquo;Administration de la Fondation Ficoba en 2024 a eu lieu ce matin. Une r\u00e9union sp\u00e9ciale, car c&rsquo;est la premi\u00e8re \u00e0 laquelle Cristina Laborda, maire d&rsquo;Irun, a particip\u00e9 en tant que pr\u00e9sidente. Ainsi, pour la premi\u00e8re fois, le conseil d&rsquo;administration du parc des expositions de Gipuzkoa est pr\u00e9sid\u00e9 par une femme.<\/p>\n<p>La r\u00e9union a abord\u00e9 les th\u00e8mes habituels des r\u00e9unions du Conseil en d\u00e9but d&rsquo;ann\u00e9e, tels que l&rsquo;approbation du budget pour l&rsquo;exercice 2024, ainsi que le calendrier des activit\u00e9s de Ficoba pour l&rsquo;exercice en cours.<\/p>\n<p>Nouveaux \u00e9v\u00e9nements<\/p>\n<p>Avant la pr\u00e9sentation d&rsquo;une partie du calendrier de Ficoba pour 2024, qui aura lieu dans les prochaines semaines, il convient de souligner l&rsquo;importante activit\u00e9 qui aura lieu au cours du mois de f\u00e9vrier, avec l&rsquo;incorporation de nouveaux \u00e9v\u00e9nements dans le calendrier de Ficoba. Il s&rsquo;agit notamment de la 1\u00e8re Rencontre de l&rsquo;Industrie Touristique du Gipuzkoa (8 f\u00e9vrier), du Direbus Congr\u00e8s National des PME du Transport Routier de Voyageurs Direbus III (22 et 23 f\u00e9vrier), des Prix Ekintzan d&rsquo;Irun (22 f\u00e9vrier) et du Raid Solidaire Twing Raid (27 f\u00e9vrier), qui partira de Ficoba, d&rsquo;o\u00f9 plus de 200 participants parcourront 4.000 kilom\u00e8tres en Twingo jusqu&rsquo;\u00e0 Marrakech en 10 jours.<\/p>\n<p>L&rsquo;inclusion de ces \u00e9v\u00e9nements dans le calendrier renforce l&rsquo;engagement de Ficoba en faveur de la diversit\u00e9 des activit\u00e9s et de la promotion d&rsquo;\u00e9v\u00e9nements significatifs.<\/p>\n<p>www.ficoba.org<\/p>\n<p>&nbsp;<\/p>\n","protected":false},"excerpt":{"rendered":"<p>(Irun, 30 janvier 2024). Le premier Conseil d&rsquo;Administration de la Fondation Ficoba en 2024 a eu lieu ce matin. Une r\u00e9union sp\u00e9ciale, car c&rsquo;est la premi\u00e8re \u00e0 laquelle Cristina Laborda, [&hellip;]<\/p>\n","protected":false},"author":2,"featured_media":18831,"comment_status":"closed","ping_status":"closed","sticky":false,"template":"","format":"standard","meta":{"_et_pb_use_builder":"","_et_pb_old_content":"","_et_gb_content_width":"","footnotes":""},"categories":[11],"tags":[],"class_list":["post-18835","post","type-post","status-publish","format-standard","has-post-thumbnail","hentry","category-nouvelles"],"yoast_head":"<!-- This site is optimized with the Yoast SEO plugin v26.8 - https:\/\/yoast.com\/product\/yoast-seo-wordpress\/ -->\n<title>Cristina Laborda : premi\u00e8re femme \u00e0 pr\u00e9sider le Conseil d&#039;Administration de la Fondation Ficoba - Ficoba<\/title>\n<meta name=\"robots\" content=\"index, follow, max-snippet:-1, max-image-preview:large, max-video-preview:-1\" \/>\n<link rel=\"canonical\" href=\"https:\/\/www.ficoba.org\/fr\/cristina-laborda-premiere-femme-a-presider-le-conseil-dadministration-de-la-fondation-ficoba\/\" \/>\n<meta name=\"twitter:label1\" content=\"\u00c9crit par\" \/>\n\t<meta name=\"twitter:data1\" content=\"ficoba\" \/>\n\t<meta name=\"twitter:label2\" content=\"Dur\u00e9e de lecture estim\u00e9e\" \/>\n\t<meta name=\"twitter:data2\" content=\"1 minute\" \/>\n<script type=\"application\/ld+json\" class=\"yoast-schema-graph\">{\"@context\":\"https:\/\/schema.org\",\"@graph\":[{\"@type\":\"Article\",\"@id\":\"https:\/\/www.ficoba.org\/fr\/cristina-laborda-premiere-femme-a-presider-le-conseil-dadministration-de-la-fondation-ficoba\/#article\",\"isPartOf\":{\"@id\":\"https:\/\/www.ficoba.org\/fr\/cristina-laborda-premiere-femme-a-presider-le-conseil-dadministration-de-la-fondation-ficoba\/\"},\"author\":{\"name\":\"ficoba\",\"@id\":\"https:\/\/www.ficoba.org\/es\/#\/schema\/person\/8a96a121e5dbd393e6e6b5a7ee7ed407\"},\"headline\":\"Cristina Laborda : premi\u00e8re femme \u00e0 pr\u00e9sider le Conseil d&rsquo;Administration de la Fondation Ficoba\",\"datePublished\":\"2024-02-02T11:48:33+00:00\",\"mainEntityOfPage\":{\"@id\":\"https:\/\/www.ficoba.org\/fr\/cristina-laborda-premiere-femme-a-presider-le-conseil-dadministration-de-la-fondation-ficoba\/\"},\"wordCount\":272,\"publisher\":{\"@id\":\"https:\/\/www.ficoba.org\/es\/#organization\"},\"image\":{\"@id\":\"https:\/\/www.ficoba.org\/fr\/cristina-laborda-premiere-femme-a-presider-le-conseil-dadministration-de-la-fondation-ficoba\/#primaryimage\"},\"thumbnailUrl\":\"https:\/\/www.ficoba.org\/wp-content\/uploads\/2024\/02\/Foto-patronato-Ficoba_enero2024.jpg\",\"articleSection\":[\"Nouvelles\"],\"inLanguage\":\"fr-FR\"},{\"@type\":\"WebPage\",\"@id\":\"https:\/\/www.ficoba.org\/fr\/cristina-laborda-premiere-femme-a-presider-le-conseil-dadministration-de-la-fondation-ficoba\/\",\"url\":\"https:\/\/www.ficoba.org\/fr\/cristina-laborda-premiere-femme-a-presider-le-conseil-dadministration-de-la-fondation-ficoba\/\",\"name\":\"Cristina Laborda : premi\u00e8re femme \u00e0 pr\u00e9sider le Conseil d'Administration de la Fondation Ficoba - Ficoba\",\"isPartOf\":{\"@id\":\"https:\/\/www.ficoba.org\/es\/#website\"},\"primaryImageOfPage\":{\"@id\":\"https:\/\/www.ficoba.org\/fr\/cristina-laborda-premiere-femme-a-presider-le-conseil-dadministration-de-la-fondation-ficoba\/#primaryimage\"},\"image\":{\"@id\":\"https:\/\/www.ficoba.org\/fr\/cristina-laborda-premiere-femme-a-presider-le-conseil-dadministration-de-la-fondation-ficoba\/#primaryimage\"},\"thumbnailUrl\":\"https:\/\/www.ficoba.org\/wp-content\/uploads\/2024\/02\/Foto-patronato-Ficoba_enero2024.jpg\",\"datePublished\":\"2024-02-02T11:48:33+00:00\",\"breadcrumb\":{\"@id\":\"https:\/\/www.ficoba.org\/fr\/cristina-laborda-premiere-femme-a-presider-le-conseil-dadministration-de-la-fondation-ficoba\/#breadcrumb\"},\"inLanguage\":\"fr-FR\",\"potentialAction\":[{\"@type\":\"ReadAction\",\"target\":[\"https:\/\/www.ficoba.org\/fr\/cristina-laborda-premiere-femme-a-presider-le-conseil-dadministration-de-la-fondation-ficoba\/\"]}]},{\"@type\":\"ImageObject\",\"inLanguage\":\"fr-FR\",\"@id\":\"https:\/\/www.ficoba.org\/fr\/cristina-laborda-premiere-femme-a-presider-le-conseil-dadministration-de-la-fondation-ficoba\/#primaryimage\",\"url\":\"https:\/\/www.ficoba.org\/wp-content\/uploads\/2024\/02\/Foto-patronato-Ficoba_enero2024.jpg\",\"contentUrl\":\"https:\/\/www.ficoba.org\/wp-content\/uploads\/2024\/02\/Foto-patronato-Ficoba_enero2024.jpg\",\"width\":1856,\"height\":1536},{\"@type\":\"BreadcrumbList\",\"@id\":\"https:\/\/www.ficoba.org\/fr\/cristina-laborda-premiere-femme-a-presider-le-conseil-dadministration-de-la-fondation-ficoba\/#breadcrumb\",\"itemListElement\":[{\"@type\":\"ListItem\",\"position\":1,\"name\":\"Portada\",\"item\":\"https:\/\/www.ficoba.org\/fr\/\"},{\"@type\":\"ListItem\",\"position\":2,\"name\":\"Cristina Laborda : premi\u00e8re femme \u00e0 pr\u00e9sider le Conseil d&#8217;Administration de la Fondation Ficoba\"}]},{\"@type\":\"WebSite\",\"@id\":\"https:\/\/www.ficoba.org\/es\/#website\",\"url\":\"https:\/\/www.ficoba.org\/es\/\",\"name\":\"Ficoba, Recinto Ferial de Gipuzkoa\",\"description\":\"Ficoba, l\u2019art de cr\u00e9er des opportunit\u00e9s\",\"publisher\":{\"@id\":\"https:\/\/www.ficoba.org\/es\/#organization\"},\"alternateName\":\"Ficoba\",\"potentialAction\":[{\"@type\":\"SearchAction\",\"target\":{\"@type\":\"EntryPoint\",\"urlTemplate\":\"https:\/\/www.ficoba.org\/es\/?s={search_term_string}\"},\"query-input\":{\"@type\":\"PropertyValueSpecification\",\"valueRequired\":true,\"valueName\":\"search_term_string\"}}],\"inLanguage\":\"fr-FR\"},{\"@type\":\"Organization\",\"@id\":\"https:\/\/www.ficoba.org\/es\/#organization\",\"name\":\"Ficoba, Reciento Ferial de Gipuzkoa\",\"url\":\"https:\/\/www.ficoba.org\/es\/\",\"logo\":{\"@type\":\"ImageObject\",\"inLanguage\":\"fr-FR\",\"@id\":\"https:\/\/www.ficoba.org\/es\/#\/schema\/logo\/image\/\",\"url\":\"https:\/\/www.ficoba.org\/wp-content\/uploads\/2018\/11\/logo_ficoba.png\",\"contentUrl\":\"https:\/\/www.ficoba.org\/wp-content\/uploads\/2018\/11\/logo_ficoba.png\",\"width\":200,\"height\":124,\"caption\":\"Ficoba, Reciento Ferial de Gipuzkoa\"},\"image\":{\"@id\":\"https:\/\/www.ficoba.org\/es\/#\/schema\/logo\/image\/\"},\"sameAs\":[\"https:\/\/www.facebook.com\/FICOBAFUNDAZIOA\/\",\"https:\/\/x.com\/FicobaFundazioa\",\"https:\/\/www.youtube.com\/channel\/UCvo2JGluemyCf5KPRmEF9JQ\",\"https:\/\/www.linkedin.com\/company\/ficoba\/\",\"https:\/\/www.instagram.com\/ficobafundazioa\/\"]},{\"@type\":\"Person\",\"@id\":\"https:\/\/www.ficoba.org\/es\/#\/schema\/person\/8a96a121e5dbd393e6e6b5a7ee7ed407\",\"name\":\"ficoba\",\"image\":{\"@type\":\"ImageObject\",\"inLanguage\":\"fr-FR\",\"@id\":\"https:\/\/www.ficoba.org\/es\/#\/schema\/person\/image\/\",\"url\":\"https:\/\/secure.gravatar.com\/avatar\/c90cc0e07f75fecbe4165c1906a4cd61b0179a28caae2205d37516e4fb7c30c1?s=96&d=mm&r=g\",\"contentUrl\":\"https:\/\/secure.gravatar.com\/avatar\/c90cc0e07f75fecbe4165c1906a4cd61b0179a28caae2205d37516e4fb7c30c1?s=96&d=mm&r=g\",\"caption\":\"ficoba\"}}]}<\/script>\n<!-- \/ Yoast SEO plugin. -->","yoast_head_json":{"title":"Cristina Laborda : premi\u00e8re femme \u00e0 pr\u00e9sider le Conseil d'Administration de la Fondation Ficoba - Ficoba","robots":{"index":"index","follow":"follow","max-snippet":"max-snippet:-1","max-image-preview":"max-image-preview:large","max-video-preview":"max-video-preview:-1"},"canonical":"https:\/\/www.ficoba.org\/fr\/cristina-laborda-premiere-femme-a-presider-le-conseil-dadministration-de-la-fondation-ficoba\/","twitter_misc":{"\u00c9crit par":"ficoba","Dur\u00e9e de lecture estim\u00e9e":"1 minute"},"schema":{"@context":"https:\/\/schema.org","@graph":[{"@type":"Article","@id":"https:\/\/www.ficoba.org\/fr\/cristina-laborda-premiere-femme-a-presider-le-conseil-dadministration-de-la-fondation-ficoba\/#article","isPartOf":{"@id":"https:\/\/www.ficoba.org\/fr\/cristina-laborda-premiere-femme-a-presider-le-conseil-dadministration-de-la-fondation-ficoba\/"},"author":{"name":"ficoba","@id":"https:\/\/www.ficoba.org\/es\/#\/schema\/person\/8a96a121e5dbd393e6e6b5a7ee7ed407"},"headline":"Cristina Laborda : premi\u00e8re femme \u00e0 pr\u00e9sider le Conseil d&rsquo;Administration de la Fondation Ficoba","datePublished":"2024-02-02T11:48:33+00:00","mainEntityOfPage":{"@id":"https:\/\/www.ficoba.org\/fr\/cristina-laborda-premiere-femme-a-presider-le-conseil-dadministration-de-la-fondation-ficoba\/"},"wordCount":272,"publisher":{"@id":"https:\/\/www.ficoba.org\/es\/#organization"},"image":{"@id":"https:\/\/www.ficoba.org\/fr\/cristina-laborda-premiere-femme-a-presider-le-conseil-dadministration-de-la-fondation-ficoba\/#primaryimage"},"thumbnailUrl":"https:\/\/www.ficoba.org\/wp-content\/uploads\/2024\/02\/Foto-patronato-Ficoba_enero2024.jpg","articleSection":["Nouvelles"],"inLanguage":"fr-FR"},{"@type":"WebPage","@id":"https:\/\/www.ficoba.org\/fr\/cristina-laborda-premiere-femme-a-presider-le-conseil-dadministration-de-la-fondation-ficoba\/","url":"https:\/\/www.ficoba.org\/fr\/cristina-laborda-premiere-femme-a-presider-le-conseil-dadministration-de-la-fondation-ficoba\/","name":"Cristina Laborda : premi\u00e8re femme \u00e0 pr\u00e9sider le Conseil d'Administration de la Fondation Ficoba - Ficoba","isPartOf":{"@id":"https:\/\/www.ficoba.org\/es\/#website"},"primaryImageOfPage":{"@id":"https:\/\/www.ficoba.org\/fr\/cristina-laborda-premiere-femme-a-presider-le-conseil-dadministration-de-la-fondation-ficoba\/#primaryimage"},"image":{"@id":"https:\/\/www.ficoba.org\/fr\/cristina-laborda-premiere-femme-a-presider-le-conseil-dadministration-de-la-fondation-ficoba\/#primaryimage"},"thumbnailUrl":"https:\/\/www.ficoba.org\/wp-content\/uploads\/2024\/02\/Foto-patronato-Ficoba_enero2024.jpg","datePublished":"2024-02-02T11:48:33+00:00","breadcrumb":{"@id":"https:\/\/www.ficoba.org\/fr\/cristina-laborda-premiere-femme-a-presider-le-conseil-dadministration-de-la-fondation-ficoba\/#breadcrumb"},"inLanguage":"fr-FR","potentialAction":[{"@type":"ReadAction","target":["https:\/\/www.ficoba.org\/fr\/cristina-laborda-premiere-femme-a-presider-le-conseil-dadministration-de-la-fondation-ficoba\/"]}]},{"@type":"ImageObject","inLanguage":"fr-FR","@id":"https:\/\/www.ficoba.org\/fr\/cristina-laborda-premiere-femme-a-presider-le-conseil-dadministration-de-la-fondation-ficoba\/#primaryimage","url":"https:\/\/www.ficoba.org\/wp-content\/uploads\/2024\/02\/Foto-patronato-Ficoba_enero2024.jpg","contentUrl":"https:\/\/www.ficoba.org\/wp-content\/uploads\/2024\/02\/Foto-patronato-Ficoba_enero2024.jpg","width":1856,"height":1536},{"@type":"BreadcrumbList","@id":"https:\/\/www.ficoba.org\/fr\/cristina-laborda-premiere-femme-a-presider-le-conseil-dadministration-de-la-fondation-ficoba\/#breadcrumb","itemListElement":[{"@type":"ListItem","position":1,"name":"Portada","item":"https:\/\/www.ficoba.org\/fr\/"},{"@type":"ListItem","position":2,"name":"Cristina Laborda : premi\u00e8re femme \u00e0 pr\u00e9sider le Conseil d&#8217;Administration de la Fondation Ficoba"}]},{"@type":"WebSite","@id":"https:\/\/www.ficoba.org\/es\/#website","url":"https:\/\/www.ficoba.org\/es\/","name":"Ficoba, Recinto Ferial de Gipuzkoa","description":"Ficoba, l\u2019art de cr\u00e9er des opportunit\u00e9s","publisher":{"@id":"https:\/\/www.ficoba.org\/es\/#organization"},"alternateName":"Ficoba","potentialAction":[{"@type":"SearchAction","target":{"@type":"EntryPoint","urlTemplate":"https:\/\/www.ficoba.org\/es\/?s={search_term_string}"},"query-input":{"@type":"PropertyValueSpecification","valueRequired":true,"valueName":"search_term_string"}}],"inLanguage":"fr-FR"},{"@type":"Organization","@id":"https:\/\/www.ficoba.org\/es\/#organization","name":"Ficoba, Reciento Ferial de Gipuzkoa","url":"https:\/\/www.ficoba.org\/es\/","logo":{"@type":"ImageObject","inLanguage":"fr-FR","@id":"https:\/\/www.ficoba.org\/es\/#\/schema\/logo\/image\/","url":"https:\/\/www.ficoba.org\/wp-content\/uploads\/2018\/11\/logo_ficoba.png","contentUrl":"https:\/\/www.ficoba.org\/wp-content\/uploads\/2018\/11\/logo_ficoba.png","width":200,"height":124,"caption":"Ficoba, Reciento Ferial de Gipuzkoa"},"image":{"@id":"https:\/\/www.ficoba.org\/es\/#\/schema\/logo\/image\/"},"sameAs":["https:\/\/www.facebook.com\/FICOBAFUNDAZIOA\/","https:\/\/x.com\/FicobaFundazioa","https:\/\/www.youtube.com\/channel\/UCvo2JGluemyCf5KPRmEF9JQ","https:\/\/www.linkedin.com\/company\/ficoba\/","https:\/\/www.instagram.com\/ficobafundazioa\/"]},{"@type":"Person","@id":"https:\/\/www.ficoba.org\/es\/#\/schema\/person\/8a96a121e5dbd393e6e6b5a7ee7ed407","name":"ficoba","image":{"@type":"ImageObject","inLanguage":"fr-FR","@id":"https:\/\/www.ficoba.org\/es\/#\/schema\/person\/image\/","url":"https:\/\/secure.gravatar.com\/avatar\/c90cc0e07f75fecbe4165c1906a4cd61b0179a28caae2205d37516e4fb7c30c1?s=96&d=mm&r=g","contentUrl":"https:\/\/secure.gravatar.com\/avatar\/c90cc0e07f75fecbe4165c1906a4cd61b0179a28caae2205d37516e4fb7c30c1?s=96&d=mm&r=g","caption":"ficoba"}}]}},"_links":{"self":[{"href":"https:\/\/www.ficoba.org\/fr\/wp-json\/wp\/v2\/posts\/18835","targetHints":{"allow":["GET"]}}],"collection":[{"href":"https:\/\/www.ficoba.org\/fr\/wp-json\/wp\/v2\/posts"}],"about":[{"href":"https:\/\/www.ficoba.org\/fr\/wp-json\/wp\/v2\/types\/post"}],"author":[{"embeddable":true,"href":"https:\/\/www.ficoba.org\/fr\/wp-json\/wp\/v2\/users\/2"}],"replies":[{"embeddable":true,"href":"https:\/\/www.ficoba.org\/fr\/wp-json\/wp\/v2\/comments?post=18835"}],"version-history":[{"count":1,"href":"https:\/\/www.ficoba.org\/fr\/wp-json\/wp\/v2\/posts\/18835\/revisions"}],"predecessor-version":[{"id":18836,"href":"https:\/\/www.ficoba.org\/fr\/wp-json\/wp\/v2\/posts\/18835\/revisions\/18836"}],"wp:featuredmedia":[{"embeddable":true,"href":"https:\/\/www.ficoba.org\/fr\/wp-json\/wp\/v2\/media\/18831"}],"wp:attachment":[{"href":"https:\/\/www.ficoba.org\/fr\/wp-json\/wp\/v2\/media?parent=18835"}],"wp:term":[{"taxonomy":"category","embeddable":true,"href":"https:\/\/www.ficoba.org\/fr\/wp-json\/wp\/v2\/categories?post=18835"},{"taxonomy":"post_tag","embeddable":true,"href":"https:\/\/www.ficoba.org\/fr\/wp-json\/wp\/v2\/tags?post=18835"}],"curies":[{"name":"wp","href":"https:\/\/api.w.org\/{rel}","templated":true}]}}