{"id":18538,"date":"2023-12-11T14:10:10","date_gmt":"2023-12-11T12:10:10","guid":{"rendered":"https:\/\/www.ficoba.org\/?p=18538"},"modified":"2023-12-11T14:10:10","modified_gmt":"2023-12-11T12:10:10","slug":"pres-de-7-000-personnes-ont-participe-a-be-veggie-le-grand-festival-vegetalien-du-pays-basque","status":"publish","type":"post","link":"https:\/\/www.ficoba.org\/fr\/pres-de-7-000-personnes-ont-participe-a-be-veggie-le-grand-festival-vegetalien-du-pays-basque\/","title":{"rendered":"Pr\u00e8s de 7 000 personnes ont particip\u00e9 \u00e0 Be Veggie, le grand festival v\u00e9g\u00e9talien du Pays basque"},"content":{"rendered":"<ul>\n<li><strong>La fr\u00e9quentation a augment\u00e9 de 40 % par rapport \u00e0 2022 <\/strong><\/li>\n<li><strong>Et de plus en plus de personnes viennent accompagn\u00e9s de leurs chiens. Cette ann\u00e9e, 175 chiens ont visit\u00e9 Be Veggie<\/strong><\/li>\n<\/ul>\n<p><em>(Irun, 11 novembre 2023).<\/em> La proposition d&rsquo;un mode de vie v\u00e9g\u00e9talien, 100 % v\u00e9g\u00e9tal, sans exploitation animale et qui promeut la durabilit\u00e9 environnementale, gagne de plus en plus d&rsquo;adeptes et suscite l&rsquo;int\u00e9r\u00eat du reste de la population.<\/p>\n<p>La cinqui\u00e8me \u00e9dition du festival v\u00e9g\u00e9talien Be Veggie, qui s&rsquo;est tenue du 8 au 10 d\u00e9cembre \u00e0 Ficoba, en est la preuve. Elle s&rsquo;est cl\u00f4tur\u00e9e avec pr\u00e8s de 7 000 visites, soit 40 % de plus qu&rsquo;en 2022, o\u00f9 la participation s&rsquo;\u00e9tait \u00e9lev\u00e9e \u00e0 pr\u00e8s de 5 000 personnes.<\/p>\n<p>L&rsquo;augmentation du nombre de visiteurs a \u00e9t\u00e9 conforme aux pr\u00e9visions, non seulement parce que le festival a \u00e9t\u00e9 prolong\u00e9 d&rsquo;un jour cette ann\u00e9e, mais aussi en raison de l&rsquo;augmentation du nombre d&rsquo;entreprises exposantes, qui a atteint cette ann\u00e9e 70 stands, soit 30 % de plus qu&rsquo;en 2022.<\/p>\n<p>Les v\u00e9g\u00e9taliens, les flexitariens, les v\u00e9g\u00e9tariens et les personnes qui explorent de nouvelles fa\u00e7ons de consommer et de vivre sont venus \u00e0 Ficoba ce week-end. La plupart d&rsquo;entre eux sont venus du Gipuzkoa, des r\u00e9gions de Donostialdea, Bidasoaldea et Oarsoaldea. Il convient \u00e9galement de souligner que pr\u00e8s de 8% des visiteurs \u00e9taient d&rsquo;origine fran\u00e7aise.<\/p>\n<p>Et comme il s&rsquo;agit d&rsquo;un \u00e9v\u00e9nement o\u00f9 les chiens sont les bienvenus, il convient de noter que l&rsquo;invitation est bien accueillie par les visiteurs de Be Veggie. Cette ann\u00e9e, le nombre de chiens est pass\u00e9 de 100 \u00e0 175, soit une augmentation de 75 %.<\/p>\n<p>Il convient \u00e9galement de noter le grand nombre de personnes qui ont particip\u00e9 aux plus de 30 activit\u00e9s parall\u00e8les du programme Be Veggie. Les visiteurs du festival ont profit\u00e9 des conf\u00e9rences, des tables rondes, des showcookings et des ateliers. Ils ont \u00e9galement appr\u00e9ci\u00e9 la musique live et l&rsquo;offre gastronomique des food trucks.<\/p>\n<p><strong>Des visiteurs et des exposants satisfaits<\/strong><\/p>\n<p>En r\u00e9alit\u00e9, Be Veggie a laiss\u00e9 un excellent go\u00fbt dans la bouche des entreprises exposantes et des personnes qui ont particip\u00e9 au festival. 75 % des entreprises se sont d\u00e9clar\u00e9es satisfaites ou tr\u00e8s satisfaites du d\u00e9roulement de l&rsquo;\u00e9v\u00e9nement et 87 % se sont d\u00e9clar\u00e9es int\u00e9ress\u00e9es par la prochaine \u00e9dition de Be Veggie. Quant aux visiteurs, plus de 85 % d&rsquo;entre eux se sont d\u00e9clar\u00e9s satisfaits ou tr\u00e8s satisfaits.<\/p>\n<p>Be Veggie fait ses adieux \u00e0 l&rsquo;ann\u00e9e prochaine et cl\u00f4t la saison des salons, congr\u00e8s et grands \u00e9v\u00e9nements en 2023 \u00e0 Ficoba.<\/p>\n<p><strong>Suivez-nous sur :<\/strong><\/p>\n<p>IG beveggie.ficoba<\/p>\n<p>Tik Tok: @festivalbeveggie<\/p>\n<p>https:\/\/www.facebook.com\/beveggie<\/p>\n<p><strong>www.beveggie.eus<\/strong><\/p>\n<p>&nbsp;<\/p>\n","protected":false},"excerpt":{"rendered":"<p>La fr\u00e9quentation a augment\u00e9 de 40 % par rapport \u00e0 2022 Et de plus en plus de personnes viennent accompagn\u00e9s de leurs chiens. Cette ann\u00e9e, 175 chiens ont visit\u00e9 Be [&hellip;]<\/p>\n","protected":false},"author":2,"featured_media":18534,"comment_status":"closed","ping_status":"closed","sticky":false,"template":"","format":"standard","meta":{"_et_pb_use_builder":"","_et_pb_old_content":"","_et_gb_content_width":"","footnotes":""},"categories":[19],"tags":[],"class_list":["post-18538","post","type-post","status-publish","format-standard","has-post-thumbnail","hentry","category-evenements-et-salons"],"yoast_head":"<!-- This site is optimized with the Yoast SEO plugin v26.8 - https:\/\/yoast.com\/product\/yoast-seo-wordpress\/ -->\n<title>Pr\u00e8s de 7 000 personnes ont particip\u00e9 \u00e0 Be Veggie, le grand festival v\u00e9g\u00e9talien du Pays basque - Ficoba<\/title>\n<meta name=\"robots\" content=\"index, follow, max-snippet:-1, max-image-preview:large, max-video-preview:-1\" \/>\n<link rel=\"canonical\" href=\"https:\/\/www.ficoba.org\/fr\/pres-de-7-000-personnes-ont-participe-a-be-veggie-le-grand-festival-vegetalien-du-pays-basque\/\" \/>\n<meta name=\"twitter:label1\" content=\"\u00c9crit par\" \/>\n\t<meta name=\"twitter:data1\" content=\"ficoba\" \/>\n\t<meta name=\"twitter:label2\" content=\"Dur\u00e9e de lecture estim\u00e9e\" \/>\n\t<meta name=\"twitter:data2\" content=\"2 minutes\" \/>\n<script type=\"application\/ld+json\" class=\"yoast-schema-graph\">{\"@context\":\"https:\/\/schema.org\",\"@graph\":[{\"@type\":\"Article\",\"@id\":\"https:\/\/www.ficoba.org\/fr\/pres-de-7-000-personnes-ont-participe-a-be-veggie-le-grand-festival-vegetalien-du-pays-basque\/#article\",\"isPartOf\":{\"@id\":\"https:\/\/www.ficoba.org\/fr\/pres-de-7-000-personnes-ont-participe-a-be-veggie-le-grand-festival-vegetalien-du-pays-basque\/\"},\"author\":{\"name\":\"ficoba\",\"@id\":\"https:\/\/www.ficoba.org\/es\/#\/schema\/person\/8a96a121e5dbd393e6e6b5a7ee7ed407\"},\"headline\":\"Pr\u00e8s de 7 000 personnes ont particip\u00e9 \u00e0 Be Veggie, le grand festival v\u00e9g\u00e9talien du Pays basque\",\"datePublished\":\"2023-12-11T12:10:10+00:00\",\"mainEntityOfPage\":{\"@id\":\"https:\/\/www.ficoba.org\/fr\/pres-de-7-000-personnes-ont-participe-a-be-veggie-le-grand-festival-vegetalien-du-pays-basque\/\"},\"wordCount\":478,\"publisher\":{\"@id\":\"https:\/\/www.ficoba.org\/es\/#organization\"},\"image\":{\"@id\":\"https:\/\/www.ficoba.org\/fr\/pres-de-7-000-personnes-ont-participe-a-be-veggie-le-grand-festival-vegetalien-du-pays-basque\/#primaryimage\"},\"thumbnailUrl\":\"https:\/\/www.ficoba.org\/wp-content\/uploads\/2023\/12\/Be-Veggie-3.jpg\",\"articleSection\":[\"\u00c9v\u00e9nements et salons\"],\"inLanguage\":\"fr-FR\"},{\"@type\":\"WebPage\",\"@id\":\"https:\/\/www.ficoba.org\/fr\/pres-de-7-000-personnes-ont-participe-a-be-veggie-le-grand-festival-vegetalien-du-pays-basque\/\",\"url\":\"https:\/\/www.ficoba.org\/fr\/pres-de-7-000-personnes-ont-participe-a-be-veggie-le-grand-festival-vegetalien-du-pays-basque\/\",\"name\":\"Pr\u00e8s de 7 000 personnes ont particip\u00e9 \u00e0 Be Veggie, le grand festival v\u00e9g\u00e9talien du Pays basque - Ficoba\",\"isPartOf\":{\"@id\":\"https:\/\/www.ficoba.org\/es\/#website\"},\"primaryImageOfPage\":{\"@id\":\"https:\/\/www.ficoba.org\/fr\/pres-de-7-000-personnes-ont-participe-a-be-veggie-le-grand-festival-vegetalien-du-pays-basque\/#primaryimage\"},\"image\":{\"@id\":\"https:\/\/www.ficoba.org\/fr\/pres-de-7-000-personnes-ont-participe-a-be-veggie-le-grand-festival-vegetalien-du-pays-basque\/#primaryimage\"},\"thumbnailUrl\":\"https:\/\/www.ficoba.org\/wp-content\/uploads\/2023\/12\/Be-Veggie-3.jpg\",\"datePublished\":\"2023-12-11T12:10:10+00:00\",\"breadcrumb\":{\"@id\":\"https:\/\/www.ficoba.org\/fr\/pres-de-7-000-personnes-ont-participe-a-be-veggie-le-grand-festival-vegetalien-du-pays-basque\/#breadcrumb\"},\"inLanguage\":\"fr-FR\",\"potentialAction\":[{\"@type\":\"ReadAction\",\"target\":[\"https:\/\/www.ficoba.org\/fr\/pres-de-7-000-personnes-ont-participe-a-be-veggie-le-grand-festival-vegetalien-du-pays-basque\/\"]}]},{\"@type\":\"ImageObject\",\"inLanguage\":\"fr-FR\",\"@id\":\"https:\/\/www.ficoba.org\/fr\/pres-de-7-000-personnes-ont-participe-a-be-veggie-le-grand-festival-vegetalien-du-pays-basque\/#primaryimage\",\"url\":\"https:\/\/www.ficoba.org\/wp-content\/uploads\/2023\/12\/Be-Veggie-3.jpg\",\"contentUrl\":\"https:\/\/www.ficoba.org\/wp-content\/uploads\/2023\/12\/Be-Veggie-3.jpg\",\"width\":1500,\"height\":1000},{\"@type\":\"BreadcrumbList\",\"@id\":\"https:\/\/www.ficoba.org\/fr\/pres-de-7-000-personnes-ont-participe-a-be-veggie-le-grand-festival-vegetalien-du-pays-basque\/#breadcrumb\",\"itemListElement\":[{\"@type\":\"ListItem\",\"position\":1,\"name\":\"Portada\",\"item\":\"https:\/\/www.ficoba.org\/fr\/\"},{\"@type\":\"ListItem\",\"position\":2,\"name\":\"Pr\u00e8s de 7 000 personnes ont particip\u00e9 \u00e0 Be Veggie, le grand festival v\u00e9g\u00e9talien du Pays basque\"}]},{\"@type\":\"WebSite\",\"@id\":\"https:\/\/www.ficoba.org\/es\/#website\",\"url\":\"https:\/\/www.ficoba.org\/es\/\",\"name\":\"Ficoba, Recinto Ferial de Gipuzkoa\",\"description\":\"Ficoba, l\u2019art de cr\u00e9er des opportunit\u00e9s\",\"publisher\":{\"@id\":\"https:\/\/www.ficoba.org\/es\/#organization\"},\"alternateName\":\"Ficoba\",\"potentialAction\":[{\"@type\":\"SearchAction\",\"target\":{\"@type\":\"EntryPoint\",\"urlTemplate\":\"https:\/\/www.ficoba.org\/es\/?s={search_term_string}\"},\"query-input\":{\"@type\":\"PropertyValueSpecification\",\"valueRequired\":true,\"valueName\":\"search_term_string\"}}],\"inLanguage\":\"fr-FR\"},{\"@type\":\"Organization\",\"@id\":\"https:\/\/www.ficoba.org\/es\/#organization\",\"name\":\"Ficoba, Reciento Ferial de Gipuzkoa\",\"url\":\"https:\/\/www.ficoba.org\/es\/\",\"logo\":{\"@type\":\"ImageObject\",\"inLanguage\":\"fr-FR\",\"@id\":\"https:\/\/www.ficoba.org\/es\/#\/schema\/logo\/image\/\",\"url\":\"https:\/\/www.ficoba.org\/wp-content\/uploads\/2018\/11\/logo_ficoba.png\",\"contentUrl\":\"https:\/\/www.ficoba.org\/wp-content\/uploads\/2018\/11\/logo_ficoba.png\",\"width\":200,\"height\":124,\"caption\":\"Ficoba, Reciento Ferial de Gipuzkoa\"},\"image\":{\"@id\":\"https:\/\/www.ficoba.org\/es\/#\/schema\/logo\/image\/\"},\"sameAs\":[\"https:\/\/www.facebook.com\/FICOBAFUNDAZIOA\/\",\"https:\/\/x.com\/FicobaFundazioa\",\"https:\/\/www.youtube.com\/channel\/UCvo2JGluemyCf5KPRmEF9JQ\",\"https:\/\/www.linkedin.com\/company\/ficoba\/\",\"https:\/\/www.instagram.com\/ficobafundazioa\/\"]},{\"@type\":\"Person\",\"@id\":\"https:\/\/www.ficoba.org\/es\/#\/schema\/person\/8a96a121e5dbd393e6e6b5a7ee7ed407\",\"name\":\"ficoba\",\"image\":{\"@type\":\"ImageObject\",\"inLanguage\":\"fr-FR\",\"@id\":\"https:\/\/www.ficoba.org\/es\/#\/schema\/person\/image\/\",\"url\":\"https:\/\/secure.gravatar.com\/avatar\/c90cc0e07f75fecbe4165c1906a4cd61b0179a28caae2205d37516e4fb7c30c1?s=96&d=mm&r=g\",\"contentUrl\":\"https:\/\/secure.gravatar.com\/avatar\/c90cc0e07f75fecbe4165c1906a4cd61b0179a28caae2205d37516e4fb7c30c1?s=96&d=mm&r=g\",\"caption\":\"ficoba\"}}]}<\/script>\n<!-- \/ Yoast SEO plugin. -->","yoast_head_json":{"title":"Pr\u00e8s de 7 000 personnes ont particip\u00e9 \u00e0 Be Veggie, le grand festival v\u00e9g\u00e9talien du Pays basque - Ficoba","robots":{"index":"index","follow":"follow","max-snippet":"max-snippet:-1","max-image-preview":"max-image-preview:large","max-video-preview":"max-video-preview:-1"},"canonical":"https:\/\/www.ficoba.org\/fr\/pres-de-7-000-personnes-ont-participe-a-be-veggie-le-grand-festival-vegetalien-du-pays-basque\/","twitter_misc":{"\u00c9crit par":"ficoba","Dur\u00e9e de lecture estim\u00e9e":"2 minutes"},"schema":{"@context":"https:\/\/schema.org","@graph":[{"@type":"Article","@id":"https:\/\/www.ficoba.org\/fr\/pres-de-7-000-personnes-ont-participe-a-be-veggie-le-grand-festival-vegetalien-du-pays-basque\/#article","isPartOf":{"@id":"https:\/\/www.ficoba.org\/fr\/pres-de-7-000-personnes-ont-participe-a-be-veggie-le-grand-festival-vegetalien-du-pays-basque\/"},"author":{"name":"ficoba","@id":"https:\/\/www.ficoba.org\/es\/#\/schema\/person\/8a96a121e5dbd393e6e6b5a7ee7ed407"},"headline":"Pr\u00e8s de 7 000 personnes ont particip\u00e9 \u00e0 Be Veggie, le grand festival v\u00e9g\u00e9talien du Pays basque","datePublished":"2023-12-11T12:10:10+00:00","mainEntityOfPage":{"@id":"https:\/\/www.ficoba.org\/fr\/pres-de-7-000-personnes-ont-participe-a-be-veggie-le-grand-festival-vegetalien-du-pays-basque\/"},"wordCount":478,"publisher":{"@id":"https:\/\/www.ficoba.org\/es\/#organization"},"image":{"@id":"https:\/\/www.ficoba.org\/fr\/pres-de-7-000-personnes-ont-participe-a-be-veggie-le-grand-festival-vegetalien-du-pays-basque\/#primaryimage"},"thumbnailUrl":"https:\/\/www.ficoba.org\/wp-content\/uploads\/2023\/12\/Be-Veggie-3.jpg","articleSection":["\u00c9v\u00e9nements et salons"],"inLanguage":"fr-FR"},{"@type":"WebPage","@id":"https:\/\/www.ficoba.org\/fr\/pres-de-7-000-personnes-ont-participe-a-be-veggie-le-grand-festival-vegetalien-du-pays-basque\/","url":"https:\/\/www.ficoba.org\/fr\/pres-de-7-000-personnes-ont-participe-a-be-veggie-le-grand-festival-vegetalien-du-pays-basque\/","name":"Pr\u00e8s de 7 000 personnes ont particip\u00e9 \u00e0 Be Veggie, le grand festival v\u00e9g\u00e9talien du Pays basque - Ficoba","isPartOf":{"@id":"https:\/\/www.ficoba.org\/es\/#website"},"primaryImageOfPage":{"@id":"https:\/\/www.ficoba.org\/fr\/pres-de-7-000-personnes-ont-participe-a-be-veggie-le-grand-festival-vegetalien-du-pays-basque\/#primaryimage"},"image":{"@id":"https:\/\/www.ficoba.org\/fr\/pres-de-7-000-personnes-ont-participe-a-be-veggie-le-grand-festival-vegetalien-du-pays-basque\/#primaryimage"},"thumbnailUrl":"https:\/\/www.ficoba.org\/wp-content\/uploads\/2023\/12\/Be-Veggie-3.jpg","datePublished":"2023-12-11T12:10:10+00:00","breadcrumb":{"@id":"https:\/\/www.ficoba.org\/fr\/pres-de-7-000-personnes-ont-participe-a-be-veggie-le-grand-festival-vegetalien-du-pays-basque\/#breadcrumb"},"inLanguage":"fr-FR","potentialAction":[{"@type":"ReadAction","target":["https:\/\/www.ficoba.org\/fr\/pres-de-7-000-personnes-ont-participe-a-be-veggie-le-grand-festival-vegetalien-du-pays-basque\/"]}]},{"@type":"ImageObject","inLanguage":"fr-FR","@id":"https:\/\/www.ficoba.org\/fr\/pres-de-7-000-personnes-ont-participe-a-be-veggie-le-grand-festival-vegetalien-du-pays-basque\/#primaryimage","url":"https:\/\/www.ficoba.org\/wp-content\/uploads\/2023\/12\/Be-Veggie-3.jpg","contentUrl":"https:\/\/www.ficoba.org\/wp-content\/uploads\/2023\/12\/Be-Veggie-3.jpg","width":1500,"height":1000},{"@type":"BreadcrumbList","@id":"https:\/\/www.ficoba.org\/fr\/pres-de-7-000-personnes-ont-participe-a-be-veggie-le-grand-festival-vegetalien-du-pays-basque\/#breadcrumb","itemListElement":[{"@type":"ListItem","position":1,"name":"Portada","item":"https:\/\/www.ficoba.org\/fr\/"},{"@type":"ListItem","position":2,"name":"Pr\u00e8s de 7 000 personnes ont particip\u00e9 \u00e0 Be Veggie, le grand festival v\u00e9g\u00e9talien du Pays basque"}]},{"@type":"WebSite","@id":"https:\/\/www.ficoba.org\/es\/#website","url":"https:\/\/www.ficoba.org\/es\/","name":"Ficoba, Recinto Ferial de Gipuzkoa","description":"Ficoba, l\u2019art de cr\u00e9er des opportunit\u00e9s","publisher":{"@id":"https:\/\/www.ficoba.org\/es\/#organization"},"alternateName":"Ficoba","potentialAction":[{"@type":"SearchAction","target":{"@type":"EntryPoint","urlTemplate":"https:\/\/www.ficoba.org\/es\/?s={search_term_string}"},"query-input":{"@type":"PropertyValueSpecification","valueRequired":true,"valueName":"search_term_string"}}],"inLanguage":"fr-FR"},{"@type":"Organization","@id":"https:\/\/www.ficoba.org\/es\/#organization","name":"Ficoba, Reciento Ferial de Gipuzkoa","url":"https:\/\/www.ficoba.org\/es\/","logo":{"@type":"ImageObject","inLanguage":"fr-FR","@id":"https:\/\/www.ficoba.org\/es\/#\/schema\/logo\/image\/","url":"https:\/\/www.ficoba.org\/wp-content\/uploads\/2018\/11\/logo_ficoba.png","contentUrl":"https:\/\/www.ficoba.org\/wp-content\/uploads\/2018\/11\/logo_ficoba.png","width":200,"height":124,"caption":"Ficoba, Reciento Ferial de Gipuzkoa"},"image":{"@id":"https:\/\/www.ficoba.org\/es\/#\/schema\/logo\/image\/"},"sameAs":["https:\/\/www.facebook.com\/FICOBAFUNDAZIOA\/","https:\/\/x.com\/FicobaFundazioa","https:\/\/www.youtube.com\/channel\/UCvo2JGluemyCf5KPRmEF9JQ","https:\/\/www.linkedin.com\/company\/ficoba\/","https:\/\/www.instagram.com\/ficobafundazioa\/"]},{"@type":"Person","@id":"https:\/\/www.ficoba.org\/es\/#\/schema\/person\/8a96a121e5dbd393e6e6b5a7ee7ed407","name":"ficoba","image":{"@type":"ImageObject","inLanguage":"fr-FR","@id":"https:\/\/www.ficoba.org\/es\/#\/schema\/person\/image\/","url":"https:\/\/secure.gravatar.com\/avatar\/c90cc0e07f75fecbe4165c1906a4cd61b0179a28caae2205d37516e4fb7c30c1?s=96&d=mm&r=g","contentUrl":"https:\/\/secure.gravatar.com\/avatar\/c90cc0e07f75fecbe4165c1906a4cd61b0179a28caae2205d37516e4fb7c30c1?s=96&d=mm&r=g","caption":"ficoba"}}]}},"_links":{"self":[{"href":"https:\/\/www.ficoba.org\/fr\/wp-json\/wp\/v2\/posts\/18538","targetHints":{"allow":["GET"]}}],"collection":[{"href":"https:\/\/www.ficoba.org\/fr\/wp-json\/wp\/v2\/posts"}],"about":[{"href":"https:\/\/www.ficoba.org\/fr\/wp-json\/wp\/v2\/types\/post"}],"author":[{"embeddable":true,"href":"https:\/\/www.ficoba.org\/fr\/wp-json\/wp\/v2\/users\/2"}],"replies":[{"embeddable":true,"href":"https:\/\/www.ficoba.org\/fr\/wp-json\/wp\/v2\/comments?post=18538"}],"version-history":[{"count":1,"href":"https:\/\/www.ficoba.org\/fr\/wp-json\/wp\/v2\/posts\/18538\/revisions"}],"predecessor-version":[{"id":18539,"href":"https:\/\/www.ficoba.org\/fr\/wp-json\/wp\/v2\/posts\/18538\/revisions\/18539"}],"wp:featuredmedia":[{"embeddable":true,"href":"https:\/\/www.ficoba.org\/fr\/wp-json\/wp\/v2\/media\/18534"}],"wp:attachment":[{"href":"https:\/\/www.ficoba.org\/fr\/wp-json\/wp\/v2\/media?parent=18538"}],"wp:term":[{"taxonomy":"category","embeddable":true,"href":"https:\/\/www.ficoba.org\/fr\/wp-json\/wp\/v2\/categories?post=18538"},{"taxonomy":"post_tag","embeddable":true,"href":"https:\/\/www.ficoba.org\/fr\/wp-json\/wp\/v2\/tags?post=18538"}],"curies":[{"name":"wp","href":"https:\/\/api.w.org\/{rel}","templated":true}]}}