{"id":17347,"date":"2023-07-26T12:41:35","date_gmt":"2023-07-26T10:41:35","guid":{"rendered":"https:\/\/www.ficoba.org\/?p=17347"},"modified":"2023-07-26T12:41:35","modified_gmt":"2023-07-26T10:41:35","slug":"cinquieme-edition-de-be-veggie-du-8-au-10-decembre-a-ficoba","status":"publish","type":"post","link":"https:\/\/www.ficoba.org\/fr\/cinquieme-edition-de-be-veggie-du-8-au-10-decembre-a-ficoba\/","title":{"rendered":"Cinqui\u00e8me \u00e9dition de Be Veggie, du 8 au 10 d\u00e9cembre \u00e0 Ficoba"},"content":{"rendered":"<p>Cette ann\u00e9e, tous les v\u00e9g\u00e9taliens, flex v\u00e9g\u00e9taliens, v\u00e9g\u00e9tariens et ceux qui explorent de nouvelles fa\u00e7ons de consommer et de vivre ont de la chance. Le festival v\u00e9g\u00e9talien Be Veggie revient \u00e0 Ficoba, dans une version \u00e9largie. Cette cinqui\u00e8me \u00e9dition se d\u00e9roulera sur trois jours, le week-end du 8 au 10 d\u00e9cembre.<\/p>\n<p>La proposition de Be Veggie comprendra des espaces d&rsquo;exposition proposant une alimentation 100 % v\u00e9g\u00e9tale et des produits et services adapt\u00e9s aux v\u00e9g\u00e9taliens, tels que les cosm\u00e9tiques, la mode, l&rsquo;habitat, la restauration et le tourisme, etc.<\/p>\n<p>Comme lors des \u00e9ditions pr\u00e9c\u00e9dentes, Be Veggie \u00e9labore un programme d&rsquo;activit\u00e9s qui comprendra des conf\u00e9rences informatives, des tables rondes, des ateliers de cuisine, de la musique live et d&rsquo;autres activit\u00e9s de loisirs, dans le but de cr\u00e9er une atmosph\u00e8re propice au partage d&rsquo;exp\u00e9riences et de connaissances entre les participants au festival, ainsi qu&rsquo;\u00e0 l&rsquo;organisation de moments conviviaux.<\/p>\n<p>Be Veggie sera \u00e9galement un point de rencontre pour les associations, les sanctuaires et les organisations qui promeuvent la sensibilisation au mode de vie v\u00e9g\u00e9talien, l&rsquo;objectif \u00e9tant que le festival soit \u00e9galement un point d&rsquo;information et de connaissance.<\/p>\n<p><strong>Une r\u00e9f\u00e9rence dans le secteur<\/strong><\/p>\n<p>Be Veggie s&rsquo;est taill\u00e9 une place de choix sur la sc\u00e8ne des \u00e9v\u00e9nements v\u00e9g\u00e9taliens en Espagne. C&rsquo;est pourquoi les principales organisations du secteur soutiennent cet \u00e9v\u00e9nement par leur pr\u00e9sence et leurs activit\u00e9s.<\/p>\n<p>Une fois de plus, le festival b\u00e9n\u00e9ficie de la collaboration de l&rsquo;Union v\u00e9g\u00e9tarienne espagnole (UVE). Be Veggie a \u00e9galement re\u00e7u le soutien d&rsquo;une autre institution de r\u00e9f\u00e9rence en mati\u00e8re de v\u00e9g\u00e9talisme, Proveg International, qui, comme l&rsquo;ann\u00e9e derni\u00e8re, r\u00e9alisera une enqu\u00eate pour d\u00e9terminer si les gens sont conscients de l&rsquo;impact de notre mode d&rsquo;alimentation sur l&rsquo;environnement. Le fait de pouvoir interroger les personnes avant et apr\u00e8s leur visite \u00e0 Be Veggie permettra \u00e9galement de voir dans quelle mesure ce type d&rsquo;\u00e9v\u00e9nement influence les changements de mode de vie.<\/p>\n<p><strong>Informations pratiques<\/strong><\/p>\n<p>Les chiens seront \u00e9galement bienvenus \u00e0 Be Veggie cette ann\u00e9e. L&rsquo;initiative a \u00e9t\u00e9 test\u00e9e avec succ\u00e8s lors de l&rsquo;\u00e9dition 2022, \u00e0 laquelle ont particip\u00e9 plus de 100 chiens, qui ont v\u00e9cu en totale harmonie avec le reste des visiteurs.<\/p>\n<p>Pour que personne ne manque l&rsquo;\u00e9v\u00e9nement vegan du Pays basque et puisse conna\u00eetre de premi\u00e8re main cet \u00e9v\u00e9nement qui promeut un mode de vie 100 % v\u00e9g\u00e9tal avec des propositions b\u00e9n\u00e9fiques pour la sant\u00e9, sans exploitation animale et qui favorise la durabilit\u00e9 environnementale, l&rsquo;entr\u00e9e au festival et le parking seront gratuits.<\/p>\n<p><strong>Suivez-nous sur :<\/strong><\/p>\n<p>IG beveggie.ficoba<\/p>\n<p>Tik Tok : @festivalbe Veggie<\/p>\n<p>https:\/\/www.facebook.com\/beveggie<\/p>\n<p><strong>Plus d&rsquo;informations :<\/strong> www.beveggie.eus\/fr\/<\/p>\n","protected":false},"excerpt":{"rendered":"<p>Cette ann\u00e9e, tous les v\u00e9g\u00e9taliens, flex v\u00e9g\u00e9taliens, v\u00e9g\u00e9tariens et ceux qui explorent de nouvelles fa\u00e7ons de consommer et de vivre ont de la chance. Le festival v\u00e9g\u00e9talien Be Veggie revient [&hellip;]<\/p>\n","protected":false},"author":2,"featured_media":17343,"comment_status":"closed","ping_status":"closed","sticky":false,"template":"","format":"standard","meta":{"_et_pb_use_builder":"","_et_pb_old_content":"","_et_gb_content_width":"","footnotes":""},"categories":[19],"tags":[],"class_list":["post-17347","post","type-post","status-publish","format-standard","has-post-thumbnail","hentry","category-evenements-et-salons"],"yoast_head":"<!-- This site is optimized with the Yoast SEO plugin v26.8 - https:\/\/yoast.com\/product\/yoast-seo-wordpress\/ -->\n<title>Cinqui\u00e8me \u00e9dition de Be Veggie, du 8 au 10 d\u00e9cembre \u00e0 Ficoba - Ficoba<\/title>\n<meta name=\"robots\" content=\"index, follow, max-snippet:-1, max-image-preview:large, max-video-preview:-1\" \/>\n<link rel=\"canonical\" href=\"https:\/\/www.ficoba.org\/fr\/cinquieme-edition-de-be-veggie-du-8-au-10-decembre-a-ficoba\/\" \/>\n<meta name=\"twitter:label1\" content=\"\u00c9crit par\" \/>\n\t<meta name=\"twitter:data1\" content=\"ficoba\" \/>\n\t<meta name=\"twitter:label2\" content=\"Dur\u00e9e de lecture estim\u00e9e\" \/>\n\t<meta name=\"twitter:data2\" content=\"2 minutes\" \/>\n<script type=\"application\/ld+json\" class=\"yoast-schema-graph\">{\"@context\":\"https:\/\/schema.org\",\"@graph\":[{\"@type\":\"Article\",\"@id\":\"https:\/\/www.ficoba.org\/fr\/cinquieme-edition-de-be-veggie-du-8-au-10-decembre-a-ficoba\/#article\",\"isPartOf\":{\"@id\":\"https:\/\/www.ficoba.org\/fr\/cinquieme-edition-de-be-veggie-du-8-au-10-decembre-a-ficoba\/\"},\"author\":{\"name\":\"ficoba\",\"@id\":\"https:\/\/www.ficoba.org\/es\/#\/schema\/person\/8a96a121e5dbd393e6e6b5a7ee7ed407\"},\"headline\":\"Cinqui\u00e8me \u00e9dition de Be Veggie, du 8 au 10 d\u00e9cembre \u00e0 Ficoba\",\"datePublished\":\"2023-07-26T10:41:35+00:00\",\"mainEntityOfPage\":{\"@id\":\"https:\/\/www.ficoba.org\/fr\/cinquieme-edition-de-be-veggie-du-8-au-10-decembre-a-ficoba\/\"},\"wordCount\":507,\"publisher\":{\"@id\":\"https:\/\/www.ficoba.org\/es\/#organization\"},\"image\":{\"@id\":\"https:\/\/www.ficoba.org\/fr\/cinquieme-edition-de-be-veggie-du-8-au-10-decembre-a-ficoba\/#primaryimage\"},\"thumbnailUrl\":\"https:\/\/www.ficoba.org\/wp-content\/uploads\/2023\/07\/logo-beveggie-vertical-RGB.png\",\"articleSection\":[\"\u00c9v\u00e9nements et salons\"],\"inLanguage\":\"fr-FR\"},{\"@type\":\"WebPage\",\"@id\":\"https:\/\/www.ficoba.org\/fr\/cinquieme-edition-de-be-veggie-du-8-au-10-decembre-a-ficoba\/\",\"url\":\"https:\/\/www.ficoba.org\/fr\/cinquieme-edition-de-be-veggie-du-8-au-10-decembre-a-ficoba\/\",\"name\":\"Cinqui\u00e8me \u00e9dition de Be Veggie, du 8 au 10 d\u00e9cembre \u00e0 Ficoba - Ficoba\",\"isPartOf\":{\"@id\":\"https:\/\/www.ficoba.org\/es\/#website\"},\"primaryImageOfPage\":{\"@id\":\"https:\/\/www.ficoba.org\/fr\/cinquieme-edition-de-be-veggie-du-8-au-10-decembre-a-ficoba\/#primaryimage\"},\"image\":{\"@id\":\"https:\/\/www.ficoba.org\/fr\/cinquieme-edition-de-be-veggie-du-8-au-10-decembre-a-ficoba\/#primaryimage\"},\"thumbnailUrl\":\"https:\/\/www.ficoba.org\/wp-content\/uploads\/2023\/07\/logo-beveggie-vertical-RGB.png\",\"datePublished\":\"2023-07-26T10:41:35+00:00\",\"breadcrumb\":{\"@id\":\"https:\/\/www.ficoba.org\/fr\/cinquieme-edition-de-be-veggie-du-8-au-10-decembre-a-ficoba\/#breadcrumb\"},\"inLanguage\":\"fr-FR\",\"potentialAction\":[{\"@type\":\"ReadAction\",\"target\":[\"https:\/\/www.ficoba.org\/fr\/cinquieme-edition-de-be-veggie-du-8-au-10-decembre-a-ficoba\/\"]}]},{\"@type\":\"ImageObject\",\"inLanguage\":\"fr-FR\",\"@id\":\"https:\/\/www.ficoba.org\/fr\/cinquieme-edition-de-be-veggie-du-8-au-10-decembre-a-ficoba\/#primaryimage\",\"url\":\"https:\/\/www.ficoba.org\/wp-content\/uploads\/2023\/07\/logo-beveggie-vertical-RGB.png\",\"contentUrl\":\"https:\/\/www.ficoba.org\/wp-content\/uploads\/2023\/07\/logo-beveggie-vertical-RGB.png\",\"width\":359,\"height\":451},{\"@type\":\"BreadcrumbList\",\"@id\":\"https:\/\/www.ficoba.org\/fr\/cinquieme-edition-de-be-veggie-du-8-au-10-decembre-a-ficoba\/#breadcrumb\",\"itemListElement\":[{\"@type\":\"ListItem\",\"position\":1,\"name\":\"Portada\",\"item\":\"https:\/\/www.ficoba.org\/fr\/\"},{\"@type\":\"ListItem\",\"position\":2,\"name\":\"Cinqui\u00e8me \u00e9dition de Be Veggie, du 8 au 10 d\u00e9cembre \u00e0 Ficoba\"}]},{\"@type\":\"WebSite\",\"@id\":\"https:\/\/www.ficoba.org\/es\/#website\",\"url\":\"https:\/\/www.ficoba.org\/es\/\",\"name\":\"Ficoba, Recinto Ferial de Gipuzkoa\",\"description\":\"Ficoba, l\u2019art de cr\u00e9er des opportunit\u00e9s\",\"publisher\":{\"@id\":\"https:\/\/www.ficoba.org\/es\/#organization\"},\"alternateName\":\"Ficoba\",\"potentialAction\":[{\"@type\":\"SearchAction\",\"target\":{\"@type\":\"EntryPoint\",\"urlTemplate\":\"https:\/\/www.ficoba.org\/es\/?s={search_term_string}\"},\"query-input\":{\"@type\":\"PropertyValueSpecification\",\"valueRequired\":true,\"valueName\":\"search_term_string\"}}],\"inLanguage\":\"fr-FR\"},{\"@type\":\"Organization\",\"@id\":\"https:\/\/www.ficoba.org\/es\/#organization\",\"name\":\"Ficoba, Reciento Ferial de Gipuzkoa\",\"url\":\"https:\/\/www.ficoba.org\/es\/\",\"logo\":{\"@type\":\"ImageObject\",\"inLanguage\":\"fr-FR\",\"@id\":\"https:\/\/www.ficoba.org\/es\/#\/schema\/logo\/image\/\",\"url\":\"https:\/\/www.ficoba.org\/wp-content\/uploads\/2018\/11\/logo_ficoba.png\",\"contentUrl\":\"https:\/\/www.ficoba.org\/wp-content\/uploads\/2018\/11\/logo_ficoba.png\",\"width\":200,\"height\":124,\"caption\":\"Ficoba, Reciento Ferial de Gipuzkoa\"},\"image\":{\"@id\":\"https:\/\/www.ficoba.org\/es\/#\/schema\/logo\/image\/\"},\"sameAs\":[\"https:\/\/www.facebook.com\/FICOBAFUNDAZIOA\/\",\"https:\/\/x.com\/FicobaFundazioa\",\"https:\/\/www.youtube.com\/channel\/UCvo2JGluemyCf5KPRmEF9JQ\",\"https:\/\/www.linkedin.com\/company\/ficoba\/\",\"https:\/\/www.instagram.com\/ficobafundazioa\/\"]},{\"@type\":\"Person\",\"@id\":\"https:\/\/www.ficoba.org\/es\/#\/schema\/person\/8a96a121e5dbd393e6e6b5a7ee7ed407\",\"name\":\"ficoba\",\"image\":{\"@type\":\"ImageObject\",\"inLanguage\":\"fr-FR\",\"@id\":\"https:\/\/www.ficoba.org\/es\/#\/schema\/person\/image\/\",\"url\":\"https:\/\/secure.gravatar.com\/avatar\/c90cc0e07f75fecbe4165c1906a4cd61b0179a28caae2205d37516e4fb7c30c1?s=96&d=mm&r=g\",\"contentUrl\":\"https:\/\/secure.gravatar.com\/avatar\/c90cc0e07f75fecbe4165c1906a4cd61b0179a28caae2205d37516e4fb7c30c1?s=96&d=mm&r=g\",\"caption\":\"ficoba\"}}]}<\/script>\n<!-- \/ Yoast SEO plugin. -->","yoast_head_json":{"title":"Cinqui\u00e8me \u00e9dition de Be Veggie, du 8 au 10 d\u00e9cembre \u00e0 Ficoba - Ficoba","robots":{"index":"index","follow":"follow","max-snippet":"max-snippet:-1","max-image-preview":"max-image-preview:large","max-video-preview":"max-video-preview:-1"},"canonical":"https:\/\/www.ficoba.org\/fr\/cinquieme-edition-de-be-veggie-du-8-au-10-decembre-a-ficoba\/","twitter_misc":{"\u00c9crit par":"ficoba","Dur\u00e9e de lecture estim\u00e9e":"2 minutes"},"schema":{"@context":"https:\/\/schema.org","@graph":[{"@type":"Article","@id":"https:\/\/www.ficoba.org\/fr\/cinquieme-edition-de-be-veggie-du-8-au-10-decembre-a-ficoba\/#article","isPartOf":{"@id":"https:\/\/www.ficoba.org\/fr\/cinquieme-edition-de-be-veggie-du-8-au-10-decembre-a-ficoba\/"},"author":{"name":"ficoba","@id":"https:\/\/www.ficoba.org\/es\/#\/schema\/person\/8a96a121e5dbd393e6e6b5a7ee7ed407"},"headline":"Cinqui\u00e8me \u00e9dition de Be Veggie, du 8 au 10 d\u00e9cembre \u00e0 Ficoba","datePublished":"2023-07-26T10:41:35+00:00","mainEntityOfPage":{"@id":"https:\/\/www.ficoba.org\/fr\/cinquieme-edition-de-be-veggie-du-8-au-10-decembre-a-ficoba\/"},"wordCount":507,"publisher":{"@id":"https:\/\/www.ficoba.org\/es\/#organization"},"image":{"@id":"https:\/\/www.ficoba.org\/fr\/cinquieme-edition-de-be-veggie-du-8-au-10-decembre-a-ficoba\/#primaryimage"},"thumbnailUrl":"https:\/\/www.ficoba.org\/wp-content\/uploads\/2023\/07\/logo-beveggie-vertical-RGB.png","articleSection":["\u00c9v\u00e9nements et salons"],"inLanguage":"fr-FR"},{"@type":"WebPage","@id":"https:\/\/www.ficoba.org\/fr\/cinquieme-edition-de-be-veggie-du-8-au-10-decembre-a-ficoba\/","url":"https:\/\/www.ficoba.org\/fr\/cinquieme-edition-de-be-veggie-du-8-au-10-decembre-a-ficoba\/","name":"Cinqui\u00e8me \u00e9dition de Be Veggie, du 8 au 10 d\u00e9cembre \u00e0 Ficoba - Ficoba","isPartOf":{"@id":"https:\/\/www.ficoba.org\/es\/#website"},"primaryImageOfPage":{"@id":"https:\/\/www.ficoba.org\/fr\/cinquieme-edition-de-be-veggie-du-8-au-10-decembre-a-ficoba\/#primaryimage"},"image":{"@id":"https:\/\/www.ficoba.org\/fr\/cinquieme-edition-de-be-veggie-du-8-au-10-decembre-a-ficoba\/#primaryimage"},"thumbnailUrl":"https:\/\/www.ficoba.org\/wp-content\/uploads\/2023\/07\/logo-beveggie-vertical-RGB.png","datePublished":"2023-07-26T10:41:35+00:00","breadcrumb":{"@id":"https:\/\/www.ficoba.org\/fr\/cinquieme-edition-de-be-veggie-du-8-au-10-decembre-a-ficoba\/#breadcrumb"},"inLanguage":"fr-FR","potentialAction":[{"@type":"ReadAction","target":["https:\/\/www.ficoba.org\/fr\/cinquieme-edition-de-be-veggie-du-8-au-10-decembre-a-ficoba\/"]}]},{"@type":"ImageObject","inLanguage":"fr-FR","@id":"https:\/\/www.ficoba.org\/fr\/cinquieme-edition-de-be-veggie-du-8-au-10-decembre-a-ficoba\/#primaryimage","url":"https:\/\/www.ficoba.org\/wp-content\/uploads\/2023\/07\/logo-beveggie-vertical-RGB.png","contentUrl":"https:\/\/www.ficoba.org\/wp-content\/uploads\/2023\/07\/logo-beveggie-vertical-RGB.png","width":359,"height":451},{"@type":"BreadcrumbList","@id":"https:\/\/www.ficoba.org\/fr\/cinquieme-edition-de-be-veggie-du-8-au-10-decembre-a-ficoba\/#breadcrumb","itemListElement":[{"@type":"ListItem","position":1,"name":"Portada","item":"https:\/\/www.ficoba.org\/fr\/"},{"@type":"ListItem","position":2,"name":"Cinqui\u00e8me \u00e9dition de Be Veggie, du 8 au 10 d\u00e9cembre \u00e0 Ficoba"}]},{"@type":"WebSite","@id":"https:\/\/www.ficoba.org\/es\/#website","url":"https:\/\/www.ficoba.org\/es\/","name":"Ficoba, Recinto Ferial de Gipuzkoa","description":"Ficoba, l\u2019art de cr\u00e9er des opportunit\u00e9s","publisher":{"@id":"https:\/\/www.ficoba.org\/es\/#organization"},"alternateName":"Ficoba","potentialAction":[{"@type":"SearchAction","target":{"@type":"EntryPoint","urlTemplate":"https:\/\/www.ficoba.org\/es\/?s={search_term_string}"},"query-input":{"@type":"PropertyValueSpecification","valueRequired":true,"valueName":"search_term_string"}}],"inLanguage":"fr-FR"},{"@type":"Organization","@id":"https:\/\/www.ficoba.org\/es\/#organization","name":"Ficoba, Reciento Ferial de Gipuzkoa","url":"https:\/\/www.ficoba.org\/es\/","logo":{"@type":"ImageObject","inLanguage":"fr-FR","@id":"https:\/\/www.ficoba.org\/es\/#\/schema\/logo\/image\/","url":"https:\/\/www.ficoba.org\/wp-content\/uploads\/2018\/11\/logo_ficoba.png","contentUrl":"https:\/\/www.ficoba.org\/wp-content\/uploads\/2018\/11\/logo_ficoba.png","width":200,"height":124,"caption":"Ficoba, Reciento Ferial de Gipuzkoa"},"image":{"@id":"https:\/\/www.ficoba.org\/es\/#\/schema\/logo\/image\/"},"sameAs":["https:\/\/www.facebook.com\/FICOBAFUNDAZIOA\/","https:\/\/x.com\/FicobaFundazioa","https:\/\/www.youtube.com\/channel\/UCvo2JGluemyCf5KPRmEF9JQ","https:\/\/www.linkedin.com\/company\/ficoba\/","https:\/\/www.instagram.com\/ficobafundazioa\/"]},{"@type":"Person","@id":"https:\/\/www.ficoba.org\/es\/#\/schema\/person\/8a96a121e5dbd393e6e6b5a7ee7ed407","name":"ficoba","image":{"@type":"ImageObject","inLanguage":"fr-FR","@id":"https:\/\/www.ficoba.org\/es\/#\/schema\/person\/image\/","url":"https:\/\/secure.gravatar.com\/avatar\/c90cc0e07f75fecbe4165c1906a4cd61b0179a28caae2205d37516e4fb7c30c1?s=96&d=mm&r=g","contentUrl":"https:\/\/secure.gravatar.com\/avatar\/c90cc0e07f75fecbe4165c1906a4cd61b0179a28caae2205d37516e4fb7c30c1?s=96&d=mm&r=g","caption":"ficoba"}}]}},"_links":{"self":[{"href":"https:\/\/www.ficoba.org\/fr\/wp-json\/wp\/v2\/posts\/17347","targetHints":{"allow":["GET"]}}],"collection":[{"href":"https:\/\/www.ficoba.org\/fr\/wp-json\/wp\/v2\/posts"}],"about":[{"href":"https:\/\/www.ficoba.org\/fr\/wp-json\/wp\/v2\/types\/post"}],"author":[{"embeddable":true,"href":"https:\/\/www.ficoba.org\/fr\/wp-json\/wp\/v2\/users\/2"}],"replies":[{"embeddable":true,"href":"https:\/\/www.ficoba.org\/fr\/wp-json\/wp\/v2\/comments?post=17347"}],"version-history":[{"count":1,"href":"https:\/\/www.ficoba.org\/fr\/wp-json\/wp\/v2\/posts\/17347\/revisions"}],"predecessor-version":[{"id":17348,"href":"https:\/\/www.ficoba.org\/fr\/wp-json\/wp\/v2\/posts\/17347\/revisions\/17348"}],"wp:featuredmedia":[{"embeddable":true,"href":"https:\/\/www.ficoba.org\/fr\/wp-json\/wp\/v2\/media\/17343"}],"wp:attachment":[{"href":"https:\/\/www.ficoba.org\/fr\/wp-json\/wp\/v2\/media?parent=17347"}],"wp:term":[{"taxonomy":"category","embeddable":true,"href":"https:\/\/www.ficoba.org\/fr\/wp-json\/wp\/v2\/categories?post=17347"},{"taxonomy":"post_tag","embeddable":true,"href":"https:\/\/www.ficoba.org\/fr\/wp-json\/wp\/v2\/tags?post=17347"}],"curies":[{"name":"wp","href":"https:\/\/api.w.org\/{rel}","templated":true}]}}