{"id":17201,"date":"2023-06-05T12:23:15","date_gmt":"2023-06-05T10:23:15","guid":{"rendered":"https:\/\/www.ficoba.org\/?p=17201"},"modified":"2023-06-05T12:23:15","modified_gmt":"2023-06-05T10:23:15","slug":"bioterra-cloture-sa-20e-edition-avec-une-augmentation-de-6-du-nombre-de-visiteurs","status":"publish","type":"post","link":"https:\/\/www.ficoba.org\/fr\/bioterra-cloture-sa-20e-edition-avec-une-augmentation-de-6-du-nombre-de-visiteurs\/","title":{"rendered":"Bioterra cl\u00f4ture sa 20e \u00e9dition avec une augmentation de 6 % du nombre de visiteurs"},"content":{"rendered":"<ul>\n<li><strong>Plus de 10 000 personnes ont visit\u00e9 Bioterra et plus de 2 000 ont particip\u00e9 au programme d&rsquo;activit\u00e9s parall\u00e8les<\/strong><\/li>\n<\/ul>\n<p><strong>\u00a0<\/strong>Le public du Gipuzkoa et des territoires voisins n&rsquo;a pas voulu manquer les propositions des 121 entreprises exposantes participant \u00e0 la 20e \u00e9dition de Bioterra ni le programme complet d&rsquo;activit\u00e9s pr\u00e9par\u00e9 pour c\u00e9l\u00e9brer l&rsquo;\u00e9v\u00e9nement.<\/p>\n<p>Plus de 10.000 personnes ont visit\u00e9 Ficoba ce week-end. Le dimanche a \u00e9t\u00e9 le jour le plus fr\u00e9quent\u00e9, avec plus de 4.100 visiteurs, principalement originaires du Gipuzkoa (82%). Il convient \u00e9galement de souligner que pr\u00e8s de 7 % des visiteurs sont venus d&rsquo;Iparralde et 5 % de Navarre.<\/p>\n<p>En ce qui concerne l&rsquo;origine des visiteurs du Gipuzkoa, la plus grande participation correspond \u00e0 la r\u00e9gion de la Bidassoa (46,45%), suivie de la Donostialdea (27,58%), de l&rsquo;Oarsoaldea (11,54%), du Goierri-Tolosaldea (6,64%) et de la Debagoiena-Debabehea et de l&rsquo;Urola Kosta (7,79%).<\/p>\n<p>Le nombre de visiteurs a laiss\u00e9 un bon go\u00fbt dans la bouche des entreprises exposantes, qui ont attribu\u00e9 une note \u00e9lev\u00e9e \u00e0 cette nouvelle \u00e9dition du Salon basque de produits biologiques, \u00e9coconstruction, \u00e9nergies renouvelables et consommation responsable. Dans les enqu\u00eates men\u00e9es aupr\u00e8s des entreprises exposantes, 83 % d&rsquo;entre elles ont d\u00e9clar\u00e9 avoir l&rsquo;intention de revenir lors de la prochaine \u00e9dition.<\/p>\n<p>Les visiteurs ont \u00e9galement exprim\u00e9 leur satisfaction quant aux propositions des exposants et aux activit\u00e9s. En effet, l&rsquo;ambiance a \u00e9t\u00e9 excellente sur les stands tout au long du week-end, tout comme les conf\u00e9rences, les ateliers, les showcookings, la journ\u00e9e du yoga qui, cette ann\u00e9e encore, a fait salle comble et, bien s\u00fbr, les food trucks de la Bioterraza.<\/p>\n<p>Bioterra 2023 a \u00e9t\u00e9 une \u00e9dition compl\u00e8te\u00a0\u00bb, a d\u00e9clar\u00e9 Maialen Gazta\u00f1aga, directrice du salon. \u00ab\u00a0Gr\u00e2ce \u00e0 toutes les personnes qui nous ont rendu visite, Bioterra a connu une excellente ambiance tout au long du week-end. L&rsquo;espace d&rsquo;exposition a \u00e9t\u00e9 tr\u00e8s fr\u00e9quent\u00e9. Il en a \u00e9t\u00e9 de m\u00eame pour les dizaines d&rsquo;activit\u00e9s qui se sont d\u00e9roul\u00e9es \u00e0 Bioterra. Les conf\u00e9rences, les ateliers, la journ\u00e9e du yoga, la bioterraza&#8230; Dans tous les coins, il r\u00e9gnait une atmosph\u00e8re exceptionnelle. Ce fut une excellente fa\u00e7on de c\u00e9l\u00e9brer le vingti\u00e8me anniversaire de Bioterra\u00a0\u00bb.<\/p>\n<p><a href=\"http:\/\/bioterra.ficoba.org\">http:\/\/bioterra.ficoba.org<\/a><\/p>\n<p>&nbsp;<\/p>\n<p><strong>\u00a0<\/strong><\/p>\n","protected":false},"excerpt":{"rendered":"<p>Plus de 10 000 personnes ont visit\u00e9 Bioterra et plus de 2 000 ont particip\u00e9 au programme d&rsquo;activit\u00e9s parall\u00e8les \u00a0Le public du Gipuzkoa et des territoires voisins n&rsquo;a pas voulu [&hellip;]<\/p>\n","protected":false},"author":2,"featured_media":17197,"comment_status":"closed","ping_status":"closed","sticky":false,"template":"","format":"standard","meta":{"_et_pb_use_builder":"","_et_pb_old_content":"","_et_gb_content_width":"","footnotes":""},"categories":[19],"tags":[],"class_list":["post-17201","post","type-post","status-publish","format-standard","has-post-thumbnail","hentry","category-evenements-et-salons"],"yoast_head":"<!-- This site is optimized with the Yoast SEO plugin v26.8 - https:\/\/yoast.com\/product\/yoast-seo-wordpress\/ -->\n<title>Bioterra cl\u00f4ture sa 20e \u00e9dition avec une augmentation de 6 % du nombre de visiteurs - Ficoba<\/title>\n<meta name=\"robots\" content=\"index, follow, max-snippet:-1, max-image-preview:large, max-video-preview:-1\" \/>\n<link rel=\"canonical\" href=\"https:\/\/www.ficoba.org\/fr\/bioterra-cloture-sa-20e-edition-avec-une-augmentation-de-6-du-nombre-de-visiteurs\/\" \/>\n<meta name=\"twitter:label1\" content=\"\u00c9crit par\" \/>\n\t<meta name=\"twitter:data1\" content=\"ficoba\" \/>\n\t<meta name=\"twitter:label2\" content=\"Dur\u00e9e de lecture estim\u00e9e\" \/>\n\t<meta name=\"twitter:data2\" content=\"2 minutes\" \/>\n<script type=\"application\/ld+json\" class=\"yoast-schema-graph\">{\"@context\":\"https:\/\/schema.org\",\"@graph\":[{\"@type\":\"Article\",\"@id\":\"https:\/\/www.ficoba.org\/fr\/bioterra-cloture-sa-20e-edition-avec-une-augmentation-de-6-du-nombre-de-visiteurs\/#article\",\"isPartOf\":{\"@id\":\"https:\/\/www.ficoba.org\/fr\/bioterra-cloture-sa-20e-edition-avec-une-augmentation-de-6-du-nombre-de-visiteurs\/\"},\"author\":{\"name\":\"ficoba\",\"@id\":\"https:\/\/www.ficoba.org\/es\/#\/schema\/person\/8a96a121e5dbd393e6e6b5a7ee7ed407\"},\"headline\":\"Bioterra cl\u00f4ture sa 20e \u00e9dition avec une augmentation de 6 % du nombre de visiteurs\",\"datePublished\":\"2023-06-05T10:23:15+00:00\",\"mainEntityOfPage\":{\"@id\":\"https:\/\/www.ficoba.org\/fr\/bioterra-cloture-sa-20e-edition-avec-une-augmentation-de-6-du-nombre-de-visiteurs\/\"},\"wordCount\":395,\"publisher\":{\"@id\":\"https:\/\/www.ficoba.org\/es\/#organization\"},\"image\":{\"@id\":\"https:\/\/www.ficoba.org\/fr\/bioterra-cloture-sa-20e-edition-avec-une-augmentation-de-6-du-nombre-de-visiteurs\/#primaryimage\"},\"thumbnailUrl\":\"https:\/\/www.ficoba.org\/wp-content\/uploads\/2023\/06\/230603-172-M.jpg\",\"articleSection\":[\"\u00c9v\u00e9nements et salons\"],\"inLanguage\":\"fr-FR\"},{\"@type\":\"WebPage\",\"@id\":\"https:\/\/www.ficoba.org\/fr\/bioterra-cloture-sa-20e-edition-avec-une-augmentation-de-6-du-nombre-de-visiteurs\/\",\"url\":\"https:\/\/www.ficoba.org\/fr\/bioterra-cloture-sa-20e-edition-avec-une-augmentation-de-6-du-nombre-de-visiteurs\/\",\"name\":\"Bioterra cl\u00f4ture sa 20e \u00e9dition avec une augmentation de 6 % du nombre de visiteurs - Ficoba\",\"isPartOf\":{\"@id\":\"https:\/\/www.ficoba.org\/es\/#website\"},\"primaryImageOfPage\":{\"@id\":\"https:\/\/www.ficoba.org\/fr\/bioterra-cloture-sa-20e-edition-avec-une-augmentation-de-6-du-nombre-de-visiteurs\/#primaryimage\"},\"image\":{\"@id\":\"https:\/\/www.ficoba.org\/fr\/bioterra-cloture-sa-20e-edition-avec-une-augmentation-de-6-du-nombre-de-visiteurs\/#primaryimage\"},\"thumbnailUrl\":\"https:\/\/www.ficoba.org\/wp-content\/uploads\/2023\/06\/230603-172-M.jpg\",\"datePublished\":\"2023-06-05T10:23:15+00:00\",\"breadcrumb\":{\"@id\":\"https:\/\/www.ficoba.org\/fr\/bioterra-cloture-sa-20e-edition-avec-une-augmentation-de-6-du-nombre-de-visiteurs\/#breadcrumb\"},\"inLanguage\":\"fr-FR\",\"potentialAction\":[{\"@type\":\"ReadAction\",\"target\":[\"https:\/\/www.ficoba.org\/fr\/bioterra-cloture-sa-20e-edition-avec-une-augmentation-de-6-du-nombre-de-visiteurs\/\"]}]},{\"@type\":\"ImageObject\",\"inLanguage\":\"fr-FR\",\"@id\":\"https:\/\/www.ficoba.org\/fr\/bioterra-cloture-sa-20e-edition-avec-une-augmentation-de-6-du-nombre-de-visiteurs\/#primaryimage\",\"url\":\"https:\/\/www.ficoba.org\/wp-content\/uploads\/2023\/06\/230603-172-M.jpg\",\"contentUrl\":\"https:\/\/www.ficoba.org\/wp-content\/uploads\/2023\/06\/230603-172-M.jpg\",\"width\":1500,\"height\":1000},{\"@type\":\"BreadcrumbList\",\"@id\":\"https:\/\/www.ficoba.org\/fr\/bioterra-cloture-sa-20e-edition-avec-une-augmentation-de-6-du-nombre-de-visiteurs\/#breadcrumb\",\"itemListElement\":[{\"@type\":\"ListItem\",\"position\":1,\"name\":\"Portada\",\"item\":\"https:\/\/www.ficoba.org\/fr\/\"},{\"@type\":\"ListItem\",\"position\":2,\"name\":\"Bioterra cl\u00f4ture sa 20e \u00e9dition avec une augmentation de 6 % du nombre de visiteurs\"}]},{\"@type\":\"WebSite\",\"@id\":\"https:\/\/www.ficoba.org\/es\/#website\",\"url\":\"https:\/\/www.ficoba.org\/es\/\",\"name\":\"Ficoba, Recinto Ferial de Gipuzkoa\",\"description\":\"Ficoba, l\u2019art de cr\u00e9er des opportunit\u00e9s\",\"publisher\":{\"@id\":\"https:\/\/www.ficoba.org\/es\/#organization\"},\"alternateName\":\"Ficoba\",\"potentialAction\":[{\"@type\":\"SearchAction\",\"target\":{\"@type\":\"EntryPoint\",\"urlTemplate\":\"https:\/\/www.ficoba.org\/es\/?s={search_term_string}\"},\"query-input\":{\"@type\":\"PropertyValueSpecification\",\"valueRequired\":true,\"valueName\":\"search_term_string\"}}],\"inLanguage\":\"fr-FR\"},{\"@type\":\"Organization\",\"@id\":\"https:\/\/www.ficoba.org\/es\/#organization\",\"name\":\"Ficoba, Reciento Ferial de Gipuzkoa\",\"url\":\"https:\/\/www.ficoba.org\/es\/\",\"logo\":{\"@type\":\"ImageObject\",\"inLanguage\":\"fr-FR\",\"@id\":\"https:\/\/www.ficoba.org\/es\/#\/schema\/logo\/image\/\",\"url\":\"https:\/\/www.ficoba.org\/wp-content\/uploads\/2018\/11\/logo_ficoba.png\",\"contentUrl\":\"https:\/\/www.ficoba.org\/wp-content\/uploads\/2018\/11\/logo_ficoba.png\",\"width\":200,\"height\":124,\"caption\":\"Ficoba, Reciento Ferial de Gipuzkoa\"},\"image\":{\"@id\":\"https:\/\/www.ficoba.org\/es\/#\/schema\/logo\/image\/\"},\"sameAs\":[\"https:\/\/www.facebook.com\/FICOBAFUNDAZIOA\/\",\"https:\/\/x.com\/FicobaFundazioa\",\"https:\/\/www.youtube.com\/channel\/UCvo2JGluemyCf5KPRmEF9JQ\",\"https:\/\/www.linkedin.com\/company\/ficoba\/\",\"https:\/\/www.instagram.com\/ficobafundazioa\/\"]},{\"@type\":\"Person\",\"@id\":\"https:\/\/www.ficoba.org\/es\/#\/schema\/person\/8a96a121e5dbd393e6e6b5a7ee7ed407\",\"name\":\"ficoba\",\"image\":{\"@type\":\"ImageObject\",\"inLanguage\":\"fr-FR\",\"@id\":\"https:\/\/www.ficoba.org\/es\/#\/schema\/person\/image\/\",\"url\":\"https:\/\/secure.gravatar.com\/avatar\/c90cc0e07f75fecbe4165c1906a4cd61b0179a28caae2205d37516e4fb7c30c1?s=96&d=mm&r=g\",\"contentUrl\":\"https:\/\/secure.gravatar.com\/avatar\/c90cc0e07f75fecbe4165c1906a4cd61b0179a28caae2205d37516e4fb7c30c1?s=96&d=mm&r=g\",\"caption\":\"ficoba\"}}]}<\/script>\n<!-- \/ Yoast SEO plugin. -->","yoast_head_json":{"title":"Bioterra cl\u00f4ture sa 20e \u00e9dition avec une augmentation de 6 % du nombre de visiteurs - Ficoba","robots":{"index":"index","follow":"follow","max-snippet":"max-snippet:-1","max-image-preview":"max-image-preview:large","max-video-preview":"max-video-preview:-1"},"canonical":"https:\/\/www.ficoba.org\/fr\/bioterra-cloture-sa-20e-edition-avec-une-augmentation-de-6-du-nombre-de-visiteurs\/","twitter_misc":{"\u00c9crit par":"ficoba","Dur\u00e9e de lecture estim\u00e9e":"2 minutes"},"schema":{"@context":"https:\/\/schema.org","@graph":[{"@type":"Article","@id":"https:\/\/www.ficoba.org\/fr\/bioterra-cloture-sa-20e-edition-avec-une-augmentation-de-6-du-nombre-de-visiteurs\/#article","isPartOf":{"@id":"https:\/\/www.ficoba.org\/fr\/bioterra-cloture-sa-20e-edition-avec-une-augmentation-de-6-du-nombre-de-visiteurs\/"},"author":{"name":"ficoba","@id":"https:\/\/www.ficoba.org\/es\/#\/schema\/person\/8a96a121e5dbd393e6e6b5a7ee7ed407"},"headline":"Bioterra cl\u00f4ture sa 20e \u00e9dition avec une augmentation de 6 % du nombre de visiteurs","datePublished":"2023-06-05T10:23:15+00:00","mainEntityOfPage":{"@id":"https:\/\/www.ficoba.org\/fr\/bioterra-cloture-sa-20e-edition-avec-une-augmentation-de-6-du-nombre-de-visiteurs\/"},"wordCount":395,"publisher":{"@id":"https:\/\/www.ficoba.org\/es\/#organization"},"image":{"@id":"https:\/\/www.ficoba.org\/fr\/bioterra-cloture-sa-20e-edition-avec-une-augmentation-de-6-du-nombre-de-visiteurs\/#primaryimage"},"thumbnailUrl":"https:\/\/www.ficoba.org\/wp-content\/uploads\/2023\/06\/230603-172-M.jpg","articleSection":["\u00c9v\u00e9nements et salons"],"inLanguage":"fr-FR"},{"@type":"WebPage","@id":"https:\/\/www.ficoba.org\/fr\/bioterra-cloture-sa-20e-edition-avec-une-augmentation-de-6-du-nombre-de-visiteurs\/","url":"https:\/\/www.ficoba.org\/fr\/bioterra-cloture-sa-20e-edition-avec-une-augmentation-de-6-du-nombre-de-visiteurs\/","name":"Bioterra cl\u00f4ture sa 20e \u00e9dition avec une augmentation de 6 % du nombre de visiteurs - Ficoba","isPartOf":{"@id":"https:\/\/www.ficoba.org\/es\/#website"},"primaryImageOfPage":{"@id":"https:\/\/www.ficoba.org\/fr\/bioterra-cloture-sa-20e-edition-avec-une-augmentation-de-6-du-nombre-de-visiteurs\/#primaryimage"},"image":{"@id":"https:\/\/www.ficoba.org\/fr\/bioterra-cloture-sa-20e-edition-avec-une-augmentation-de-6-du-nombre-de-visiteurs\/#primaryimage"},"thumbnailUrl":"https:\/\/www.ficoba.org\/wp-content\/uploads\/2023\/06\/230603-172-M.jpg","datePublished":"2023-06-05T10:23:15+00:00","breadcrumb":{"@id":"https:\/\/www.ficoba.org\/fr\/bioterra-cloture-sa-20e-edition-avec-une-augmentation-de-6-du-nombre-de-visiteurs\/#breadcrumb"},"inLanguage":"fr-FR","potentialAction":[{"@type":"ReadAction","target":["https:\/\/www.ficoba.org\/fr\/bioterra-cloture-sa-20e-edition-avec-une-augmentation-de-6-du-nombre-de-visiteurs\/"]}]},{"@type":"ImageObject","inLanguage":"fr-FR","@id":"https:\/\/www.ficoba.org\/fr\/bioterra-cloture-sa-20e-edition-avec-une-augmentation-de-6-du-nombre-de-visiteurs\/#primaryimage","url":"https:\/\/www.ficoba.org\/wp-content\/uploads\/2023\/06\/230603-172-M.jpg","contentUrl":"https:\/\/www.ficoba.org\/wp-content\/uploads\/2023\/06\/230603-172-M.jpg","width":1500,"height":1000},{"@type":"BreadcrumbList","@id":"https:\/\/www.ficoba.org\/fr\/bioterra-cloture-sa-20e-edition-avec-une-augmentation-de-6-du-nombre-de-visiteurs\/#breadcrumb","itemListElement":[{"@type":"ListItem","position":1,"name":"Portada","item":"https:\/\/www.ficoba.org\/fr\/"},{"@type":"ListItem","position":2,"name":"Bioterra cl\u00f4ture sa 20e \u00e9dition avec une augmentation de 6 % du nombre de visiteurs"}]},{"@type":"WebSite","@id":"https:\/\/www.ficoba.org\/es\/#website","url":"https:\/\/www.ficoba.org\/es\/","name":"Ficoba, Recinto Ferial de Gipuzkoa","description":"Ficoba, l\u2019art de cr\u00e9er des opportunit\u00e9s","publisher":{"@id":"https:\/\/www.ficoba.org\/es\/#organization"},"alternateName":"Ficoba","potentialAction":[{"@type":"SearchAction","target":{"@type":"EntryPoint","urlTemplate":"https:\/\/www.ficoba.org\/es\/?s={search_term_string}"},"query-input":{"@type":"PropertyValueSpecification","valueRequired":true,"valueName":"search_term_string"}}],"inLanguage":"fr-FR"},{"@type":"Organization","@id":"https:\/\/www.ficoba.org\/es\/#organization","name":"Ficoba, Reciento Ferial de Gipuzkoa","url":"https:\/\/www.ficoba.org\/es\/","logo":{"@type":"ImageObject","inLanguage":"fr-FR","@id":"https:\/\/www.ficoba.org\/es\/#\/schema\/logo\/image\/","url":"https:\/\/www.ficoba.org\/wp-content\/uploads\/2018\/11\/logo_ficoba.png","contentUrl":"https:\/\/www.ficoba.org\/wp-content\/uploads\/2018\/11\/logo_ficoba.png","width":200,"height":124,"caption":"Ficoba, Reciento Ferial de Gipuzkoa"},"image":{"@id":"https:\/\/www.ficoba.org\/es\/#\/schema\/logo\/image\/"},"sameAs":["https:\/\/www.facebook.com\/FICOBAFUNDAZIOA\/","https:\/\/x.com\/FicobaFundazioa","https:\/\/www.youtube.com\/channel\/UCvo2JGluemyCf5KPRmEF9JQ","https:\/\/www.linkedin.com\/company\/ficoba\/","https:\/\/www.instagram.com\/ficobafundazioa\/"]},{"@type":"Person","@id":"https:\/\/www.ficoba.org\/es\/#\/schema\/person\/8a96a121e5dbd393e6e6b5a7ee7ed407","name":"ficoba","image":{"@type":"ImageObject","inLanguage":"fr-FR","@id":"https:\/\/www.ficoba.org\/es\/#\/schema\/person\/image\/","url":"https:\/\/secure.gravatar.com\/avatar\/c90cc0e07f75fecbe4165c1906a4cd61b0179a28caae2205d37516e4fb7c30c1?s=96&d=mm&r=g","contentUrl":"https:\/\/secure.gravatar.com\/avatar\/c90cc0e07f75fecbe4165c1906a4cd61b0179a28caae2205d37516e4fb7c30c1?s=96&d=mm&r=g","caption":"ficoba"}}]}},"_links":{"self":[{"href":"https:\/\/www.ficoba.org\/fr\/wp-json\/wp\/v2\/posts\/17201","targetHints":{"allow":["GET"]}}],"collection":[{"href":"https:\/\/www.ficoba.org\/fr\/wp-json\/wp\/v2\/posts"}],"about":[{"href":"https:\/\/www.ficoba.org\/fr\/wp-json\/wp\/v2\/types\/post"}],"author":[{"embeddable":true,"href":"https:\/\/www.ficoba.org\/fr\/wp-json\/wp\/v2\/users\/2"}],"replies":[{"embeddable":true,"href":"https:\/\/www.ficoba.org\/fr\/wp-json\/wp\/v2\/comments?post=17201"}],"version-history":[{"count":1,"href":"https:\/\/www.ficoba.org\/fr\/wp-json\/wp\/v2\/posts\/17201\/revisions"}],"predecessor-version":[{"id":17202,"href":"https:\/\/www.ficoba.org\/fr\/wp-json\/wp\/v2\/posts\/17201\/revisions\/17202"}],"wp:featuredmedia":[{"embeddable":true,"href":"https:\/\/www.ficoba.org\/fr\/wp-json\/wp\/v2\/media\/17197"}],"wp:attachment":[{"href":"https:\/\/www.ficoba.org\/fr\/wp-json\/wp\/v2\/media?parent=17201"}],"wp:term":[{"taxonomy":"category","embeddable":true,"href":"https:\/\/www.ficoba.org\/fr\/wp-json\/wp\/v2\/categories?post=17201"},{"taxonomy":"post_tag","embeddable":true,"href":"https:\/\/www.ficoba.org\/fr\/wp-json\/wp\/v2\/tags?post=17201"}],"curies":[{"name":"wp","href":"https:\/\/api.w.org\/{rel}","templated":true}]}}