{"id":17140,"date":"2023-05-31T14:08:15","date_gmt":"2023-05-31T12:08:15","guid":{"rendered":"https:\/\/www.ficoba.org\/?p=17140"},"modified":"2023-05-31T14:51:04","modified_gmt":"2023-05-31T12:51:04","slug":"bioterra-fete-sa-20e-edition-121-entreprises-exposantes-se-reunissent-au-salon-ecologique-deuskadi","status":"publish","type":"post","link":"https:\/\/www.ficoba.org\/fr\/bioterra-fete-sa-20e-edition-121-entreprises-exposantes-se-reunissent-au-salon-ecologique-deuskadi\/","title":{"rendered":"Bioterra f\u00eate sa 20e \u00e9dition : 121 entreprises exposantes se r\u00e9unissent au salon \u00e9cologique d\u2019Euskadi"},"content":{"rendered":"<ul>\n<li><strong>D\u00e9couvrez d\u2019importants conf\u00e9renciers comme Fernando Valladares, Karmelo Bizkarra, Carlos Taibo ou Climabar au programme de conf\u00e9rences de Bioterra 2023<\/strong><\/li>\n<li><strong>Plongez dans le monde de la cosm\u00e9tique \u00e9cologique et de l\u2019\u00e9conomie circulaire dans l\u2019espace Biobeauty-Zero Zabor<\/strong><\/li>\n<li><strong>Cuisinez sainement et en vous amusant dans l\u2019espace Sukaldean, et profitez du Yoga Day, d\u2019ateliers, de musique en live et de tirages au sort<\/strong><\/li>\n<li><strong>Explorez la bioconstruction avec Ekaikiz Gunea et d\u00e9couvrez les cl\u00e9s pour un foyer durable<\/strong><\/li>\n<li><strong>Des activit\u00e9s illimit\u00e9es pour les plus petits\u00a0: Venez en famille et profitez du man\u00e8ge aux si\u00e8ges volants\u00a0!<\/strong><\/li>\n<li><strong>Plus de 4 000 personnes ont d\u00e9j\u00e0 t\u00e9l\u00e9charg\u00e9 leur entr\u00e9e gratuite ! Rejoignez la communaut\u00e9 \u00e9cologique sur <\/strong><a href=\"http:\/\/www.bioterra.org\"><strong>www.bioterra.org<\/strong><\/a><strong> et profitez du 2 au 4\u00a0juin de Bioterra<\/strong><\/li>\n<\/ul>\n<p><em>(Irun, le 31\u00a0mai\u00a02023).<\/em> Cette ann\u00e9e est sp\u00e9ciale pour Bioterra car le salon c\u00e9l\u00e8bre sa vingti\u00e8me \u00e9dition. Bioterra n\u2019a jamais manqu\u00e9 son rendez-vous depuis 2003. Il a \u00e9t\u00e9 organis\u00e9 en continu, m\u00eame lors d\u2019une ann\u00e9e marqu\u00e9e par la pand\u00e9mie comme 2020. Le Salon a eu lieu ann\u00e9e apr\u00e8s ann\u00e9e depuis le lancement de Ficoba, m\u00eame en 2020, et 2\u00a0200\u00a0entreprises exposantes et pr\u00e8s de 190\u00a0000\u00a0personnes y ont particip\u00e9.<\/p>\n<p>Bioterra a grandi avec le secteur. \u00c0 la premi\u00e8re \u00e9dition, les entreprises exposantes \u00e9taient r\u00e9unies dans un seul et m\u00eame pavillon. Aujourd\u2019hui, Bioterra est dans tous les recoins de Ficoba.<\/p>\n<p>Bioterra a \u00e9galement \u00e9volu\u00e9 avec le secteur. Nous avons commenc\u00e9 \u00e0 parler de changement climatique, un concept qui a \u00e9volu\u00e9 maintenant, \u00e0 force de r\u00e9alisme, vers l\u2019urgence climatique. D\u2019autres th\u00e8mes se sont ajout\u00e9s naturellement \u00e0 la proposition d\u2019exposition et de sensibilisation de Bioterra, comme la permaculture, la maison saine et durable, la bioconstruction ou l\u2019alimentation saine.<\/p>\n<p>Durant ces 19\u00a0ans, Bioterra a atteint ses objectifs et est devenu le salon \u00e9cologique de r\u00e9f\u00e9rence du nord de l\u2019\u00c9tat et du sud de la France. Bioterra est un rendez-vous incontournable et a cr\u00e9\u00e9 une communaut\u00e9 de personnes et d\u2019entreprises engag\u00e9es avec les produits et les services respectueux de l\u2019environnement, qui grandit de jour en jour. Cette r\u00e9alit\u00e9 cache plusieurs facteurs.<\/p>\n<p>Le public, compos\u00e9 de visiteurs et d\u2019entreprises exposantes, a, d\u00e8s ses d\u00e9buts, mis en valeur l\u2019identit\u00e9 \u00e9cologique de Bioterra, garantie par son Comit\u00e9 organisateur, qui se compose d\u2019associations et d\u2019op\u00e9rateurs sp\u00e9cialis\u00e9s dans le secteur depuis son lancement en 2004.<\/p>\n<p>Un autre des signes distinctifs qui a caract\u00e9ris\u00e9 Bioterra, et qui est \u00e0 la base de sa r\u00e9ussite, est la promotion de la culture de l\u2019\u00e9cologique \u00e0 travers des activit\u00e9s de sensibilisation. \u00c0 cet \u00e9gard, il convient de signaler \u00e9galement que Bioterra a \u00e9t\u00e9 pu apporter \u00e0 Ficoba des r\u00e9f\u00e9rences de la culture \u00e9cologique comme le Prix Nobel alternatif, Vandana Shiva, ou le Japonais Masaru Emoto, entre autres.<\/p>\n<p>Bioterra affronte maintenant ses 20\u00a0prochaines ann\u00e9es avec l\u2019attrait de l\u2019int\u00e9r\u00eat retrouv\u00e9 g\u00e9n\u00e9r\u00e9 par ces secteurs \u00e9mergents dans de plus grands groupes de la soci\u00e9t\u00e9.<\/p>\n<p><strong>Le soutien du secteur et des institutions<\/strong><\/p>\n<p>Depuis sa premi\u00e8re \u00e9dition en 2004, Bioterra a pu compter sur de solides soutiens, dont il b\u00e9n\u00e9ficie toujours aujourd\u2019hui. La composition du Comit\u00e9 organisateur illustre bien cela. Il comprend des repr\u00e9sentants des diff\u00e9rents secteurs qui ont entre leurs mains la possibilit\u00e9 de promouvoir un avenir durable\u00a0: Ekolurra (Conseil d\u2019Agriculture et d\u2019Alimentation biologique d\u2019Euskadi), BLE (Biharko Lurraren Elkartea), D\u00e9partement de l\u2019Environnement et des Travaux hydrauliques du Conseil R\u00e9gional de Guipuzcoa, Ordre officiel des Architectes du Pays basque et de Navarre, cabinet d\u2019architecture Arkmonia et Bilibin Circular, cabinet-conseil en \u00e9conomie circulaire.<\/p>\n<p>Un soutien qui se manifeste \u00e9galement \u00e0 travers le parrainage du salon par les institutions basques comme le Gouvernement basque, le Conseil R\u00e9gional de Guipuzcoa et la Mairie d\u2019Irun.<\/p>\n<p><strong>Carlos Taibo, Fernando Valladares, Climabar et Karmelo Bizkarra dans le panel de conf\u00e9renciers<\/strong><\/p>\n<p>La vingti\u00e8me \u00e9dition du salon \u00e9cologique aura lieu du 2 au 4\u00a0juin \u00e0 Ficoba et proposera, outre la participation de nombreuses entreprises exposantes, un large \u00e9ventail d\u2019activit\u00e9s et de conf\u00e9rences pour les visiteurs int\u00e9ress\u00e9s par la promotion de la durabilit\u00e9 de la plan\u00e8te.<\/p>\n<p>Le programme de conf\u00e9rences qui a \u00e9t\u00e9 con\u00e7u pour cette \u00e9dition r\u00e9unit de nombreux experts et divulgateurs. Le samedi\u00a03\u00a0juin, <strong>Carlos Taibo<\/strong>, professeur de Science politique \u00e0 l\u2019UAM, et auteur reconnu de livres sur la crise \u00e9cologique, la d\u00e9croissance et l\u2019effondrement, sera charg\u00e9 d\u2019inaugurer le programme de conf\u00e9rences. Carlos Taibo parlera de d\u00e9croissance et d\u2019effondrement, de la mani\u00e8re dont le changement climatique et l\u2019\u00e9puisement des mati\u00e8res premi\u00e8res \u00e9nerg\u00e9tiques nous placent dans un moment tr\u00e8s singulier, o\u00f9 le risque d\u2019un effondrement g\u00e9n\u00e9ral est \u00e9vident.<\/p>\n<p>Puis, <strong>Fernando Valladares<\/strong>, un habitu\u00e9 des m\u00e9dias, prendra la rel\u00e8ve. Docteur en biologie, chercheur du Conseil Sup\u00e9rieur de Recherches Scientifiques et professeur associ\u00e9 \u00e0 l\u2019Universit\u00e9 Rey Juan Carlos de Madrid. Un scientifique souvent cit\u00e9, \u00e0 l\u2019origine de nombreuses recherches sur le r\u00f4le de la biodiversit\u00e9 et les impacts du changement climatique et de l\u2019activit\u00e9 humaine sur les \u00e9cosyst\u00e8mes, qui axera son intervention sur le rapport entre environnement et sant\u00e9, \u00ab\u00a0qui nous rend malade et nous tue r\u00e9ellement\u2026\u00a0\u00bb.<\/p>\n<p>Derri\u00e8re <strong>Climabar<\/strong> se trouvent Bel\u00e9n Hinojar et Carmen Huidobro, \u00e0 l\u2019initiative de ce compte Instagram qui parvient \u00e0 expliquer simplement les questions climatiques. Leur objectif\u00a0: changer ce qui, d\u2019apr\u00e8s elles, est la pire campagne marketing de l\u2019histoire\u00a0: celle du changement climatique.<\/p>\n<p>Au programme de conf\u00e9rences\u00a02023 se sont \u00e9galement ajout\u00e9s des noms tels que <strong>Marta Marc\u00e9<\/strong>, nutritionniste, naturopathe et communicante, qui parlera de la m\u00e9nopause saine. Patricia Restrepo, \u00e9crivaine, nutritionniste et consultante macrobiotique qui met en garde contre la confusion autour des r\u00e9gimes alimentaires sains et affirme que \u00ab\u00a0Le sain n\u2019existe pas. Il existe une alimentation appropri\u00e9e selon nos caract\u00e9ristiques individuelles uniques qui nous permet de d\u00e9velopper le potentiel humain pour lequel nous avons \u00e9t\u00e9 cr\u00e9\u00e9s.\u00a0\u00bb<\/p>\n<p><strong>\u00a0<\/strong><strong>Mayi Lekuona<\/strong> axera son intervention sur la permaculture comme outil pour la transition \u00e9cologique, \u00e9galement en ville. Pour sa part, <strong>Ana Esteve<\/strong> parlera de la sant\u00e9 int\u00e9grative et du microbiote comme \u00e9l\u00e9ments essentiels pour votre bien-\u00eatre physique et mental.<\/p>\n<p>La personne en charge de la cl\u00f4ture du programme de conf\u00e9rences de la vingti\u00e8me \u00e9dition de Bioterra sera un habitu\u00e9 du rendez-vous\u00a0: <strong>Karmelo Bizkarra<\/strong>. Directeur m\u00e9dical du Centre de Sant\u00e9 Vitale Zuhaizpe, en Navarre, auteur de livres comme El arte de saber alimentarte et professeur universitaire de<\/p>\n<p>Medicina Naturista s\u2019adressera \u00e0 l\u2019Auditorium de Ficoba pour parler des bienfaits du je\u00fbne sur la sant\u00e9.<\/p>\n<p><strong>Eraikiz Gunea, la bioconstruction, une valeur en hausse<\/strong><\/p>\n<p>La transition vers un mod\u00e8le circulaire qui encourage la r\u00e9novation et l\u2019utilisation efficace des ressources, de l\u2019eau ou de l\u2019\u00e9nergie en passant par les b\u00e2timents existants, la d\u00e9carbonisation de la construction\u2026 Tous les secteurs d\u2019activit\u00e9 doivent participer pour contrer l\u2019urgence climatique. C\u2019est pourquoi Bioterra poss\u00e8de son propre programme de conf\u00e9rences autour de la bioconstruction.<\/p>\n<p>Cette ann\u00e9e seront abord\u00e9s, entre autres, des th\u00e8mes comme les communaut\u00e9s \u00e9nerg\u00e9tiques, les logements collectifs, la mani\u00e8re de cr\u00e9er des environnements int\u00e9rieurs sains, l\u2019analyse des effets du rayonnement des champs \u00e9lectromagn\u00e9tiques sur notre biologie et son lien avec la g\u00e9om\u00e9trie de la nature, et nous apprendrons \u00e0 gu\u00e9rir notre maison gr\u00e2ce \u00e0 <strong>Javier Petralanda<\/strong> de GEA (Assocation des \u00c9tudes G\u00e9obiologiques).<\/p>\n<p><strong>La cosm\u00e9tique \u00e9cologique et l\u2019\u00e9conomie circulaire, d\u2019autres approches durables qui s\u2019additionnent<\/strong><\/p>\n<p>L\u2019espace Biobeauty \u2013 Zero Zabor combine deux approches. D\u2019une part, c\u2019est un espace d\u00e9di\u00e9 \u00e0 la sensibilisation et \u00e0 la connaissance et aux propri\u00e9t\u00e9s de la cosm\u00e9tique \u00e9cologique et, d\u2019autre part, c\u2019est le point de rencontre pour discuter, s\u2019informer et d\u00e9battre sur l\u2019\u00e9conomie circulaire.<\/p>\n<p>\u00c0 Biobeauty-Zero Labor, les questions comme la sant\u00e9 naturelle au f\u00e9minin ont toutes leur place. Cet atelier permettra aux participantes d\u2019apprendre \u00e0 \u00e9laborer une teinture pour \u00e9quilibre les hormones et une pommade pour les douleurs menstruelles, l\u2019utilisation de plantes m\u00e9dicinales pour prendre soin de la peau, le rapport entre le d\u00e9ficit en vitamine\u00a0D, les taches sur la peau et le microbiome, les dangers de la mode rapide ou la beaut\u00e9 naturelle avec Victoria Moradell, professeur en cosm\u00e9tique naturelle et cr\u00e9atrice de sa propre ligne cosm\u00e9tique.<\/p>\n<p>Seront \u00e9galement abord\u00e9s les nouveaux mod\u00e8les d\u2019affaires, comme celui d\u00e9velopp\u00e9 par la collaboration entre <a href=\"https:\/\/www.spanset.com\/es-es\/\">SpanSet<\/a> et l\u2019entreprise d\u2019insertion Ema\u00fas Gipuzkoa et sa marque d\u2019upcycling <a href=\"https:\/\/sindesperdicio.es\/\">Sindesperdicio<\/a>, qui \u00e9laborent des produits et des emballages \u00e9cocon\u00e7us \u00e0 partir de multi-d\u00e9chet industriel issu de la fabrication d\u2019\u00e9lingues, d\u2019amarrages, de harnais et d\u2019autres produits.<\/p>\n<p><strong>Nos cuisines d\u00e9tiennent \u00e9galement le secret d\u2019une vie saine et durable<\/strong><\/p>\n<p>L\u2019espace Sukaldean revient en force \u00e0 cette \u00e9dition de Bioterra. Une occasion d\u2019apprendre \u00e0 cuisiner sainement et dans le respect de l\u2019environnement, et de le faire en s\u2019amusant.<\/p>\n<p>Parmi les propositions pour cette \u00e9dition, un atelier de k\u00e9fir v\u00e9gan, de l\u2019ashwagandha et du curcuma ferment\u00e9, un autre pour pr\u00e9parer des sandwichs 100\u00a0% sains ou de la limonade ferment\u00e9e \u00e0 partir de fleurs sauvages, sans oublier les ateliers sp\u00e9cialement destin\u00e9s aux enfants.<\/p>\n<p><strong>Yoga Day, des ateliers, de la musique en live et des tirages au sort\u00a0: l\u2019exp\u00e9rience Bioterra<\/strong><\/p>\n<p>Bioterra est un bon plan de week-end pour des milliers de personnes qui se rendent ponctuellement \u00e0 leur rendez-vous avec le salon.<\/p>\n<p>Elles savent que, durant leur visite, elles peuvent rencontrer des entreprises exposantes de tout l\u2019\u00c9tat, toujours dispos\u00e9es \u00e0 expliquer leurs propositions de produits et de services, assister aux conf\u00e9rences d\u2019experts qui ont lieu dans les nombreux espaces de Ficoba, apprendre en participant aux ateliers de cuisine, d\u2019horticulture\u2026<\/p>\n<p>Elles peuvent entra\u00eener le corps et l\u2019esprit \u00e0 l\u2019occasion de la <strong>septi\u00e8me \u00e9dition du Bioterra Yoga Day<\/strong> qui aura lieu le dimanche\u00a04\u00a0juin \u00e0 10\u00a0h\u00a030 ou reprendre des forces aux diff\u00e9rents \u00ab\u00a0poste\u00a0\u00bb de la <strong>Bioterrasse<\/strong>.<\/p>\n<p>Il est \u00e9galement possible de tenter sa chance \u00e0 l\u2019un des <strong>tirages au sort de lots de produits \u00e9cologiques<\/strong> d\u2019Ekolurra et de bons d\u2019achat d\u2019une valeur de 100\u00a0\u20ac \u00e0 d\u00e9penser dans des produits du salon, et 4\u00a0autres prix de 100\u00a0euros \u00e0 d\u00e9penser dans l\u2019une des herboristeries participant \u00e0 Bioterra.<\/p>\n<p>Il sera \u00e9galement possible de se d\u00e9tendre en \u00e9coutant l\u2019un des <strong>DJ<\/strong> qui animeront les pavillons de Ficoba avec leur musique.<\/p>\n<p>Tout un plan, <strong>avec entr\u00e9e et parking gratuit<\/strong> et avec un <strong>arr\u00eat d\u2019Euskotren \u00e0 50\u00a0m\u00e8tres<\/strong> pour les personnes qui choisissent le transport public.<\/p>\n<p><strong>Renseignements pratiques<\/strong><\/p>\n<p>Horaires\u00a0:<\/p>\n<p>Vendredi 10\u00a0h-20\u00a0h | Samedi 10\u00a0h-20\u00a0h | Dimanche 10\u00a0h-19\u00a0h<\/p>\n<p>L\u2019inauguration officielle du salon aura lieu le vendredi\u00a02\u00a0juin \u00e0 12\u00a0h au hall de Ficoba.<\/p>\n<p><strong>www.bioterra.org<\/strong><\/p>\n","protected":false},"excerpt":{"rendered":"<p>D\u00e9couvrez d\u2019importants conf\u00e9renciers comme Fernando Valladares, Karmelo Bizkarra, Carlos Taibo ou Climabar au programme de conf\u00e9rences de Bioterra 2023 Plongez dans le monde de la cosm\u00e9tique \u00e9cologique et de l\u2019\u00e9conomie [&hellip;]<\/p>\n","protected":false},"author":2,"featured_media":17136,"comment_status":"closed","ping_status":"closed","sticky":false,"template":"","format":"standard","meta":{"_et_pb_use_builder":"","_et_pb_old_content":"","_et_gb_content_width":"","footnotes":""},"categories":[19],"tags":[],"class_list":["post-17140","post","type-post","status-publish","format-standard","has-post-thumbnail","hentry","category-evenements-et-salons"],"yoast_head":"<!-- This site is optimized with the Yoast SEO plugin v26.8 - https:\/\/yoast.com\/product\/yoast-seo-wordpress\/ -->\n<title>Bioterra f\u00eate sa 20e \u00e9dition : 121 entreprises exposantes se r\u00e9unissent au salon \u00e9cologique d\u2019Euskadi - Ficoba<\/title>\n<meta name=\"robots\" content=\"index, follow, max-snippet:-1, max-image-preview:large, max-video-preview:-1\" \/>\n<link rel=\"canonical\" href=\"https:\/\/www.ficoba.org\/fr\/bioterra-fete-sa-20e-edition-121-entreprises-exposantes-se-reunissent-au-salon-ecologique-deuskadi\/\" \/>\n<meta name=\"twitter:label1\" content=\"\u00c9crit par\" \/>\n\t<meta name=\"twitter:data1\" content=\"ficoba\" \/>\n\t<meta name=\"twitter:label2\" content=\"Dur\u00e9e de lecture estim\u00e9e\" \/>\n\t<meta name=\"twitter:data2\" content=\"9 minutes\" \/>\n<script type=\"application\/ld+json\" class=\"yoast-schema-graph\">{\"@context\":\"https:\/\/schema.org\",\"@graph\":[{\"@type\":\"Article\",\"@id\":\"https:\/\/www.ficoba.org\/fr\/bioterra-fete-sa-20e-edition-121-entreprises-exposantes-se-reunissent-au-salon-ecologique-deuskadi\/#article\",\"isPartOf\":{\"@id\":\"https:\/\/www.ficoba.org\/fr\/bioterra-fete-sa-20e-edition-121-entreprises-exposantes-se-reunissent-au-salon-ecologique-deuskadi\/\"},\"author\":{\"name\":\"ficoba\",\"@id\":\"https:\/\/www.ficoba.org\/es\/#\/schema\/person\/8a96a121e5dbd393e6e6b5a7ee7ed407\"},\"headline\":\"Bioterra f\u00eate sa 20e \u00e9dition : 121 entreprises exposantes se r\u00e9unissent au salon \u00e9cologique d\u2019Euskadi\",\"datePublished\":\"2023-05-31T12:08:15+00:00\",\"dateModified\":\"2023-05-31T12:51:04+00:00\",\"mainEntityOfPage\":{\"@id\":\"https:\/\/www.ficoba.org\/fr\/bioterra-fete-sa-20e-edition-121-entreprises-exposantes-se-reunissent-au-salon-ecologique-deuskadi\/\"},\"wordCount\":1878,\"publisher\":{\"@id\":\"https:\/\/www.ficoba.org\/es\/#organization\"},\"image\":{\"@id\":\"https:\/\/www.ficoba.org\/fr\/bioterra-fete-sa-20e-edition-121-entreprises-exposantes-se-reunissent-au-salon-ecologique-deuskadi\/#primaryimage\"},\"thumbnailUrl\":\"https:\/\/www.ficoba.org\/wp-content\/uploads\/2023\/05\/Bioterra-hall1-scaled.jpg\",\"articleSection\":[\"\u00c9v\u00e9nements et salons\"],\"inLanguage\":\"fr-FR\"},{\"@type\":\"WebPage\",\"@id\":\"https:\/\/www.ficoba.org\/fr\/bioterra-fete-sa-20e-edition-121-entreprises-exposantes-se-reunissent-au-salon-ecologique-deuskadi\/\",\"url\":\"https:\/\/www.ficoba.org\/fr\/bioterra-fete-sa-20e-edition-121-entreprises-exposantes-se-reunissent-au-salon-ecologique-deuskadi\/\",\"name\":\"Bioterra f\u00eate sa 20e \u00e9dition : 121 entreprises exposantes se r\u00e9unissent au salon \u00e9cologique d\u2019Euskadi - Ficoba\",\"isPartOf\":{\"@id\":\"https:\/\/www.ficoba.org\/es\/#website\"},\"primaryImageOfPage\":{\"@id\":\"https:\/\/www.ficoba.org\/fr\/bioterra-fete-sa-20e-edition-121-entreprises-exposantes-se-reunissent-au-salon-ecologique-deuskadi\/#primaryimage\"},\"image\":{\"@id\":\"https:\/\/www.ficoba.org\/fr\/bioterra-fete-sa-20e-edition-121-entreprises-exposantes-se-reunissent-au-salon-ecologique-deuskadi\/#primaryimage\"},\"thumbnailUrl\":\"https:\/\/www.ficoba.org\/wp-content\/uploads\/2023\/05\/Bioterra-hall1-scaled.jpg\",\"datePublished\":\"2023-05-31T12:08:15+00:00\",\"dateModified\":\"2023-05-31T12:51:04+00:00\",\"breadcrumb\":{\"@id\":\"https:\/\/www.ficoba.org\/fr\/bioterra-fete-sa-20e-edition-121-entreprises-exposantes-se-reunissent-au-salon-ecologique-deuskadi\/#breadcrumb\"},\"inLanguage\":\"fr-FR\",\"potentialAction\":[{\"@type\":\"ReadAction\",\"target\":[\"https:\/\/www.ficoba.org\/fr\/bioterra-fete-sa-20e-edition-121-entreprises-exposantes-se-reunissent-au-salon-ecologique-deuskadi\/\"]}]},{\"@type\":\"ImageObject\",\"inLanguage\":\"fr-FR\",\"@id\":\"https:\/\/www.ficoba.org\/fr\/bioterra-fete-sa-20e-edition-121-entreprises-exposantes-se-reunissent-au-salon-ecologique-deuskadi\/#primaryimage\",\"url\":\"https:\/\/www.ficoba.org\/wp-content\/uploads\/2023\/05\/Bioterra-hall1-scaled.jpg\",\"contentUrl\":\"https:\/\/www.ficoba.org\/wp-content\/uploads\/2023\/05\/Bioterra-hall1-scaled.jpg\",\"width\":2560,\"height\":1707},{\"@type\":\"BreadcrumbList\",\"@id\":\"https:\/\/www.ficoba.org\/fr\/bioterra-fete-sa-20e-edition-121-entreprises-exposantes-se-reunissent-au-salon-ecologique-deuskadi\/#breadcrumb\",\"itemListElement\":[{\"@type\":\"ListItem\",\"position\":1,\"name\":\"Portada\",\"item\":\"https:\/\/www.ficoba.org\/fr\/\"},{\"@type\":\"ListItem\",\"position\":2,\"name\":\"Bioterra f\u00eate sa 20e \u00e9dition : 121 entreprises exposantes se r\u00e9unissent au salon \u00e9cologique d\u2019Euskadi\"}]},{\"@type\":\"WebSite\",\"@id\":\"https:\/\/www.ficoba.org\/es\/#website\",\"url\":\"https:\/\/www.ficoba.org\/es\/\",\"name\":\"Ficoba, Recinto Ferial de Gipuzkoa\",\"description\":\"Ficoba, l\u2019art de cr\u00e9er des opportunit\u00e9s\",\"publisher\":{\"@id\":\"https:\/\/www.ficoba.org\/es\/#organization\"},\"alternateName\":\"Ficoba\",\"potentialAction\":[{\"@type\":\"SearchAction\",\"target\":{\"@type\":\"EntryPoint\",\"urlTemplate\":\"https:\/\/www.ficoba.org\/es\/?s={search_term_string}\"},\"query-input\":{\"@type\":\"PropertyValueSpecification\",\"valueRequired\":true,\"valueName\":\"search_term_string\"}}],\"inLanguage\":\"fr-FR\"},{\"@type\":\"Organization\",\"@id\":\"https:\/\/www.ficoba.org\/es\/#organization\",\"name\":\"Ficoba, Reciento Ferial de Gipuzkoa\",\"url\":\"https:\/\/www.ficoba.org\/es\/\",\"logo\":{\"@type\":\"ImageObject\",\"inLanguage\":\"fr-FR\",\"@id\":\"https:\/\/www.ficoba.org\/es\/#\/schema\/logo\/image\/\",\"url\":\"https:\/\/www.ficoba.org\/wp-content\/uploads\/2018\/11\/logo_ficoba.png\",\"contentUrl\":\"https:\/\/www.ficoba.org\/wp-content\/uploads\/2018\/11\/logo_ficoba.png\",\"width\":200,\"height\":124,\"caption\":\"Ficoba, Reciento Ferial de Gipuzkoa\"},\"image\":{\"@id\":\"https:\/\/www.ficoba.org\/es\/#\/schema\/logo\/image\/\"},\"sameAs\":[\"https:\/\/www.facebook.com\/FICOBAFUNDAZIOA\/\",\"https:\/\/x.com\/FicobaFundazioa\",\"https:\/\/www.youtube.com\/channel\/UCvo2JGluemyCf5KPRmEF9JQ\",\"https:\/\/www.linkedin.com\/company\/ficoba\/\",\"https:\/\/www.instagram.com\/ficobafundazioa\/\"]},{\"@type\":\"Person\",\"@id\":\"https:\/\/www.ficoba.org\/es\/#\/schema\/person\/8a96a121e5dbd393e6e6b5a7ee7ed407\",\"name\":\"ficoba\",\"image\":{\"@type\":\"ImageObject\",\"inLanguage\":\"fr-FR\",\"@id\":\"https:\/\/www.ficoba.org\/es\/#\/schema\/person\/image\/\",\"url\":\"https:\/\/secure.gravatar.com\/avatar\/c90cc0e07f75fecbe4165c1906a4cd61b0179a28caae2205d37516e4fb7c30c1?s=96&d=mm&r=g\",\"contentUrl\":\"https:\/\/secure.gravatar.com\/avatar\/c90cc0e07f75fecbe4165c1906a4cd61b0179a28caae2205d37516e4fb7c30c1?s=96&d=mm&r=g\",\"caption\":\"ficoba\"}}]}<\/script>\n<!-- \/ Yoast SEO plugin. -->","yoast_head_json":{"title":"Bioterra f\u00eate sa 20e \u00e9dition : 121 entreprises exposantes se r\u00e9unissent au salon \u00e9cologique d\u2019Euskadi - Ficoba","robots":{"index":"index","follow":"follow","max-snippet":"max-snippet:-1","max-image-preview":"max-image-preview:large","max-video-preview":"max-video-preview:-1"},"canonical":"https:\/\/www.ficoba.org\/fr\/bioterra-fete-sa-20e-edition-121-entreprises-exposantes-se-reunissent-au-salon-ecologique-deuskadi\/","twitter_misc":{"\u00c9crit par":"ficoba","Dur\u00e9e de lecture estim\u00e9e":"9 minutes"},"schema":{"@context":"https:\/\/schema.org","@graph":[{"@type":"Article","@id":"https:\/\/www.ficoba.org\/fr\/bioterra-fete-sa-20e-edition-121-entreprises-exposantes-se-reunissent-au-salon-ecologique-deuskadi\/#article","isPartOf":{"@id":"https:\/\/www.ficoba.org\/fr\/bioterra-fete-sa-20e-edition-121-entreprises-exposantes-se-reunissent-au-salon-ecologique-deuskadi\/"},"author":{"name":"ficoba","@id":"https:\/\/www.ficoba.org\/es\/#\/schema\/person\/8a96a121e5dbd393e6e6b5a7ee7ed407"},"headline":"Bioterra f\u00eate sa 20e \u00e9dition : 121 entreprises exposantes se r\u00e9unissent au salon \u00e9cologique d\u2019Euskadi","datePublished":"2023-05-31T12:08:15+00:00","dateModified":"2023-05-31T12:51:04+00:00","mainEntityOfPage":{"@id":"https:\/\/www.ficoba.org\/fr\/bioterra-fete-sa-20e-edition-121-entreprises-exposantes-se-reunissent-au-salon-ecologique-deuskadi\/"},"wordCount":1878,"publisher":{"@id":"https:\/\/www.ficoba.org\/es\/#organization"},"image":{"@id":"https:\/\/www.ficoba.org\/fr\/bioterra-fete-sa-20e-edition-121-entreprises-exposantes-se-reunissent-au-salon-ecologique-deuskadi\/#primaryimage"},"thumbnailUrl":"https:\/\/www.ficoba.org\/wp-content\/uploads\/2023\/05\/Bioterra-hall1-scaled.jpg","articleSection":["\u00c9v\u00e9nements et salons"],"inLanguage":"fr-FR"},{"@type":"WebPage","@id":"https:\/\/www.ficoba.org\/fr\/bioterra-fete-sa-20e-edition-121-entreprises-exposantes-se-reunissent-au-salon-ecologique-deuskadi\/","url":"https:\/\/www.ficoba.org\/fr\/bioterra-fete-sa-20e-edition-121-entreprises-exposantes-se-reunissent-au-salon-ecologique-deuskadi\/","name":"Bioterra f\u00eate sa 20e \u00e9dition : 121 entreprises exposantes se r\u00e9unissent au salon \u00e9cologique d\u2019Euskadi - Ficoba","isPartOf":{"@id":"https:\/\/www.ficoba.org\/es\/#website"},"primaryImageOfPage":{"@id":"https:\/\/www.ficoba.org\/fr\/bioterra-fete-sa-20e-edition-121-entreprises-exposantes-se-reunissent-au-salon-ecologique-deuskadi\/#primaryimage"},"image":{"@id":"https:\/\/www.ficoba.org\/fr\/bioterra-fete-sa-20e-edition-121-entreprises-exposantes-se-reunissent-au-salon-ecologique-deuskadi\/#primaryimage"},"thumbnailUrl":"https:\/\/www.ficoba.org\/wp-content\/uploads\/2023\/05\/Bioterra-hall1-scaled.jpg","datePublished":"2023-05-31T12:08:15+00:00","dateModified":"2023-05-31T12:51:04+00:00","breadcrumb":{"@id":"https:\/\/www.ficoba.org\/fr\/bioterra-fete-sa-20e-edition-121-entreprises-exposantes-se-reunissent-au-salon-ecologique-deuskadi\/#breadcrumb"},"inLanguage":"fr-FR","potentialAction":[{"@type":"ReadAction","target":["https:\/\/www.ficoba.org\/fr\/bioterra-fete-sa-20e-edition-121-entreprises-exposantes-se-reunissent-au-salon-ecologique-deuskadi\/"]}]},{"@type":"ImageObject","inLanguage":"fr-FR","@id":"https:\/\/www.ficoba.org\/fr\/bioterra-fete-sa-20e-edition-121-entreprises-exposantes-se-reunissent-au-salon-ecologique-deuskadi\/#primaryimage","url":"https:\/\/www.ficoba.org\/wp-content\/uploads\/2023\/05\/Bioterra-hall1-scaled.jpg","contentUrl":"https:\/\/www.ficoba.org\/wp-content\/uploads\/2023\/05\/Bioterra-hall1-scaled.jpg","width":2560,"height":1707},{"@type":"BreadcrumbList","@id":"https:\/\/www.ficoba.org\/fr\/bioterra-fete-sa-20e-edition-121-entreprises-exposantes-se-reunissent-au-salon-ecologique-deuskadi\/#breadcrumb","itemListElement":[{"@type":"ListItem","position":1,"name":"Portada","item":"https:\/\/www.ficoba.org\/fr\/"},{"@type":"ListItem","position":2,"name":"Bioterra f\u00eate sa 20e \u00e9dition : 121 entreprises exposantes se r\u00e9unissent au salon \u00e9cologique d\u2019Euskadi"}]},{"@type":"WebSite","@id":"https:\/\/www.ficoba.org\/es\/#website","url":"https:\/\/www.ficoba.org\/es\/","name":"Ficoba, Recinto Ferial de Gipuzkoa","description":"Ficoba, l\u2019art de cr\u00e9er des opportunit\u00e9s","publisher":{"@id":"https:\/\/www.ficoba.org\/es\/#organization"},"alternateName":"Ficoba","potentialAction":[{"@type":"SearchAction","target":{"@type":"EntryPoint","urlTemplate":"https:\/\/www.ficoba.org\/es\/?s={search_term_string}"},"query-input":{"@type":"PropertyValueSpecification","valueRequired":true,"valueName":"search_term_string"}}],"inLanguage":"fr-FR"},{"@type":"Organization","@id":"https:\/\/www.ficoba.org\/es\/#organization","name":"Ficoba, Reciento Ferial de Gipuzkoa","url":"https:\/\/www.ficoba.org\/es\/","logo":{"@type":"ImageObject","inLanguage":"fr-FR","@id":"https:\/\/www.ficoba.org\/es\/#\/schema\/logo\/image\/","url":"https:\/\/www.ficoba.org\/wp-content\/uploads\/2018\/11\/logo_ficoba.png","contentUrl":"https:\/\/www.ficoba.org\/wp-content\/uploads\/2018\/11\/logo_ficoba.png","width":200,"height":124,"caption":"Ficoba, Reciento Ferial de Gipuzkoa"},"image":{"@id":"https:\/\/www.ficoba.org\/es\/#\/schema\/logo\/image\/"},"sameAs":["https:\/\/www.facebook.com\/FICOBAFUNDAZIOA\/","https:\/\/x.com\/FicobaFundazioa","https:\/\/www.youtube.com\/channel\/UCvo2JGluemyCf5KPRmEF9JQ","https:\/\/www.linkedin.com\/company\/ficoba\/","https:\/\/www.instagram.com\/ficobafundazioa\/"]},{"@type":"Person","@id":"https:\/\/www.ficoba.org\/es\/#\/schema\/person\/8a96a121e5dbd393e6e6b5a7ee7ed407","name":"ficoba","image":{"@type":"ImageObject","inLanguage":"fr-FR","@id":"https:\/\/www.ficoba.org\/es\/#\/schema\/person\/image\/","url":"https:\/\/secure.gravatar.com\/avatar\/c90cc0e07f75fecbe4165c1906a4cd61b0179a28caae2205d37516e4fb7c30c1?s=96&d=mm&r=g","contentUrl":"https:\/\/secure.gravatar.com\/avatar\/c90cc0e07f75fecbe4165c1906a4cd61b0179a28caae2205d37516e4fb7c30c1?s=96&d=mm&r=g","caption":"ficoba"}}]}},"_links":{"self":[{"href":"https:\/\/www.ficoba.org\/fr\/wp-json\/wp\/v2\/posts\/17140","targetHints":{"allow":["GET"]}}],"collection":[{"href":"https:\/\/www.ficoba.org\/fr\/wp-json\/wp\/v2\/posts"}],"about":[{"href":"https:\/\/www.ficoba.org\/fr\/wp-json\/wp\/v2\/types\/post"}],"author":[{"embeddable":true,"href":"https:\/\/www.ficoba.org\/fr\/wp-json\/wp\/v2\/users\/2"}],"replies":[{"embeddable":true,"href":"https:\/\/www.ficoba.org\/fr\/wp-json\/wp\/v2\/comments?post=17140"}],"version-history":[{"count":2,"href":"https:\/\/www.ficoba.org\/fr\/wp-json\/wp\/v2\/posts\/17140\/revisions"}],"predecessor-version":[{"id":17145,"href":"https:\/\/www.ficoba.org\/fr\/wp-json\/wp\/v2\/posts\/17140\/revisions\/17145"}],"wp:featuredmedia":[{"embeddable":true,"href":"https:\/\/www.ficoba.org\/fr\/wp-json\/wp\/v2\/media\/17136"}],"wp:attachment":[{"href":"https:\/\/www.ficoba.org\/fr\/wp-json\/wp\/v2\/media?parent=17140"}],"wp:term":[{"taxonomy":"category","embeddable":true,"href":"https:\/\/www.ficoba.org\/fr\/wp-json\/wp\/v2\/categories?post=17140"},{"taxonomy":"post_tag","embeddable":true,"href":"https:\/\/www.ficoba.org\/fr\/wp-json\/wp\/v2\/tags?post=17140"}],"curies":[{"name":"wp","href":"https:\/\/api.w.org\/{rel}","templated":true}]}}