{"id":16686,"date":"2023-03-29T11:18:14","date_gmt":"2023-03-29T09:18:14","guid":{"rendered":"https:\/\/www.ficoba.org\/?p=16686"},"modified":"2023-03-29T11:18:45","modified_gmt":"2023-03-29T09:18:45","slug":"xvieme-edition-de-lexposition-internationale-feline-a-ficoba","status":"publish","type":"post","link":"https:\/\/www.ficoba.org\/fr\/xvieme-edition-de-lexposition-internationale-feline-a-ficoba\/","title":{"rendered":"XVI\u00e8me \u00e9dition de l&rsquo;Exposition Internationale F\u00e9line \u00e0 Ficoba"},"content":{"rendered":"<p><strong>Vous aimez les chats et les expositions f\u00e9lines ? Vous ne pouvez pas manquer la 16\u00e8me \u00e9dition de l&rsquo;Exposition Internationale F\u00e9line de Ficoba, qui se tiendra les 1 et 2 avril.<\/strong><\/p>\n<p><em>(Irun, 29 mars 2023).<\/em> Lors de cette \u00e9dition, vous pourrez appr\u00e9cier de nombreux chats de diff\u00e9rentes races, souvent peu connues, qui concourront pour les titres de champion international, grand champion international, champion europ\u00e9en ou grand champion europ\u00e9en. En outre, vous pourrez voir de plus pr\u00e8s les races Norwegian Forest et Selkirk, qui seront les races sp\u00e9ciales de cette \u00e9dition.<\/p>\n<p>Au total, 170 chats de 20 races diff\u00e9rentes sont inscrits, dont des races peu connues comme le Selkirk Rex et la nouvelle race Toygger, qui a rejoint le circuit des championnats \u00e0 partir du 1er janvier 2023. Cette ann\u00e9e, deux \u00e9leveurs de Toulouse et du Caillan dans le Gers pr\u00e9senteront 5 sujets en concours.<\/p>\n<p>De plus, un cadeau sp\u00e9cial sera offert \u00e0 Thor et \u00e0 sa propri\u00e9taire, qui concourent pour la deuxi\u00e8me ann\u00e9e. Thor est un chaton sauv\u00e9 par l&rsquo;association des chats d&rsquo;Hendaye, Les Chamis de Mamie. Il concourra en tant que House Cat. Pour concourir, les chats de cette cat\u00e9gorie doivent simplement \u00eatre vaccin\u00e9s, identifi\u00e9s et st\u00e9rilis\u00e9s. Ces chats de maison b\u00e9n\u00e9ficient d&rsquo;un droit d&rsquo;entr\u00e9e moins \u00e9lev\u00e9.<\/p>\n<p>Le samedi, la sp\u00e9ciale d&rsquo;\u00e9levage du Chat des Forets Norviennes ou NFO aura lieu avec plus de trente chats venus de France et du Portugal. Le dimanche, ce sera au tour de la sp\u00e9ciale Selkirk Rex avec plus de 20 sujets. Une occasion unique de voir autant de sujets en exposition a la Ficoba<br \/>\nLes exposants viennent de toute la France, du Pays Basque et de Navarre. Les juges Mesdames Seignot Claude et Dubois Fran\u00e7oise viennent de Paris, Monsieur Fontaine Thierry de Montpellier et pour la premi\u00e8re fois Monsieur Henry Joel, juge \u00e0 Strasbourg, participe.<\/p>\n<p><strong>Le concours<\/strong><\/p>\n<p>Samedi et dimanche, les chats participant \u00e0 l&rsquo;exposition concourront pour les titres de Champion International, Grand Champion International, Champion d&rsquo;Europe ou Grand<\/p>\n<p>Champion d&rsquo;Europe. Des juges examineront et classeront les chats afin de s\u00e9lectionner les meilleurs chats de chaque race et de chaque couleur.<\/p>\n<p>L&rsquo;apr\u00e8s-midi, les chats s\u00e9lectionn\u00e9s dans chaque cat\u00e9gorie s&rsquo;affronteront pour s\u00e9lectionner le meilleur, et le dimanche, le meilleur chat de tous ceux qui ont particip\u00e9 \u00e0 cette \u00e9dition de l&rsquo;exposition f\u00e9line internationale sera d\u00e9sign\u00e9.<\/p>\n<p><strong>Informations pratiques<\/strong><\/p>\n<p>L&rsquo;exposition se tiendra au Pavillon 1 de Ficoba de 10h00 \u00e0 18h00, le samedi et le dimanche. L&rsquo;entr\u00e9e est de 4 euros pour les adultes et gratuite pour les enfants jusqu&rsquo;\u00e0 12 ans. Les visiteurs de l&rsquo;Exposition Internationale F\u00e9line b\u00e9n\u00e9ficieront d&rsquo;un parking gratuit.<\/p>\n<p>Cette ann\u00e9e, il y aura \u00e9galement un march\u00e9 de rue, organis\u00e9 par Les chamis de mamie, en solidarit\u00e9 avec les chats errants.<\/p>\n","protected":false},"excerpt":{"rendered":"<p>Vous aimez les chats et les expositions f\u00e9lines ? Vous ne pouvez pas manquer la 16\u00e8me \u00e9dition de l&rsquo;Exposition Internationale F\u00e9line de Ficoba, qui se tiendra les 1 et 2 [&hellip;]<\/p>\n","protected":false},"author":2,"featured_media":16678,"comment_status":"closed","ping_status":"closed","sticky":false,"template":"","format":"standard","meta":{"_et_pb_use_builder":"","_et_pb_old_content":"","_et_gb_content_width":"","footnotes":""},"categories":[19],"tags":[],"class_list":["post-16686","post","type-post","status-publish","format-standard","has-post-thumbnail","hentry","category-evenements-et-salons"],"yoast_head":"<!-- This site is optimized with the Yoast SEO plugin v26.8 - https:\/\/yoast.com\/product\/yoast-seo-wordpress\/ -->\n<title>XVI\u00e8me \u00e9dition de l&#039;Exposition Internationale F\u00e9line \u00e0 Ficoba - Ficoba<\/title>\n<meta name=\"robots\" content=\"index, follow, max-snippet:-1, max-image-preview:large, max-video-preview:-1\" \/>\n<link rel=\"canonical\" href=\"https:\/\/www.ficoba.org\/fr\/xvieme-edition-de-lexposition-internationale-feline-a-ficoba\/\" \/>\n<meta name=\"twitter:label1\" content=\"\u00c9crit par\" \/>\n\t<meta name=\"twitter:data1\" content=\"ficoba\" \/>\n\t<meta name=\"twitter:label2\" content=\"Dur\u00e9e de lecture estim\u00e9e\" \/>\n\t<meta name=\"twitter:data2\" content=\"2 minutes\" \/>\n<script type=\"application\/ld+json\" class=\"yoast-schema-graph\">{\"@context\":\"https:\/\/schema.org\",\"@graph\":[{\"@type\":\"Article\",\"@id\":\"https:\/\/www.ficoba.org\/fr\/xvieme-edition-de-lexposition-internationale-feline-a-ficoba\/#article\",\"isPartOf\":{\"@id\":\"https:\/\/www.ficoba.org\/fr\/xvieme-edition-de-lexposition-internationale-feline-a-ficoba\/\"},\"author\":{\"name\":\"ficoba\",\"@id\":\"https:\/\/www.ficoba.org\/es\/#\/schema\/person\/8a96a121e5dbd393e6e6b5a7ee7ed407\"},\"headline\":\"XVI\u00e8me \u00e9dition de l&rsquo;Exposition Internationale F\u00e9line \u00e0 Ficoba\",\"datePublished\":\"2023-03-29T09:18:14+00:00\",\"dateModified\":\"2023-03-29T09:18:45+00:00\",\"mainEntityOfPage\":{\"@id\":\"https:\/\/www.ficoba.org\/fr\/xvieme-edition-de-lexposition-internationale-feline-a-ficoba\/\"},\"wordCount\":495,\"publisher\":{\"@id\":\"https:\/\/www.ficoba.org\/es\/#organization\"},\"image\":{\"@id\":\"https:\/\/www.ficoba.org\/fr\/xvieme-edition-de-lexposition-internationale-feline-a-ficoba\/#primaryimage\"},\"thumbnailUrl\":\"https:\/\/www.ficoba.org\/wp-content\/uploads\/2023\/03\/Felina-1.jpg\",\"articleSection\":[\"\u00c9v\u00e9nements et salons\"],\"inLanguage\":\"fr-FR\"},{\"@type\":\"WebPage\",\"@id\":\"https:\/\/www.ficoba.org\/fr\/xvieme-edition-de-lexposition-internationale-feline-a-ficoba\/\",\"url\":\"https:\/\/www.ficoba.org\/fr\/xvieme-edition-de-lexposition-internationale-feline-a-ficoba\/\",\"name\":\"XVI\u00e8me \u00e9dition de l'Exposition Internationale F\u00e9line \u00e0 Ficoba - Ficoba\",\"isPartOf\":{\"@id\":\"https:\/\/www.ficoba.org\/es\/#website\"},\"primaryImageOfPage\":{\"@id\":\"https:\/\/www.ficoba.org\/fr\/xvieme-edition-de-lexposition-internationale-feline-a-ficoba\/#primaryimage\"},\"image\":{\"@id\":\"https:\/\/www.ficoba.org\/fr\/xvieme-edition-de-lexposition-internationale-feline-a-ficoba\/#primaryimage\"},\"thumbnailUrl\":\"https:\/\/www.ficoba.org\/wp-content\/uploads\/2023\/03\/Felina-1.jpg\",\"datePublished\":\"2023-03-29T09:18:14+00:00\",\"dateModified\":\"2023-03-29T09:18:45+00:00\",\"breadcrumb\":{\"@id\":\"https:\/\/www.ficoba.org\/fr\/xvieme-edition-de-lexposition-internationale-feline-a-ficoba\/#breadcrumb\"},\"inLanguage\":\"fr-FR\",\"potentialAction\":[{\"@type\":\"ReadAction\",\"target\":[\"https:\/\/www.ficoba.org\/fr\/xvieme-edition-de-lexposition-internationale-feline-a-ficoba\/\"]}]},{\"@type\":\"ImageObject\",\"inLanguage\":\"fr-FR\",\"@id\":\"https:\/\/www.ficoba.org\/fr\/xvieme-edition-de-lexposition-internationale-feline-a-ficoba\/#primaryimage\",\"url\":\"https:\/\/www.ficoba.org\/wp-content\/uploads\/2023\/03\/Felina-1.jpg\",\"contentUrl\":\"https:\/\/www.ficoba.org\/wp-content\/uploads\/2023\/03\/Felina-1.jpg\",\"width\":1024,\"height\":768},{\"@type\":\"BreadcrumbList\",\"@id\":\"https:\/\/www.ficoba.org\/fr\/xvieme-edition-de-lexposition-internationale-feline-a-ficoba\/#breadcrumb\",\"itemListElement\":[{\"@type\":\"ListItem\",\"position\":1,\"name\":\"Portada\",\"item\":\"https:\/\/www.ficoba.org\/fr\/\"},{\"@type\":\"ListItem\",\"position\":2,\"name\":\"XVI\u00e8me \u00e9dition de l&#8217;Exposition Internationale F\u00e9line \u00e0 Ficoba\"}]},{\"@type\":\"WebSite\",\"@id\":\"https:\/\/www.ficoba.org\/es\/#website\",\"url\":\"https:\/\/www.ficoba.org\/es\/\",\"name\":\"Ficoba, Recinto Ferial de Gipuzkoa\",\"description\":\"Ficoba, l\u2019art de cr\u00e9er des opportunit\u00e9s\",\"publisher\":{\"@id\":\"https:\/\/www.ficoba.org\/es\/#organization\"},\"alternateName\":\"Ficoba\",\"potentialAction\":[{\"@type\":\"SearchAction\",\"target\":{\"@type\":\"EntryPoint\",\"urlTemplate\":\"https:\/\/www.ficoba.org\/es\/?s={search_term_string}\"},\"query-input\":{\"@type\":\"PropertyValueSpecification\",\"valueRequired\":true,\"valueName\":\"search_term_string\"}}],\"inLanguage\":\"fr-FR\"},{\"@type\":\"Organization\",\"@id\":\"https:\/\/www.ficoba.org\/es\/#organization\",\"name\":\"Ficoba, Reciento Ferial de Gipuzkoa\",\"url\":\"https:\/\/www.ficoba.org\/es\/\",\"logo\":{\"@type\":\"ImageObject\",\"inLanguage\":\"fr-FR\",\"@id\":\"https:\/\/www.ficoba.org\/es\/#\/schema\/logo\/image\/\",\"url\":\"https:\/\/www.ficoba.org\/wp-content\/uploads\/2018\/11\/logo_ficoba.png\",\"contentUrl\":\"https:\/\/www.ficoba.org\/wp-content\/uploads\/2018\/11\/logo_ficoba.png\",\"width\":200,\"height\":124,\"caption\":\"Ficoba, Reciento Ferial de Gipuzkoa\"},\"image\":{\"@id\":\"https:\/\/www.ficoba.org\/es\/#\/schema\/logo\/image\/\"},\"sameAs\":[\"https:\/\/www.facebook.com\/FICOBAFUNDAZIOA\/\",\"https:\/\/x.com\/FicobaFundazioa\",\"https:\/\/www.youtube.com\/channel\/UCvo2JGluemyCf5KPRmEF9JQ\",\"https:\/\/www.linkedin.com\/company\/ficoba\/\",\"https:\/\/www.instagram.com\/ficobafundazioa\/\"]},{\"@type\":\"Person\",\"@id\":\"https:\/\/www.ficoba.org\/es\/#\/schema\/person\/8a96a121e5dbd393e6e6b5a7ee7ed407\",\"name\":\"ficoba\",\"image\":{\"@type\":\"ImageObject\",\"inLanguage\":\"fr-FR\",\"@id\":\"https:\/\/www.ficoba.org\/es\/#\/schema\/person\/image\/\",\"url\":\"https:\/\/secure.gravatar.com\/avatar\/c90cc0e07f75fecbe4165c1906a4cd61b0179a28caae2205d37516e4fb7c30c1?s=96&d=mm&r=g\",\"contentUrl\":\"https:\/\/secure.gravatar.com\/avatar\/c90cc0e07f75fecbe4165c1906a4cd61b0179a28caae2205d37516e4fb7c30c1?s=96&d=mm&r=g\",\"caption\":\"ficoba\"}}]}<\/script>\n<!-- \/ Yoast SEO plugin. -->","yoast_head_json":{"title":"XVI\u00e8me \u00e9dition de l'Exposition Internationale F\u00e9line \u00e0 Ficoba - Ficoba","robots":{"index":"index","follow":"follow","max-snippet":"max-snippet:-1","max-image-preview":"max-image-preview:large","max-video-preview":"max-video-preview:-1"},"canonical":"https:\/\/www.ficoba.org\/fr\/xvieme-edition-de-lexposition-internationale-feline-a-ficoba\/","twitter_misc":{"\u00c9crit par":"ficoba","Dur\u00e9e de lecture estim\u00e9e":"2 minutes"},"schema":{"@context":"https:\/\/schema.org","@graph":[{"@type":"Article","@id":"https:\/\/www.ficoba.org\/fr\/xvieme-edition-de-lexposition-internationale-feline-a-ficoba\/#article","isPartOf":{"@id":"https:\/\/www.ficoba.org\/fr\/xvieme-edition-de-lexposition-internationale-feline-a-ficoba\/"},"author":{"name":"ficoba","@id":"https:\/\/www.ficoba.org\/es\/#\/schema\/person\/8a96a121e5dbd393e6e6b5a7ee7ed407"},"headline":"XVI\u00e8me \u00e9dition de l&rsquo;Exposition Internationale F\u00e9line \u00e0 Ficoba","datePublished":"2023-03-29T09:18:14+00:00","dateModified":"2023-03-29T09:18:45+00:00","mainEntityOfPage":{"@id":"https:\/\/www.ficoba.org\/fr\/xvieme-edition-de-lexposition-internationale-feline-a-ficoba\/"},"wordCount":495,"publisher":{"@id":"https:\/\/www.ficoba.org\/es\/#organization"},"image":{"@id":"https:\/\/www.ficoba.org\/fr\/xvieme-edition-de-lexposition-internationale-feline-a-ficoba\/#primaryimage"},"thumbnailUrl":"https:\/\/www.ficoba.org\/wp-content\/uploads\/2023\/03\/Felina-1.jpg","articleSection":["\u00c9v\u00e9nements et salons"],"inLanguage":"fr-FR"},{"@type":"WebPage","@id":"https:\/\/www.ficoba.org\/fr\/xvieme-edition-de-lexposition-internationale-feline-a-ficoba\/","url":"https:\/\/www.ficoba.org\/fr\/xvieme-edition-de-lexposition-internationale-feline-a-ficoba\/","name":"XVI\u00e8me \u00e9dition de l'Exposition Internationale F\u00e9line \u00e0 Ficoba - Ficoba","isPartOf":{"@id":"https:\/\/www.ficoba.org\/es\/#website"},"primaryImageOfPage":{"@id":"https:\/\/www.ficoba.org\/fr\/xvieme-edition-de-lexposition-internationale-feline-a-ficoba\/#primaryimage"},"image":{"@id":"https:\/\/www.ficoba.org\/fr\/xvieme-edition-de-lexposition-internationale-feline-a-ficoba\/#primaryimage"},"thumbnailUrl":"https:\/\/www.ficoba.org\/wp-content\/uploads\/2023\/03\/Felina-1.jpg","datePublished":"2023-03-29T09:18:14+00:00","dateModified":"2023-03-29T09:18:45+00:00","breadcrumb":{"@id":"https:\/\/www.ficoba.org\/fr\/xvieme-edition-de-lexposition-internationale-feline-a-ficoba\/#breadcrumb"},"inLanguage":"fr-FR","potentialAction":[{"@type":"ReadAction","target":["https:\/\/www.ficoba.org\/fr\/xvieme-edition-de-lexposition-internationale-feline-a-ficoba\/"]}]},{"@type":"ImageObject","inLanguage":"fr-FR","@id":"https:\/\/www.ficoba.org\/fr\/xvieme-edition-de-lexposition-internationale-feline-a-ficoba\/#primaryimage","url":"https:\/\/www.ficoba.org\/wp-content\/uploads\/2023\/03\/Felina-1.jpg","contentUrl":"https:\/\/www.ficoba.org\/wp-content\/uploads\/2023\/03\/Felina-1.jpg","width":1024,"height":768},{"@type":"BreadcrumbList","@id":"https:\/\/www.ficoba.org\/fr\/xvieme-edition-de-lexposition-internationale-feline-a-ficoba\/#breadcrumb","itemListElement":[{"@type":"ListItem","position":1,"name":"Portada","item":"https:\/\/www.ficoba.org\/fr\/"},{"@type":"ListItem","position":2,"name":"XVI\u00e8me \u00e9dition de l&#8217;Exposition Internationale F\u00e9line \u00e0 Ficoba"}]},{"@type":"WebSite","@id":"https:\/\/www.ficoba.org\/es\/#website","url":"https:\/\/www.ficoba.org\/es\/","name":"Ficoba, Recinto Ferial de Gipuzkoa","description":"Ficoba, l\u2019art de cr\u00e9er des opportunit\u00e9s","publisher":{"@id":"https:\/\/www.ficoba.org\/es\/#organization"},"alternateName":"Ficoba","potentialAction":[{"@type":"SearchAction","target":{"@type":"EntryPoint","urlTemplate":"https:\/\/www.ficoba.org\/es\/?s={search_term_string}"},"query-input":{"@type":"PropertyValueSpecification","valueRequired":true,"valueName":"search_term_string"}}],"inLanguage":"fr-FR"},{"@type":"Organization","@id":"https:\/\/www.ficoba.org\/es\/#organization","name":"Ficoba, Reciento Ferial de Gipuzkoa","url":"https:\/\/www.ficoba.org\/es\/","logo":{"@type":"ImageObject","inLanguage":"fr-FR","@id":"https:\/\/www.ficoba.org\/es\/#\/schema\/logo\/image\/","url":"https:\/\/www.ficoba.org\/wp-content\/uploads\/2018\/11\/logo_ficoba.png","contentUrl":"https:\/\/www.ficoba.org\/wp-content\/uploads\/2018\/11\/logo_ficoba.png","width":200,"height":124,"caption":"Ficoba, Reciento Ferial de Gipuzkoa"},"image":{"@id":"https:\/\/www.ficoba.org\/es\/#\/schema\/logo\/image\/"},"sameAs":["https:\/\/www.facebook.com\/FICOBAFUNDAZIOA\/","https:\/\/x.com\/FicobaFundazioa","https:\/\/www.youtube.com\/channel\/UCvo2JGluemyCf5KPRmEF9JQ","https:\/\/www.linkedin.com\/company\/ficoba\/","https:\/\/www.instagram.com\/ficobafundazioa\/"]},{"@type":"Person","@id":"https:\/\/www.ficoba.org\/es\/#\/schema\/person\/8a96a121e5dbd393e6e6b5a7ee7ed407","name":"ficoba","image":{"@type":"ImageObject","inLanguage":"fr-FR","@id":"https:\/\/www.ficoba.org\/es\/#\/schema\/person\/image\/","url":"https:\/\/secure.gravatar.com\/avatar\/c90cc0e07f75fecbe4165c1906a4cd61b0179a28caae2205d37516e4fb7c30c1?s=96&d=mm&r=g","contentUrl":"https:\/\/secure.gravatar.com\/avatar\/c90cc0e07f75fecbe4165c1906a4cd61b0179a28caae2205d37516e4fb7c30c1?s=96&d=mm&r=g","caption":"ficoba"}}]}},"_links":{"self":[{"href":"https:\/\/www.ficoba.org\/fr\/wp-json\/wp\/v2\/posts\/16686","targetHints":{"allow":["GET"]}}],"collection":[{"href":"https:\/\/www.ficoba.org\/fr\/wp-json\/wp\/v2\/posts"}],"about":[{"href":"https:\/\/www.ficoba.org\/fr\/wp-json\/wp\/v2\/types\/post"}],"author":[{"embeddable":true,"href":"https:\/\/www.ficoba.org\/fr\/wp-json\/wp\/v2\/users\/2"}],"replies":[{"embeddable":true,"href":"https:\/\/www.ficoba.org\/fr\/wp-json\/wp\/v2\/comments?post=16686"}],"version-history":[{"count":2,"href":"https:\/\/www.ficoba.org\/fr\/wp-json\/wp\/v2\/posts\/16686\/revisions"}],"predecessor-version":[{"id":16688,"href":"https:\/\/www.ficoba.org\/fr\/wp-json\/wp\/v2\/posts\/16686\/revisions\/16688"}],"wp:featuredmedia":[{"embeddable":true,"href":"https:\/\/www.ficoba.org\/fr\/wp-json\/wp\/v2\/media\/16678"}],"wp:attachment":[{"href":"https:\/\/www.ficoba.org\/fr\/wp-json\/wp\/v2\/media?parent=16686"}],"wp:term":[{"taxonomy":"category","embeddable":true,"href":"https:\/\/www.ficoba.org\/fr\/wp-json\/wp\/v2\/categories?post=16686"},{"taxonomy":"post_tag","embeddable":true,"href":"https:\/\/www.ficoba.org\/fr\/wp-json\/wp\/v2\/tags?post=16686"}],"curies":[{"name":"wp","href":"https:\/\/api.w.org\/{rel}","templated":true}]}}