{"id":15810,"date":"2023-02-15T13:31:12","date_gmt":"2023-02-15T11:31:12","guid":{"rendered":"https:\/\/www.ficoba.org\/?p=15810"},"modified":"2023-02-15T13:31:12","modified_gmt":"2023-02-15T11:31:12","slug":"ficoba-clot-lexercice-en-augmentant-tous-ses-parametres-et-entre-dans-le-circuit-national-des-expositions-itinerantes","status":"publish","type":"post","link":"https:\/\/www.ficoba.org\/fr\/ficoba-clot-lexercice-en-augmentant-tous-ses-parametres-et-entre-dans-le-circuit-national-des-expositions-itinerantes\/","title":{"rendered":"Ficoba cl\u00f4t l\u2019exercice en augmentant tous ses param\u00e8tres et entre dans le circuit national des expositions itin\u00e9rantes"},"content":{"rendered":"<ul>\n<li><strong>L&rsquo;effet induit engendr\u00e9 sur l&rsquo;environnement s&rsquo;est \u00e9lev\u00e9 \u00e0 32 millions d\u2019euros<\/strong><\/li>\n<li><strong>Parmi les nouveaut\u00e9s pour 2023, nous pouvons citer le salon professionnel UNIRE du soudage et des technologies d\u2019assemblage<\/strong><\/li>\n<\/ul>\n<p><em>(Irun, 15 f\u00e9vrier 2023).<\/em> 2022 a \u00e9t\u00e9 l\u2019ann\u00e9e de la reprise totale de l\u2019activit\u00e9 de Ficoba apr\u00e8s la pand\u00e9mie. Tous les param\u00e8tres ont connu une croissance. Tout au long de 2022, 284 activit\u00e9s se sont d\u00e9roul\u00e9es, soit une hausse de 19\u00a0% par rapport \u00e0 l\u2019exercice pr\u00e9c\u00e9dent. Le nombre de visiteurs s\u2019est \u00e9lev\u00e9 \u00e0 142\u00a0188, 69\u00a0% de plus qu\u2019en 2021. Cette activit\u00e9 a permis d\u2019augmenter le nombre de jours d\u2019occupation du parc des expositions, qui s\u2019est \u00e9lev\u00e9 \u00e0 329 jours par rapport aux 272 jours de l\u2019ann\u00e9e pr\u00e9c\u00e9dente, ce qui s\u2019est refl\u00e9t\u00e9 sur l\u2019effet induit engendr\u00e9 sur l\u2019environnement, qui a atteint les 32\u00a0millions d\u2019euros par rapport aux 23,5\u00a0millions de l\u2019exercice 2021.<\/p>\n<p>En ce qui concerne le type d\u2019activit\u00e9s, 14 salons ont \u00e9t\u00e9 organis\u00e9s, soit quatre de plus qu\u2019en 2021. Au cours du pr\u00e9c\u00e9dent exercice, le calendrier Ficoba a organis\u00e9 ses actes habituels, comme le salon bio <strong>Bioterra<\/strong>, le festival v\u00e9gan <strong>Be Veggie<\/strong>,<strong> Krea<\/strong> salon de l\u2019entrepreneuriat, <strong>Caravantur<\/strong>, <strong>Ficoauto<\/strong>, le salon du mariage <strong>Los mu\u00f1ecos de la tarta <\/strong>et l\u2019<strong>Exposition f\u00e9line,<\/strong> sans oublier le retour du salon du chanvre <strong>Expogrow<\/strong> et le lancement d\u2019<strong>Ababor<\/strong>, le premier salon nautique d\u2019Euskadi.<\/p>\n<p>Deux importants rendez-vous biennaux ont \u00e9galement eu lieu\u00a0: la troisi\u00e8me \u00e9dition du salon<strong> Go Mobility by MUBIL<\/strong>, un rendez-vous professionnel de la mobilit\u00e9 durable, et le congr\u00e8s transfrontalier sur le changement climatique et littoral <strong>Uhinak<\/strong>. Il s\u2019agit de deux \u00e9v\u00e9nements autour de l\u2019environnement et du d\u00e9veloppement durable auxquels s\u2019est ajout\u00e9 cette ann\u00e9e le <strong>Basque Circular Summit<\/strong> promu par Ihobe.\u00a0 Ficoba a \u00e9galement accueilli la deuxi\u00e8me \u00e9dition du salon priv\u00e9 <strong>Ipardis<\/strong>, organis\u00e9 par les distributeurs Ipardis et Basco, qui s\u2019adresse aux professionnels du secteur h\u00f4telier.<\/p>\n<p>En 2022, Ficoba est \u00e9galement devenu membre de plein droit du circuit national des expositions itin\u00e9rantes. <strong>Exfilna<\/strong>, la principale exposition philat\u00e9lique de l\u2019Espagne, a encore une fois particip\u00e9 \u00e0 Ficoba, tout comme le <strong>salon AD\u2019IP<\/strong>, promu par l\u2019Association espagnole d\u2019installateurs de syst\u00e8mes de construction s\u00e8che, de faux-plafonds, d\u2019isolations et de rev\u00eatements.<\/p>\n<p>Pour cette prochaine \u00e9dition, Ficoba a d\u00e9j\u00e0 re\u00e7u des demandes d\u2019autres associations nationales qui souhaiteraient tenir leurs r\u00e9unions professionnelles \u00e0 Ficoba.<\/p>\n<p>En plus des salons, la plus forte croissance de l\u2019activit\u00e9 de Ficoba se situe dans les \u00e9v\u00e9nements, dont le nombre a tripl\u00e9, passant de 17 \u00e9v\u00e9nements en 2021 \u00e0 56 en 2022. Cette section comprend des activit\u00e9s sociales et populaires telles que des spectacles, des concerts, des prix, des repas, des danses, etc.<\/p>\n<p>Dans cette section, il convient de mentionner que Ficoba a \u00e9t\u00e9 choisi pour la tenue d\u2019\u00e9v\u00e9nements culturels. Parmi ces \u00e9v\u00e9nements, nous pouvons citer en 2022 la demi-finale du <strong>Championnat Bertsolaris d\u2019Euskal Herria<\/strong> ou les concerts du festival <strong>Irun Zuzenean<\/strong>.<\/p>\n<p>Les r\u00e9unions sont rest\u00e9es quant \u00e0 elles stables, avec 214 r\u00e9unions par rapport aux 212 r\u00e9unions de 2021. Dans ce domaine, nous remarquons les OPE (Offres Publiques d\u2019Emploi), les examens HABE et les incontournables examens d\u2019embarcations de plaisance, entre autres.<\/p>\n<p>La hausse des activit\u00e9s durant 2022 a permis \u00e0 Ficoba d\u2019atteindre le plus haut chiffre d\u2019affaires de toute son histoire\u00a0: 2,35\u00a0millions d\u2019euros par rapport aux 1,4\u00a0millions d\u2019euros de 2021.<\/p>\n<p><strong>UNIRE, un nouveau salon professionnel et d\u2019autres nouveaut\u00e9s<\/strong><\/p>\n<p>Ficoba continue de chercher de nouvelles niches d\u2019activit\u00e9 pour promouvoir des salons professionnels. C\u2019est ainsi que s\u2019est d\u00e9roul\u00e9e, les 8 et 9 mars, la premi\u00e8re \u00e9dition d\u2019<strong>UNIRE<\/strong>, le seul salon de toute l\u2019Espagne sp\u00e9cialis\u00e9 dans le soudage et les technologies d\u2019assemblage, qui a re\u00e7u un excellent accueil au sein du secteur industriel et comptera de ce fait plus de 60 exposants qui repr\u00e9sentent la totalit\u00e9 de la cha\u00eene de valeur du secteur.<\/p>\n<p>\u00c0 l\u2019occasion de la tenue du salon, les XXIIIe journ\u00e9es de CESOL, l\u2019association espagnole de soudage et de technologies d\u2019assemblage, se tiendront du 7 au 9 mars. Cet \u00e9v\u00e9nement, \u00e9galement itin\u00e9rant, se tient cette ann\u00e9e \u00e0 Ficoba pour en faire pendant le mois de mars le centre national du soudage et des technologies d\u2019assemblage.<\/p>\n<p>Cette capacit\u00e9 de rassemblement d\u2019\u00e9v\u00e9nements li\u00e9s \u00e0 la th\u00e9matique des salons organis\u00e9s par Ficoba se refl\u00e8te \u00e9galement dans <strong>Ababor<\/strong>, le salon nautique d\u2019Euskadi qui cette ann\u00e9e tient sa deuxi\u00e8me \u00e9dition. ANEN, Association nationale d\u2019entreprises nautiques, une entit\u00e9 en partenariat avec Ababor, a d\u00e9cid\u00e9 d\u2019organiser son Xe Congr\u00e8s nautique \u00e0 Saint-S\u00e9bastien les 9 et 10 mars, ce qui fera de Guipuzcoa l\u2019\u00e9picentre du secteur nautique en Espagne.<\/p>\n<p>Autre bonne nouvelle au calendrier Ficoba\u00a0: le retour du championnat de formation professionnelle <strong>Eusko Skills<\/strong> et la tenue de la vingti\u00e8me \u00e9dition de <strong>Bioterra<\/strong>, le salon doyen de Ficoba, qui se tiendra du 2 au 4 juin.<\/p>\n<p><strong>Calendrier des principaux \u00e9v\u00e9nements (confirm\u00e9s \u00e0 ce jour)<\/strong><\/p>\n<ul>\n<li>24 f\u00e9vrier. VIe Caravantur, le salon des caravanes, vans et fourgonnettes<\/li>\n<li>27 f\u00e9vrier-2 Mars. Congr\u00e8s de m\u00e9moire historique<\/li>\n<li>2 mars. Appel Conseil r\u00e9gional de Guipuzcoa<\/li>\n<li>Du 7 au 9 mars. Congr\u00e8s de CESOL, Association espagnole du soudage et des technologies d\u2019assemblage<\/li>\n<li>8 et 9 mars. UNIRE, salon du soudage et des technologies d\u2019assemblage<\/li>\n<li>16 mars. Examens nautiques<\/li>\n<li>Prix Irun Ekintzan<\/li>\n<li>Du 24 au 26 mars. IIe Salon nautique Ababor<\/li>\n<\/ul>\n<p>&nbsp;<\/p>\n<ul>\n<li>30 mars. Krea, Salon de l&rsquo;entrepreneuriat, de l&rsquo;innovation et de la cr\u00e9ativit\u00e9<\/li>\n<li>1er avril. XVI Exposition Internationale F\u00e9line<\/li>\n<li>22 avril. Conf\u00e9rence internationale Gure Esku Dago<\/li>\n<li>30 avril. Exposition Internationale Canine<\/li>\n<li>4 mai. Examens HABE<\/li>\n<li>Eusko Skills 2023<\/li>\n<li>28 mai. Alardealdia<\/li>\n<li>Du 2 au 4 juin. XXe Bioterra, le salon de produits bio, bioconstruction, \u00e9nergies renouvelables et consommation responsable<\/li>\n<li>29-30 septembre. Festival Irun Zuzenean<\/li>\n<li>6-7 octobre. Examens HABE<\/li>\n<li>14-15 octobre. Salon du Mariage \u00abLos mu\u00f1ecos de la tarta\u00bb<\/li>\n<li>9 novembre. Examens nautiques<\/li>\n<li>17-19 novembre. Ficoauto, le salon du v\u00e9hicule d\u2019occasion<\/li>\n<li>D\u00e9cembre. IVe festival v\u00e9gan Be Veggie<\/li>\n<\/ul>\n<p>&nbsp;<\/p>\n<p><strong>Principaux \u00e9v\u00e9nements d\u00e9j\u00e0 r\u00e9alis\u00e9s<\/strong><\/p>\n<ul>\n<li>30 janvier. Salon professionnel Basquisite, Exquisite Foods &amp; Beverages<\/li>\n<li>11 f\u00e9vrier. IVAP Concours ouvert du gouvernement basque<\/li>\n<li>14 f\u00e9vrier. Appel Conseil r\u00e9gional de Guipuzcoa<\/li>\n<\/ul>\n<p><strong>\u00a0<\/strong><\/p>\n<p><strong>Le calendrier rassemble les \u00e9v\u00e9nements de plus grande dimension, principalement ceux qui se d\u00e9roulent dans les pavillons du parc des expositions.<\/strong><\/p>\n<p><strong>\u00a0<\/strong><\/p>\n","protected":false},"excerpt":{"rendered":"<p>L&rsquo;effet induit engendr\u00e9 sur l&rsquo;environnement s&rsquo;est \u00e9lev\u00e9 \u00e0 32 millions d\u2019euros Parmi les nouveaut\u00e9s pour 2023, nous pouvons citer le salon professionnel UNIRE du soudage et des technologies d\u2019assemblage (Irun, [&hellip;]<\/p>\n","protected":false},"author":2,"featured_media":15805,"comment_status":"closed","ping_status":"closed","sticky":false,"template":"","format":"standard","meta":{"_et_pb_use_builder":"","_et_pb_old_content":"","_et_gb_content_width":"","footnotes":""},"categories":[19],"tags":[],"class_list":["post-15810","post","type-post","status-publish","format-standard","has-post-thumbnail","hentry","category-evenements-et-salons"],"yoast_head":"<!-- This site is optimized with the Yoast SEO plugin v26.8 - https:\/\/yoast.com\/product\/yoast-seo-wordpress\/ -->\n<title>Ficoba cl\u00f4t l\u2019exercice en augmentant tous ses param\u00e8tres et entre dans le circuit national des expositions itin\u00e9rantes - Ficoba<\/title>\n<meta name=\"robots\" content=\"index, follow, max-snippet:-1, max-image-preview:large, max-video-preview:-1\" \/>\n<link rel=\"canonical\" href=\"https:\/\/www.ficoba.org\/fr\/ficoba-clot-lexercice-en-augmentant-tous-ses-parametres-et-entre-dans-le-circuit-national-des-expositions-itinerantes\/\" \/>\n<meta name=\"twitter:label1\" content=\"\u00c9crit par\" \/>\n\t<meta name=\"twitter:data1\" content=\"ficoba\" \/>\n\t<meta name=\"twitter:label2\" content=\"Dur\u00e9e de lecture estim\u00e9e\" \/>\n\t<meta name=\"twitter:data2\" content=\"5 minutes\" \/>\n<script type=\"application\/ld+json\" class=\"yoast-schema-graph\">{\"@context\":\"https:\/\/schema.org\",\"@graph\":[{\"@type\":\"Article\",\"@id\":\"https:\/\/www.ficoba.org\/fr\/ficoba-clot-lexercice-en-augmentant-tous-ses-parametres-et-entre-dans-le-circuit-national-des-expositions-itinerantes\/#article\",\"isPartOf\":{\"@id\":\"https:\/\/www.ficoba.org\/fr\/ficoba-clot-lexercice-en-augmentant-tous-ses-parametres-et-entre-dans-le-circuit-national-des-expositions-itinerantes\/\"},\"author\":{\"name\":\"ficoba\",\"@id\":\"https:\/\/www.ficoba.org\/es\/#\/schema\/person\/8a96a121e5dbd393e6e6b5a7ee7ed407\"},\"headline\":\"Ficoba cl\u00f4t l\u2019exercice en augmentant tous ses param\u00e8tres et entre dans le circuit national des expositions itin\u00e9rantes\",\"datePublished\":\"2023-02-15T11:31:12+00:00\",\"mainEntityOfPage\":{\"@id\":\"https:\/\/www.ficoba.org\/fr\/ficoba-clot-lexercice-en-augmentant-tous-ses-parametres-et-entre-dans-le-circuit-national-des-expositions-itinerantes\/\"},\"wordCount\":1101,\"publisher\":{\"@id\":\"https:\/\/www.ficoba.org\/es\/#organization\"},\"image\":{\"@id\":\"https:\/\/www.ficoba.org\/fr\/ficoba-clot-lexercice-en-augmentant-tous-ses-parametres-et-entre-dans-le-circuit-national-des-expositions-itinerantes\/#primaryimage\"},\"thumbnailUrl\":\"https:\/\/www.ficoba.org\/wp-content\/uploads\/2023\/02\/Ficoba-1-scaled.jpg\",\"articleSection\":[\"\u00c9v\u00e9nements et salons\"],\"inLanguage\":\"fr-FR\"},{\"@type\":\"WebPage\",\"@id\":\"https:\/\/www.ficoba.org\/fr\/ficoba-clot-lexercice-en-augmentant-tous-ses-parametres-et-entre-dans-le-circuit-national-des-expositions-itinerantes\/\",\"url\":\"https:\/\/www.ficoba.org\/fr\/ficoba-clot-lexercice-en-augmentant-tous-ses-parametres-et-entre-dans-le-circuit-national-des-expositions-itinerantes\/\",\"name\":\"Ficoba cl\u00f4t l\u2019exercice en augmentant tous ses param\u00e8tres et entre dans le circuit national des expositions itin\u00e9rantes - Ficoba\",\"isPartOf\":{\"@id\":\"https:\/\/www.ficoba.org\/es\/#website\"},\"primaryImageOfPage\":{\"@id\":\"https:\/\/www.ficoba.org\/fr\/ficoba-clot-lexercice-en-augmentant-tous-ses-parametres-et-entre-dans-le-circuit-national-des-expositions-itinerantes\/#primaryimage\"},\"image\":{\"@id\":\"https:\/\/www.ficoba.org\/fr\/ficoba-clot-lexercice-en-augmentant-tous-ses-parametres-et-entre-dans-le-circuit-national-des-expositions-itinerantes\/#primaryimage\"},\"thumbnailUrl\":\"https:\/\/www.ficoba.org\/wp-content\/uploads\/2023\/02\/Ficoba-1-scaled.jpg\",\"datePublished\":\"2023-02-15T11:31:12+00:00\",\"breadcrumb\":{\"@id\":\"https:\/\/www.ficoba.org\/fr\/ficoba-clot-lexercice-en-augmentant-tous-ses-parametres-et-entre-dans-le-circuit-national-des-expositions-itinerantes\/#breadcrumb\"},\"inLanguage\":\"fr-FR\",\"potentialAction\":[{\"@type\":\"ReadAction\",\"target\":[\"https:\/\/www.ficoba.org\/fr\/ficoba-clot-lexercice-en-augmentant-tous-ses-parametres-et-entre-dans-le-circuit-national-des-expositions-itinerantes\/\"]}]},{\"@type\":\"ImageObject\",\"inLanguage\":\"fr-FR\",\"@id\":\"https:\/\/www.ficoba.org\/fr\/ficoba-clot-lexercice-en-augmentant-tous-ses-parametres-et-entre-dans-le-circuit-national-des-expositions-itinerantes\/#primaryimage\",\"url\":\"https:\/\/www.ficoba.org\/wp-content\/uploads\/2023\/02\/Ficoba-1-scaled.jpg\",\"contentUrl\":\"https:\/\/www.ficoba.org\/wp-content\/uploads\/2023\/02\/Ficoba-1-scaled.jpg\",\"width\":2560,\"height\":1920},{\"@type\":\"BreadcrumbList\",\"@id\":\"https:\/\/www.ficoba.org\/fr\/ficoba-clot-lexercice-en-augmentant-tous-ses-parametres-et-entre-dans-le-circuit-national-des-expositions-itinerantes\/#breadcrumb\",\"itemListElement\":[{\"@type\":\"ListItem\",\"position\":1,\"name\":\"Portada\",\"item\":\"https:\/\/www.ficoba.org\/fr\/\"},{\"@type\":\"ListItem\",\"position\":2,\"name\":\"Ficoba cl\u00f4t l\u2019exercice en augmentant tous ses param\u00e8tres et entre dans le circuit national des expositions itin\u00e9rantes\"}]},{\"@type\":\"WebSite\",\"@id\":\"https:\/\/www.ficoba.org\/es\/#website\",\"url\":\"https:\/\/www.ficoba.org\/es\/\",\"name\":\"Ficoba, Recinto Ferial de Gipuzkoa\",\"description\":\"Ficoba, l\u2019art de cr\u00e9er des opportunit\u00e9s\",\"publisher\":{\"@id\":\"https:\/\/www.ficoba.org\/es\/#organization\"},\"alternateName\":\"Ficoba\",\"potentialAction\":[{\"@type\":\"SearchAction\",\"target\":{\"@type\":\"EntryPoint\",\"urlTemplate\":\"https:\/\/www.ficoba.org\/es\/?s={search_term_string}\"},\"query-input\":{\"@type\":\"PropertyValueSpecification\",\"valueRequired\":true,\"valueName\":\"search_term_string\"}}],\"inLanguage\":\"fr-FR\"},{\"@type\":\"Organization\",\"@id\":\"https:\/\/www.ficoba.org\/es\/#organization\",\"name\":\"Ficoba, Reciento Ferial de Gipuzkoa\",\"url\":\"https:\/\/www.ficoba.org\/es\/\",\"logo\":{\"@type\":\"ImageObject\",\"inLanguage\":\"fr-FR\",\"@id\":\"https:\/\/www.ficoba.org\/es\/#\/schema\/logo\/image\/\",\"url\":\"https:\/\/www.ficoba.org\/wp-content\/uploads\/2018\/11\/logo_ficoba.png\",\"contentUrl\":\"https:\/\/www.ficoba.org\/wp-content\/uploads\/2018\/11\/logo_ficoba.png\",\"width\":200,\"height\":124,\"caption\":\"Ficoba, Reciento Ferial de Gipuzkoa\"},\"image\":{\"@id\":\"https:\/\/www.ficoba.org\/es\/#\/schema\/logo\/image\/\"},\"sameAs\":[\"https:\/\/www.facebook.com\/FICOBAFUNDAZIOA\/\",\"https:\/\/x.com\/FicobaFundazioa\",\"https:\/\/www.youtube.com\/channel\/UCvo2JGluemyCf5KPRmEF9JQ\",\"https:\/\/www.linkedin.com\/company\/ficoba\/\",\"https:\/\/www.instagram.com\/ficobafundazioa\/\"]},{\"@type\":\"Person\",\"@id\":\"https:\/\/www.ficoba.org\/es\/#\/schema\/person\/8a96a121e5dbd393e6e6b5a7ee7ed407\",\"name\":\"ficoba\",\"image\":{\"@type\":\"ImageObject\",\"inLanguage\":\"fr-FR\",\"@id\":\"https:\/\/www.ficoba.org\/es\/#\/schema\/person\/image\/\",\"url\":\"https:\/\/secure.gravatar.com\/avatar\/c90cc0e07f75fecbe4165c1906a4cd61b0179a28caae2205d37516e4fb7c30c1?s=96&d=mm&r=g\",\"contentUrl\":\"https:\/\/secure.gravatar.com\/avatar\/c90cc0e07f75fecbe4165c1906a4cd61b0179a28caae2205d37516e4fb7c30c1?s=96&d=mm&r=g\",\"caption\":\"ficoba\"}}]}<\/script>\n<!-- \/ Yoast SEO plugin. -->","yoast_head_json":{"title":"Ficoba cl\u00f4t l\u2019exercice en augmentant tous ses param\u00e8tres et entre dans le circuit national des expositions itin\u00e9rantes - Ficoba","robots":{"index":"index","follow":"follow","max-snippet":"max-snippet:-1","max-image-preview":"max-image-preview:large","max-video-preview":"max-video-preview:-1"},"canonical":"https:\/\/www.ficoba.org\/fr\/ficoba-clot-lexercice-en-augmentant-tous-ses-parametres-et-entre-dans-le-circuit-national-des-expositions-itinerantes\/","twitter_misc":{"\u00c9crit par":"ficoba","Dur\u00e9e de lecture estim\u00e9e":"5 minutes"},"schema":{"@context":"https:\/\/schema.org","@graph":[{"@type":"Article","@id":"https:\/\/www.ficoba.org\/fr\/ficoba-clot-lexercice-en-augmentant-tous-ses-parametres-et-entre-dans-le-circuit-national-des-expositions-itinerantes\/#article","isPartOf":{"@id":"https:\/\/www.ficoba.org\/fr\/ficoba-clot-lexercice-en-augmentant-tous-ses-parametres-et-entre-dans-le-circuit-national-des-expositions-itinerantes\/"},"author":{"name":"ficoba","@id":"https:\/\/www.ficoba.org\/es\/#\/schema\/person\/8a96a121e5dbd393e6e6b5a7ee7ed407"},"headline":"Ficoba cl\u00f4t l\u2019exercice en augmentant tous ses param\u00e8tres et entre dans le circuit national des expositions itin\u00e9rantes","datePublished":"2023-02-15T11:31:12+00:00","mainEntityOfPage":{"@id":"https:\/\/www.ficoba.org\/fr\/ficoba-clot-lexercice-en-augmentant-tous-ses-parametres-et-entre-dans-le-circuit-national-des-expositions-itinerantes\/"},"wordCount":1101,"publisher":{"@id":"https:\/\/www.ficoba.org\/es\/#organization"},"image":{"@id":"https:\/\/www.ficoba.org\/fr\/ficoba-clot-lexercice-en-augmentant-tous-ses-parametres-et-entre-dans-le-circuit-national-des-expositions-itinerantes\/#primaryimage"},"thumbnailUrl":"https:\/\/www.ficoba.org\/wp-content\/uploads\/2023\/02\/Ficoba-1-scaled.jpg","articleSection":["\u00c9v\u00e9nements et salons"],"inLanguage":"fr-FR"},{"@type":"WebPage","@id":"https:\/\/www.ficoba.org\/fr\/ficoba-clot-lexercice-en-augmentant-tous-ses-parametres-et-entre-dans-le-circuit-national-des-expositions-itinerantes\/","url":"https:\/\/www.ficoba.org\/fr\/ficoba-clot-lexercice-en-augmentant-tous-ses-parametres-et-entre-dans-le-circuit-national-des-expositions-itinerantes\/","name":"Ficoba cl\u00f4t l\u2019exercice en augmentant tous ses param\u00e8tres et entre dans le circuit national des expositions itin\u00e9rantes - Ficoba","isPartOf":{"@id":"https:\/\/www.ficoba.org\/es\/#website"},"primaryImageOfPage":{"@id":"https:\/\/www.ficoba.org\/fr\/ficoba-clot-lexercice-en-augmentant-tous-ses-parametres-et-entre-dans-le-circuit-national-des-expositions-itinerantes\/#primaryimage"},"image":{"@id":"https:\/\/www.ficoba.org\/fr\/ficoba-clot-lexercice-en-augmentant-tous-ses-parametres-et-entre-dans-le-circuit-national-des-expositions-itinerantes\/#primaryimage"},"thumbnailUrl":"https:\/\/www.ficoba.org\/wp-content\/uploads\/2023\/02\/Ficoba-1-scaled.jpg","datePublished":"2023-02-15T11:31:12+00:00","breadcrumb":{"@id":"https:\/\/www.ficoba.org\/fr\/ficoba-clot-lexercice-en-augmentant-tous-ses-parametres-et-entre-dans-le-circuit-national-des-expositions-itinerantes\/#breadcrumb"},"inLanguage":"fr-FR","potentialAction":[{"@type":"ReadAction","target":["https:\/\/www.ficoba.org\/fr\/ficoba-clot-lexercice-en-augmentant-tous-ses-parametres-et-entre-dans-le-circuit-national-des-expositions-itinerantes\/"]}]},{"@type":"ImageObject","inLanguage":"fr-FR","@id":"https:\/\/www.ficoba.org\/fr\/ficoba-clot-lexercice-en-augmentant-tous-ses-parametres-et-entre-dans-le-circuit-national-des-expositions-itinerantes\/#primaryimage","url":"https:\/\/www.ficoba.org\/wp-content\/uploads\/2023\/02\/Ficoba-1-scaled.jpg","contentUrl":"https:\/\/www.ficoba.org\/wp-content\/uploads\/2023\/02\/Ficoba-1-scaled.jpg","width":2560,"height":1920},{"@type":"BreadcrumbList","@id":"https:\/\/www.ficoba.org\/fr\/ficoba-clot-lexercice-en-augmentant-tous-ses-parametres-et-entre-dans-le-circuit-national-des-expositions-itinerantes\/#breadcrumb","itemListElement":[{"@type":"ListItem","position":1,"name":"Portada","item":"https:\/\/www.ficoba.org\/fr\/"},{"@type":"ListItem","position":2,"name":"Ficoba cl\u00f4t l\u2019exercice en augmentant tous ses param\u00e8tres et entre dans le circuit national des expositions itin\u00e9rantes"}]},{"@type":"WebSite","@id":"https:\/\/www.ficoba.org\/es\/#website","url":"https:\/\/www.ficoba.org\/es\/","name":"Ficoba, Recinto Ferial de Gipuzkoa","description":"Ficoba, l\u2019art de cr\u00e9er des opportunit\u00e9s","publisher":{"@id":"https:\/\/www.ficoba.org\/es\/#organization"},"alternateName":"Ficoba","potentialAction":[{"@type":"SearchAction","target":{"@type":"EntryPoint","urlTemplate":"https:\/\/www.ficoba.org\/es\/?s={search_term_string}"},"query-input":{"@type":"PropertyValueSpecification","valueRequired":true,"valueName":"search_term_string"}}],"inLanguage":"fr-FR"},{"@type":"Organization","@id":"https:\/\/www.ficoba.org\/es\/#organization","name":"Ficoba, Reciento Ferial de Gipuzkoa","url":"https:\/\/www.ficoba.org\/es\/","logo":{"@type":"ImageObject","inLanguage":"fr-FR","@id":"https:\/\/www.ficoba.org\/es\/#\/schema\/logo\/image\/","url":"https:\/\/www.ficoba.org\/wp-content\/uploads\/2018\/11\/logo_ficoba.png","contentUrl":"https:\/\/www.ficoba.org\/wp-content\/uploads\/2018\/11\/logo_ficoba.png","width":200,"height":124,"caption":"Ficoba, Reciento Ferial de Gipuzkoa"},"image":{"@id":"https:\/\/www.ficoba.org\/es\/#\/schema\/logo\/image\/"},"sameAs":["https:\/\/www.facebook.com\/FICOBAFUNDAZIOA\/","https:\/\/x.com\/FicobaFundazioa","https:\/\/www.youtube.com\/channel\/UCvo2JGluemyCf5KPRmEF9JQ","https:\/\/www.linkedin.com\/company\/ficoba\/","https:\/\/www.instagram.com\/ficobafundazioa\/"]},{"@type":"Person","@id":"https:\/\/www.ficoba.org\/es\/#\/schema\/person\/8a96a121e5dbd393e6e6b5a7ee7ed407","name":"ficoba","image":{"@type":"ImageObject","inLanguage":"fr-FR","@id":"https:\/\/www.ficoba.org\/es\/#\/schema\/person\/image\/","url":"https:\/\/secure.gravatar.com\/avatar\/c90cc0e07f75fecbe4165c1906a4cd61b0179a28caae2205d37516e4fb7c30c1?s=96&d=mm&r=g","contentUrl":"https:\/\/secure.gravatar.com\/avatar\/c90cc0e07f75fecbe4165c1906a4cd61b0179a28caae2205d37516e4fb7c30c1?s=96&d=mm&r=g","caption":"ficoba"}}]}},"_links":{"self":[{"href":"https:\/\/www.ficoba.org\/fr\/wp-json\/wp\/v2\/posts\/15810","targetHints":{"allow":["GET"]}}],"collection":[{"href":"https:\/\/www.ficoba.org\/fr\/wp-json\/wp\/v2\/posts"}],"about":[{"href":"https:\/\/www.ficoba.org\/fr\/wp-json\/wp\/v2\/types\/post"}],"author":[{"embeddable":true,"href":"https:\/\/www.ficoba.org\/fr\/wp-json\/wp\/v2\/users\/2"}],"replies":[{"embeddable":true,"href":"https:\/\/www.ficoba.org\/fr\/wp-json\/wp\/v2\/comments?post=15810"}],"version-history":[{"count":1,"href":"https:\/\/www.ficoba.org\/fr\/wp-json\/wp\/v2\/posts\/15810\/revisions"}],"predecessor-version":[{"id":15811,"href":"https:\/\/www.ficoba.org\/fr\/wp-json\/wp\/v2\/posts\/15810\/revisions\/15811"}],"wp:featuredmedia":[{"embeddable":true,"href":"https:\/\/www.ficoba.org\/fr\/wp-json\/wp\/v2\/media\/15805"}],"wp:attachment":[{"href":"https:\/\/www.ficoba.org\/fr\/wp-json\/wp\/v2\/media?parent=15810"}],"wp:term":[{"taxonomy":"category","embeddable":true,"href":"https:\/\/www.ficoba.org\/fr\/wp-json\/wp\/v2\/categories?post=15810"},{"taxonomy":"post_tag","embeddable":true,"href":"https:\/\/www.ficoba.org\/fr\/wp-json\/wp\/v2\/tags?post=15810"}],"curies":[{"name":"wp","href":"https:\/\/api.w.org\/{rel}","templated":true}]}}