{"id":11029,"date":"2022-09-28T12:19:59","date_gmt":"2022-09-28T10:19:59","guid":{"rendered":"https:\/\/www.ficoba.org\/?p=11029"},"modified":"2022-09-28T12:19:59","modified_gmt":"2022-09-28T10:19:59","slug":"journees-sur-le-changement-de-reglementation-et-la-transformation-urbaine-vers-des-villes-plus-durables","status":"publish","type":"post","link":"https:\/\/www.ficoba.org\/fr\/journees-sur-le-changement-de-reglementation-et-la-transformation-urbaine-vers-des-villes-plus-durables\/","title":{"rendered":"Journ\u00e9es sur le changement de r\u00e9glementation et la transformation urbaine : vers des villes plus durables"},"content":{"rendered":"<ul>\n<li><strong>La rencontre, promue par la Mairie d\u2019Irun, aura lieu \u00e0 Ficoba les 5 et 6 octobre<\/strong><\/li>\n<\/ul>\n<ul>\n<li><strong>Mar\u00eda Jos\u00e9 Rallo, secr\u00e9taire g\u00e9n\u00e9rale aux Transports et \u00e0 la Mobilit\u00e9, Minist\u00e8re des Transports, de la Mobilit\u00e9 et de l\u2019Agenda urbain, et Pere Navarro, directeur g\u00e9n\u00e9ral de la DGT accompagneront le maire d\u2019Irun lors des c\u00e9r\u00e9monies d\u2019inauguration et de cl\u00f4ture, respectivement<\/strong><\/li>\n<\/ul>\n<ul>\n<li><strong>Le programme complet est disponible sur le site Web www.jornadastransformacionurbana.org\/programa\/<\/strong><\/li>\n<\/ul>\n<p>Les changements de r\u00e9glementation, tels que les zones \u00e0 faibles \u00e9missions (ZFE) et la Loi sur la Mobilit\u00e9 durable et le Financement du Transport, acc\u00e9l\u00e8rent la transition vers des villes de plus en plus durables. Une nouvelle r\u00e9alit\u00e9 de l\u2019environnement urbain qui touche des institutions, des entreprises et des professionnels, et les citoyens.<\/p>\n<p>Pour ce faire, ces Journ\u00e9es sur le changement de r\u00e9glementation et la transformation urbaine, organis\u00e9es par la mairie d\u2019Irun en collaboration avec la FEMP (F\u00e9d\u00e9ration espagnole des municipalit\u00e9s et provinces), outre le fait d\u2019aborder des contenus sp\u00e9cialis\u00e9s li\u00e9s \u00e0 la mobilit\u00e9, la crise climatique et la transition \u00e9nerg\u00e9tique, ouvriront \u00e9galement un espace pour traiter de sujets particuli\u00e8rement li\u00e9s au quotidien des citoyens.<\/p>\n<p>Le maire d\u2019Irun Jos\u00e9 Antonio Santano parlait de ce double objectif avec les termes suivants\u00a0: \u00ab\u00a0<em>Les journ\u00e9es vont avoir une partie plus technique o\u00f9 nous analyserons le grand d\u00e9fi que suppose la mobilit\u00e9 pour nos villes et les changements auxquels nous allons devoir faire face. Mais tous ces changements ne peuvent \u00eatre faits qu\u2019avec les citoyens. C\u2019est pourquoi il est par ailleurs important de socialiser la mani\u00e8re dont doivent \u00eatre ces espaces durables, les changements et les avantages qu\u2019ils nous apportent, etc<\/em>. Et des d\u00e9bats tr\u00e8s int\u00e9ressants pour les citoyens seront organis\u00e9s durant ces journ\u00e9es.\u00a0\u00bb<\/p>\n<p>Ainsi, le grand public est invit\u00e9 \u00e0 assister \u00e0 l\u2019Auditorium de Ficoba \u00e0 deux conf\u00e9rences o\u00f9 seront trait\u00e9s des th\u00e8mes tels que la nouvelle mobilit\u00e9 dans les villes et son impact positif sur le commerce ou comment d\u00e9cider de l\u2019achat d\u2019un nouveau v\u00e9hicule et l\u2019impact des nouvelles r\u00e9glementations sur la d\u00e9cision.<\/p>\n<p><strong>Un programme professionnel pour d\u00e9battre et r\u00e9fl\u00e9chir<\/strong><\/p>\n<p>L\u2019essentiel du programme a \u00e9t\u00e9 con\u00e7u pour que des repr\u00e9sentants municipaux, des institutions publiques, des entreprises publiques de transport et des op\u00e9rateurs de transport de tout l\u2019\u00c9tat r\u00e9fl\u00e9chissent et d\u00e9battent, \u00e0 travers les cas d\u2019utilisation mis en \u0153uvre dans diverses villes et l\u2019apport d\u2019experts, autour des d\u00e9fis et des opportunit\u00e9s que signifient les nouvelles r\u00e9glementations pour les villes.<\/p>\n<p>Les personnes en charge de pr\u00e9senter ces cas d\u2019utilisation seront, outre des repr\u00e9sentants municipaux et institutionnels, des experts en mobilit\u00e9 durable, des experts en solutions technologiques et des experts en financement et gestion de fonds publics et europ\u00e9ens.<\/p>\n<p>Les th\u00e8mes qui seront abord\u00e9s sont divers et vari\u00e9s. Durant la premi\u00e8re journ\u00e9e, le mercredi\u00a05\u00a0octobre, les contenus tourneront autour des modes de transport urbain durables et de la transformation urbaine\u00a0:\u00a0 un guide pour l\u2019introduction de crit\u00e8res de s\u00e9curit\u00e9 routi\u00e8re dans la r\u00e9daction des plans de mobilit\u00e9 urbaine durable\u00a0; le financement du transport public urbain et la d\u00e9termination des tarifs, les Zones \u00e0 faibles \u00e9missions dans le cadre de la Loi sur le Changement climatique et la Transition \u00e9nerg\u00e9tique\u00a0; et un d\u00e9bat de l\u2019Avant-projet de la Proposition d\u2019Ordonnance Type de la FEMP sur la cr\u00e9ation et la gestion des Zones \u00e0 faibles \u00e9missions (ZFE).<\/p>\n<p>Le jeudi\u00a06\u00a0octobre, la participation et la collaboration citoyenne dans les nouveaux d\u00e9fis de mobilit\u00e9, le Plan de Mobilit\u00e9 urbaine durable (PMUD) d\u2019Irun et l\u2019infrastructure urbaine de la recharge du v\u00e9hicule \u00e9lectrique seront au premier plan.<\/p>\n<p>La conf\u00e9rence de cl\u00f4ture incombera \u00e0 Pere Navarro, directeur g\u00e9n\u00e9ral de la DGT.<\/p>\n<p><strong>S\u00e9ance d\u2019inauguration et c\u00e9r\u00e9monie de cl\u00f4ture<\/strong><\/p>\n<p>L\u2019inauguration de ces premi\u00e8res Journ\u00e9es sur le changement de r\u00e9glementation et la transformation urbaine aura lieu le mercredi\u00a05\u00a0octobre \u00e0 9\u00a0h avec la participation de Jos\u00e9 Antonio Santano, maire d\u2019Irun\u00a0; Mar\u00eda Jos\u00e9 Rallo, secr\u00e9taire g\u00e9n\u00e9rale aux Transports et \u00e0 la Mobilit\u00e9, Minist\u00e8res des Transports, de la Mobilit\u00e9 et de l\u2019Agenda urbain\u00a0; et Rafaela Romero, D\u00e9put\u00e9e de la Mobilit\u00e9 et de la Planification territoriale, du Conseil R\u00e9gional de Guipuzcoa.<\/p>\n<p>La c\u00e9r\u00e9monie de cl\u00f4ture aura lieu le jeudi\u00a06\u00a0octobre \u00e0 13\u00a0h\u00a050. \u00c0 cette occasion, le maire d\u2019Irun sera accompagn\u00e9 du directeur g\u00e9n\u00e9ral de la DGT, Pere Navarro.<\/p>\n<p>&nbsp;<\/p>\n<p><strong>Plus d\u2019informations\u00a0: https:\/\/www.jornadastransformacionurbana.org\/<\/strong><\/p>\n","protected":false},"excerpt":{"rendered":"<p>La rencontre, promue par la Mairie d\u2019Irun, aura lieu \u00e0 Ficoba les 5 et 6 octobre Mar\u00eda Jos\u00e9 Rallo, secr\u00e9taire g\u00e9n\u00e9rale aux Transports et \u00e0 la Mobilit\u00e9, Minist\u00e8re des Transports, [&hellip;]<\/p>\n","protected":false},"author":2,"featured_media":11025,"comment_status":"closed","ping_status":"closed","sticky":false,"template":"","format":"standard","meta":{"_et_pb_use_builder":"","_et_pb_old_content":"","_et_gb_content_width":"","footnotes":""},"categories":[19],"tags":[],"class_list":["post-11029","post","type-post","status-publish","format-standard","has-post-thumbnail","hentry","category-evenements-et-salons"],"yoast_head":"<!-- This site is optimized with the Yoast SEO plugin v26.8 - https:\/\/yoast.com\/product\/yoast-seo-wordpress\/ -->\n<title>Journ\u00e9es sur le changement de r\u00e9glementation et la transformation urbaine : vers des villes plus durables - Ficoba<\/title>\n<meta name=\"robots\" content=\"index, follow, max-snippet:-1, max-image-preview:large, max-video-preview:-1\" \/>\n<link rel=\"canonical\" href=\"https:\/\/www.ficoba.org\/fr\/journees-sur-le-changement-de-reglementation-et-la-transformation-urbaine-vers-des-villes-plus-durables\/\" \/>\n<meta name=\"twitter:label1\" content=\"\u00c9crit par\" \/>\n\t<meta name=\"twitter:data1\" content=\"ficoba\" \/>\n\t<meta name=\"twitter:label2\" content=\"Dur\u00e9e de lecture estim\u00e9e\" \/>\n\t<meta name=\"twitter:data2\" content=\"4 minutes\" \/>\n<script type=\"application\/ld+json\" class=\"yoast-schema-graph\">{\"@context\":\"https:\/\/schema.org\",\"@graph\":[{\"@type\":\"Article\",\"@id\":\"https:\/\/www.ficoba.org\/fr\/journees-sur-le-changement-de-reglementation-et-la-transformation-urbaine-vers-des-villes-plus-durables\/#article\",\"isPartOf\":{\"@id\":\"https:\/\/www.ficoba.org\/fr\/journees-sur-le-changement-de-reglementation-et-la-transformation-urbaine-vers-des-villes-plus-durables\/\"},\"author\":{\"name\":\"ficoba\",\"@id\":\"https:\/\/www.ficoba.org\/es\/#\/schema\/person\/8a96a121e5dbd393e6e6b5a7ee7ed407\"},\"headline\":\"Journ\u00e9es sur le changement de r\u00e9glementation et la transformation urbaine : vers des villes plus durables\",\"datePublished\":\"2022-09-28T10:19:59+00:00\",\"mainEntityOfPage\":{\"@id\":\"https:\/\/www.ficoba.org\/fr\/journees-sur-le-changement-de-reglementation-et-la-transformation-urbaine-vers-des-villes-plus-durables\/\"},\"wordCount\":822,\"publisher\":{\"@id\":\"https:\/\/www.ficoba.org\/es\/#organization\"},\"image\":{\"@id\":\"https:\/\/www.ficoba.org\/fr\/journees-sur-le-changement-de-reglementation-et-la-transformation-urbaine-vers-des-villes-plus-durables\/#primaryimage\"},\"thumbnailUrl\":\"https:\/\/www.ficoba.org\/wp-content\/uploads\/2022\/09\/Jornadas-1-scaled.jpg\",\"articleSection\":[\"\u00c9v\u00e9nements et salons\"],\"inLanguage\":\"fr-FR\"},{\"@type\":\"WebPage\",\"@id\":\"https:\/\/www.ficoba.org\/fr\/journees-sur-le-changement-de-reglementation-et-la-transformation-urbaine-vers-des-villes-plus-durables\/\",\"url\":\"https:\/\/www.ficoba.org\/fr\/journees-sur-le-changement-de-reglementation-et-la-transformation-urbaine-vers-des-villes-plus-durables\/\",\"name\":\"Journ\u00e9es sur le changement de r\u00e9glementation et la transformation urbaine : vers des villes plus durables - Ficoba\",\"isPartOf\":{\"@id\":\"https:\/\/www.ficoba.org\/es\/#website\"},\"primaryImageOfPage\":{\"@id\":\"https:\/\/www.ficoba.org\/fr\/journees-sur-le-changement-de-reglementation-et-la-transformation-urbaine-vers-des-villes-plus-durables\/#primaryimage\"},\"image\":{\"@id\":\"https:\/\/www.ficoba.org\/fr\/journees-sur-le-changement-de-reglementation-et-la-transformation-urbaine-vers-des-villes-plus-durables\/#primaryimage\"},\"thumbnailUrl\":\"https:\/\/www.ficoba.org\/wp-content\/uploads\/2022\/09\/Jornadas-1-scaled.jpg\",\"datePublished\":\"2022-09-28T10:19:59+00:00\",\"breadcrumb\":{\"@id\":\"https:\/\/www.ficoba.org\/fr\/journees-sur-le-changement-de-reglementation-et-la-transformation-urbaine-vers-des-villes-plus-durables\/#breadcrumb\"},\"inLanguage\":\"fr-FR\",\"potentialAction\":[{\"@type\":\"ReadAction\",\"target\":[\"https:\/\/www.ficoba.org\/fr\/journees-sur-le-changement-de-reglementation-et-la-transformation-urbaine-vers-des-villes-plus-durables\/\"]}]},{\"@type\":\"ImageObject\",\"inLanguage\":\"fr-FR\",\"@id\":\"https:\/\/www.ficoba.org\/fr\/journees-sur-le-changement-de-reglementation-et-la-transformation-urbaine-vers-des-villes-plus-durables\/#primaryimage\",\"url\":\"https:\/\/www.ficoba.org\/wp-content\/uploads\/2022\/09\/Jornadas-1-scaled.jpg\",\"contentUrl\":\"https:\/\/www.ficoba.org\/wp-content\/uploads\/2022\/09\/Jornadas-1-scaled.jpg\",\"width\":2560,\"height\":1321},{\"@type\":\"BreadcrumbList\",\"@id\":\"https:\/\/www.ficoba.org\/fr\/journees-sur-le-changement-de-reglementation-et-la-transformation-urbaine-vers-des-villes-plus-durables\/#breadcrumb\",\"itemListElement\":[{\"@type\":\"ListItem\",\"position\":1,\"name\":\"Portada\",\"item\":\"https:\/\/www.ficoba.org\/fr\/\"},{\"@type\":\"ListItem\",\"position\":2,\"name\":\"Journ\u00e9es sur le changement de r\u00e9glementation et la transformation urbaine : vers des villes plus durables\"}]},{\"@type\":\"WebSite\",\"@id\":\"https:\/\/www.ficoba.org\/es\/#website\",\"url\":\"https:\/\/www.ficoba.org\/es\/\",\"name\":\"Ficoba, Recinto Ferial de Gipuzkoa\",\"description\":\"Ficoba, l\u2019art de cr\u00e9er des opportunit\u00e9s\",\"publisher\":{\"@id\":\"https:\/\/www.ficoba.org\/es\/#organization\"},\"alternateName\":\"Ficoba\",\"potentialAction\":[{\"@type\":\"SearchAction\",\"target\":{\"@type\":\"EntryPoint\",\"urlTemplate\":\"https:\/\/www.ficoba.org\/es\/?s={search_term_string}\"},\"query-input\":{\"@type\":\"PropertyValueSpecification\",\"valueRequired\":true,\"valueName\":\"search_term_string\"}}],\"inLanguage\":\"fr-FR\"},{\"@type\":\"Organization\",\"@id\":\"https:\/\/www.ficoba.org\/es\/#organization\",\"name\":\"Ficoba, Reciento Ferial de Gipuzkoa\",\"url\":\"https:\/\/www.ficoba.org\/es\/\",\"logo\":{\"@type\":\"ImageObject\",\"inLanguage\":\"fr-FR\",\"@id\":\"https:\/\/www.ficoba.org\/es\/#\/schema\/logo\/image\/\",\"url\":\"https:\/\/www.ficoba.org\/wp-content\/uploads\/2018\/11\/logo_ficoba.png\",\"contentUrl\":\"https:\/\/www.ficoba.org\/wp-content\/uploads\/2018\/11\/logo_ficoba.png\",\"width\":200,\"height\":124,\"caption\":\"Ficoba, Reciento Ferial de Gipuzkoa\"},\"image\":{\"@id\":\"https:\/\/www.ficoba.org\/es\/#\/schema\/logo\/image\/\"},\"sameAs\":[\"https:\/\/www.facebook.com\/FICOBAFUNDAZIOA\/\",\"https:\/\/x.com\/FicobaFundazioa\",\"https:\/\/www.youtube.com\/channel\/UCvo2JGluemyCf5KPRmEF9JQ\",\"https:\/\/www.linkedin.com\/company\/ficoba\/\",\"https:\/\/www.instagram.com\/ficobafundazioa\/\"]},{\"@type\":\"Person\",\"@id\":\"https:\/\/www.ficoba.org\/es\/#\/schema\/person\/8a96a121e5dbd393e6e6b5a7ee7ed407\",\"name\":\"ficoba\",\"image\":{\"@type\":\"ImageObject\",\"inLanguage\":\"fr-FR\",\"@id\":\"https:\/\/www.ficoba.org\/es\/#\/schema\/person\/image\/\",\"url\":\"https:\/\/secure.gravatar.com\/avatar\/c90cc0e07f75fecbe4165c1906a4cd61b0179a28caae2205d37516e4fb7c30c1?s=96&d=mm&r=g\",\"contentUrl\":\"https:\/\/secure.gravatar.com\/avatar\/c90cc0e07f75fecbe4165c1906a4cd61b0179a28caae2205d37516e4fb7c30c1?s=96&d=mm&r=g\",\"caption\":\"ficoba\"}}]}<\/script>\n<!-- \/ Yoast SEO plugin. -->","yoast_head_json":{"title":"Journ\u00e9es sur le changement de r\u00e9glementation et la transformation urbaine : vers des villes plus durables - Ficoba","robots":{"index":"index","follow":"follow","max-snippet":"max-snippet:-1","max-image-preview":"max-image-preview:large","max-video-preview":"max-video-preview:-1"},"canonical":"https:\/\/www.ficoba.org\/fr\/journees-sur-le-changement-de-reglementation-et-la-transformation-urbaine-vers-des-villes-plus-durables\/","twitter_misc":{"\u00c9crit par":"ficoba","Dur\u00e9e de lecture estim\u00e9e":"4 minutes"},"schema":{"@context":"https:\/\/schema.org","@graph":[{"@type":"Article","@id":"https:\/\/www.ficoba.org\/fr\/journees-sur-le-changement-de-reglementation-et-la-transformation-urbaine-vers-des-villes-plus-durables\/#article","isPartOf":{"@id":"https:\/\/www.ficoba.org\/fr\/journees-sur-le-changement-de-reglementation-et-la-transformation-urbaine-vers-des-villes-plus-durables\/"},"author":{"name":"ficoba","@id":"https:\/\/www.ficoba.org\/es\/#\/schema\/person\/8a96a121e5dbd393e6e6b5a7ee7ed407"},"headline":"Journ\u00e9es sur le changement de r\u00e9glementation et la transformation urbaine : vers des villes plus durables","datePublished":"2022-09-28T10:19:59+00:00","mainEntityOfPage":{"@id":"https:\/\/www.ficoba.org\/fr\/journees-sur-le-changement-de-reglementation-et-la-transformation-urbaine-vers-des-villes-plus-durables\/"},"wordCount":822,"publisher":{"@id":"https:\/\/www.ficoba.org\/es\/#organization"},"image":{"@id":"https:\/\/www.ficoba.org\/fr\/journees-sur-le-changement-de-reglementation-et-la-transformation-urbaine-vers-des-villes-plus-durables\/#primaryimage"},"thumbnailUrl":"https:\/\/www.ficoba.org\/wp-content\/uploads\/2022\/09\/Jornadas-1-scaled.jpg","articleSection":["\u00c9v\u00e9nements et salons"],"inLanguage":"fr-FR"},{"@type":"WebPage","@id":"https:\/\/www.ficoba.org\/fr\/journees-sur-le-changement-de-reglementation-et-la-transformation-urbaine-vers-des-villes-plus-durables\/","url":"https:\/\/www.ficoba.org\/fr\/journees-sur-le-changement-de-reglementation-et-la-transformation-urbaine-vers-des-villes-plus-durables\/","name":"Journ\u00e9es sur le changement de r\u00e9glementation et la transformation urbaine : vers des villes plus durables - Ficoba","isPartOf":{"@id":"https:\/\/www.ficoba.org\/es\/#website"},"primaryImageOfPage":{"@id":"https:\/\/www.ficoba.org\/fr\/journees-sur-le-changement-de-reglementation-et-la-transformation-urbaine-vers-des-villes-plus-durables\/#primaryimage"},"image":{"@id":"https:\/\/www.ficoba.org\/fr\/journees-sur-le-changement-de-reglementation-et-la-transformation-urbaine-vers-des-villes-plus-durables\/#primaryimage"},"thumbnailUrl":"https:\/\/www.ficoba.org\/wp-content\/uploads\/2022\/09\/Jornadas-1-scaled.jpg","datePublished":"2022-09-28T10:19:59+00:00","breadcrumb":{"@id":"https:\/\/www.ficoba.org\/fr\/journees-sur-le-changement-de-reglementation-et-la-transformation-urbaine-vers-des-villes-plus-durables\/#breadcrumb"},"inLanguage":"fr-FR","potentialAction":[{"@type":"ReadAction","target":["https:\/\/www.ficoba.org\/fr\/journees-sur-le-changement-de-reglementation-et-la-transformation-urbaine-vers-des-villes-plus-durables\/"]}]},{"@type":"ImageObject","inLanguage":"fr-FR","@id":"https:\/\/www.ficoba.org\/fr\/journees-sur-le-changement-de-reglementation-et-la-transformation-urbaine-vers-des-villes-plus-durables\/#primaryimage","url":"https:\/\/www.ficoba.org\/wp-content\/uploads\/2022\/09\/Jornadas-1-scaled.jpg","contentUrl":"https:\/\/www.ficoba.org\/wp-content\/uploads\/2022\/09\/Jornadas-1-scaled.jpg","width":2560,"height":1321},{"@type":"BreadcrumbList","@id":"https:\/\/www.ficoba.org\/fr\/journees-sur-le-changement-de-reglementation-et-la-transformation-urbaine-vers-des-villes-plus-durables\/#breadcrumb","itemListElement":[{"@type":"ListItem","position":1,"name":"Portada","item":"https:\/\/www.ficoba.org\/fr\/"},{"@type":"ListItem","position":2,"name":"Journ\u00e9es sur le changement de r\u00e9glementation et la transformation urbaine : vers des villes plus durables"}]},{"@type":"WebSite","@id":"https:\/\/www.ficoba.org\/es\/#website","url":"https:\/\/www.ficoba.org\/es\/","name":"Ficoba, Recinto Ferial de Gipuzkoa","description":"Ficoba, l\u2019art de cr\u00e9er des opportunit\u00e9s","publisher":{"@id":"https:\/\/www.ficoba.org\/es\/#organization"},"alternateName":"Ficoba","potentialAction":[{"@type":"SearchAction","target":{"@type":"EntryPoint","urlTemplate":"https:\/\/www.ficoba.org\/es\/?s={search_term_string}"},"query-input":{"@type":"PropertyValueSpecification","valueRequired":true,"valueName":"search_term_string"}}],"inLanguage":"fr-FR"},{"@type":"Organization","@id":"https:\/\/www.ficoba.org\/es\/#organization","name":"Ficoba, Reciento Ferial de Gipuzkoa","url":"https:\/\/www.ficoba.org\/es\/","logo":{"@type":"ImageObject","inLanguage":"fr-FR","@id":"https:\/\/www.ficoba.org\/es\/#\/schema\/logo\/image\/","url":"https:\/\/www.ficoba.org\/wp-content\/uploads\/2018\/11\/logo_ficoba.png","contentUrl":"https:\/\/www.ficoba.org\/wp-content\/uploads\/2018\/11\/logo_ficoba.png","width":200,"height":124,"caption":"Ficoba, Reciento Ferial de Gipuzkoa"},"image":{"@id":"https:\/\/www.ficoba.org\/es\/#\/schema\/logo\/image\/"},"sameAs":["https:\/\/www.facebook.com\/FICOBAFUNDAZIOA\/","https:\/\/x.com\/FicobaFundazioa","https:\/\/www.youtube.com\/channel\/UCvo2JGluemyCf5KPRmEF9JQ","https:\/\/www.linkedin.com\/company\/ficoba\/","https:\/\/www.instagram.com\/ficobafundazioa\/"]},{"@type":"Person","@id":"https:\/\/www.ficoba.org\/es\/#\/schema\/person\/8a96a121e5dbd393e6e6b5a7ee7ed407","name":"ficoba","image":{"@type":"ImageObject","inLanguage":"fr-FR","@id":"https:\/\/www.ficoba.org\/es\/#\/schema\/person\/image\/","url":"https:\/\/secure.gravatar.com\/avatar\/c90cc0e07f75fecbe4165c1906a4cd61b0179a28caae2205d37516e4fb7c30c1?s=96&d=mm&r=g","contentUrl":"https:\/\/secure.gravatar.com\/avatar\/c90cc0e07f75fecbe4165c1906a4cd61b0179a28caae2205d37516e4fb7c30c1?s=96&d=mm&r=g","caption":"ficoba"}}]}},"_links":{"self":[{"href":"https:\/\/www.ficoba.org\/fr\/wp-json\/wp\/v2\/posts\/11029","targetHints":{"allow":["GET"]}}],"collection":[{"href":"https:\/\/www.ficoba.org\/fr\/wp-json\/wp\/v2\/posts"}],"about":[{"href":"https:\/\/www.ficoba.org\/fr\/wp-json\/wp\/v2\/types\/post"}],"author":[{"embeddable":true,"href":"https:\/\/www.ficoba.org\/fr\/wp-json\/wp\/v2\/users\/2"}],"replies":[{"embeddable":true,"href":"https:\/\/www.ficoba.org\/fr\/wp-json\/wp\/v2\/comments?post=11029"}],"version-history":[{"count":1,"href":"https:\/\/www.ficoba.org\/fr\/wp-json\/wp\/v2\/posts\/11029\/revisions"}],"predecessor-version":[{"id":11030,"href":"https:\/\/www.ficoba.org\/fr\/wp-json\/wp\/v2\/posts\/11029\/revisions\/11030"}],"wp:featuredmedia":[{"embeddable":true,"href":"https:\/\/www.ficoba.org\/fr\/wp-json\/wp\/v2\/media\/11025"}],"wp:attachment":[{"href":"https:\/\/www.ficoba.org\/fr\/wp-json\/wp\/v2\/media?parent=11029"}],"wp:term":[{"taxonomy":"category","embeddable":true,"href":"https:\/\/www.ficoba.org\/fr\/wp-json\/wp\/v2\/categories?post=11029"},{"taxonomy":"post_tag","embeddable":true,"href":"https:\/\/www.ficoba.org\/fr\/wp-json\/wp\/v2\/tags?post=11029"}],"curies":[{"name":"wp","href":"https:\/\/api.w.org\/{rel}","templated":true}]}}