{"id":10932,"date":"2022-09-14T12:42:41","date_gmt":"2022-09-14T10:42:41","guid":{"rendered":"https:\/\/www.ficoba.org\/?p=10932"},"modified":"2022-09-14T12:42:41","modified_gmt":"2022-09-14T10:42:41","slug":"uhinak-2022-quand-lutter-contre-le-changement-climatique-est-un-travail-dequipe","status":"publish","type":"post","link":"https:\/\/www.ficoba.org\/fr\/uhinak-2022-quand-lutter-contre-le-changement-climatique-est-un-travail-dequipe\/","title":{"rendered":"Uhinak 2022 : quand lutter contre le changement climatique est un travail d\u2019\u00e9quipe"},"content":{"rendered":"<ul>\n<li><strong>La cinqui\u00e8me \u00e9dition du congr\u00e8s du changement climatique et le littoral se d\u00e9roulera les 16 et 17\u00a0novembre \u00e0 Ficoba et sera suivi par plus de 150 experts et participants au congr\u00e8s<\/strong><\/li>\n<\/ul>\n<p><em>\u00a0<\/em>Le congr\u00e8s Uhinak, promu par Ficoba et le centre technologique AZTI, c\u00e9l\u00e8bre sa cinqui\u00e8me \u00e9dition \u00e0 Ficoba sous le slogan \u00ab\u00a0Nous nous bougeons pour agir et communiquer face \u00e0 l\u2019urgence climatique\u00a0\u00bb.<\/p>\n<p>Depuis les d\u00e9buts de ce congr\u00e8s en 2015, le changement climatique s\u2019est transform\u00e9 en urgence climatique. Il est devenu une r\u00e9alit\u00e9 urgente face \u00e0 laquelle des d\u00e9cisions doivent \u00eatre prises et, bien \u00e9videmment, planifi\u00e9es.<\/p>\n<p>Les grands d\u00e9fis ant\u00e9rieurs visant \u00e0 mettre en \u0153uvre des mesures efficaces, abord\u00e9s lors de l\u2019\u00e9dition pr\u00e9c\u00e9dente d\u2019Uhinak c\u00e9l\u00e9br\u00e9e en 2020, sont deux suivants\u00a0: acqu\u00e9rir des connaissances et les transf\u00e9rer jusqu\u2019aux domaines o\u00f9 les d\u00e9cisions sont prises et aux propres citoyens.<\/p>\n<p>Et, sur ce point, Uhinak a un important r\u00f4le \u00e0 jouer en tant qu\u2019espace de rencontre, de d\u00e9bat et de r\u00e9flexion de tous les acteurs qui doivent unir leurs forces et travailler ensemble pour relever le d\u00e9fi du changement climatique\u00a0: repr\u00e9sentants du secteur public, de la politique, de l\u2019entreprise, du journalisme, techniciens, experts de centres technologiques et de recherche.<\/p>\n<p>\u00c0 cette occasion, tous se r\u00e9uniront \u00e0 nouveau \u00e0 Ficoba, en pr\u00e9sentiel, les 16 et 17\u00a0novembre pour unir leurs forces, travailler en \u00e9quipe et progresser dans la prise de mesures et de d\u00e9cisions visant \u00e0 freiner ce changement climatique que nous avons d\u00e9j\u00e0 commenc\u00e9 \u00e0 percevoir comme une s\u00e9rieuse menace.<\/p>\n<p><strong>Blocs th\u00e9matiques et conf\u00e9rences <\/strong><\/p>\n<p>Le programme des deux jours du congr\u00e8s est bien rempli afin d\u2019aborder sous diff\u00e9rents points de vue la situation actuelle de notre littoral, sa possible \u00e9volution ces prochaines ann\u00e9es, la multiplication des \u00e9v\u00e9nements extr\u00eames et la mani\u00e8re d\u2019affronter ce sc\u00e9nario d\u2019urgence climatique sur nos c\u00f4tes.<\/p>\n<p>Pour ce faire, le contenu de la cinqui\u00e8me \u00e9dition d\u2019Uhinak s\u2019articule autour de quatre blocs th\u00e9matiques\u00a0: situation actuelle et en 2050 de notre littoral dans un contexte de changement climatique\u00a0; \u00e9v\u00e9nements extr\u00eames et les mesures d\u2019adaptation\u00a0; r\u00e9duction du changement climatique et la restauration de la biodiversit\u00e9\u00a0; gouvernance, les outils de gestion et la communication. Tous les blocs compteront sur la participation d\u2019importantes personnalit\u00e9s internationales et nationales, que l\u2019on peut d\u00e9j\u00e0 consulter sur la page Web du congr\u00e8s (www.uhinak.com).<\/p>\n<p>Pour les conf\u00e9rences d\u2019ouverture des deux journ\u00e9es du congr\u00e8s, Francisco Doblas Reyes, directeur de l\u2019Earth Science Department issu du Barcelona Supercomputing center, a confirm\u00e9 sa participation. Lors de son intervention du 16\u00a0novembre, il parlera des aspects physiques du changement climatique dans le sixi\u00e8me rapport du panneau intergouvernemental sur le changement climatique (IPCC).<\/p>\n<p>Le 17\u00a0novembre, ce sera le tour de Richard Bellerby, membre du Norwegian Institute for Water Research, qui traitera de la recherche sur l\u2019acidification des oc\u00e9ans en exposant des solutions bas\u00e9es sur la nature, la r\u00e9duction et l\u2019adaptation.<\/p>\n<p><strong>\u00a0<\/strong><strong>\u00c0 propos d\u2019Uhinak<\/strong><\/p>\n<p>Uhinak est un Congr\u00e8s transfrontalier sur le changement climatique et le littoral promu par Ficoba et le centre technologique AZTI, avec le soutien de nombreuses institutions comme le D\u00e9partement du D\u00e9veloppement \u00e9conomique, de la Durabilit\u00e9 et de l\u2019Environnement du Gouvernement basque \u00e0 travers sa soci\u00e9t\u00e9 publique Ihobe, le Conseil r\u00e9gional du Guipuscoa (D\u00e9partement de l\u2019Environnement), la Communaut\u00e9 d\u2019agglom\u00e9ration Pays Basque et la r\u00e9gion Nouvelle-Aquitaine.<\/p>\n<p>L\u2019objectif d\u2019Uhinak est de conna\u00eetre les besoins des gestionnaires qui doivent adopter des mesures face au changement climatique et voir ce que peut apporter la communaut\u00e9 scientifique et technologique pour r\u00e9soudre ce probl\u00e8me. Tout cela dans un contexte qui favorise l\u2019\u00e9change d\u2019exp\u00e9riences, la connaissance de bonnes pratiques, promeut la collaboration dans la gestion et l\u2019entretien du littoral \u00e0 travers la coop\u00e9ration transfrontali\u00e8re, la cr\u00e9ation de synergies et de nouvelles opportunit\u00e9s commerciales suite aux mesures qui doivent \u00eatre adopt\u00e9es progressivement pour faire face au changement climatique.<\/p>\n<p><strong>www.uhinak.com<\/strong><\/p>\n","protected":false},"excerpt":{"rendered":"<p>La cinqui\u00e8me \u00e9dition du congr\u00e8s du changement climatique et le littoral se d\u00e9roulera les 16 et 17\u00a0novembre \u00e0 Ficoba et sera suivi par plus de 150 experts et participants au [&hellip;]<\/p>\n","protected":false},"author":2,"featured_media":10921,"comment_status":"closed","ping_status":"closed","sticky":false,"template":"","format":"standard","meta":{"_et_pb_use_builder":"","_et_pb_old_content":"","_et_gb_content_width":"","footnotes":""},"categories":[19],"tags":[],"class_list":["post-10932","post","type-post","status-publish","format-standard","has-post-thumbnail","hentry","category-evenements-et-salons"],"yoast_head":"<!-- This site is optimized with the Yoast SEO plugin v26.8 - https:\/\/yoast.com\/product\/yoast-seo-wordpress\/ -->\n<title>Uhinak 2022 : quand lutter contre le changement climatique est un travail d\u2019\u00e9quipe - Ficoba<\/title>\n<meta name=\"robots\" content=\"index, follow, max-snippet:-1, max-image-preview:large, max-video-preview:-1\" \/>\n<link rel=\"canonical\" href=\"https:\/\/www.ficoba.org\/fr\/uhinak-2022-quand-lutter-contre-le-changement-climatique-est-un-travail-dequipe\/\" \/>\n<meta name=\"twitter:label1\" content=\"\u00c9crit par\" \/>\n\t<meta name=\"twitter:data1\" content=\"ficoba\" \/>\n\t<meta name=\"twitter:label2\" content=\"Dur\u00e9e de lecture estim\u00e9e\" \/>\n\t<meta name=\"twitter:data2\" content=\"3 minutes\" \/>\n<script type=\"application\/ld+json\" class=\"yoast-schema-graph\">{\"@context\":\"https:\/\/schema.org\",\"@graph\":[{\"@type\":\"Article\",\"@id\":\"https:\/\/www.ficoba.org\/fr\/uhinak-2022-quand-lutter-contre-le-changement-climatique-est-un-travail-dequipe\/#article\",\"isPartOf\":{\"@id\":\"https:\/\/www.ficoba.org\/fr\/uhinak-2022-quand-lutter-contre-le-changement-climatique-est-un-travail-dequipe\/\"},\"author\":{\"name\":\"ficoba\",\"@id\":\"https:\/\/www.ficoba.org\/es\/#\/schema\/person\/8a96a121e5dbd393e6e6b5a7ee7ed407\"},\"headline\":\"Uhinak 2022 : quand lutter contre le changement climatique est un travail d\u2019\u00e9quipe\",\"datePublished\":\"2022-09-14T10:42:41+00:00\",\"mainEntityOfPage\":{\"@id\":\"https:\/\/www.ficoba.org\/fr\/uhinak-2022-quand-lutter-contre-le-changement-climatique-est-un-travail-dequipe\/\"},\"wordCount\":715,\"publisher\":{\"@id\":\"https:\/\/www.ficoba.org\/es\/#organization\"},\"image\":{\"@id\":\"https:\/\/www.ficoba.org\/fr\/uhinak-2022-quand-lutter-contre-le-changement-climatique-est-un-travail-dequipe\/#primaryimage\"},\"thumbnailUrl\":\"https:\/\/www.ficoba.org\/wp-content\/uploads\/2022\/09\/180306_120-scaled.jpg\",\"articleSection\":[\"\u00c9v\u00e9nements et salons\"],\"inLanguage\":\"fr-FR\"},{\"@type\":\"WebPage\",\"@id\":\"https:\/\/www.ficoba.org\/fr\/uhinak-2022-quand-lutter-contre-le-changement-climatique-est-un-travail-dequipe\/\",\"url\":\"https:\/\/www.ficoba.org\/fr\/uhinak-2022-quand-lutter-contre-le-changement-climatique-est-un-travail-dequipe\/\",\"name\":\"Uhinak 2022 : quand lutter contre le changement climatique est un travail d\u2019\u00e9quipe - Ficoba\",\"isPartOf\":{\"@id\":\"https:\/\/www.ficoba.org\/es\/#website\"},\"primaryImageOfPage\":{\"@id\":\"https:\/\/www.ficoba.org\/fr\/uhinak-2022-quand-lutter-contre-le-changement-climatique-est-un-travail-dequipe\/#primaryimage\"},\"image\":{\"@id\":\"https:\/\/www.ficoba.org\/fr\/uhinak-2022-quand-lutter-contre-le-changement-climatique-est-un-travail-dequipe\/#primaryimage\"},\"thumbnailUrl\":\"https:\/\/www.ficoba.org\/wp-content\/uploads\/2022\/09\/180306_120-scaled.jpg\",\"datePublished\":\"2022-09-14T10:42:41+00:00\",\"breadcrumb\":{\"@id\":\"https:\/\/www.ficoba.org\/fr\/uhinak-2022-quand-lutter-contre-le-changement-climatique-est-un-travail-dequipe\/#breadcrumb\"},\"inLanguage\":\"fr-FR\",\"potentialAction\":[{\"@type\":\"ReadAction\",\"target\":[\"https:\/\/www.ficoba.org\/fr\/uhinak-2022-quand-lutter-contre-le-changement-climatique-est-un-travail-dequipe\/\"]}]},{\"@type\":\"ImageObject\",\"inLanguage\":\"fr-FR\",\"@id\":\"https:\/\/www.ficoba.org\/fr\/uhinak-2022-quand-lutter-contre-le-changement-climatique-est-un-travail-dequipe\/#primaryimage\",\"url\":\"https:\/\/www.ficoba.org\/wp-content\/uploads\/2022\/09\/180306_120-scaled.jpg\",\"contentUrl\":\"https:\/\/www.ficoba.org\/wp-content\/uploads\/2022\/09\/180306_120-scaled.jpg\",\"width\":2560,\"height\":1707},{\"@type\":\"BreadcrumbList\",\"@id\":\"https:\/\/www.ficoba.org\/fr\/uhinak-2022-quand-lutter-contre-le-changement-climatique-est-un-travail-dequipe\/#breadcrumb\",\"itemListElement\":[{\"@type\":\"ListItem\",\"position\":1,\"name\":\"Portada\",\"item\":\"https:\/\/www.ficoba.org\/fr\/\"},{\"@type\":\"ListItem\",\"position\":2,\"name\":\"Uhinak 2022 : quand lutter contre le changement climatique est un travail d\u2019\u00e9quipe\"}]},{\"@type\":\"WebSite\",\"@id\":\"https:\/\/www.ficoba.org\/es\/#website\",\"url\":\"https:\/\/www.ficoba.org\/es\/\",\"name\":\"Ficoba, Recinto Ferial de Gipuzkoa\",\"description\":\"Ficoba, l\u2019art de cr\u00e9er des opportunit\u00e9s\",\"publisher\":{\"@id\":\"https:\/\/www.ficoba.org\/es\/#organization\"},\"alternateName\":\"Ficoba\",\"potentialAction\":[{\"@type\":\"SearchAction\",\"target\":{\"@type\":\"EntryPoint\",\"urlTemplate\":\"https:\/\/www.ficoba.org\/es\/?s={search_term_string}\"},\"query-input\":{\"@type\":\"PropertyValueSpecification\",\"valueRequired\":true,\"valueName\":\"search_term_string\"}}],\"inLanguage\":\"fr-FR\"},{\"@type\":\"Organization\",\"@id\":\"https:\/\/www.ficoba.org\/es\/#organization\",\"name\":\"Ficoba, Reciento Ferial de Gipuzkoa\",\"url\":\"https:\/\/www.ficoba.org\/es\/\",\"logo\":{\"@type\":\"ImageObject\",\"inLanguage\":\"fr-FR\",\"@id\":\"https:\/\/www.ficoba.org\/es\/#\/schema\/logo\/image\/\",\"url\":\"https:\/\/www.ficoba.org\/wp-content\/uploads\/2018\/11\/logo_ficoba.png\",\"contentUrl\":\"https:\/\/www.ficoba.org\/wp-content\/uploads\/2018\/11\/logo_ficoba.png\",\"width\":200,\"height\":124,\"caption\":\"Ficoba, Reciento Ferial de Gipuzkoa\"},\"image\":{\"@id\":\"https:\/\/www.ficoba.org\/es\/#\/schema\/logo\/image\/\"},\"sameAs\":[\"https:\/\/www.facebook.com\/FICOBAFUNDAZIOA\/\",\"https:\/\/x.com\/FicobaFundazioa\",\"https:\/\/www.youtube.com\/channel\/UCvo2JGluemyCf5KPRmEF9JQ\",\"https:\/\/www.linkedin.com\/company\/ficoba\/\",\"https:\/\/www.instagram.com\/ficobafundazioa\/\"]},{\"@type\":\"Person\",\"@id\":\"https:\/\/www.ficoba.org\/es\/#\/schema\/person\/8a96a121e5dbd393e6e6b5a7ee7ed407\",\"name\":\"ficoba\",\"image\":{\"@type\":\"ImageObject\",\"inLanguage\":\"fr-FR\",\"@id\":\"https:\/\/www.ficoba.org\/es\/#\/schema\/person\/image\/\",\"url\":\"https:\/\/secure.gravatar.com\/avatar\/c90cc0e07f75fecbe4165c1906a4cd61b0179a28caae2205d37516e4fb7c30c1?s=96&d=mm&r=g\",\"contentUrl\":\"https:\/\/secure.gravatar.com\/avatar\/c90cc0e07f75fecbe4165c1906a4cd61b0179a28caae2205d37516e4fb7c30c1?s=96&d=mm&r=g\",\"caption\":\"ficoba\"}}]}<\/script>\n<!-- \/ Yoast SEO plugin. -->","yoast_head_json":{"title":"Uhinak 2022 : quand lutter contre le changement climatique est un travail d\u2019\u00e9quipe - Ficoba","robots":{"index":"index","follow":"follow","max-snippet":"max-snippet:-1","max-image-preview":"max-image-preview:large","max-video-preview":"max-video-preview:-1"},"canonical":"https:\/\/www.ficoba.org\/fr\/uhinak-2022-quand-lutter-contre-le-changement-climatique-est-un-travail-dequipe\/","twitter_misc":{"\u00c9crit par":"ficoba","Dur\u00e9e de lecture estim\u00e9e":"3 minutes"},"schema":{"@context":"https:\/\/schema.org","@graph":[{"@type":"Article","@id":"https:\/\/www.ficoba.org\/fr\/uhinak-2022-quand-lutter-contre-le-changement-climatique-est-un-travail-dequipe\/#article","isPartOf":{"@id":"https:\/\/www.ficoba.org\/fr\/uhinak-2022-quand-lutter-contre-le-changement-climatique-est-un-travail-dequipe\/"},"author":{"name":"ficoba","@id":"https:\/\/www.ficoba.org\/es\/#\/schema\/person\/8a96a121e5dbd393e6e6b5a7ee7ed407"},"headline":"Uhinak 2022 : quand lutter contre le changement climatique est un travail d\u2019\u00e9quipe","datePublished":"2022-09-14T10:42:41+00:00","mainEntityOfPage":{"@id":"https:\/\/www.ficoba.org\/fr\/uhinak-2022-quand-lutter-contre-le-changement-climatique-est-un-travail-dequipe\/"},"wordCount":715,"publisher":{"@id":"https:\/\/www.ficoba.org\/es\/#organization"},"image":{"@id":"https:\/\/www.ficoba.org\/fr\/uhinak-2022-quand-lutter-contre-le-changement-climatique-est-un-travail-dequipe\/#primaryimage"},"thumbnailUrl":"https:\/\/www.ficoba.org\/wp-content\/uploads\/2022\/09\/180306_120-scaled.jpg","articleSection":["\u00c9v\u00e9nements et salons"],"inLanguage":"fr-FR"},{"@type":"WebPage","@id":"https:\/\/www.ficoba.org\/fr\/uhinak-2022-quand-lutter-contre-le-changement-climatique-est-un-travail-dequipe\/","url":"https:\/\/www.ficoba.org\/fr\/uhinak-2022-quand-lutter-contre-le-changement-climatique-est-un-travail-dequipe\/","name":"Uhinak 2022 : quand lutter contre le changement climatique est un travail d\u2019\u00e9quipe - Ficoba","isPartOf":{"@id":"https:\/\/www.ficoba.org\/es\/#website"},"primaryImageOfPage":{"@id":"https:\/\/www.ficoba.org\/fr\/uhinak-2022-quand-lutter-contre-le-changement-climatique-est-un-travail-dequipe\/#primaryimage"},"image":{"@id":"https:\/\/www.ficoba.org\/fr\/uhinak-2022-quand-lutter-contre-le-changement-climatique-est-un-travail-dequipe\/#primaryimage"},"thumbnailUrl":"https:\/\/www.ficoba.org\/wp-content\/uploads\/2022\/09\/180306_120-scaled.jpg","datePublished":"2022-09-14T10:42:41+00:00","breadcrumb":{"@id":"https:\/\/www.ficoba.org\/fr\/uhinak-2022-quand-lutter-contre-le-changement-climatique-est-un-travail-dequipe\/#breadcrumb"},"inLanguage":"fr-FR","potentialAction":[{"@type":"ReadAction","target":["https:\/\/www.ficoba.org\/fr\/uhinak-2022-quand-lutter-contre-le-changement-climatique-est-un-travail-dequipe\/"]}]},{"@type":"ImageObject","inLanguage":"fr-FR","@id":"https:\/\/www.ficoba.org\/fr\/uhinak-2022-quand-lutter-contre-le-changement-climatique-est-un-travail-dequipe\/#primaryimage","url":"https:\/\/www.ficoba.org\/wp-content\/uploads\/2022\/09\/180306_120-scaled.jpg","contentUrl":"https:\/\/www.ficoba.org\/wp-content\/uploads\/2022\/09\/180306_120-scaled.jpg","width":2560,"height":1707},{"@type":"BreadcrumbList","@id":"https:\/\/www.ficoba.org\/fr\/uhinak-2022-quand-lutter-contre-le-changement-climatique-est-un-travail-dequipe\/#breadcrumb","itemListElement":[{"@type":"ListItem","position":1,"name":"Portada","item":"https:\/\/www.ficoba.org\/fr\/"},{"@type":"ListItem","position":2,"name":"Uhinak 2022 : quand lutter contre le changement climatique est un travail d\u2019\u00e9quipe"}]},{"@type":"WebSite","@id":"https:\/\/www.ficoba.org\/es\/#website","url":"https:\/\/www.ficoba.org\/es\/","name":"Ficoba, Recinto Ferial de Gipuzkoa","description":"Ficoba, l\u2019art de cr\u00e9er des opportunit\u00e9s","publisher":{"@id":"https:\/\/www.ficoba.org\/es\/#organization"},"alternateName":"Ficoba","potentialAction":[{"@type":"SearchAction","target":{"@type":"EntryPoint","urlTemplate":"https:\/\/www.ficoba.org\/es\/?s={search_term_string}"},"query-input":{"@type":"PropertyValueSpecification","valueRequired":true,"valueName":"search_term_string"}}],"inLanguage":"fr-FR"},{"@type":"Organization","@id":"https:\/\/www.ficoba.org\/es\/#organization","name":"Ficoba, Reciento Ferial de Gipuzkoa","url":"https:\/\/www.ficoba.org\/es\/","logo":{"@type":"ImageObject","inLanguage":"fr-FR","@id":"https:\/\/www.ficoba.org\/es\/#\/schema\/logo\/image\/","url":"https:\/\/www.ficoba.org\/wp-content\/uploads\/2018\/11\/logo_ficoba.png","contentUrl":"https:\/\/www.ficoba.org\/wp-content\/uploads\/2018\/11\/logo_ficoba.png","width":200,"height":124,"caption":"Ficoba, Reciento Ferial de Gipuzkoa"},"image":{"@id":"https:\/\/www.ficoba.org\/es\/#\/schema\/logo\/image\/"},"sameAs":["https:\/\/www.facebook.com\/FICOBAFUNDAZIOA\/","https:\/\/x.com\/FicobaFundazioa","https:\/\/www.youtube.com\/channel\/UCvo2JGluemyCf5KPRmEF9JQ","https:\/\/www.linkedin.com\/company\/ficoba\/","https:\/\/www.instagram.com\/ficobafundazioa\/"]},{"@type":"Person","@id":"https:\/\/www.ficoba.org\/es\/#\/schema\/person\/8a96a121e5dbd393e6e6b5a7ee7ed407","name":"ficoba","image":{"@type":"ImageObject","inLanguage":"fr-FR","@id":"https:\/\/www.ficoba.org\/es\/#\/schema\/person\/image\/","url":"https:\/\/secure.gravatar.com\/avatar\/c90cc0e07f75fecbe4165c1906a4cd61b0179a28caae2205d37516e4fb7c30c1?s=96&d=mm&r=g","contentUrl":"https:\/\/secure.gravatar.com\/avatar\/c90cc0e07f75fecbe4165c1906a4cd61b0179a28caae2205d37516e4fb7c30c1?s=96&d=mm&r=g","caption":"ficoba"}}]}},"_links":{"self":[{"href":"https:\/\/www.ficoba.org\/fr\/wp-json\/wp\/v2\/posts\/10932","targetHints":{"allow":["GET"]}}],"collection":[{"href":"https:\/\/www.ficoba.org\/fr\/wp-json\/wp\/v2\/posts"}],"about":[{"href":"https:\/\/www.ficoba.org\/fr\/wp-json\/wp\/v2\/types\/post"}],"author":[{"embeddable":true,"href":"https:\/\/www.ficoba.org\/fr\/wp-json\/wp\/v2\/users\/2"}],"replies":[{"embeddable":true,"href":"https:\/\/www.ficoba.org\/fr\/wp-json\/wp\/v2\/comments?post=10932"}],"version-history":[{"count":1,"href":"https:\/\/www.ficoba.org\/fr\/wp-json\/wp\/v2\/posts\/10932\/revisions"}],"predecessor-version":[{"id":10933,"href":"https:\/\/www.ficoba.org\/fr\/wp-json\/wp\/v2\/posts\/10932\/revisions\/10933"}],"wp:featuredmedia":[{"embeddable":true,"href":"https:\/\/www.ficoba.org\/fr\/wp-json\/wp\/v2\/media\/10921"}],"wp:attachment":[{"href":"https:\/\/www.ficoba.org\/fr\/wp-json\/wp\/v2\/media?parent=10932"}],"wp:term":[{"taxonomy":"category","embeddable":true,"href":"https:\/\/www.ficoba.org\/fr\/wp-json\/wp\/v2\/categories?post=10932"},{"taxonomy":"post_tag","embeddable":true,"href":"https:\/\/www.ficoba.org\/fr\/wp-json\/wp\/v2\/tags?post=10932"}],"curies":[{"name":"wp","href":"https:\/\/api.w.org\/{rel}","templated":true}]}}