{"id":10472,"date":"2022-06-06T12:18:39","date_gmt":"2022-06-06T10:18:39","guid":{"rendered":"https:\/\/www.ficoba.org\/?p=10472"},"modified":"2022-06-06T12:18:39","modified_gmt":"2022-06-06T10:18:39","slug":"bioterra-se-prepare-deja-a-organiser-sa-20e-edition-lannee-prochaine","status":"publish","type":"post","link":"https:\/\/www.ficoba.org\/fr\/bioterra-se-prepare-deja-a-organiser-sa-20e-edition-lannee-prochaine\/","title":{"rendered":"Bioterra se pr\u00e9pare d\u00e9j\u00e0 \u00e0 organiser sa 20e \u00e9dition l&rsquo;ann\u00e9e prochaine"},"content":{"rendered":"<p>Les chiffres de la 19\u00e8me \u00e9dition du salon Bioterra, qui s&rsquo;est tenue ce week-end \u00e0 Ficoba, ont ouvert la voie au succ\u00e8s de la vingti\u00e8me \u00e9dition du salon des produits \u00e9cologiques, de la bioconstruction, des \u00e9nergies renouvelables et de la consommation responsable du Pays basque en 2023.<\/p>\n<p>Pr\u00e8s de 10 000 personnes ont visit\u00e9 les stands des 116 entreprises exposantes et ont particip\u00e9 \u00e0 plus de 50 activit\u00e9s &#8211; conf\u00e9rences, ateliers, d\u00e9monstrations, showcooking, etc. &#8211; organis\u00e9es pendant les trois jours du salon.<\/p>\n<p>Le plus grand nombre de visiteurs est venu de Gipuzkoa, avec pr\u00e8s de 81%, suivi par les visiteurs du Pays Basque Nord, qui a augment\u00e9 cette ann\u00e9e sa pr\u00e9sence \u00e0 8%, et de Navarre avec 5%. Quant aux d\u00e9partements du Gipuzkoa qui ont amen\u00e9 le plus de visiteurs, ce sont Bidasoaldea (43,3%) et Donostialdea (40,77%), suivis de Tolosaldea (10,08).<\/p>\n<p>Comme l&rsquo;a d\u00e9clar\u00e9 la directrice de l&rsquo;\u00e9v\u00e9nement, Maialen Gazta\u00f1aga, \u00ab\u00a0une fois de plus, et c&rsquo;est la 19e \u00e9dition, Bioterra nous a laiss\u00e9 un excellent go\u00fbt en bouche. Il y a eu une grande ambiance pendant les trois jours du salon. Des visiteurs sur les stands des entreprises exposantes, des personnes participant \u00e0 toutes les activit\u00e9s. Et cerise sur le g\u00e2teau, la m\u00e9t\u00e9o nous a respect\u00e9s et les activit\u00e9s de plein air, tant le Bioterraza que la Journ\u00e9e du Yoga, ont pu se d\u00e9rouler dans les meilleures conditions. C&rsquo;est donc avec ces bonnes vibrations que nous travaillons d\u00e9j\u00e0 \u00e0 une \u00e9dition tr\u00e8s sp\u00e9ciale : la vingti\u00e8me \u00e9dition de Bioterra\u00a0\u00bb.<\/p>\n<p>Au cours de ces 19 ann\u00e9es, Bioterra a atteint ses objectifs et est devenue la foire biologique de r\u00e9f\u00e9rence dans le nord de l&rsquo;Espagne et le sud de la France, gr\u00e2ce \u00e0 la qualit\u00e9 des plus de 2 000 entreprises exposantes qui ont particip\u00e9 au fil des ans, aux plus de 174 000 personnes qui l&rsquo;ont visit\u00e9e et \u00e0 sa vocation informative, aussi importante que l&rsquo;exposition elle-m\u00eame, dans le but de faire du salon un forum de formation, d&rsquo;information et d&rsquo;\u00e9change de connaissances et de strat\u00e9gies commerciales tant pour les professionnels que pour les consommateurs.<\/p>\n<p>Pour toutes ces raisons, Bioterra est aujourd&rsquo;hui un \u00e9v\u00e9nement consolid\u00e9 et prestigieux du secteur, capable de r\u00e9pondre aux besoins des exposants, qui recherchent un traitement professionnel, et des visiteurs, qui sont de plus en plus inform\u00e9s et comp\u00e9tents en mati\u00e8re de durabilit\u00e9.<\/p>\n<p>http:\/\/bioterra.ficoba.org<\/p>\n<p>&nbsp;<\/p>\n","protected":false},"excerpt":{"rendered":"<p>Les chiffres de la 19\u00e8me \u00e9dition du salon Bioterra, qui s&rsquo;est tenue ce week-end \u00e0 Ficoba, ont ouvert la voie au succ\u00e8s de la vingti\u00e8me \u00e9dition du salon des produits [&hellip;]<\/p>\n","protected":false},"author":2,"featured_media":10463,"comment_status":"closed","ping_status":"closed","sticky":false,"template":"","format":"standard","meta":{"_et_pb_use_builder":"","_et_pb_old_content":"","_et_gb_content_width":"","footnotes":""},"categories":[19],"tags":[],"class_list":["post-10472","post","type-post","status-publish","format-standard","has-post-thumbnail","hentry","category-evenements-et-salons"],"yoast_head":"<!-- This site is optimized with the Yoast SEO plugin v26.8 - https:\/\/yoast.com\/product\/yoast-seo-wordpress\/ -->\n<title>Bioterra se pr\u00e9pare d\u00e9j\u00e0 \u00e0 organiser sa 20e \u00e9dition l&#039;ann\u00e9e prochaine - Ficoba<\/title>\n<meta name=\"robots\" content=\"index, follow, max-snippet:-1, max-image-preview:large, max-video-preview:-1\" \/>\n<link rel=\"canonical\" href=\"https:\/\/www.ficoba.org\/fr\/bioterra-se-prepare-deja-a-organiser-sa-20e-edition-lannee-prochaine\/\" \/>\n<meta name=\"twitter:label1\" content=\"\u00c9crit par\" \/>\n\t<meta name=\"twitter:data1\" content=\"ficoba\" \/>\n\t<meta name=\"twitter:label2\" content=\"Dur\u00e9e de lecture estim\u00e9e\" \/>\n\t<meta name=\"twitter:data2\" content=\"2 minutes\" \/>\n<script type=\"application\/ld+json\" class=\"yoast-schema-graph\">{\"@context\":\"https:\/\/schema.org\",\"@graph\":[{\"@type\":\"Article\",\"@id\":\"https:\/\/www.ficoba.org\/fr\/bioterra-se-prepare-deja-a-organiser-sa-20e-edition-lannee-prochaine\/#article\",\"isPartOf\":{\"@id\":\"https:\/\/www.ficoba.org\/fr\/bioterra-se-prepare-deja-a-organiser-sa-20e-edition-lannee-prochaine\/\"},\"author\":{\"name\":\"ficoba\",\"@id\":\"https:\/\/www.ficoba.org\/es\/#\/schema\/person\/8a96a121e5dbd393e6e6b5a7ee7ed407\"},\"headline\":\"Bioterra se pr\u00e9pare d\u00e9j\u00e0 \u00e0 organiser sa 20e \u00e9dition l&rsquo;ann\u00e9e prochaine\",\"datePublished\":\"2022-06-06T10:18:39+00:00\",\"mainEntityOfPage\":{\"@id\":\"https:\/\/www.ficoba.org\/fr\/bioterra-se-prepare-deja-a-organiser-sa-20e-edition-lannee-prochaine\/\"},\"wordCount\":431,\"publisher\":{\"@id\":\"https:\/\/www.ficoba.org\/es\/#organization\"},\"image\":{\"@id\":\"https:\/\/www.ficoba.org\/fr\/bioterra-se-prepare-deja-a-organiser-sa-20e-edition-lannee-prochaine\/#primaryimage\"},\"thumbnailUrl\":\"https:\/\/www.ficoba.org\/wp-content\/uploads\/2022\/06\/Bioterra-14.jpg\",\"articleSection\":[\"\u00c9v\u00e9nements et salons\"],\"inLanguage\":\"fr-FR\"},{\"@type\":\"WebPage\",\"@id\":\"https:\/\/www.ficoba.org\/fr\/bioterra-se-prepare-deja-a-organiser-sa-20e-edition-lannee-prochaine\/\",\"url\":\"https:\/\/www.ficoba.org\/fr\/bioterra-se-prepare-deja-a-organiser-sa-20e-edition-lannee-prochaine\/\",\"name\":\"Bioterra se pr\u00e9pare d\u00e9j\u00e0 \u00e0 organiser sa 20e \u00e9dition l'ann\u00e9e prochaine - Ficoba\",\"isPartOf\":{\"@id\":\"https:\/\/www.ficoba.org\/es\/#website\"},\"primaryImageOfPage\":{\"@id\":\"https:\/\/www.ficoba.org\/fr\/bioterra-se-prepare-deja-a-organiser-sa-20e-edition-lannee-prochaine\/#primaryimage\"},\"image\":{\"@id\":\"https:\/\/www.ficoba.org\/fr\/bioterra-se-prepare-deja-a-organiser-sa-20e-edition-lannee-prochaine\/#primaryimage\"},\"thumbnailUrl\":\"https:\/\/www.ficoba.org\/wp-content\/uploads\/2022\/06\/Bioterra-14.jpg\",\"datePublished\":\"2022-06-06T10:18:39+00:00\",\"breadcrumb\":{\"@id\":\"https:\/\/www.ficoba.org\/fr\/bioterra-se-prepare-deja-a-organiser-sa-20e-edition-lannee-prochaine\/#breadcrumb\"},\"inLanguage\":\"fr-FR\",\"potentialAction\":[{\"@type\":\"ReadAction\",\"target\":[\"https:\/\/www.ficoba.org\/fr\/bioterra-se-prepare-deja-a-organiser-sa-20e-edition-lannee-prochaine\/\"]}]},{\"@type\":\"ImageObject\",\"inLanguage\":\"fr-FR\",\"@id\":\"https:\/\/www.ficoba.org\/fr\/bioterra-se-prepare-deja-a-organiser-sa-20e-edition-lannee-prochaine\/#primaryimage\",\"url\":\"https:\/\/www.ficoba.org\/wp-content\/uploads\/2022\/06\/Bioterra-14.jpg\",\"contentUrl\":\"https:\/\/www.ficoba.org\/wp-content\/uploads\/2022\/06\/Bioterra-14.jpg\",\"width\":1500,\"height\":1000},{\"@type\":\"BreadcrumbList\",\"@id\":\"https:\/\/www.ficoba.org\/fr\/bioterra-se-prepare-deja-a-organiser-sa-20e-edition-lannee-prochaine\/#breadcrumb\",\"itemListElement\":[{\"@type\":\"ListItem\",\"position\":1,\"name\":\"Portada\",\"item\":\"https:\/\/www.ficoba.org\/fr\/\"},{\"@type\":\"ListItem\",\"position\":2,\"name\":\"Bioterra se pr\u00e9pare d\u00e9j\u00e0 \u00e0 organiser sa 20e \u00e9dition l&#8217;ann\u00e9e prochaine\"}]},{\"@type\":\"WebSite\",\"@id\":\"https:\/\/www.ficoba.org\/es\/#website\",\"url\":\"https:\/\/www.ficoba.org\/es\/\",\"name\":\"Ficoba, Recinto Ferial de Gipuzkoa\",\"description\":\"Ficoba, l\u2019art de cr\u00e9er des opportunit\u00e9s\",\"publisher\":{\"@id\":\"https:\/\/www.ficoba.org\/es\/#organization\"},\"alternateName\":\"Ficoba\",\"potentialAction\":[{\"@type\":\"SearchAction\",\"target\":{\"@type\":\"EntryPoint\",\"urlTemplate\":\"https:\/\/www.ficoba.org\/es\/?s={search_term_string}\"},\"query-input\":{\"@type\":\"PropertyValueSpecification\",\"valueRequired\":true,\"valueName\":\"search_term_string\"}}],\"inLanguage\":\"fr-FR\"},{\"@type\":\"Organization\",\"@id\":\"https:\/\/www.ficoba.org\/es\/#organization\",\"name\":\"Ficoba, Reciento Ferial de Gipuzkoa\",\"url\":\"https:\/\/www.ficoba.org\/es\/\",\"logo\":{\"@type\":\"ImageObject\",\"inLanguage\":\"fr-FR\",\"@id\":\"https:\/\/www.ficoba.org\/es\/#\/schema\/logo\/image\/\",\"url\":\"https:\/\/www.ficoba.org\/wp-content\/uploads\/2018\/11\/logo_ficoba.png\",\"contentUrl\":\"https:\/\/www.ficoba.org\/wp-content\/uploads\/2018\/11\/logo_ficoba.png\",\"width\":200,\"height\":124,\"caption\":\"Ficoba, Reciento Ferial de Gipuzkoa\"},\"image\":{\"@id\":\"https:\/\/www.ficoba.org\/es\/#\/schema\/logo\/image\/\"},\"sameAs\":[\"https:\/\/www.facebook.com\/FICOBAFUNDAZIOA\/\",\"https:\/\/x.com\/FicobaFundazioa\",\"https:\/\/www.youtube.com\/channel\/UCvo2JGluemyCf5KPRmEF9JQ\",\"https:\/\/www.linkedin.com\/company\/ficoba\/\",\"https:\/\/www.instagram.com\/ficobafundazioa\/\"]},{\"@type\":\"Person\",\"@id\":\"https:\/\/www.ficoba.org\/es\/#\/schema\/person\/8a96a121e5dbd393e6e6b5a7ee7ed407\",\"name\":\"ficoba\",\"image\":{\"@type\":\"ImageObject\",\"inLanguage\":\"fr-FR\",\"@id\":\"https:\/\/www.ficoba.org\/es\/#\/schema\/person\/image\/\",\"url\":\"https:\/\/secure.gravatar.com\/avatar\/c90cc0e07f75fecbe4165c1906a4cd61b0179a28caae2205d37516e4fb7c30c1?s=96&d=mm&r=g\",\"contentUrl\":\"https:\/\/secure.gravatar.com\/avatar\/c90cc0e07f75fecbe4165c1906a4cd61b0179a28caae2205d37516e4fb7c30c1?s=96&d=mm&r=g\",\"caption\":\"ficoba\"}}]}<\/script>\n<!-- \/ Yoast SEO plugin. -->","yoast_head_json":{"title":"Bioterra se pr\u00e9pare d\u00e9j\u00e0 \u00e0 organiser sa 20e \u00e9dition l'ann\u00e9e prochaine - Ficoba","robots":{"index":"index","follow":"follow","max-snippet":"max-snippet:-1","max-image-preview":"max-image-preview:large","max-video-preview":"max-video-preview:-1"},"canonical":"https:\/\/www.ficoba.org\/fr\/bioterra-se-prepare-deja-a-organiser-sa-20e-edition-lannee-prochaine\/","twitter_misc":{"\u00c9crit par":"ficoba","Dur\u00e9e de lecture estim\u00e9e":"2 minutes"},"schema":{"@context":"https:\/\/schema.org","@graph":[{"@type":"Article","@id":"https:\/\/www.ficoba.org\/fr\/bioterra-se-prepare-deja-a-organiser-sa-20e-edition-lannee-prochaine\/#article","isPartOf":{"@id":"https:\/\/www.ficoba.org\/fr\/bioterra-se-prepare-deja-a-organiser-sa-20e-edition-lannee-prochaine\/"},"author":{"name":"ficoba","@id":"https:\/\/www.ficoba.org\/es\/#\/schema\/person\/8a96a121e5dbd393e6e6b5a7ee7ed407"},"headline":"Bioterra se pr\u00e9pare d\u00e9j\u00e0 \u00e0 organiser sa 20e \u00e9dition l&rsquo;ann\u00e9e prochaine","datePublished":"2022-06-06T10:18:39+00:00","mainEntityOfPage":{"@id":"https:\/\/www.ficoba.org\/fr\/bioterra-se-prepare-deja-a-organiser-sa-20e-edition-lannee-prochaine\/"},"wordCount":431,"publisher":{"@id":"https:\/\/www.ficoba.org\/es\/#organization"},"image":{"@id":"https:\/\/www.ficoba.org\/fr\/bioterra-se-prepare-deja-a-organiser-sa-20e-edition-lannee-prochaine\/#primaryimage"},"thumbnailUrl":"https:\/\/www.ficoba.org\/wp-content\/uploads\/2022\/06\/Bioterra-14.jpg","articleSection":["\u00c9v\u00e9nements et salons"],"inLanguage":"fr-FR"},{"@type":"WebPage","@id":"https:\/\/www.ficoba.org\/fr\/bioterra-se-prepare-deja-a-organiser-sa-20e-edition-lannee-prochaine\/","url":"https:\/\/www.ficoba.org\/fr\/bioterra-se-prepare-deja-a-organiser-sa-20e-edition-lannee-prochaine\/","name":"Bioterra se pr\u00e9pare d\u00e9j\u00e0 \u00e0 organiser sa 20e \u00e9dition l'ann\u00e9e prochaine - Ficoba","isPartOf":{"@id":"https:\/\/www.ficoba.org\/es\/#website"},"primaryImageOfPage":{"@id":"https:\/\/www.ficoba.org\/fr\/bioterra-se-prepare-deja-a-organiser-sa-20e-edition-lannee-prochaine\/#primaryimage"},"image":{"@id":"https:\/\/www.ficoba.org\/fr\/bioterra-se-prepare-deja-a-organiser-sa-20e-edition-lannee-prochaine\/#primaryimage"},"thumbnailUrl":"https:\/\/www.ficoba.org\/wp-content\/uploads\/2022\/06\/Bioterra-14.jpg","datePublished":"2022-06-06T10:18:39+00:00","breadcrumb":{"@id":"https:\/\/www.ficoba.org\/fr\/bioterra-se-prepare-deja-a-organiser-sa-20e-edition-lannee-prochaine\/#breadcrumb"},"inLanguage":"fr-FR","potentialAction":[{"@type":"ReadAction","target":["https:\/\/www.ficoba.org\/fr\/bioterra-se-prepare-deja-a-organiser-sa-20e-edition-lannee-prochaine\/"]}]},{"@type":"ImageObject","inLanguage":"fr-FR","@id":"https:\/\/www.ficoba.org\/fr\/bioterra-se-prepare-deja-a-organiser-sa-20e-edition-lannee-prochaine\/#primaryimage","url":"https:\/\/www.ficoba.org\/wp-content\/uploads\/2022\/06\/Bioterra-14.jpg","contentUrl":"https:\/\/www.ficoba.org\/wp-content\/uploads\/2022\/06\/Bioterra-14.jpg","width":1500,"height":1000},{"@type":"BreadcrumbList","@id":"https:\/\/www.ficoba.org\/fr\/bioterra-se-prepare-deja-a-organiser-sa-20e-edition-lannee-prochaine\/#breadcrumb","itemListElement":[{"@type":"ListItem","position":1,"name":"Portada","item":"https:\/\/www.ficoba.org\/fr\/"},{"@type":"ListItem","position":2,"name":"Bioterra se pr\u00e9pare d\u00e9j\u00e0 \u00e0 organiser sa 20e \u00e9dition l&#8217;ann\u00e9e prochaine"}]},{"@type":"WebSite","@id":"https:\/\/www.ficoba.org\/es\/#website","url":"https:\/\/www.ficoba.org\/es\/","name":"Ficoba, Recinto Ferial de Gipuzkoa","description":"Ficoba, l\u2019art de cr\u00e9er des opportunit\u00e9s","publisher":{"@id":"https:\/\/www.ficoba.org\/es\/#organization"},"alternateName":"Ficoba","potentialAction":[{"@type":"SearchAction","target":{"@type":"EntryPoint","urlTemplate":"https:\/\/www.ficoba.org\/es\/?s={search_term_string}"},"query-input":{"@type":"PropertyValueSpecification","valueRequired":true,"valueName":"search_term_string"}}],"inLanguage":"fr-FR"},{"@type":"Organization","@id":"https:\/\/www.ficoba.org\/es\/#organization","name":"Ficoba, Reciento Ferial de Gipuzkoa","url":"https:\/\/www.ficoba.org\/es\/","logo":{"@type":"ImageObject","inLanguage":"fr-FR","@id":"https:\/\/www.ficoba.org\/es\/#\/schema\/logo\/image\/","url":"https:\/\/www.ficoba.org\/wp-content\/uploads\/2018\/11\/logo_ficoba.png","contentUrl":"https:\/\/www.ficoba.org\/wp-content\/uploads\/2018\/11\/logo_ficoba.png","width":200,"height":124,"caption":"Ficoba, Reciento Ferial de Gipuzkoa"},"image":{"@id":"https:\/\/www.ficoba.org\/es\/#\/schema\/logo\/image\/"},"sameAs":["https:\/\/www.facebook.com\/FICOBAFUNDAZIOA\/","https:\/\/x.com\/FicobaFundazioa","https:\/\/www.youtube.com\/channel\/UCvo2JGluemyCf5KPRmEF9JQ","https:\/\/www.linkedin.com\/company\/ficoba\/","https:\/\/www.instagram.com\/ficobafundazioa\/"]},{"@type":"Person","@id":"https:\/\/www.ficoba.org\/es\/#\/schema\/person\/8a96a121e5dbd393e6e6b5a7ee7ed407","name":"ficoba","image":{"@type":"ImageObject","inLanguage":"fr-FR","@id":"https:\/\/www.ficoba.org\/es\/#\/schema\/person\/image\/","url":"https:\/\/secure.gravatar.com\/avatar\/c90cc0e07f75fecbe4165c1906a4cd61b0179a28caae2205d37516e4fb7c30c1?s=96&d=mm&r=g","contentUrl":"https:\/\/secure.gravatar.com\/avatar\/c90cc0e07f75fecbe4165c1906a4cd61b0179a28caae2205d37516e4fb7c30c1?s=96&d=mm&r=g","caption":"ficoba"}}]}},"_links":{"self":[{"href":"https:\/\/www.ficoba.org\/fr\/wp-json\/wp\/v2\/posts\/10472","targetHints":{"allow":["GET"]}}],"collection":[{"href":"https:\/\/www.ficoba.org\/fr\/wp-json\/wp\/v2\/posts"}],"about":[{"href":"https:\/\/www.ficoba.org\/fr\/wp-json\/wp\/v2\/types\/post"}],"author":[{"embeddable":true,"href":"https:\/\/www.ficoba.org\/fr\/wp-json\/wp\/v2\/users\/2"}],"replies":[{"embeddable":true,"href":"https:\/\/www.ficoba.org\/fr\/wp-json\/wp\/v2\/comments?post=10472"}],"version-history":[{"count":1,"href":"https:\/\/www.ficoba.org\/fr\/wp-json\/wp\/v2\/posts\/10472\/revisions"}],"predecessor-version":[{"id":10473,"href":"https:\/\/www.ficoba.org\/fr\/wp-json\/wp\/v2\/posts\/10472\/revisions\/10473"}],"wp:featuredmedia":[{"embeddable":true,"href":"https:\/\/www.ficoba.org\/fr\/wp-json\/wp\/v2\/media\/10463"}],"wp:attachment":[{"href":"https:\/\/www.ficoba.org\/fr\/wp-json\/wp\/v2\/media?parent=10472"}],"wp:term":[{"taxonomy":"category","embeddable":true,"href":"https:\/\/www.ficoba.org\/fr\/wp-json\/wp\/v2\/categories?post=10472"},{"taxonomy":"post_tag","embeddable":true,"href":"https:\/\/www.ficoba.org\/fr\/wp-json\/wp\/v2\/tags?post=10472"}],"curies":[{"name":"wp","href":"https:\/\/api.w.org\/{rel}","templated":true}]}}