{"id":9743,"date":"2022-04-04T11:50:30","date_gmt":"2022-04-04T09:50:30","guid":{"rendered":"https:\/\/www.ficoba.org\/?p=9743"},"modified":"2022-04-04T11:50:30","modified_gmt":"2022-04-04T09:50:30","slug":"ababor-cierra-su-primera-edicion-con-buena-nota","status":"publish","type":"post","link":"https:\/\/www.ficoba.org\/es\/ababor-cierra-su-primera-edicion-con-buena-nota\/","title":{"rendered":"Ababor cierra su primera edici\u00f3n con buena nota"},"content":{"rendered":"<ul>\n<li><strong>M\u00e1s de 5.000 personas han visitado la primera feria n\u00e1utica de Euskadi<\/strong><\/li>\n<li><strong>El 20% del p\u00fablico ha sido de origen franc\u00e9s<\/strong><\/li>\n<\/ul>\n<p>Satisfacci\u00f3n general son las dos palabras que mejor describen el resultado de esta primera edici\u00f3n de la feria n\u00e1utica Ababor impulsada por Ficoba.<\/p>\n<p>Tanto las m\u00e1s de 40 empresas expositoras como las m\u00e1s de 5.000 personas que han visitado la feria este fin de semana han mostrado su satisfacci\u00f3n. Las empresas expositoras han cumplido objetivos y las personas visitantes, sus expectativas. As\u00ed lo refleja el an\u00e1lisis de las encuestas que se han llevado a cabo. Como dato destaca que el 80% de los visitantes otorga entre 4 y 5 puntos a la feria, siendo 5 la puntuaci\u00f3n m\u00e1s alta. Una buena acogida que se extiende a las m\u00e1s de 25 actividades paralelas celebradas en Ababor.<\/p>\n<p>Tambi\u00e9n llama la atenci\u00f3n desde un punto de vista comercial que cerca del 67% de las personas encuestadas afirmen que contactar\u00e1n con alguna de las empresas expositoras que han visitado en la feria para realizar alguna compra o contratar alg\u00fan servicio.<\/p>\n<p>A la pregunta de si volver\u00edan a visitar una nueva edici\u00f3n de Ababor, m\u00e1s del 86% ha contestado afirmativamente.<\/p>\n<p>Las encuestas realizadas permiten tambi\u00e9n pulsar la opini\u00f3n del p\u00fablico para conocer sus intereses de forma m\u00e1s exacta y cumplir sus expectativas en pr\u00f3ximas ediciones. La pesca parece ser uno de los \u00e1mbitos por los que m\u00e1s se decantan los visitantes.<\/p>\n<p>Respecto al origen de las personas que se han acercado este fin de semana a los pabellones de Ficoba, el dato m\u00e1s destacable es la amplia respuesta que ha recibido por parte del p\u00fablico franc\u00e9s que ha supuesto m\u00e1s del 20%. Un dato que sit\u00faa a Ababor como una de las ferias celebradas en Ficoba que m\u00e1s p\u00fablico del otro lado del Bidasoa logra atraer.<\/p>\n<p>Ababor ha cumplido, por tanto, su doble objetivo de ser un escaparate comercial y un foro de encuentro para profesionales, aficionados y el p\u00fablico en general. Por lo que ya se puede confirmar que Ababor, la primera feria n\u00e1utica de Euskadi, ha venido para quedarse y que el pr\u00f3ximo a\u00f1o celebrar\u00e1 una nueva edici\u00f3n.<\/p>\n<p>www.ababor.eus<\/p>\n","protected":false},"excerpt":{"rendered":"<p>M\u00e1s de 5.000 personas han visitado la primera feria n\u00e1utica de Euskadi El 20% del p\u00fablico ha sido de origen franc\u00e9s Satisfacci\u00f3n general son las dos palabras que mejor describen [&hellip;]<\/p>\n","protected":false},"author":2,"featured_media":9748,"comment_status":"closed","ping_status":"closed","sticky":false,"template":"","format":"standard","meta":{"_et_pb_use_builder":"","_et_pb_old_content":"","_et_gb_content_width":"","footnotes":""},"categories":[3],"tags":[275,286,289,274,287,290,288],"class_list":["post-9743","post","type-post","status-publish","format-standard","has-post-thumbnail","hentry","category-eventos-y-ferias","tag-actividades-acuaticas","tag-actividades-mar","tag-charters-2","tag-feria-nautica","tag-nautica-sostenible","tag-submarinismo-2","tag-turismo-de-mar"],"yoast_head":"<!-- This site is optimized with the Yoast SEO plugin v26.8 - https:\/\/yoast.com\/product\/yoast-seo-wordpress\/ -->\n<title>Ababor cierra su primera edici\u00f3n con buena nota - Ficoba<\/title>\n<meta name=\"robots\" content=\"index, follow, max-snippet:-1, max-image-preview:large, max-video-preview:-1\" \/>\n<link rel=\"canonical\" href=\"https:\/\/www.ficoba.org\/es\/ababor-cierra-su-primera-edicion-con-buena-nota\/\" \/>\n<meta name=\"twitter:label1\" content=\"Escrito por\" \/>\n\t<meta name=\"twitter:data1\" content=\"ficoba\" \/>\n\t<meta name=\"twitter:label2\" content=\"Tiempo de lectura\" \/>\n\t<meta name=\"twitter:data2\" content=\"2 minutos\" \/>\n<script type=\"application\/ld+json\" class=\"yoast-schema-graph\">{\"@context\":\"https:\/\/schema.org\",\"@graph\":[{\"@type\":\"Article\",\"@id\":\"https:\/\/www.ficoba.org\/es\/ababor-cierra-su-primera-edicion-con-buena-nota\/#article\",\"isPartOf\":{\"@id\":\"https:\/\/www.ficoba.org\/es\/ababor-cierra-su-primera-edicion-con-buena-nota\/\"},\"author\":{\"name\":\"ficoba\",\"@id\":\"https:\/\/www.ficoba.org\/es\/#\/schema\/person\/8a96a121e5dbd393e6e6b5a7ee7ed407\"},\"headline\":\"Ababor cierra su primera edici\u00f3n con buena nota\",\"datePublished\":\"2022-04-04T09:50:30+00:00\",\"mainEntityOfPage\":{\"@id\":\"https:\/\/www.ficoba.org\/es\/ababor-cierra-su-primera-edicion-con-buena-nota\/\"},\"wordCount\":395,\"publisher\":{\"@id\":\"https:\/\/www.ficoba.org\/es\/#organization\"},\"image\":{\"@id\":\"https:\/\/www.ficoba.org\/es\/ababor-cierra-su-primera-edicion-con-buena-nota\/#primaryimage\"},\"thumbnailUrl\":\"https:\/\/www.ficoba.org\/wp-content\/uploads\/2022\/04\/Ababor-2.jpg\",\"keywords\":[\"actividades acu\u00e1ticas\",\"actividades mar\",\"charters\",\"Feria n\u00e1utica\",\"n\u00e1utica sostenible\",\"submarinismo\",\"turismo de mar\"],\"articleSection\":[\"Eventos y ferias\"],\"inLanguage\":\"es\"},{\"@type\":\"WebPage\",\"@id\":\"https:\/\/www.ficoba.org\/es\/ababor-cierra-su-primera-edicion-con-buena-nota\/\",\"url\":\"https:\/\/www.ficoba.org\/es\/ababor-cierra-su-primera-edicion-con-buena-nota\/\",\"name\":\"Ababor cierra su primera edici\u00f3n con buena nota - Ficoba\",\"isPartOf\":{\"@id\":\"https:\/\/www.ficoba.org\/es\/#website\"},\"primaryImageOfPage\":{\"@id\":\"https:\/\/www.ficoba.org\/es\/ababor-cierra-su-primera-edicion-con-buena-nota\/#primaryimage\"},\"image\":{\"@id\":\"https:\/\/www.ficoba.org\/es\/ababor-cierra-su-primera-edicion-con-buena-nota\/#primaryimage\"},\"thumbnailUrl\":\"https:\/\/www.ficoba.org\/wp-content\/uploads\/2022\/04\/Ababor-2.jpg\",\"datePublished\":\"2022-04-04T09:50:30+00:00\",\"breadcrumb\":{\"@id\":\"https:\/\/www.ficoba.org\/es\/ababor-cierra-su-primera-edicion-con-buena-nota\/#breadcrumb\"},\"inLanguage\":\"es\",\"potentialAction\":[{\"@type\":\"ReadAction\",\"target\":[\"https:\/\/www.ficoba.org\/es\/ababor-cierra-su-primera-edicion-con-buena-nota\/\"]}]},{\"@type\":\"ImageObject\",\"inLanguage\":\"es\",\"@id\":\"https:\/\/www.ficoba.org\/es\/ababor-cierra-su-primera-edicion-con-buena-nota\/#primaryimage\",\"url\":\"https:\/\/www.ficoba.org\/wp-content\/uploads\/2022\/04\/Ababor-2.jpg\",\"contentUrl\":\"https:\/\/www.ficoba.org\/wp-content\/uploads\/2022\/04\/Ababor-2.jpg\",\"width\":1500,\"height\":1000},{\"@type\":\"BreadcrumbList\",\"@id\":\"https:\/\/www.ficoba.org\/es\/ababor-cierra-su-primera-edicion-con-buena-nota\/#breadcrumb\",\"itemListElement\":[{\"@type\":\"ListItem\",\"position\":1,\"name\":\"Portada\",\"item\":\"https:\/\/www.ficoba.org\/es\/\"},{\"@type\":\"ListItem\",\"position\":2,\"name\":\"Ababor cierra su primera edici\u00f3n con buena nota\"}]},{\"@type\":\"WebSite\",\"@id\":\"https:\/\/www.ficoba.org\/es\/#website\",\"url\":\"https:\/\/www.ficoba.org\/es\/\",\"name\":\"Ficoba, Recinto Ferial de Gipuzkoa\",\"description\":\"Ficoba, recinto ferial de Gipuzkoa\",\"publisher\":{\"@id\":\"https:\/\/www.ficoba.org\/es\/#organization\"},\"alternateName\":\"Ficoba\",\"potentialAction\":[{\"@type\":\"SearchAction\",\"target\":{\"@type\":\"EntryPoint\",\"urlTemplate\":\"https:\/\/www.ficoba.org\/es\/?s={search_term_string}\"},\"query-input\":{\"@type\":\"PropertyValueSpecification\",\"valueRequired\":true,\"valueName\":\"search_term_string\"}}],\"inLanguage\":\"es\"},{\"@type\":\"Organization\",\"@id\":\"https:\/\/www.ficoba.org\/es\/#organization\",\"name\":\"Ficoba, Reciento Ferial de Gipuzkoa\",\"url\":\"https:\/\/www.ficoba.org\/es\/\",\"logo\":{\"@type\":\"ImageObject\",\"inLanguage\":\"es\",\"@id\":\"https:\/\/www.ficoba.org\/es\/#\/schema\/logo\/image\/\",\"url\":\"https:\/\/www.ficoba.org\/wp-content\/uploads\/2018\/11\/logo_ficoba.png\",\"contentUrl\":\"https:\/\/www.ficoba.org\/wp-content\/uploads\/2018\/11\/logo_ficoba.png\",\"width\":200,\"height\":124,\"caption\":\"Ficoba, Reciento Ferial de Gipuzkoa\"},\"image\":{\"@id\":\"https:\/\/www.ficoba.org\/es\/#\/schema\/logo\/image\/\"},\"sameAs\":[\"https:\/\/www.facebook.com\/FICOBAFUNDAZIOA\/\",\"https:\/\/x.com\/FicobaFundazioa\",\"https:\/\/www.youtube.com\/channel\/UCvo2JGluemyCf5KPRmEF9JQ\",\"https:\/\/www.linkedin.com\/company\/ficoba\/\",\"https:\/\/www.instagram.com\/ficobafundazioa\/\"]},{\"@type\":\"Person\",\"@id\":\"https:\/\/www.ficoba.org\/es\/#\/schema\/person\/8a96a121e5dbd393e6e6b5a7ee7ed407\",\"name\":\"ficoba\",\"image\":{\"@type\":\"ImageObject\",\"inLanguage\":\"es\",\"@id\":\"https:\/\/www.ficoba.org\/es\/#\/schema\/person\/image\/\",\"url\":\"https:\/\/secure.gravatar.com\/avatar\/c90cc0e07f75fecbe4165c1906a4cd61b0179a28caae2205d37516e4fb7c30c1?s=96&d=mm&r=g\",\"contentUrl\":\"https:\/\/secure.gravatar.com\/avatar\/c90cc0e07f75fecbe4165c1906a4cd61b0179a28caae2205d37516e4fb7c30c1?s=96&d=mm&r=g\",\"caption\":\"ficoba\"}}]}<\/script>\n<!-- \/ Yoast SEO plugin. -->","yoast_head_json":{"title":"Ababor cierra su primera edici\u00f3n con buena nota - Ficoba","robots":{"index":"index","follow":"follow","max-snippet":"max-snippet:-1","max-image-preview":"max-image-preview:large","max-video-preview":"max-video-preview:-1"},"canonical":"https:\/\/www.ficoba.org\/es\/ababor-cierra-su-primera-edicion-con-buena-nota\/","twitter_misc":{"Escrito por":"ficoba","Tiempo de lectura":"2 minutos"},"schema":{"@context":"https:\/\/schema.org","@graph":[{"@type":"Article","@id":"https:\/\/www.ficoba.org\/es\/ababor-cierra-su-primera-edicion-con-buena-nota\/#article","isPartOf":{"@id":"https:\/\/www.ficoba.org\/es\/ababor-cierra-su-primera-edicion-con-buena-nota\/"},"author":{"name":"ficoba","@id":"https:\/\/www.ficoba.org\/es\/#\/schema\/person\/8a96a121e5dbd393e6e6b5a7ee7ed407"},"headline":"Ababor cierra su primera edici\u00f3n con buena nota","datePublished":"2022-04-04T09:50:30+00:00","mainEntityOfPage":{"@id":"https:\/\/www.ficoba.org\/es\/ababor-cierra-su-primera-edicion-con-buena-nota\/"},"wordCount":395,"publisher":{"@id":"https:\/\/www.ficoba.org\/es\/#organization"},"image":{"@id":"https:\/\/www.ficoba.org\/es\/ababor-cierra-su-primera-edicion-con-buena-nota\/#primaryimage"},"thumbnailUrl":"https:\/\/www.ficoba.org\/wp-content\/uploads\/2022\/04\/Ababor-2.jpg","keywords":["actividades acu\u00e1ticas","actividades mar","charters","Feria n\u00e1utica","n\u00e1utica sostenible","submarinismo","turismo de mar"],"articleSection":["Eventos y ferias"],"inLanguage":"es"},{"@type":"WebPage","@id":"https:\/\/www.ficoba.org\/es\/ababor-cierra-su-primera-edicion-con-buena-nota\/","url":"https:\/\/www.ficoba.org\/es\/ababor-cierra-su-primera-edicion-con-buena-nota\/","name":"Ababor cierra su primera edici\u00f3n con buena nota - Ficoba","isPartOf":{"@id":"https:\/\/www.ficoba.org\/es\/#website"},"primaryImageOfPage":{"@id":"https:\/\/www.ficoba.org\/es\/ababor-cierra-su-primera-edicion-con-buena-nota\/#primaryimage"},"image":{"@id":"https:\/\/www.ficoba.org\/es\/ababor-cierra-su-primera-edicion-con-buena-nota\/#primaryimage"},"thumbnailUrl":"https:\/\/www.ficoba.org\/wp-content\/uploads\/2022\/04\/Ababor-2.jpg","datePublished":"2022-04-04T09:50:30+00:00","breadcrumb":{"@id":"https:\/\/www.ficoba.org\/es\/ababor-cierra-su-primera-edicion-con-buena-nota\/#breadcrumb"},"inLanguage":"es","potentialAction":[{"@type":"ReadAction","target":["https:\/\/www.ficoba.org\/es\/ababor-cierra-su-primera-edicion-con-buena-nota\/"]}]},{"@type":"ImageObject","inLanguage":"es","@id":"https:\/\/www.ficoba.org\/es\/ababor-cierra-su-primera-edicion-con-buena-nota\/#primaryimage","url":"https:\/\/www.ficoba.org\/wp-content\/uploads\/2022\/04\/Ababor-2.jpg","contentUrl":"https:\/\/www.ficoba.org\/wp-content\/uploads\/2022\/04\/Ababor-2.jpg","width":1500,"height":1000},{"@type":"BreadcrumbList","@id":"https:\/\/www.ficoba.org\/es\/ababor-cierra-su-primera-edicion-con-buena-nota\/#breadcrumb","itemListElement":[{"@type":"ListItem","position":1,"name":"Portada","item":"https:\/\/www.ficoba.org\/es\/"},{"@type":"ListItem","position":2,"name":"Ababor cierra su primera edici\u00f3n con buena nota"}]},{"@type":"WebSite","@id":"https:\/\/www.ficoba.org\/es\/#website","url":"https:\/\/www.ficoba.org\/es\/","name":"Ficoba, Recinto Ferial de Gipuzkoa","description":"Ficoba, recinto ferial de Gipuzkoa","publisher":{"@id":"https:\/\/www.ficoba.org\/es\/#organization"},"alternateName":"Ficoba","potentialAction":[{"@type":"SearchAction","target":{"@type":"EntryPoint","urlTemplate":"https:\/\/www.ficoba.org\/es\/?s={search_term_string}"},"query-input":{"@type":"PropertyValueSpecification","valueRequired":true,"valueName":"search_term_string"}}],"inLanguage":"es"},{"@type":"Organization","@id":"https:\/\/www.ficoba.org\/es\/#organization","name":"Ficoba, Reciento Ferial de Gipuzkoa","url":"https:\/\/www.ficoba.org\/es\/","logo":{"@type":"ImageObject","inLanguage":"es","@id":"https:\/\/www.ficoba.org\/es\/#\/schema\/logo\/image\/","url":"https:\/\/www.ficoba.org\/wp-content\/uploads\/2018\/11\/logo_ficoba.png","contentUrl":"https:\/\/www.ficoba.org\/wp-content\/uploads\/2018\/11\/logo_ficoba.png","width":200,"height":124,"caption":"Ficoba, Reciento Ferial de Gipuzkoa"},"image":{"@id":"https:\/\/www.ficoba.org\/es\/#\/schema\/logo\/image\/"},"sameAs":["https:\/\/www.facebook.com\/FICOBAFUNDAZIOA\/","https:\/\/x.com\/FicobaFundazioa","https:\/\/www.youtube.com\/channel\/UCvo2JGluemyCf5KPRmEF9JQ","https:\/\/www.linkedin.com\/company\/ficoba\/","https:\/\/www.instagram.com\/ficobafundazioa\/"]},{"@type":"Person","@id":"https:\/\/www.ficoba.org\/es\/#\/schema\/person\/8a96a121e5dbd393e6e6b5a7ee7ed407","name":"ficoba","image":{"@type":"ImageObject","inLanguage":"es","@id":"https:\/\/www.ficoba.org\/es\/#\/schema\/person\/image\/","url":"https:\/\/secure.gravatar.com\/avatar\/c90cc0e07f75fecbe4165c1906a4cd61b0179a28caae2205d37516e4fb7c30c1?s=96&d=mm&r=g","contentUrl":"https:\/\/secure.gravatar.com\/avatar\/c90cc0e07f75fecbe4165c1906a4cd61b0179a28caae2205d37516e4fb7c30c1?s=96&d=mm&r=g","caption":"ficoba"}}]}},"_links":{"self":[{"href":"https:\/\/www.ficoba.org\/es\/wp-json\/wp\/v2\/posts\/9743","targetHints":{"allow":["GET"]}}],"collection":[{"href":"https:\/\/www.ficoba.org\/es\/wp-json\/wp\/v2\/posts"}],"about":[{"href":"https:\/\/www.ficoba.org\/es\/wp-json\/wp\/v2\/types\/post"}],"author":[{"embeddable":true,"href":"https:\/\/www.ficoba.org\/es\/wp-json\/wp\/v2\/users\/2"}],"replies":[{"embeddable":true,"href":"https:\/\/www.ficoba.org\/es\/wp-json\/wp\/v2\/comments?post=9743"}],"version-history":[{"count":1,"href":"https:\/\/www.ficoba.org\/es\/wp-json\/wp\/v2\/posts\/9743\/revisions"}],"predecessor-version":[{"id":9796,"href":"https:\/\/www.ficoba.org\/es\/wp-json\/wp\/v2\/posts\/9743\/revisions\/9796"}],"wp:featuredmedia":[{"embeddable":true,"href":"https:\/\/www.ficoba.org\/es\/wp-json\/wp\/v2\/media\/9748"}],"wp:attachment":[{"href":"https:\/\/www.ficoba.org\/es\/wp-json\/wp\/v2\/media?parent=9743"}],"wp:term":[{"taxonomy":"category","embeddable":true,"href":"https:\/\/www.ficoba.org\/es\/wp-json\/wp\/v2\/categories?post=9743"},{"taxonomy":"post_tag","embeddable":true,"href":"https:\/\/www.ficoba.org\/es\/wp-json\/wp\/v2\/tags?post=9743"}],"curies":[{"name":"wp","href":"https:\/\/api.w.org\/{rel}","templated":true}]}}