{"id":9717,"date":"2022-03-29T13:07:54","date_gmt":"2022-03-29T11:07:54","guid":{"rendered":"https:\/\/www.ficoba.org\/?p=9717"},"modified":"2022-03-29T13:09:05","modified_gmt":"2022-03-29T11:09:05","slug":"mas-de-40-expositores-levan-anclas-en-la-primera-edicion-del-salon-nautico-ababor","status":"publish","type":"post","link":"https:\/\/www.ficoba.org\/es\/mas-de-40-expositores-levan-anclas-en-la-primera-edicion-del-salon-nautico-ababor\/","title":{"rendered":"M\u00e1s de 40 expositores levan anclas en la primera edici\u00f3n del Sal\u00f3n N\u00e1utico Ababor"},"content":{"rendered":"<ul>\n<li><strong>El turismo ligado con el mar y las actividades acu\u00e1ticas y las embarcaciones, entre los principales atractivos de la feria<\/strong><\/li>\n<li><strong>El evento tendr\u00e1 lugar del 1 al 3 de abril en Ficoba<\/strong><\/li>\n<li><strong>Tanto la entrada como el parking son gratuitos<\/strong><\/li>\n<\/ul>\n<p>La comercializaci\u00f3n de esta primera edici\u00f3n de la feria n\u00e1utica de Euskadi ha sido un \u00e9xito. Un total de 43 firmas han respondido a la llamada de Ficoba y llenar\u00e1n del 1 al 3 de abril los tres pabellones del recinto ferial. Un buen n\u00famero de expositores que aseguran que las personas que visiten la feria se van a encontrar con una propuesta variada e interesante.<\/p>\n<p>El sector m\u00e1s representado en Ababor va a ser el del turismo n\u00e1utico, charters y servicios, que contar\u00e1 con 18 empresas y dos museos. Le siguen por orden de importancia los accesorios (moto, componentes y electr\u00f3nica) y, por supuesto, las embarcaciones, ya sea de motor, vela o pesca. Los visitantes encontrar\u00e1n hasta 30 embarcaciones expuestas en los pabellones de Ficoba.<\/p>\n<p>Tambi\u00e9n han acudido a la llamada de esta primera edici\u00f3n de Ababor empresas de vestimenta especializada, de kayaks, de submarinismo, as\u00ed como clubes y escuelas n\u00e1uticas.<\/p>\n<p>El an\u00e1lisis de la procedencia de los visitantes pone de manifiesto el inter\u00e9s que ha despertado la feria en el entorno m\u00e1s pr\u00f3ximo. El 68% de las empresas expositoras proviene de Gipuzkoa. Resulta tambi\u00e9n interesante comprobar el atractivo que el visitante de la feria tiene para las empresas francesas que representan el 15% del total de expositores, seguidas de Madrid, Bizkaia, Valencia y Barcelona.<\/p>\n<p>Las propuestas de estos 43 expositores van a convertir Ficoba en un gran puerto para que los visitantes puedan disfrutar en un entorno c\u00f3modo y acogedor de su pasi\u00f3n por el mar y las actividades acu\u00e1ticas.<\/p>\n<p>La alta presencia de expositores, el respaldo institucional a trav\u00e9s de Euskal Kirol Portuak (EKP) y Basquetour, y el apoyo de ANEN (Asociaci\u00f3n Nacional de Empresas N\u00e1uticas, patronal del sector n\u00e1utico en Espa\u00f1a) en la organizaci\u00f3n de la feria, sit\u00faan a Ababor, ya en su primera edici\u00f3n, como una cita de referencia en el sector de la n\u00e1utica y del turismo mar\u00edtimo.<\/p>\n<p><strong>Otras 25 razones para visitar Ababor<\/strong><\/p>\n<p>El mar es mucho m\u00e1s que actividades de ocio. De ah\u00ed el eslogan de esta primera edici\u00f3n de Ababor: somos mar. Una visi\u00f3n m\u00e1s amplia que se va a reflejar en el programa de conferencias y mesas redondas.<\/p>\n<p>En el a\u00f1o que se celebran 500 a\u00f1os de la primera circunnavegaci\u00f3n a la Tierra de Elkano, no pod\u00eda faltar en Ababor la Fundaci\u00f3n Elkano que ha patrocinado varias conferencias para dar a conocer los pormenores del hito hist\u00f3rico que supuso la primera vuelta al mundo. Desde los cambios en el arte de navegar que impuls\u00f3 la \u00e9poca de las grandes exploraciones, hasta las explicaciones de Rafa Zulaika, coordinador de la Fundaci\u00f3n Elkano que ser\u00e1 el encargado de describir c\u00f3mo fue la vuelta al mundo en 1522 o la reflexi\u00f3n a trav\u00e9s del documental \u2018Haizeari mila galdera\u2019 (mil preguntas al viento) sobre la relaci\u00f3n que los vascos tienen actualmente con el mar para poner as\u00ed en valor el patrimonio mar\u00edtimo e identidad marinera vasca.<\/p>\n<p>EKP- Euskal Kirol Portuak, sociedad p\u00fablica del Gobierno Vasco que gestiona todas las d\u00e1rsenas y puertos deportivos de la Comunidad Aut\u00f3noma Vasca tambi\u00e9n ha querido enriquecer el contenido de Ababor patrocinando varias conferencias en torno a las salidas laborales de patr\u00f3n de altura en el ch\u00e1rter y escuelas n\u00e1uticas, la evoluci\u00f3n del equipo femenino de vela Decoexsa\u00a0 que pone el acento en que cuando hay ilusi\u00f3n no hay obst\u00e1culos o el reto para el sector n\u00e1utico \u00a0de las embarcaciones a l final de su vida \u00fatil, que correr\u00e1 a cargo de Carlos Sanlorenzo, secretario general de ANEN (Asociaci\u00f3n Nacional de Empresas N\u00e1uticas) .<\/p>\n<p>Ababor contar\u00e1 tambi\u00e9n con expertos navegantes que han hecho de la navegaci\u00f3n su forma de vida como la historia real de una familia que en 1983 se embarc\u00f3 en un velero con el objetivo de vivir de una forma diferente, y durante diecisiete a\u00f1os navegaron dando la vuelta al mundo. O la experiencia de Laura Gonzalvo, que ha navegado m\u00e1s de 35.000 millas, y en su blog Allende los Mares muestra sus experiencias en el mar y en el velero en su d\u00eda a d\u00eda.<\/p>\n<p>El programa de conferencias se completa, entre otras actividades, con tres mesas redondas en las que se abordar\u00e1n cuestiones como la sostenibilidad y la necesidad de cuidar los mares; la n\u00e1utica como sector econ\u00f3mico, sus retos e innovaci\u00f3n; y el deporte que empieza como ocio y culmina en la alta competici\u00f3n.<\/p>\n<p><strong>M\u00e1s all\u00e1 del ocio<\/strong><\/p>\n<p>El programa de actividades de Ababor tambi\u00e9n va a abordar la problem\u00e1tica humanitaria que se vive actualmente en el Mediterr\u00e1neo, con una ausencia de coordinaci\u00f3n en la respuesta por parte de Europa que se limita a intentar contener el fen\u00f3meno migratorio en los pa\u00edses lim\u00edtrofes e incluso realiza devoluciones en caliente como en Grecia. A trav\u00e9s de una conferencia y de la proyecci\u00f3n del documental \u2018Aita Mari\u2019 que narra la odisea, de m\u00e1s de dos a\u00f1os de duraci\u00f3n, de la nave, desde su reconstrucci\u00f3n hasta la culminaci\u00f3n del primer rescate.<\/p>\n<p><strong>Actividades para ni\u00f1os y ni\u00f1as<\/strong><\/p>\n<p>Para iniciar a ni\u00f1os y ni\u00f1as en la pasi\u00f3n por el mar y las actividades acu\u00e1ticas, se han organizado m\u00faltiples actividades a lo largo del fin de semana. Talleres en los que pintar\u00e1n las basuras y pl\u00e1sticos que se encuentran en el mar, dibujos con los que se realizar\u00e1 un panel que se enviar\u00e1 a la Agencia Europea de Medio Ambiente con el mensaje de concienciaci\u00f3n de los m\u00e1s peque\u00f1os. Un taller que une a Chile y Euskadi en un proyecto colaborativo para crear una vuelta al mundo en postales dando la palabra a las nuevas generaciones. Otro taller en torno a la reutilizaci\u00f3n de residuos pl\u00e1sticos a trav\u00e9s de las manualidades o la posibilidad de participar en una yincana para introducirse en el d\u00eda a d\u00eda de los marineros.<\/p>\n<p><strong>\u2026 Y<\/strong><strong> sorteos<\/strong><\/p>\n<p>Venir a Ababor tiene premio. Entre todas las personas que se acerquen el fin de semana a Ficoba se sortear\u00e1n salidas en velero, cursos de optimist, paseos en raquero, salidas de paddle surf, un descenso por el Bidasoa y salidas en barcos de pesca.<\/p>\n<p><strong>Informaci\u00f3n pr\u00e1ctica:<\/strong><\/p>\n<p>Ababor abrir\u00e1 sus puertas del 1 al 3 de abril en horario ininterrumpido de 11.00 a 20.00 horas. Tanto la entrada como el parking son gratuitos. Ficoba cuenta tambi\u00e9n con parada propia de Topo a 50 metros de sus instalaciones.<\/p>\n<p>La inauguraci\u00f3n institucional de la feria tendr\u00e1 lugar el viernes 1 de abril a las 12.00 horas en Ficoba.<\/p>\n<p><a href=\"http:\/\/www.ababor.eus\"><strong>www.ababor.eus<\/strong><\/a><\/p>\n","protected":false},"excerpt":{"rendered":"<p>El turismo ligado con el mar y las actividades acu\u00e1ticas y las embarcaciones, entre los principales atractivos de la feria El evento tendr\u00e1 lugar del 1 al 3 de abril [&hellip;]<\/p>\n","protected":false},"author":2,"featured_media":9711,"comment_status":"closed","ping_status":"closed","sticky":false,"template":"","format":"standard","meta":{"_et_pb_use_builder":"","_et_pb_old_content":"","_et_gb_content_width":"","footnotes":""},"categories":[3],"tags":[],"class_list":["post-9717","post","type-post","status-publish","format-standard","has-post-thumbnail","hentry","category-eventos-y-ferias"],"yoast_head":"<!-- This site is optimized with the Yoast SEO plugin v26.8 - https:\/\/yoast.com\/product\/yoast-seo-wordpress\/ -->\n<title>M\u00e1s de 40 expositores levan anclas en la primera edici\u00f3n del Sal\u00f3n N\u00e1utico Ababor - Ficoba<\/title>\n<meta name=\"robots\" content=\"index, follow, max-snippet:-1, max-image-preview:large, max-video-preview:-1\" \/>\n<link rel=\"canonical\" href=\"https:\/\/www.ficoba.org\/es\/mas-de-40-expositores-levan-anclas-en-la-primera-edicion-del-salon-nautico-ababor\/\" \/>\n<meta name=\"twitter:label1\" content=\"Escrito por\" \/>\n\t<meta name=\"twitter:data1\" content=\"ficoba\" \/>\n\t<meta name=\"twitter:label2\" content=\"Tiempo de lectura\" \/>\n\t<meta name=\"twitter:data2\" content=\"6 minutos\" \/>\n<script type=\"application\/ld+json\" class=\"yoast-schema-graph\">{\"@context\":\"https:\/\/schema.org\",\"@graph\":[{\"@type\":\"Article\",\"@id\":\"https:\/\/www.ficoba.org\/es\/mas-de-40-expositores-levan-anclas-en-la-primera-edicion-del-salon-nautico-ababor\/#article\",\"isPartOf\":{\"@id\":\"https:\/\/www.ficoba.org\/es\/mas-de-40-expositores-levan-anclas-en-la-primera-edicion-del-salon-nautico-ababor\/\"},\"author\":{\"name\":\"ficoba\",\"@id\":\"https:\/\/www.ficoba.org\/es\/#\/schema\/person\/8a96a121e5dbd393e6e6b5a7ee7ed407\"},\"headline\":\"M\u00e1s de 40 expositores levan anclas en la primera edici\u00f3n del Sal\u00f3n N\u00e1utico Ababor\",\"datePublished\":\"2022-03-29T11:07:54+00:00\",\"dateModified\":\"2022-03-29T11:09:05+00:00\",\"mainEntityOfPage\":{\"@id\":\"https:\/\/www.ficoba.org\/es\/mas-de-40-expositores-levan-anclas-en-la-primera-edicion-del-salon-nautico-ababor\/\"},\"wordCount\":1202,\"publisher\":{\"@id\":\"https:\/\/www.ficoba.org\/es\/#organization\"},\"image\":{\"@id\":\"https:\/\/www.ficoba.org\/es\/mas-de-40-expositores-levan-anclas-en-la-primera-edicion-del-salon-nautico-ababor\/#primaryimage\"},\"thumbnailUrl\":\"https:\/\/www.ficoba.org\/wp-content\/uploads\/2022\/03\/La-buena.jpg\",\"articleSection\":[\"Eventos y ferias\"],\"inLanguage\":\"es\"},{\"@type\":\"WebPage\",\"@id\":\"https:\/\/www.ficoba.org\/es\/mas-de-40-expositores-levan-anclas-en-la-primera-edicion-del-salon-nautico-ababor\/\",\"url\":\"https:\/\/www.ficoba.org\/es\/mas-de-40-expositores-levan-anclas-en-la-primera-edicion-del-salon-nautico-ababor\/\",\"name\":\"M\u00e1s de 40 expositores levan anclas en la primera edici\u00f3n del Sal\u00f3n N\u00e1utico Ababor - Ficoba\",\"isPartOf\":{\"@id\":\"https:\/\/www.ficoba.org\/es\/#website\"},\"primaryImageOfPage\":{\"@id\":\"https:\/\/www.ficoba.org\/es\/mas-de-40-expositores-levan-anclas-en-la-primera-edicion-del-salon-nautico-ababor\/#primaryimage\"},\"image\":{\"@id\":\"https:\/\/www.ficoba.org\/es\/mas-de-40-expositores-levan-anclas-en-la-primera-edicion-del-salon-nautico-ababor\/#primaryimage\"},\"thumbnailUrl\":\"https:\/\/www.ficoba.org\/wp-content\/uploads\/2022\/03\/La-buena.jpg\",\"datePublished\":\"2022-03-29T11:07:54+00:00\",\"dateModified\":\"2022-03-29T11:09:05+00:00\",\"breadcrumb\":{\"@id\":\"https:\/\/www.ficoba.org\/es\/mas-de-40-expositores-levan-anclas-en-la-primera-edicion-del-salon-nautico-ababor\/#breadcrumb\"},\"inLanguage\":\"es\",\"potentialAction\":[{\"@type\":\"ReadAction\",\"target\":[\"https:\/\/www.ficoba.org\/es\/mas-de-40-expositores-levan-anclas-en-la-primera-edicion-del-salon-nautico-ababor\/\"]}]},{\"@type\":\"ImageObject\",\"inLanguage\":\"es\",\"@id\":\"https:\/\/www.ficoba.org\/es\/mas-de-40-expositores-levan-anclas-en-la-primera-edicion-del-salon-nautico-ababor\/#primaryimage\",\"url\":\"https:\/\/www.ficoba.org\/wp-content\/uploads\/2022\/03\/La-buena.jpg\",\"contentUrl\":\"https:\/\/www.ficoba.org\/wp-content\/uploads\/2022\/03\/La-buena.jpg\",\"width\":2048,\"height\":1536},{\"@type\":\"BreadcrumbList\",\"@id\":\"https:\/\/www.ficoba.org\/es\/mas-de-40-expositores-levan-anclas-en-la-primera-edicion-del-salon-nautico-ababor\/#breadcrumb\",\"itemListElement\":[{\"@type\":\"ListItem\",\"position\":1,\"name\":\"Portada\",\"item\":\"https:\/\/www.ficoba.org\/es\/\"},{\"@type\":\"ListItem\",\"position\":2,\"name\":\"M\u00e1s de 40 expositores levan anclas en la primera edici\u00f3n del Sal\u00f3n N\u00e1utico Ababor\"}]},{\"@type\":\"WebSite\",\"@id\":\"https:\/\/www.ficoba.org\/es\/#website\",\"url\":\"https:\/\/www.ficoba.org\/es\/\",\"name\":\"Ficoba, Recinto Ferial de Gipuzkoa\",\"description\":\"Ficoba, recinto ferial de Gipuzkoa\",\"publisher\":{\"@id\":\"https:\/\/www.ficoba.org\/es\/#organization\"},\"alternateName\":\"Ficoba\",\"potentialAction\":[{\"@type\":\"SearchAction\",\"target\":{\"@type\":\"EntryPoint\",\"urlTemplate\":\"https:\/\/www.ficoba.org\/es\/?s={search_term_string}\"},\"query-input\":{\"@type\":\"PropertyValueSpecification\",\"valueRequired\":true,\"valueName\":\"search_term_string\"}}],\"inLanguage\":\"es\"},{\"@type\":\"Organization\",\"@id\":\"https:\/\/www.ficoba.org\/es\/#organization\",\"name\":\"Ficoba, Reciento Ferial de Gipuzkoa\",\"url\":\"https:\/\/www.ficoba.org\/es\/\",\"logo\":{\"@type\":\"ImageObject\",\"inLanguage\":\"es\",\"@id\":\"https:\/\/www.ficoba.org\/es\/#\/schema\/logo\/image\/\",\"url\":\"https:\/\/www.ficoba.org\/wp-content\/uploads\/2018\/11\/logo_ficoba.png\",\"contentUrl\":\"https:\/\/www.ficoba.org\/wp-content\/uploads\/2018\/11\/logo_ficoba.png\",\"width\":200,\"height\":124,\"caption\":\"Ficoba, Reciento Ferial de Gipuzkoa\"},\"image\":{\"@id\":\"https:\/\/www.ficoba.org\/es\/#\/schema\/logo\/image\/\"},\"sameAs\":[\"https:\/\/www.facebook.com\/FICOBAFUNDAZIOA\/\",\"https:\/\/x.com\/FicobaFundazioa\",\"https:\/\/www.youtube.com\/channel\/UCvo2JGluemyCf5KPRmEF9JQ\",\"https:\/\/www.linkedin.com\/company\/ficoba\/\",\"https:\/\/www.instagram.com\/ficobafundazioa\/\"]},{\"@type\":\"Person\",\"@id\":\"https:\/\/www.ficoba.org\/es\/#\/schema\/person\/8a96a121e5dbd393e6e6b5a7ee7ed407\",\"name\":\"ficoba\",\"image\":{\"@type\":\"ImageObject\",\"inLanguage\":\"es\",\"@id\":\"https:\/\/www.ficoba.org\/es\/#\/schema\/person\/image\/\",\"url\":\"https:\/\/secure.gravatar.com\/avatar\/c90cc0e07f75fecbe4165c1906a4cd61b0179a28caae2205d37516e4fb7c30c1?s=96&d=mm&r=g\",\"contentUrl\":\"https:\/\/secure.gravatar.com\/avatar\/c90cc0e07f75fecbe4165c1906a4cd61b0179a28caae2205d37516e4fb7c30c1?s=96&d=mm&r=g\",\"caption\":\"ficoba\"}}]}<\/script>\n<!-- \/ Yoast SEO plugin. -->","yoast_head_json":{"title":"M\u00e1s de 40 expositores levan anclas en la primera edici\u00f3n del Sal\u00f3n N\u00e1utico Ababor - Ficoba","robots":{"index":"index","follow":"follow","max-snippet":"max-snippet:-1","max-image-preview":"max-image-preview:large","max-video-preview":"max-video-preview:-1"},"canonical":"https:\/\/www.ficoba.org\/es\/mas-de-40-expositores-levan-anclas-en-la-primera-edicion-del-salon-nautico-ababor\/","twitter_misc":{"Escrito por":"ficoba","Tiempo de lectura":"6 minutos"},"schema":{"@context":"https:\/\/schema.org","@graph":[{"@type":"Article","@id":"https:\/\/www.ficoba.org\/es\/mas-de-40-expositores-levan-anclas-en-la-primera-edicion-del-salon-nautico-ababor\/#article","isPartOf":{"@id":"https:\/\/www.ficoba.org\/es\/mas-de-40-expositores-levan-anclas-en-la-primera-edicion-del-salon-nautico-ababor\/"},"author":{"name":"ficoba","@id":"https:\/\/www.ficoba.org\/es\/#\/schema\/person\/8a96a121e5dbd393e6e6b5a7ee7ed407"},"headline":"M\u00e1s de 40 expositores levan anclas en la primera edici\u00f3n del Sal\u00f3n N\u00e1utico Ababor","datePublished":"2022-03-29T11:07:54+00:00","dateModified":"2022-03-29T11:09:05+00:00","mainEntityOfPage":{"@id":"https:\/\/www.ficoba.org\/es\/mas-de-40-expositores-levan-anclas-en-la-primera-edicion-del-salon-nautico-ababor\/"},"wordCount":1202,"publisher":{"@id":"https:\/\/www.ficoba.org\/es\/#organization"},"image":{"@id":"https:\/\/www.ficoba.org\/es\/mas-de-40-expositores-levan-anclas-en-la-primera-edicion-del-salon-nautico-ababor\/#primaryimage"},"thumbnailUrl":"https:\/\/www.ficoba.org\/wp-content\/uploads\/2022\/03\/La-buena.jpg","articleSection":["Eventos y ferias"],"inLanguage":"es"},{"@type":"WebPage","@id":"https:\/\/www.ficoba.org\/es\/mas-de-40-expositores-levan-anclas-en-la-primera-edicion-del-salon-nautico-ababor\/","url":"https:\/\/www.ficoba.org\/es\/mas-de-40-expositores-levan-anclas-en-la-primera-edicion-del-salon-nautico-ababor\/","name":"M\u00e1s de 40 expositores levan anclas en la primera edici\u00f3n del Sal\u00f3n N\u00e1utico Ababor - Ficoba","isPartOf":{"@id":"https:\/\/www.ficoba.org\/es\/#website"},"primaryImageOfPage":{"@id":"https:\/\/www.ficoba.org\/es\/mas-de-40-expositores-levan-anclas-en-la-primera-edicion-del-salon-nautico-ababor\/#primaryimage"},"image":{"@id":"https:\/\/www.ficoba.org\/es\/mas-de-40-expositores-levan-anclas-en-la-primera-edicion-del-salon-nautico-ababor\/#primaryimage"},"thumbnailUrl":"https:\/\/www.ficoba.org\/wp-content\/uploads\/2022\/03\/La-buena.jpg","datePublished":"2022-03-29T11:07:54+00:00","dateModified":"2022-03-29T11:09:05+00:00","breadcrumb":{"@id":"https:\/\/www.ficoba.org\/es\/mas-de-40-expositores-levan-anclas-en-la-primera-edicion-del-salon-nautico-ababor\/#breadcrumb"},"inLanguage":"es","potentialAction":[{"@type":"ReadAction","target":["https:\/\/www.ficoba.org\/es\/mas-de-40-expositores-levan-anclas-en-la-primera-edicion-del-salon-nautico-ababor\/"]}]},{"@type":"ImageObject","inLanguage":"es","@id":"https:\/\/www.ficoba.org\/es\/mas-de-40-expositores-levan-anclas-en-la-primera-edicion-del-salon-nautico-ababor\/#primaryimage","url":"https:\/\/www.ficoba.org\/wp-content\/uploads\/2022\/03\/La-buena.jpg","contentUrl":"https:\/\/www.ficoba.org\/wp-content\/uploads\/2022\/03\/La-buena.jpg","width":2048,"height":1536},{"@type":"BreadcrumbList","@id":"https:\/\/www.ficoba.org\/es\/mas-de-40-expositores-levan-anclas-en-la-primera-edicion-del-salon-nautico-ababor\/#breadcrumb","itemListElement":[{"@type":"ListItem","position":1,"name":"Portada","item":"https:\/\/www.ficoba.org\/es\/"},{"@type":"ListItem","position":2,"name":"M\u00e1s de 40 expositores levan anclas en la primera edici\u00f3n del Sal\u00f3n N\u00e1utico Ababor"}]},{"@type":"WebSite","@id":"https:\/\/www.ficoba.org\/es\/#website","url":"https:\/\/www.ficoba.org\/es\/","name":"Ficoba, Recinto Ferial de Gipuzkoa","description":"Ficoba, recinto ferial de Gipuzkoa","publisher":{"@id":"https:\/\/www.ficoba.org\/es\/#organization"},"alternateName":"Ficoba","potentialAction":[{"@type":"SearchAction","target":{"@type":"EntryPoint","urlTemplate":"https:\/\/www.ficoba.org\/es\/?s={search_term_string}"},"query-input":{"@type":"PropertyValueSpecification","valueRequired":true,"valueName":"search_term_string"}}],"inLanguage":"es"},{"@type":"Organization","@id":"https:\/\/www.ficoba.org\/es\/#organization","name":"Ficoba, Reciento Ferial de Gipuzkoa","url":"https:\/\/www.ficoba.org\/es\/","logo":{"@type":"ImageObject","inLanguage":"es","@id":"https:\/\/www.ficoba.org\/es\/#\/schema\/logo\/image\/","url":"https:\/\/www.ficoba.org\/wp-content\/uploads\/2018\/11\/logo_ficoba.png","contentUrl":"https:\/\/www.ficoba.org\/wp-content\/uploads\/2018\/11\/logo_ficoba.png","width":200,"height":124,"caption":"Ficoba, Reciento Ferial de Gipuzkoa"},"image":{"@id":"https:\/\/www.ficoba.org\/es\/#\/schema\/logo\/image\/"},"sameAs":["https:\/\/www.facebook.com\/FICOBAFUNDAZIOA\/","https:\/\/x.com\/FicobaFundazioa","https:\/\/www.youtube.com\/channel\/UCvo2JGluemyCf5KPRmEF9JQ","https:\/\/www.linkedin.com\/company\/ficoba\/","https:\/\/www.instagram.com\/ficobafundazioa\/"]},{"@type":"Person","@id":"https:\/\/www.ficoba.org\/es\/#\/schema\/person\/8a96a121e5dbd393e6e6b5a7ee7ed407","name":"ficoba","image":{"@type":"ImageObject","inLanguage":"es","@id":"https:\/\/www.ficoba.org\/es\/#\/schema\/person\/image\/","url":"https:\/\/secure.gravatar.com\/avatar\/c90cc0e07f75fecbe4165c1906a4cd61b0179a28caae2205d37516e4fb7c30c1?s=96&d=mm&r=g","contentUrl":"https:\/\/secure.gravatar.com\/avatar\/c90cc0e07f75fecbe4165c1906a4cd61b0179a28caae2205d37516e4fb7c30c1?s=96&d=mm&r=g","caption":"ficoba"}}]}},"_links":{"self":[{"href":"https:\/\/www.ficoba.org\/es\/wp-json\/wp\/v2\/posts\/9717","targetHints":{"allow":["GET"]}}],"collection":[{"href":"https:\/\/www.ficoba.org\/es\/wp-json\/wp\/v2\/posts"}],"about":[{"href":"https:\/\/www.ficoba.org\/es\/wp-json\/wp\/v2\/types\/post"}],"author":[{"embeddable":true,"href":"https:\/\/www.ficoba.org\/es\/wp-json\/wp\/v2\/users\/2"}],"replies":[{"embeddable":true,"href":"https:\/\/www.ficoba.org\/es\/wp-json\/wp\/v2\/comments?post=9717"}],"version-history":[{"count":1,"href":"https:\/\/www.ficoba.org\/es\/wp-json\/wp\/v2\/posts\/9717\/revisions"}],"predecessor-version":[{"id":9718,"href":"https:\/\/www.ficoba.org\/es\/wp-json\/wp\/v2\/posts\/9717\/revisions\/9718"}],"wp:featuredmedia":[{"embeddable":true,"href":"https:\/\/www.ficoba.org\/es\/wp-json\/wp\/v2\/media\/9711"}],"wp:attachment":[{"href":"https:\/\/www.ficoba.org\/es\/wp-json\/wp\/v2\/media?parent=9717"}],"wp:term":[{"taxonomy":"category","embeddable":true,"href":"https:\/\/www.ficoba.org\/es\/wp-json\/wp\/v2\/categories?post=9717"},{"taxonomy":"post_tag","embeddable":true,"href":"https:\/\/www.ficoba.org\/es\/wp-json\/wp\/v2\/tags?post=9717"}],"curies":[{"name":"wp","href":"https:\/\/api.w.org\/{rel}","templated":true}]}}