{"id":9656,"date":"2022-03-23T14:39:03","date_gmt":"2022-03-23T12:39:03","guid":{"rendered":"https:\/\/www.ficoba.org\/?p=9656"},"modified":"2022-03-23T14:39:03","modified_gmt":"2022-03-23T12:39:03","slug":"elkarrekin-ababor-la-primera-feria-nautica-de-euskadi-inicia-su-travesia-este-fin-de-semana-en-hondarribia","status":"publish","type":"post","link":"https:\/\/www.ficoba.org\/es\/elkarrekin-ababor-la-primera-feria-nautica-de-euskadi-inicia-su-travesia-este-fin-de-semana-en-hondarribia\/","title":{"rendered":"Elkarrekin Ababor: la primera feria n\u00e1utica de Euskadi inicia su traves\u00eda este fin de semana en Hondarribia"},"content":{"rendered":"<ul>\n<li><strong>Ababor y el Club N\u00e1utico de Hondarribia han organizado este s\u00e1bado 26 de marzo un concurso de pesca, una regata de optimist y una traves\u00eda de cruceros como paso previo a la celebraci\u00f3n de la feria<\/strong><\/li>\n<li><strong>Ababor tendr\u00e1 lugar del 1 al 3 de abril en Ficoba<\/strong><\/li>\n<\/ul>\n<p><em>(Irun, 23 de marzo de 2022). <\/em>Para ir abriendo boca, y con el rumbo puesto en la celebraci\u00f3n de la feria n\u00e1utica Ababor, el s\u00e1bado 26 de marzo van a tener lugar varios eventos n\u00e1uticos en el marco del programa de Actividades Elkarrekin Ababor impulsado por Ababor y el Club N\u00e1utico de Hondarribia.<\/p>\n<p>Las actividades comenzar\u00e1n temprano, ya que a las 07.30 horas saldr\u00e1n de las instalaciones de EKP (Euskal Kirol Portuak) en Hondarribia los participantes en el concurso de pesca desde embarcaci\u00f3n fondeada EKP. Alrededor de 24 embarcaciones participar\u00e1n en este concurso que el Club N\u00e1utico de Hondarribia ha organizado en colaboraci\u00f3n con la feria Ababor impulsada por Ficoba.<\/p>\n<p>A las 10.30 horas ser\u00e1 el turno de la traves\u00eda de cruceros. Alrededor de 40 embarcaciones partir\u00e1n direcci\u00f3n San Juan de Luz para recorrer 4 millas y regresar hacia las 13.30 a puerto.<\/p>\n<p>Las actividades Elkarrekin Ababor se completan con la regata de vela Optimartxoa Trofeo Aecio Euskadi, que se desarrollar\u00e1 en la escuela de vela del Club N\u00e1utico de Hondarribia, en colaboraci\u00f3n con la Diputaci\u00f3n foral de Gipuzkoa, la Federaci\u00f3n Vasca de Vela, la Federaci\u00f3n Guipuzcoana de Vela, Euskal Kirol Portuak (EKP), el Ayuntamiento de Hondarribia y la feria Ababor.<\/p>\n<p>En esta regata, que se celebrar\u00e1 el s\u00e1bado y el domingo participar\u00e1n, alrededor de 50 embarcaciones de las clases Optimist sub 16, sub 13 y sub 11 procedentes del Real Club N\u00e1utico de San Sebasti\u00e1n, Club N\u00e1utico de Vitoria, y del Club N\u00e1utico de Hondarribia.<\/p>\n<p>Las actividades del s\u00e1bado terminar\u00e1n con la celebraci\u00f3n hacia las 14:00 horas de un lunch en colaboraci\u00f3n con la Cofrad\u00eda de Pescadores San Pedro de Hondarribia.<em>\u00a0<\/em><\/p>\n<p><strong>Feria n\u00e1utica Ababor<\/strong><\/p>\n<p>Y del puerto de Hondarribia la actividad se trasladar\u00e1 al puerto cubierto de Ficoba donde va a tener lugar del 1 al 3 de abril Ababor, la primera feria n\u00e1utica de Euskadi. Tres d\u00edas en los que a trav\u00e9s de una oferta expositiva que va a ocupar los tres pabellones del recinto ferial, conferencias y mesas redondas, las personas aficionadas a la n\u00e1utica y a las actividades acu\u00e1ticas, y todas aquellas que tienen inter\u00e9s en esta forma de ocio y de vida, podr\u00e1n conocer de primera mano, productos, servicios y experiencias.<\/p>\n<p><a href=\"http:\/\/www.ababor.eus\">www.ababor.eus<\/a> \/ www.cnh-hib.org<\/p>\n","protected":false},"excerpt":{"rendered":"<p>Ababor y el Club N\u00e1utico de Hondarribia han organizado este s\u00e1bado 26 de marzo un concurso de pesca, una regata de optimist y una traves\u00eda de cruceros como paso previo [&hellip;]<\/p>\n","protected":false},"author":2,"featured_media":9657,"comment_status":"closed","ping_status":"closed","sticky":false,"template":"","format":"standard","meta":{"_et_pb_use_builder":"","_et_pb_old_content":"","_et_gb_content_width":"","footnotes":""},"categories":[3],"tags":[275,274,268],"class_list":["post-9656","post","type-post","status-publish","format-standard","has-post-thumbnail","hentry","category-eventos-y-ferias","tag-actividades-acuaticas","tag-feria-nautica","tag-turismo-nautico"],"yoast_head":"<!-- This site is optimized with the Yoast SEO plugin v26.8 - https:\/\/yoast.com\/product\/yoast-seo-wordpress\/ -->\n<title>Elkarrekin Ababor: la primera feria n\u00e1utica de Euskadi inicia su traves\u00eda este fin de semana en Hondarribia - Ficoba<\/title>\n<meta name=\"robots\" content=\"index, follow, max-snippet:-1, max-image-preview:large, max-video-preview:-1\" \/>\n<link rel=\"canonical\" href=\"https:\/\/www.ficoba.org\/es\/elkarrekin-ababor-la-primera-feria-nautica-de-euskadi-inicia-su-travesia-este-fin-de-semana-en-hondarribia\/\" \/>\n<meta name=\"twitter:label1\" content=\"Escrito por\" \/>\n\t<meta name=\"twitter:data1\" content=\"ficoba\" \/>\n\t<meta name=\"twitter:label2\" content=\"Tiempo de lectura\" \/>\n\t<meta name=\"twitter:data2\" content=\"2 minutos\" \/>\n<script type=\"application\/ld+json\" class=\"yoast-schema-graph\">{\"@context\":\"https:\/\/schema.org\",\"@graph\":[{\"@type\":\"Article\",\"@id\":\"https:\/\/www.ficoba.org\/es\/elkarrekin-ababor-la-primera-feria-nautica-de-euskadi-inicia-su-travesia-este-fin-de-semana-en-hondarribia\/#article\",\"isPartOf\":{\"@id\":\"https:\/\/www.ficoba.org\/es\/elkarrekin-ababor-la-primera-feria-nautica-de-euskadi-inicia-su-travesia-este-fin-de-semana-en-hondarribia\/\"},\"author\":{\"name\":\"ficoba\",\"@id\":\"https:\/\/www.ficoba.org\/es\/#\/schema\/person\/8a96a121e5dbd393e6e6b5a7ee7ed407\"},\"headline\":\"Elkarrekin Ababor: la primera feria n\u00e1utica de Euskadi inicia su traves\u00eda este fin de semana en Hondarribia\",\"datePublished\":\"2022-03-23T12:39:03+00:00\",\"mainEntityOfPage\":{\"@id\":\"https:\/\/www.ficoba.org\/es\/elkarrekin-ababor-la-primera-feria-nautica-de-euskadi-inicia-su-travesia-este-fin-de-semana-en-hondarribia\/\"},\"wordCount\":461,\"publisher\":{\"@id\":\"https:\/\/www.ficoba.org\/es\/#organization\"},\"image\":{\"@id\":\"https:\/\/www.ficoba.org\/es\/elkarrekin-ababor-la-primera-feria-nautica-de-euskadi-inicia-su-travesia-este-fin-de-semana-en-hondarribia\/#primaryimage\"},\"thumbnailUrl\":\"https:\/\/www.ficoba.org\/wp-content\/uploads\/2022\/03\/ababor-logo-color.jpg\",\"keywords\":[\"actividades acu\u00e1ticas\",\"Feria n\u00e1utica\",\"turismo n\u00e1utico.\"],\"articleSection\":[\"Eventos y ferias\"],\"inLanguage\":\"es\"},{\"@type\":\"WebPage\",\"@id\":\"https:\/\/www.ficoba.org\/es\/elkarrekin-ababor-la-primera-feria-nautica-de-euskadi-inicia-su-travesia-este-fin-de-semana-en-hondarribia\/\",\"url\":\"https:\/\/www.ficoba.org\/es\/elkarrekin-ababor-la-primera-feria-nautica-de-euskadi-inicia-su-travesia-este-fin-de-semana-en-hondarribia\/\",\"name\":\"Elkarrekin Ababor: la primera feria n\u00e1utica de Euskadi inicia su traves\u00eda este fin de semana en Hondarribia - Ficoba\",\"isPartOf\":{\"@id\":\"https:\/\/www.ficoba.org\/es\/#website\"},\"primaryImageOfPage\":{\"@id\":\"https:\/\/www.ficoba.org\/es\/elkarrekin-ababor-la-primera-feria-nautica-de-euskadi-inicia-su-travesia-este-fin-de-semana-en-hondarribia\/#primaryimage\"},\"image\":{\"@id\":\"https:\/\/www.ficoba.org\/es\/elkarrekin-ababor-la-primera-feria-nautica-de-euskadi-inicia-su-travesia-este-fin-de-semana-en-hondarribia\/#primaryimage\"},\"thumbnailUrl\":\"https:\/\/www.ficoba.org\/wp-content\/uploads\/2022\/03\/ababor-logo-color.jpg\",\"datePublished\":\"2022-03-23T12:39:03+00:00\",\"breadcrumb\":{\"@id\":\"https:\/\/www.ficoba.org\/es\/elkarrekin-ababor-la-primera-feria-nautica-de-euskadi-inicia-su-travesia-este-fin-de-semana-en-hondarribia\/#breadcrumb\"},\"inLanguage\":\"es\",\"potentialAction\":[{\"@type\":\"ReadAction\",\"target\":[\"https:\/\/www.ficoba.org\/es\/elkarrekin-ababor-la-primera-feria-nautica-de-euskadi-inicia-su-travesia-este-fin-de-semana-en-hondarribia\/\"]}]},{\"@type\":\"ImageObject\",\"inLanguage\":\"es\",\"@id\":\"https:\/\/www.ficoba.org\/es\/elkarrekin-ababor-la-primera-feria-nautica-de-euskadi-inicia-su-travesia-este-fin-de-semana-en-hondarribia\/#primaryimage\",\"url\":\"https:\/\/www.ficoba.org\/wp-content\/uploads\/2022\/03\/ababor-logo-color.jpg\",\"contentUrl\":\"https:\/\/www.ficoba.org\/wp-content\/uploads\/2022\/03\/ababor-logo-color.jpg\",\"width\":500,\"height\":500},{\"@type\":\"BreadcrumbList\",\"@id\":\"https:\/\/www.ficoba.org\/es\/elkarrekin-ababor-la-primera-feria-nautica-de-euskadi-inicia-su-travesia-este-fin-de-semana-en-hondarribia\/#breadcrumb\",\"itemListElement\":[{\"@type\":\"ListItem\",\"position\":1,\"name\":\"Portada\",\"item\":\"https:\/\/www.ficoba.org\/es\/\"},{\"@type\":\"ListItem\",\"position\":2,\"name\":\"Elkarrekin Ababor: la primera feria n\u00e1utica de Euskadi inicia su traves\u00eda este fin de semana en Hondarribia\"}]},{\"@type\":\"WebSite\",\"@id\":\"https:\/\/www.ficoba.org\/es\/#website\",\"url\":\"https:\/\/www.ficoba.org\/es\/\",\"name\":\"Ficoba, Recinto Ferial de Gipuzkoa\",\"description\":\"Ficoba, recinto ferial de Gipuzkoa\",\"publisher\":{\"@id\":\"https:\/\/www.ficoba.org\/es\/#organization\"},\"alternateName\":\"Ficoba\",\"potentialAction\":[{\"@type\":\"SearchAction\",\"target\":{\"@type\":\"EntryPoint\",\"urlTemplate\":\"https:\/\/www.ficoba.org\/es\/?s={search_term_string}\"},\"query-input\":{\"@type\":\"PropertyValueSpecification\",\"valueRequired\":true,\"valueName\":\"search_term_string\"}}],\"inLanguage\":\"es\"},{\"@type\":\"Organization\",\"@id\":\"https:\/\/www.ficoba.org\/es\/#organization\",\"name\":\"Ficoba, Reciento Ferial de Gipuzkoa\",\"url\":\"https:\/\/www.ficoba.org\/es\/\",\"logo\":{\"@type\":\"ImageObject\",\"inLanguage\":\"es\",\"@id\":\"https:\/\/www.ficoba.org\/es\/#\/schema\/logo\/image\/\",\"url\":\"https:\/\/www.ficoba.org\/wp-content\/uploads\/2018\/11\/logo_ficoba.png\",\"contentUrl\":\"https:\/\/www.ficoba.org\/wp-content\/uploads\/2018\/11\/logo_ficoba.png\",\"width\":200,\"height\":124,\"caption\":\"Ficoba, Reciento Ferial de Gipuzkoa\"},\"image\":{\"@id\":\"https:\/\/www.ficoba.org\/es\/#\/schema\/logo\/image\/\"},\"sameAs\":[\"https:\/\/www.facebook.com\/FICOBAFUNDAZIOA\/\",\"https:\/\/x.com\/FicobaFundazioa\",\"https:\/\/www.youtube.com\/channel\/UCvo2JGluemyCf5KPRmEF9JQ\",\"https:\/\/www.linkedin.com\/company\/ficoba\/\",\"https:\/\/www.instagram.com\/ficobafundazioa\/\"]},{\"@type\":\"Person\",\"@id\":\"https:\/\/www.ficoba.org\/es\/#\/schema\/person\/8a96a121e5dbd393e6e6b5a7ee7ed407\",\"name\":\"ficoba\",\"image\":{\"@type\":\"ImageObject\",\"inLanguage\":\"es\",\"@id\":\"https:\/\/www.ficoba.org\/es\/#\/schema\/person\/image\/\",\"url\":\"https:\/\/secure.gravatar.com\/avatar\/c90cc0e07f75fecbe4165c1906a4cd61b0179a28caae2205d37516e4fb7c30c1?s=96&d=mm&r=g\",\"contentUrl\":\"https:\/\/secure.gravatar.com\/avatar\/c90cc0e07f75fecbe4165c1906a4cd61b0179a28caae2205d37516e4fb7c30c1?s=96&d=mm&r=g\",\"caption\":\"ficoba\"}}]}<\/script>\n<!-- \/ Yoast SEO plugin. -->","yoast_head_json":{"title":"Elkarrekin Ababor: la primera feria n\u00e1utica de Euskadi inicia su traves\u00eda este fin de semana en Hondarribia - Ficoba","robots":{"index":"index","follow":"follow","max-snippet":"max-snippet:-1","max-image-preview":"max-image-preview:large","max-video-preview":"max-video-preview:-1"},"canonical":"https:\/\/www.ficoba.org\/es\/elkarrekin-ababor-la-primera-feria-nautica-de-euskadi-inicia-su-travesia-este-fin-de-semana-en-hondarribia\/","twitter_misc":{"Escrito por":"ficoba","Tiempo de lectura":"2 minutos"},"schema":{"@context":"https:\/\/schema.org","@graph":[{"@type":"Article","@id":"https:\/\/www.ficoba.org\/es\/elkarrekin-ababor-la-primera-feria-nautica-de-euskadi-inicia-su-travesia-este-fin-de-semana-en-hondarribia\/#article","isPartOf":{"@id":"https:\/\/www.ficoba.org\/es\/elkarrekin-ababor-la-primera-feria-nautica-de-euskadi-inicia-su-travesia-este-fin-de-semana-en-hondarribia\/"},"author":{"name":"ficoba","@id":"https:\/\/www.ficoba.org\/es\/#\/schema\/person\/8a96a121e5dbd393e6e6b5a7ee7ed407"},"headline":"Elkarrekin Ababor: la primera feria n\u00e1utica de Euskadi inicia su traves\u00eda este fin de semana en Hondarribia","datePublished":"2022-03-23T12:39:03+00:00","mainEntityOfPage":{"@id":"https:\/\/www.ficoba.org\/es\/elkarrekin-ababor-la-primera-feria-nautica-de-euskadi-inicia-su-travesia-este-fin-de-semana-en-hondarribia\/"},"wordCount":461,"publisher":{"@id":"https:\/\/www.ficoba.org\/es\/#organization"},"image":{"@id":"https:\/\/www.ficoba.org\/es\/elkarrekin-ababor-la-primera-feria-nautica-de-euskadi-inicia-su-travesia-este-fin-de-semana-en-hondarribia\/#primaryimage"},"thumbnailUrl":"https:\/\/www.ficoba.org\/wp-content\/uploads\/2022\/03\/ababor-logo-color.jpg","keywords":["actividades acu\u00e1ticas","Feria n\u00e1utica","turismo n\u00e1utico."],"articleSection":["Eventos y ferias"],"inLanguage":"es"},{"@type":"WebPage","@id":"https:\/\/www.ficoba.org\/es\/elkarrekin-ababor-la-primera-feria-nautica-de-euskadi-inicia-su-travesia-este-fin-de-semana-en-hondarribia\/","url":"https:\/\/www.ficoba.org\/es\/elkarrekin-ababor-la-primera-feria-nautica-de-euskadi-inicia-su-travesia-este-fin-de-semana-en-hondarribia\/","name":"Elkarrekin Ababor: la primera feria n\u00e1utica de Euskadi inicia su traves\u00eda este fin de semana en Hondarribia - Ficoba","isPartOf":{"@id":"https:\/\/www.ficoba.org\/es\/#website"},"primaryImageOfPage":{"@id":"https:\/\/www.ficoba.org\/es\/elkarrekin-ababor-la-primera-feria-nautica-de-euskadi-inicia-su-travesia-este-fin-de-semana-en-hondarribia\/#primaryimage"},"image":{"@id":"https:\/\/www.ficoba.org\/es\/elkarrekin-ababor-la-primera-feria-nautica-de-euskadi-inicia-su-travesia-este-fin-de-semana-en-hondarribia\/#primaryimage"},"thumbnailUrl":"https:\/\/www.ficoba.org\/wp-content\/uploads\/2022\/03\/ababor-logo-color.jpg","datePublished":"2022-03-23T12:39:03+00:00","breadcrumb":{"@id":"https:\/\/www.ficoba.org\/es\/elkarrekin-ababor-la-primera-feria-nautica-de-euskadi-inicia-su-travesia-este-fin-de-semana-en-hondarribia\/#breadcrumb"},"inLanguage":"es","potentialAction":[{"@type":"ReadAction","target":["https:\/\/www.ficoba.org\/es\/elkarrekin-ababor-la-primera-feria-nautica-de-euskadi-inicia-su-travesia-este-fin-de-semana-en-hondarribia\/"]}]},{"@type":"ImageObject","inLanguage":"es","@id":"https:\/\/www.ficoba.org\/es\/elkarrekin-ababor-la-primera-feria-nautica-de-euskadi-inicia-su-travesia-este-fin-de-semana-en-hondarribia\/#primaryimage","url":"https:\/\/www.ficoba.org\/wp-content\/uploads\/2022\/03\/ababor-logo-color.jpg","contentUrl":"https:\/\/www.ficoba.org\/wp-content\/uploads\/2022\/03\/ababor-logo-color.jpg","width":500,"height":500},{"@type":"BreadcrumbList","@id":"https:\/\/www.ficoba.org\/es\/elkarrekin-ababor-la-primera-feria-nautica-de-euskadi-inicia-su-travesia-este-fin-de-semana-en-hondarribia\/#breadcrumb","itemListElement":[{"@type":"ListItem","position":1,"name":"Portada","item":"https:\/\/www.ficoba.org\/es\/"},{"@type":"ListItem","position":2,"name":"Elkarrekin Ababor: la primera feria n\u00e1utica de Euskadi inicia su traves\u00eda este fin de semana en Hondarribia"}]},{"@type":"WebSite","@id":"https:\/\/www.ficoba.org\/es\/#website","url":"https:\/\/www.ficoba.org\/es\/","name":"Ficoba, Recinto Ferial de Gipuzkoa","description":"Ficoba, recinto ferial de Gipuzkoa","publisher":{"@id":"https:\/\/www.ficoba.org\/es\/#organization"},"alternateName":"Ficoba","potentialAction":[{"@type":"SearchAction","target":{"@type":"EntryPoint","urlTemplate":"https:\/\/www.ficoba.org\/es\/?s={search_term_string}"},"query-input":{"@type":"PropertyValueSpecification","valueRequired":true,"valueName":"search_term_string"}}],"inLanguage":"es"},{"@type":"Organization","@id":"https:\/\/www.ficoba.org\/es\/#organization","name":"Ficoba, Reciento Ferial de Gipuzkoa","url":"https:\/\/www.ficoba.org\/es\/","logo":{"@type":"ImageObject","inLanguage":"es","@id":"https:\/\/www.ficoba.org\/es\/#\/schema\/logo\/image\/","url":"https:\/\/www.ficoba.org\/wp-content\/uploads\/2018\/11\/logo_ficoba.png","contentUrl":"https:\/\/www.ficoba.org\/wp-content\/uploads\/2018\/11\/logo_ficoba.png","width":200,"height":124,"caption":"Ficoba, Reciento Ferial de Gipuzkoa"},"image":{"@id":"https:\/\/www.ficoba.org\/es\/#\/schema\/logo\/image\/"},"sameAs":["https:\/\/www.facebook.com\/FICOBAFUNDAZIOA\/","https:\/\/x.com\/FicobaFundazioa","https:\/\/www.youtube.com\/channel\/UCvo2JGluemyCf5KPRmEF9JQ","https:\/\/www.linkedin.com\/company\/ficoba\/","https:\/\/www.instagram.com\/ficobafundazioa\/"]},{"@type":"Person","@id":"https:\/\/www.ficoba.org\/es\/#\/schema\/person\/8a96a121e5dbd393e6e6b5a7ee7ed407","name":"ficoba","image":{"@type":"ImageObject","inLanguage":"es","@id":"https:\/\/www.ficoba.org\/es\/#\/schema\/person\/image\/","url":"https:\/\/secure.gravatar.com\/avatar\/c90cc0e07f75fecbe4165c1906a4cd61b0179a28caae2205d37516e4fb7c30c1?s=96&d=mm&r=g","contentUrl":"https:\/\/secure.gravatar.com\/avatar\/c90cc0e07f75fecbe4165c1906a4cd61b0179a28caae2205d37516e4fb7c30c1?s=96&d=mm&r=g","caption":"ficoba"}}]}},"_links":{"self":[{"href":"https:\/\/www.ficoba.org\/es\/wp-json\/wp\/v2\/posts\/9656","targetHints":{"allow":["GET"]}}],"collection":[{"href":"https:\/\/www.ficoba.org\/es\/wp-json\/wp\/v2\/posts"}],"about":[{"href":"https:\/\/www.ficoba.org\/es\/wp-json\/wp\/v2\/types\/post"}],"author":[{"embeddable":true,"href":"https:\/\/www.ficoba.org\/es\/wp-json\/wp\/v2\/users\/2"}],"replies":[{"embeddable":true,"href":"https:\/\/www.ficoba.org\/es\/wp-json\/wp\/v2\/comments?post=9656"}],"version-history":[{"count":1,"href":"https:\/\/www.ficoba.org\/es\/wp-json\/wp\/v2\/posts\/9656\/revisions"}],"predecessor-version":[{"id":9661,"href":"https:\/\/www.ficoba.org\/es\/wp-json\/wp\/v2\/posts\/9656\/revisions\/9661"}],"wp:featuredmedia":[{"embeddable":true,"href":"https:\/\/www.ficoba.org\/es\/wp-json\/wp\/v2\/media\/9657"}],"wp:attachment":[{"href":"https:\/\/www.ficoba.org\/es\/wp-json\/wp\/v2\/media?parent=9656"}],"wp:term":[{"taxonomy":"category","embeddable":true,"href":"https:\/\/www.ficoba.org\/es\/wp-json\/wp\/v2\/categories?post=9656"},{"taxonomy":"post_tag","embeddable":true,"href":"https:\/\/www.ficoba.org\/es\/wp-json\/wp\/v2\/tags?post=9656"}],"curies":[{"name":"wp","href":"https:\/\/api.w.org\/{rel}","templated":true}]}}