{"id":9437,"date":"2022-02-01T14:05:17","date_gmt":"2022-02-01T12:05:17","guid":{"rendered":"https:\/\/www.ficoba.org\/?p=9437"},"modified":"2022-02-01T14:05:17","modified_gmt":"2022-02-01T12:05:17","slug":"go-mobility-by-mubil-traslada-sus-fechas-y-se-celebrara-el-27-y-28-de-abril","status":"publish","type":"post","link":"https:\/\/www.ficoba.org\/es\/go-mobility-by-mubil-traslada-sus-fechas-y-se-celebrara-el-27-y-28-de-abril\/","title":{"rendered":"Go Mobility by MUBIL traslada sus fechas y se celebrar\u00e1 el 27 y 28 de abril"},"content":{"rendered":"<p><strong>\u00a0<\/strong><\/p>\n<ul>\n<li>Los promotores de la feria de la movilidad sostenible han tomado la decisi\u00f3n de modificar las fechas de celebraci\u00f3n de la feria ante la incertidumbre generada por la evoluci\u00f3n de la pandemia y para favorecer la afluencia de visitantes nacionales e internacionales.<\/li>\n<\/ul>\n<p>La actual evoluci\u00f3n de la pandemia del COVID-19 ha llevado a las administraciones impulsoras de Go Mobility by MUBIL a trasladar las fechas de la feria del 2 y 3 de marzo de 2022, previstas inicialmente, al 27 y 28 de abril de 2022.<\/p>\n<p>La comercializaci\u00f3n de la tercera edici\u00f3n de Go Mobility by MUBIL, a la que han confirmado su asistencia m\u00e1s de 80 empresas, se ha desarrollado a un ritmo superior al de otras ediciones de la feria, poniendo de manifiesto que las empresas tienen ganas de retomar los encuentros presenciales y perciben esta exposici\u00f3n de car\u00e1cter industrial como una cita de referencia.<\/p>\n<p>Sin embargo, la actual situaci\u00f3n de incertidumbre derivada de la evoluci\u00f3n de la pandemia no permite ofrecer un escenario suficientemente favorable que permita que la asistencia de visitantes nacionales e internacionales responda adecuadamente a las expectativas de las empresas expositoras.<\/p>\n<p>Con el traslado de fechas anunciado hoy, la organizaci\u00f3n de Go Mobility by MUBIL apuesta por que la tercera edici\u00f3n de la feria pueda realizarse en condiciones \u00f3ptimas y consolidarse como la cita de referencia de la movilidad sostenible en el sur de Europa.<\/p>\n<p><strong>Sobre Go Mobility by MUBIL<\/strong><\/p>\n<p>La feria Go Mobility by MUBIL est\u00e1 impulsada por MUBIL Fundazioa (Polo de Nueva Movilidad), creado dentro del marco Etorkizuna Eraikiz de la Diputaci\u00f3n Foral de Gipuzkoa, y organizada por \u00e9ste en colaboraci\u00f3n con Ficoba, y cuenta con el apoyo del propio ente foral y del Gobierno Vasco. Es el escaparate ferial de la estrategia de movilidad impulsada desde MUBIL, y de todo el ecosistema de este sector, en el que Gipuzkoa y Euskadi cuentan con un tejido industrial experimentado e innovador distribuido a lo largo de toda la cadena de valor.<\/p>\n<p><a href=\"http:\/\/www.gomobility.eus\">www.gomobility.eus<\/a><\/p>\n<p>&nbsp;<\/p>\n<p>&nbsp;<\/p>\n","protected":false},"excerpt":{"rendered":"<p>\u00a0 Los promotores de la feria de la movilidad sostenible han tomado la decisi\u00f3n de modificar las fechas de celebraci\u00f3n de la feria ante la incertidumbre generada por la evoluci\u00f3n [&hellip;]<\/p>\n","protected":false},"author":2,"featured_media":8653,"comment_status":"closed","ping_status":"closed","sticky":false,"template":"","format":"standard","meta":{"_et_pb_use_builder":"","_et_pb_old_content":"","_et_gb_content_width":"","footnotes":""},"categories":[3],"tags":[],"class_list":["post-9437","post","type-post","status-publish","format-standard","has-post-thumbnail","hentry","category-eventos-y-ferias"],"yoast_head":"<!-- This site is optimized with the Yoast SEO plugin v26.8 - https:\/\/yoast.com\/product\/yoast-seo-wordpress\/ -->\n<title>Go Mobility by MUBIL traslada sus fechas y se celebrar\u00e1 el 27 y 28 de abril - Ficoba<\/title>\n<meta name=\"robots\" content=\"index, follow, max-snippet:-1, max-image-preview:large, max-video-preview:-1\" \/>\n<link rel=\"canonical\" href=\"https:\/\/www.ficoba.org\/es\/go-mobility-by-mubil-traslada-sus-fechas-y-se-celebrara-el-27-y-28-de-abril\/\" \/>\n<meta name=\"twitter:label1\" content=\"Escrito por\" \/>\n\t<meta name=\"twitter:data1\" content=\"ficoba\" \/>\n\t<meta name=\"twitter:label2\" content=\"Tiempo de lectura\" \/>\n\t<meta name=\"twitter:data2\" content=\"2 minutos\" \/>\n<script type=\"application\/ld+json\" class=\"yoast-schema-graph\">{\"@context\":\"https:\/\/schema.org\",\"@graph\":[{\"@type\":\"Article\",\"@id\":\"https:\/\/www.ficoba.org\/es\/go-mobility-by-mubil-traslada-sus-fechas-y-se-celebrara-el-27-y-28-de-abril\/#article\",\"isPartOf\":{\"@id\":\"https:\/\/www.ficoba.org\/es\/go-mobility-by-mubil-traslada-sus-fechas-y-se-celebrara-el-27-y-28-de-abril\/\"},\"author\":{\"name\":\"ficoba\",\"@id\":\"https:\/\/www.ficoba.org\/es\/#\/schema\/person\/8a96a121e5dbd393e6e6b5a7ee7ed407\"},\"headline\":\"Go Mobility by MUBIL traslada sus fechas y se celebrar\u00e1 el 27 y 28 de abril\",\"datePublished\":\"2022-02-01T12:05:17+00:00\",\"mainEntityOfPage\":{\"@id\":\"https:\/\/www.ficoba.org\/es\/go-mobility-by-mubil-traslada-sus-fechas-y-se-celebrara-el-27-y-28-de-abril\/\"},\"wordCount\":355,\"publisher\":{\"@id\":\"https:\/\/www.ficoba.org\/es\/#organization\"},\"image\":{\"@id\":\"https:\/\/www.ficoba.org\/es\/go-mobility-by-mubil-traslada-sus-fechas-y-se-celebrara-el-27-y-28-de-abril\/#primaryimage\"},\"thumbnailUrl\":\"https:\/\/www.ficoba.org\/wp-content\/uploads\/2021\/07\/Go-Mobility-by-Mubil-logo-vertical.jpg\",\"articleSection\":[\"Eventos y ferias\"],\"inLanguage\":\"es\"},{\"@type\":\"WebPage\",\"@id\":\"https:\/\/www.ficoba.org\/es\/go-mobility-by-mubil-traslada-sus-fechas-y-se-celebrara-el-27-y-28-de-abril\/\",\"url\":\"https:\/\/www.ficoba.org\/es\/go-mobility-by-mubil-traslada-sus-fechas-y-se-celebrara-el-27-y-28-de-abril\/\",\"name\":\"Go Mobility by MUBIL traslada sus fechas y se celebrar\u00e1 el 27 y 28 de abril - Ficoba\",\"isPartOf\":{\"@id\":\"https:\/\/www.ficoba.org\/es\/#website\"},\"primaryImageOfPage\":{\"@id\":\"https:\/\/www.ficoba.org\/es\/go-mobility-by-mubil-traslada-sus-fechas-y-se-celebrara-el-27-y-28-de-abril\/#primaryimage\"},\"image\":{\"@id\":\"https:\/\/www.ficoba.org\/es\/go-mobility-by-mubil-traslada-sus-fechas-y-se-celebrara-el-27-y-28-de-abril\/#primaryimage\"},\"thumbnailUrl\":\"https:\/\/www.ficoba.org\/wp-content\/uploads\/2021\/07\/Go-Mobility-by-Mubil-logo-vertical.jpg\",\"datePublished\":\"2022-02-01T12:05:17+00:00\",\"breadcrumb\":{\"@id\":\"https:\/\/www.ficoba.org\/es\/go-mobility-by-mubil-traslada-sus-fechas-y-se-celebrara-el-27-y-28-de-abril\/#breadcrumb\"},\"inLanguage\":\"es\",\"potentialAction\":[{\"@type\":\"ReadAction\",\"target\":[\"https:\/\/www.ficoba.org\/es\/go-mobility-by-mubil-traslada-sus-fechas-y-se-celebrara-el-27-y-28-de-abril\/\"]}]},{\"@type\":\"ImageObject\",\"inLanguage\":\"es\",\"@id\":\"https:\/\/www.ficoba.org\/es\/go-mobility-by-mubil-traslada-sus-fechas-y-se-celebrara-el-27-y-28-de-abril\/#primaryimage\",\"url\":\"https:\/\/www.ficoba.org\/wp-content\/uploads\/2021\/07\/Go-Mobility-by-Mubil-logo-vertical.jpg\",\"contentUrl\":\"https:\/\/www.ficoba.org\/wp-content\/uploads\/2021\/07\/Go-Mobility-by-Mubil-logo-vertical.jpg\",\"width\":801,\"height\":507},{\"@type\":\"BreadcrumbList\",\"@id\":\"https:\/\/www.ficoba.org\/es\/go-mobility-by-mubil-traslada-sus-fechas-y-se-celebrara-el-27-y-28-de-abril\/#breadcrumb\",\"itemListElement\":[{\"@type\":\"ListItem\",\"position\":1,\"name\":\"Portada\",\"item\":\"https:\/\/www.ficoba.org\/es\/\"},{\"@type\":\"ListItem\",\"position\":2,\"name\":\"Go Mobility by MUBIL traslada sus fechas y se celebrar\u00e1 el 27 y 28 de abril\"}]},{\"@type\":\"WebSite\",\"@id\":\"https:\/\/www.ficoba.org\/es\/#website\",\"url\":\"https:\/\/www.ficoba.org\/es\/\",\"name\":\"Ficoba, Recinto Ferial de Gipuzkoa\",\"description\":\"Ficoba, recinto ferial de Gipuzkoa\",\"publisher\":{\"@id\":\"https:\/\/www.ficoba.org\/es\/#organization\"},\"alternateName\":\"Ficoba\",\"potentialAction\":[{\"@type\":\"SearchAction\",\"target\":{\"@type\":\"EntryPoint\",\"urlTemplate\":\"https:\/\/www.ficoba.org\/es\/?s={search_term_string}\"},\"query-input\":{\"@type\":\"PropertyValueSpecification\",\"valueRequired\":true,\"valueName\":\"search_term_string\"}}],\"inLanguage\":\"es\"},{\"@type\":\"Organization\",\"@id\":\"https:\/\/www.ficoba.org\/es\/#organization\",\"name\":\"Ficoba, Reciento Ferial de Gipuzkoa\",\"url\":\"https:\/\/www.ficoba.org\/es\/\",\"logo\":{\"@type\":\"ImageObject\",\"inLanguage\":\"es\",\"@id\":\"https:\/\/www.ficoba.org\/es\/#\/schema\/logo\/image\/\",\"url\":\"https:\/\/www.ficoba.org\/wp-content\/uploads\/2018\/11\/logo_ficoba.png\",\"contentUrl\":\"https:\/\/www.ficoba.org\/wp-content\/uploads\/2018\/11\/logo_ficoba.png\",\"width\":200,\"height\":124,\"caption\":\"Ficoba, Reciento Ferial de Gipuzkoa\"},\"image\":{\"@id\":\"https:\/\/www.ficoba.org\/es\/#\/schema\/logo\/image\/\"},\"sameAs\":[\"https:\/\/www.facebook.com\/FICOBAFUNDAZIOA\/\",\"https:\/\/x.com\/FicobaFundazioa\",\"https:\/\/www.youtube.com\/channel\/UCvo2JGluemyCf5KPRmEF9JQ\",\"https:\/\/www.linkedin.com\/company\/ficoba\/\",\"https:\/\/www.instagram.com\/ficobafundazioa\/\"]},{\"@type\":\"Person\",\"@id\":\"https:\/\/www.ficoba.org\/es\/#\/schema\/person\/8a96a121e5dbd393e6e6b5a7ee7ed407\",\"name\":\"ficoba\",\"image\":{\"@type\":\"ImageObject\",\"inLanguage\":\"es\",\"@id\":\"https:\/\/www.ficoba.org\/es\/#\/schema\/person\/image\/\",\"url\":\"https:\/\/secure.gravatar.com\/avatar\/c90cc0e07f75fecbe4165c1906a4cd61b0179a28caae2205d37516e4fb7c30c1?s=96&d=mm&r=g\",\"contentUrl\":\"https:\/\/secure.gravatar.com\/avatar\/c90cc0e07f75fecbe4165c1906a4cd61b0179a28caae2205d37516e4fb7c30c1?s=96&d=mm&r=g\",\"caption\":\"ficoba\"}}]}<\/script>\n<!-- \/ Yoast SEO plugin. -->","yoast_head_json":{"title":"Go Mobility by MUBIL traslada sus fechas y se celebrar\u00e1 el 27 y 28 de abril - Ficoba","robots":{"index":"index","follow":"follow","max-snippet":"max-snippet:-1","max-image-preview":"max-image-preview:large","max-video-preview":"max-video-preview:-1"},"canonical":"https:\/\/www.ficoba.org\/es\/go-mobility-by-mubil-traslada-sus-fechas-y-se-celebrara-el-27-y-28-de-abril\/","twitter_misc":{"Escrito por":"ficoba","Tiempo de lectura":"2 minutos"},"schema":{"@context":"https:\/\/schema.org","@graph":[{"@type":"Article","@id":"https:\/\/www.ficoba.org\/es\/go-mobility-by-mubil-traslada-sus-fechas-y-se-celebrara-el-27-y-28-de-abril\/#article","isPartOf":{"@id":"https:\/\/www.ficoba.org\/es\/go-mobility-by-mubil-traslada-sus-fechas-y-se-celebrara-el-27-y-28-de-abril\/"},"author":{"name":"ficoba","@id":"https:\/\/www.ficoba.org\/es\/#\/schema\/person\/8a96a121e5dbd393e6e6b5a7ee7ed407"},"headline":"Go Mobility by MUBIL traslada sus fechas y se celebrar\u00e1 el 27 y 28 de abril","datePublished":"2022-02-01T12:05:17+00:00","mainEntityOfPage":{"@id":"https:\/\/www.ficoba.org\/es\/go-mobility-by-mubil-traslada-sus-fechas-y-se-celebrara-el-27-y-28-de-abril\/"},"wordCount":355,"publisher":{"@id":"https:\/\/www.ficoba.org\/es\/#organization"},"image":{"@id":"https:\/\/www.ficoba.org\/es\/go-mobility-by-mubil-traslada-sus-fechas-y-se-celebrara-el-27-y-28-de-abril\/#primaryimage"},"thumbnailUrl":"https:\/\/www.ficoba.org\/wp-content\/uploads\/2021\/07\/Go-Mobility-by-Mubil-logo-vertical.jpg","articleSection":["Eventos y ferias"],"inLanguage":"es"},{"@type":"WebPage","@id":"https:\/\/www.ficoba.org\/es\/go-mobility-by-mubil-traslada-sus-fechas-y-se-celebrara-el-27-y-28-de-abril\/","url":"https:\/\/www.ficoba.org\/es\/go-mobility-by-mubil-traslada-sus-fechas-y-se-celebrara-el-27-y-28-de-abril\/","name":"Go Mobility by MUBIL traslada sus fechas y se celebrar\u00e1 el 27 y 28 de abril - Ficoba","isPartOf":{"@id":"https:\/\/www.ficoba.org\/es\/#website"},"primaryImageOfPage":{"@id":"https:\/\/www.ficoba.org\/es\/go-mobility-by-mubil-traslada-sus-fechas-y-se-celebrara-el-27-y-28-de-abril\/#primaryimage"},"image":{"@id":"https:\/\/www.ficoba.org\/es\/go-mobility-by-mubil-traslada-sus-fechas-y-se-celebrara-el-27-y-28-de-abril\/#primaryimage"},"thumbnailUrl":"https:\/\/www.ficoba.org\/wp-content\/uploads\/2021\/07\/Go-Mobility-by-Mubil-logo-vertical.jpg","datePublished":"2022-02-01T12:05:17+00:00","breadcrumb":{"@id":"https:\/\/www.ficoba.org\/es\/go-mobility-by-mubil-traslada-sus-fechas-y-se-celebrara-el-27-y-28-de-abril\/#breadcrumb"},"inLanguage":"es","potentialAction":[{"@type":"ReadAction","target":["https:\/\/www.ficoba.org\/es\/go-mobility-by-mubil-traslada-sus-fechas-y-se-celebrara-el-27-y-28-de-abril\/"]}]},{"@type":"ImageObject","inLanguage":"es","@id":"https:\/\/www.ficoba.org\/es\/go-mobility-by-mubil-traslada-sus-fechas-y-se-celebrara-el-27-y-28-de-abril\/#primaryimage","url":"https:\/\/www.ficoba.org\/wp-content\/uploads\/2021\/07\/Go-Mobility-by-Mubil-logo-vertical.jpg","contentUrl":"https:\/\/www.ficoba.org\/wp-content\/uploads\/2021\/07\/Go-Mobility-by-Mubil-logo-vertical.jpg","width":801,"height":507},{"@type":"BreadcrumbList","@id":"https:\/\/www.ficoba.org\/es\/go-mobility-by-mubil-traslada-sus-fechas-y-se-celebrara-el-27-y-28-de-abril\/#breadcrumb","itemListElement":[{"@type":"ListItem","position":1,"name":"Portada","item":"https:\/\/www.ficoba.org\/es\/"},{"@type":"ListItem","position":2,"name":"Go Mobility by MUBIL traslada sus fechas y se celebrar\u00e1 el 27 y 28 de abril"}]},{"@type":"WebSite","@id":"https:\/\/www.ficoba.org\/es\/#website","url":"https:\/\/www.ficoba.org\/es\/","name":"Ficoba, Recinto Ferial de Gipuzkoa","description":"Ficoba, recinto ferial de Gipuzkoa","publisher":{"@id":"https:\/\/www.ficoba.org\/es\/#organization"},"alternateName":"Ficoba","potentialAction":[{"@type":"SearchAction","target":{"@type":"EntryPoint","urlTemplate":"https:\/\/www.ficoba.org\/es\/?s={search_term_string}"},"query-input":{"@type":"PropertyValueSpecification","valueRequired":true,"valueName":"search_term_string"}}],"inLanguage":"es"},{"@type":"Organization","@id":"https:\/\/www.ficoba.org\/es\/#organization","name":"Ficoba, Reciento Ferial de Gipuzkoa","url":"https:\/\/www.ficoba.org\/es\/","logo":{"@type":"ImageObject","inLanguage":"es","@id":"https:\/\/www.ficoba.org\/es\/#\/schema\/logo\/image\/","url":"https:\/\/www.ficoba.org\/wp-content\/uploads\/2018\/11\/logo_ficoba.png","contentUrl":"https:\/\/www.ficoba.org\/wp-content\/uploads\/2018\/11\/logo_ficoba.png","width":200,"height":124,"caption":"Ficoba, Reciento Ferial de Gipuzkoa"},"image":{"@id":"https:\/\/www.ficoba.org\/es\/#\/schema\/logo\/image\/"},"sameAs":["https:\/\/www.facebook.com\/FICOBAFUNDAZIOA\/","https:\/\/x.com\/FicobaFundazioa","https:\/\/www.youtube.com\/channel\/UCvo2JGluemyCf5KPRmEF9JQ","https:\/\/www.linkedin.com\/company\/ficoba\/","https:\/\/www.instagram.com\/ficobafundazioa\/"]},{"@type":"Person","@id":"https:\/\/www.ficoba.org\/es\/#\/schema\/person\/8a96a121e5dbd393e6e6b5a7ee7ed407","name":"ficoba","image":{"@type":"ImageObject","inLanguage":"es","@id":"https:\/\/www.ficoba.org\/es\/#\/schema\/person\/image\/","url":"https:\/\/secure.gravatar.com\/avatar\/c90cc0e07f75fecbe4165c1906a4cd61b0179a28caae2205d37516e4fb7c30c1?s=96&d=mm&r=g","contentUrl":"https:\/\/secure.gravatar.com\/avatar\/c90cc0e07f75fecbe4165c1906a4cd61b0179a28caae2205d37516e4fb7c30c1?s=96&d=mm&r=g","caption":"ficoba"}}]}},"_links":{"self":[{"href":"https:\/\/www.ficoba.org\/es\/wp-json\/wp\/v2\/posts\/9437","targetHints":{"allow":["GET"]}}],"collection":[{"href":"https:\/\/www.ficoba.org\/es\/wp-json\/wp\/v2\/posts"}],"about":[{"href":"https:\/\/www.ficoba.org\/es\/wp-json\/wp\/v2\/types\/post"}],"author":[{"embeddable":true,"href":"https:\/\/www.ficoba.org\/es\/wp-json\/wp\/v2\/users\/2"}],"replies":[{"embeddable":true,"href":"https:\/\/www.ficoba.org\/es\/wp-json\/wp\/v2\/comments?post=9437"}],"version-history":[{"count":1,"href":"https:\/\/www.ficoba.org\/es\/wp-json\/wp\/v2\/posts\/9437\/revisions"}],"predecessor-version":[{"id":9438,"href":"https:\/\/www.ficoba.org\/es\/wp-json\/wp\/v2\/posts\/9437\/revisions\/9438"}],"wp:featuredmedia":[{"embeddable":true,"href":"https:\/\/www.ficoba.org\/es\/wp-json\/wp\/v2\/media\/8653"}],"wp:attachment":[{"href":"https:\/\/www.ficoba.org\/es\/wp-json\/wp\/v2\/media?parent=9437"}],"wp:term":[{"taxonomy":"category","embeddable":true,"href":"https:\/\/www.ficoba.org\/es\/wp-json\/wp\/v2\/categories?post=9437"},{"taxonomy":"post_tag","embeddable":true,"href":"https:\/\/www.ficoba.org\/es\/wp-json\/wp\/v2\/tags?post=9437"}],"curies":[{"name":"wp","href":"https:\/\/api.w.org\/{rel}","templated":true}]}}