{"id":9210,"date":"2021-12-13T13:55:04","date_gmt":"2021-12-13T11:55:04","guid":{"rendered":"https:\/\/www.ficoba.org\/?p=9210"},"modified":"2021-12-13T13:55:04","modified_gmt":"2021-12-13T11:55:04","slug":"la-quinta-edicion-de-uhinak-se-celebrara-en-ficoba-el-16-y-17-de-noviembre-de-2022","status":"publish","type":"post","link":"https:\/\/www.ficoba.org\/es\/la-quinta-edicion-de-uhinak-se-celebrara-en-ficoba-el-16-y-17-de-noviembre-de-2022\/","title":{"rendered":"La quinta edici\u00f3n de Uhinak se celebrar\u00e1 en Ficoba el 16 y 17 de noviembre de 2022"},"content":{"rendered":"<p>Esta ma\u00f1ana ha tenido lugar en Ficoba la primera reuni\u00f3n del Comit\u00e9 T\u00e9cnico encargado de organizar la quinta edici\u00f3n del Congreso Transfronterizo de Cambio Clim\u00e1tico y Litoral, que re\u00fane a representantes del sector p\u00fablico, de la pol\u00edtica, de la empresa, t\u00e9cnicos, expertos de centros tecnol\u00f3gicos y de investigaci\u00f3n.<\/p>\n<p>El objetivo principal de este debate multidisciplinar, que se va a desarrollar en Ficoba el 16 y 17 de noviembre de 2022 y que est\u00e1 promovido por este recinto ferial y por el centro tecnol\u00f3gico AZTI, es conocer las necesidades de los gestores que tienen que adoptar medidas frente al cambio clim\u00e1tico y ver qu\u00e9 puede aportar la comunidad cient\u00edfica y tecnol\u00f3gica para solucionarlo. Todo ello en un contexto que favorece el intercambio de experiencias, el conocimiento de buenas pr\u00e1cticas, promueve la colaboraci\u00f3n en la gesti\u00f3n y mantenimiento del litoral a trav\u00e9s de la cooperaci\u00f3n transfronteriza, la creaci\u00f3n de sinergias y nuevas oportunidades empresariales como consecuencia de las medidas que hay que ir adoptando progresivamente para hacer frente al cambio clim\u00e1tico.<\/p>\n<p><strong>Incorporaciones al Comit\u00e9 T\u00e9cnico<\/strong><\/p>\n<p>En este primer Comit\u00e9, adem\u00e1s de trabajar en los bloques tem\u00e1ticos que abordar\u00e1 el congreso, se ha dado la bienvenida a Gis Littoral Basque y a la Universidad del Pa\u00eds Vasco como nuevos miembros del Comit\u00e9 T\u00e9cnico. Gis Littoral Basque es una agrupaci\u00f3n de inter\u00e9s cient\u00edfico de car\u00e1cter transfronterizo que re\u00fane a entidades territoriales y organismos cient\u00edficos de la costa vasca con el objetivo de responder a las complejas necesidades de la gesti\u00f3n de la costa a trav\u00e9s del desarrollo de proyectos de investigaci\u00f3n. Por su parte, la UPV-EHU se incorpora al Comit\u00e9 de Uhinak a trav\u00e9s de la Facultad de Ciencia y Tecnolog\u00eda.<\/p>\n<p>Con estas nuevas incorporaciones, el Comit\u00e9 T\u00e9cnico de Uhinak queda constituido por las siguientes entidades: Gobierno Vasco (Ihobe), la Diputaci\u00f3n Foral de Gipuzkoa, Fundaci\u00f3n Naturklima, la Communaut\u00e9 d\u2019agglom\u00e9ration Pays Basque, Adegi, CSIC\/ESADE\/CEAB, Oficina Espa\u00f1ola de Cambio Clim\u00e1tico, BC3, el Colegio de Ingenieros de Caminos, Canales y Puertos del Pa\u00eds Vasco, IAHR (International Association for Hydro-Environment Engineering and Research), la Eurorregi\u00f3n Nueva Aquitania-Euskadi-Navarra, Gis Littoral Basque, UPV-EHU y AZTI.<\/p>\n<p><strong>Sobre Uhinak<\/strong><\/p>\n<p>Uhinak es un Congreso Transfronterizo de cambio Clim\u00e1tico y Litoral promovido por Ficoba y el centro tecnol\u00f3gico AZTI, con el apoyo de m\u00faltiples instituciones como el Departamento de Desarrollo Econ\u00f3mico, Sostenibilidad y Medio Ambiente del Gobierno Vasco a trav\u00e9s de su sociedad p\u00fablica Ihobe, la Diputaci\u00f3n Foral de Gipuzkoa (Departamento de Medio Ambiente), Communaut\u00e9 d\u2019agglom\u00e9ration Pays Basque y la Regi\u00f3n Nouvelle Aquitaine.<\/p>\n<p><strong>\u00a0<\/strong><\/p>\n","protected":false},"excerpt":{"rendered":"<p>Esta ma\u00f1ana ha tenido lugar en Ficoba la primera reuni\u00f3n del Comit\u00e9 T\u00e9cnico encargado de organizar la quinta edici\u00f3n del Congreso Transfronterizo de Cambio Clim\u00e1tico y Litoral, que re\u00fane a [&hellip;]<\/p>\n","protected":false},"author":2,"featured_media":9211,"comment_status":"closed","ping_status":"closed","sticky":false,"template":"","format":"standard","meta":{"_et_pb_use_builder":"","_et_pb_old_content":"","_et_gb_content_width":"","footnotes":""},"categories":[3],"tags":[158,187,53,68],"class_list":["post-9210","post","type-post","status-publish","format-standard","has-post-thumbnail","hentry","category-eventos-y-ferias","tag-cambio-climatico","tag-cambio-climatico-y-litoral","tag-ficoba-2","tag-sostenibilidad"],"yoast_head":"<!-- This site is optimized with the Yoast SEO plugin v26.8 - https:\/\/yoast.com\/product\/yoast-seo-wordpress\/ -->\n<title>La quinta edici\u00f3n de Uhinak se celebrar\u00e1 en Ficoba el 16 y 17 de noviembre de 2022 - Ficoba<\/title>\n<meta name=\"robots\" content=\"index, follow, max-snippet:-1, max-image-preview:large, max-video-preview:-1\" \/>\n<link rel=\"canonical\" href=\"https:\/\/www.ficoba.org\/es\/la-quinta-edicion-de-uhinak-se-celebrara-en-ficoba-el-16-y-17-de-noviembre-de-2022\/\" \/>\n<meta name=\"twitter:label1\" content=\"Escrito por\" \/>\n\t<meta name=\"twitter:data1\" content=\"ficoba\" \/>\n\t<meta name=\"twitter:label2\" content=\"Tiempo de lectura\" \/>\n\t<meta name=\"twitter:data2\" content=\"2 minutos\" \/>\n<script type=\"application\/ld+json\" class=\"yoast-schema-graph\">{\"@context\":\"https:\/\/schema.org\",\"@graph\":[{\"@type\":\"Article\",\"@id\":\"https:\/\/www.ficoba.org\/es\/la-quinta-edicion-de-uhinak-se-celebrara-en-ficoba-el-16-y-17-de-noviembre-de-2022\/#article\",\"isPartOf\":{\"@id\":\"https:\/\/www.ficoba.org\/es\/la-quinta-edicion-de-uhinak-se-celebrara-en-ficoba-el-16-y-17-de-noviembre-de-2022\/\"},\"author\":{\"name\":\"ficoba\",\"@id\":\"https:\/\/www.ficoba.org\/es\/#\/schema\/person\/8a96a121e5dbd393e6e6b5a7ee7ed407\"},\"headline\":\"La quinta edici\u00f3n de Uhinak se celebrar\u00e1 en Ficoba el 16 y 17 de noviembre de 2022\",\"datePublished\":\"2021-12-13T11:55:04+00:00\",\"mainEntityOfPage\":{\"@id\":\"https:\/\/www.ficoba.org\/es\/la-quinta-edicion-de-uhinak-se-celebrara-en-ficoba-el-16-y-17-de-noviembre-de-2022\/\"},\"wordCount\":480,\"publisher\":{\"@id\":\"https:\/\/www.ficoba.org\/es\/#organization\"},\"image\":{\"@id\":\"https:\/\/www.ficoba.org\/es\/la-quinta-edicion-de-uhinak-se-celebrara-en-ficoba-el-16-y-17-de-noviembre-de-2022\/#primaryimage\"},\"thumbnailUrl\":\"https:\/\/www.ficoba.org\/wp-content\/uploads\/2021\/12\/portada-Uhinak-2022.jpg\",\"keywords\":[\"Cambio clim\u00e1tico\",\"cambio clim\u00e1tico y litoral\",\"Ficoba\",\"sostenibilidad\"],\"articleSection\":[\"Eventos y ferias\"],\"inLanguage\":\"es\"},{\"@type\":\"WebPage\",\"@id\":\"https:\/\/www.ficoba.org\/es\/la-quinta-edicion-de-uhinak-se-celebrara-en-ficoba-el-16-y-17-de-noviembre-de-2022\/\",\"url\":\"https:\/\/www.ficoba.org\/es\/la-quinta-edicion-de-uhinak-se-celebrara-en-ficoba-el-16-y-17-de-noviembre-de-2022\/\",\"name\":\"La quinta edici\u00f3n de Uhinak se celebrar\u00e1 en Ficoba el 16 y 17 de noviembre de 2022 - Ficoba\",\"isPartOf\":{\"@id\":\"https:\/\/www.ficoba.org\/es\/#website\"},\"primaryImageOfPage\":{\"@id\":\"https:\/\/www.ficoba.org\/es\/la-quinta-edicion-de-uhinak-se-celebrara-en-ficoba-el-16-y-17-de-noviembre-de-2022\/#primaryimage\"},\"image\":{\"@id\":\"https:\/\/www.ficoba.org\/es\/la-quinta-edicion-de-uhinak-se-celebrara-en-ficoba-el-16-y-17-de-noviembre-de-2022\/#primaryimage\"},\"thumbnailUrl\":\"https:\/\/www.ficoba.org\/wp-content\/uploads\/2021\/12\/portada-Uhinak-2022.jpg\",\"datePublished\":\"2021-12-13T11:55:04+00:00\",\"breadcrumb\":{\"@id\":\"https:\/\/www.ficoba.org\/es\/la-quinta-edicion-de-uhinak-se-celebrara-en-ficoba-el-16-y-17-de-noviembre-de-2022\/#breadcrumb\"},\"inLanguage\":\"es\",\"potentialAction\":[{\"@type\":\"ReadAction\",\"target\":[\"https:\/\/www.ficoba.org\/es\/la-quinta-edicion-de-uhinak-se-celebrara-en-ficoba-el-16-y-17-de-noviembre-de-2022\/\"]}]},{\"@type\":\"ImageObject\",\"inLanguage\":\"es\",\"@id\":\"https:\/\/www.ficoba.org\/es\/la-quinta-edicion-de-uhinak-se-celebrara-en-ficoba-el-16-y-17-de-noviembre-de-2022\/#primaryimage\",\"url\":\"https:\/\/www.ficoba.org\/wp-content\/uploads\/2021\/12\/portada-Uhinak-2022.jpg\",\"contentUrl\":\"https:\/\/www.ficoba.org\/wp-content\/uploads\/2021\/12\/portada-Uhinak-2022.jpg\",\"width\":600,\"height\":428},{\"@type\":\"BreadcrumbList\",\"@id\":\"https:\/\/www.ficoba.org\/es\/la-quinta-edicion-de-uhinak-se-celebrara-en-ficoba-el-16-y-17-de-noviembre-de-2022\/#breadcrumb\",\"itemListElement\":[{\"@type\":\"ListItem\",\"position\":1,\"name\":\"Portada\",\"item\":\"https:\/\/www.ficoba.org\/es\/\"},{\"@type\":\"ListItem\",\"position\":2,\"name\":\"La quinta edici\u00f3n de Uhinak se celebrar\u00e1 en Ficoba el 16 y 17 de noviembre de 2022\"}]},{\"@type\":\"WebSite\",\"@id\":\"https:\/\/www.ficoba.org\/es\/#website\",\"url\":\"https:\/\/www.ficoba.org\/es\/\",\"name\":\"Ficoba, Recinto Ferial de Gipuzkoa\",\"description\":\"Ficoba, recinto ferial de Gipuzkoa\",\"publisher\":{\"@id\":\"https:\/\/www.ficoba.org\/es\/#organization\"},\"alternateName\":\"Ficoba\",\"potentialAction\":[{\"@type\":\"SearchAction\",\"target\":{\"@type\":\"EntryPoint\",\"urlTemplate\":\"https:\/\/www.ficoba.org\/es\/?s={search_term_string}\"},\"query-input\":{\"@type\":\"PropertyValueSpecification\",\"valueRequired\":true,\"valueName\":\"search_term_string\"}}],\"inLanguage\":\"es\"},{\"@type\":\"Organization\",\"@id\":\"https:\/\/www.ficoba.org\/es\/#organization\",\"name\":\"Ficoba, Reciento Ferial de Gipuzkoa\",\"url\":\"https:\/\/www.ficoba.org\/es\/\",\"logo\":{\"@type\":\"ImageObject\",\"inLanguage\":\"es\",\"@id\":\"https:\/\/www.ficoba.org\/es\/#\/schema\/logo\/image\/\",\"url\":\"https:\/\/www.ficoba.org\/wp-content\/uploads\/2018\/11\/logo_ficoba.png\",\"contentUrl\":\"https:\/\/www.ficoba.org\/wp-content\/uploads\/2018\/11\/logo_ficoba.png\",\"width\":200,\"height\":124,\"caption\":\"Ficoba, Reciento Ferial de Gipuzkoa\"},\"image\":{\"@id\":\"https:\/\/www.ficoba.org\/es\/#\/schema\/logo\/image\/\"},\"sameAs\":[\"https:\/\/www.facebook.com\/FICOBAFUNDAZIOA\/\",\"https:\/\/x.com\/FicobaFundazioa\",\"https:\/\/www.youtube.com\/channel\/UCvo2JGluemyCf5KPRmEF9JQ\",\"https:\/\/www.linkedin.com\/company\/ficoba\/\",\"https:\/\/www.instagram.com\/ficobafundazioa\/\"]},{\"@type\":\"Person\",\"@id\":\"https:\/\/www.ficoba.org\/es\/#\/schema\/person\/8a96a121e5dbd393e6e6b5a7ee7ed407\",\"name\":\"ficoba\",\"image\":{\"@type\":\"ImageObject\",\"inLanguage\":\"es\",\"@id\":\"https:\/\/www.ficoba.org\/es\/#\/schema\/person\/image\/\",\"url\":\"https:\/\/secure.gravatar.com\/avatar\/c90cc0e07f75fecbe4165c1906a4cd61b0179a28caae2205d37516e4fb7c30c1?s=96&d=mm&r=g\",\"contentUrl\":\"https:\/\/secure.gravatar.com\/avatar\/c90cc0e07f75fecbe4165c1906a4cd61b0179a28caae2205d37516e4fb7c30c1?s=96&d=mm&r=g\",\"caption\":\"ficoba\"}}]}<\/script>\n<!-- \/ Yoast SEO plugin. -->","yoast_head_json":{"title":"La quinta edici\u00f3n de Uhinak se celebrar\u00e1 en Ficoba el 16 y 17 de noviembre de 2022 - Ficoba","robots":{"index":"index","follow":"follow","max-snippet":"max-snippet:-1","max-image-preview":"max-image-preview:large","max-video-preview":"max-video-preview:-1"},"canonical":"https:\/\/www.ficoba.org\/es\/la-quinta-edicion-de-uhinak-se-celebrara-en-ficoba-el-16-y-17-de-noviembre-de-2022\/","twitter_misc":{"Escrito por":"ficoba","Tiempo de lectura":"2 minutos"},"schema":{"@context":"https:\/\/schema.org","@graph":[{"@type":"Article","@id":"https:\/\/www.ficoba.org\/es\/la-quinta-edicion-de-uhinak-se-celebrara-en-ficoba-el-16-y-17-de-noviembre-de-2022\/#article","isPartOf":{"@id":"https:\/\/www.ficoba.org\/es\/la-quinta-edicion-de-uhinak-se-celebrara-en-ficoba-el-16-y-17-de-noviembre-de-2022\/"},"author":{"name":"ficoba","@id":"https:\/\/www.ficoba.org\/es\/#\/schema\/person\/8a96a121e5dbd393e6e6b5a7ee7ed407"},"headline":"La quinta edici\u00f3n de Uhinak se celebrar\u00e1 en Ficoba el 16 y 17 de noviembre de 2022","datePublished":"2021-12-13T11:55:04+00:00","mainEntityOfPage":{"@id":"https:\/\/www.ficoba.org\/es\/la-quinta-edicion-de-uhinak-se-celebrara-en-ficoba-el-16-y-17-de-noviembre-de-2022\/"},"wordCount":480,"publisher":{"@id":"https:\/\/www.ficoba.org\/es\/#organization"},"image":{"@id":"https:\/\/www.ficoba.org\/es\/la-quinta-edicion-de-uhinak-se-celebrara-en-ficoba-el-16-y-17-de-noviembre-de-2022\/#primaryimage"},"thumbnailUrl":"https:\/\/www.ficoba.org\/wp-content\/uploads\/2021\/12\/portada-Uhinak-2022.jpg","keywords":["Cambio clim\u00e1tico","cambio clim\u00e1tico y litoral","Ficoba","sostenibilidad"],"articleSection":["Eventos y ferias"],"inLanguage":"es"},{"@type":"WebPage","@id":"https:\/\/www.ficoba.org\/es\/la-quinta-edicion-de-uhinak-se-celebrara-en-ficoba-el-16-y-17-de-noviembre-de-2022\/","url":"https:\/\/www.ficoba.org\/es\/la-quinta-edicion-de-uhinak-se-celebrara-en-ficoba-el-16-y-17-de-noviembre-de-2022\/","name":"La quinta edici\u00f3n de Uhinak se celebrar\u00e1 en Ficoba el 16 y 17 de noviembre de 2022 - Ficoba","isPartOf":{"@id":"https:\/\/www.ficoba.org\/es\/#website"},"primaryImageOfPage":{"@id":"https:\/\/www.ficoba.org\/es\/la-quinta-edicion-de-uhinak-se-celebrara-en-ficoba-el-16-y-17-de-noviembre-de-2022\/#primaryimage"},"image":{"@id":"https:\/\/www.ficoba.org\/es\/la-quinta-edicion-de-uhinak-se-celebrara-en-ficoba-el-16-y-17-de-noviembre-de-2022\/#primaryimage"},"thumbnailUrl":"https:\/\/www.ficoba.org\/wp-content\/uploads\/2021\/12\/portada-Uhinak-2022.jpg","datePublished":"2021-12-13T11:55:04+00:00","breadcrumb":{"@id":"https:\/\/www.ficoba.org\/es\/la-quinta-edicion-de-uhinak-se-celebrara-en-ficoba-el-16-y-17-de-noviembre-de-2022\/#breadcrumb"},"inLanguage":"es","potentialAction":[{"@type":"ReadAction","target":["https:\/\/www.ficoba.org\/es\/la-quinta-edicion-de-uhinak-se-celebrara-en-ficoba-el-16-y-17-de-noviembre-de-2022\/"]}]},{"@type":"ImageObject","inLanguage":"es","@id":"https:\/\/www.ficoba.org\/es\/la-quinta-edicion-de-uhinak-se-celebrara-en-ficoba-el-16-y-17-de-noviembre-de-2022\/#primaryimage","url":"https:\/\/www.ficoba.org\/wp-content\/uploads\/2021\/12\/portada-Uhinak-2022.jpg","contentUrl":"https:\/\/www.ficoba.org\/wp-content\/uploads\/2021\/12\/portada-Uhinak-2022.jpg","width":600,"height":428},{"@type":"BreadcrumbList","@id":"https:\/\/www.ficoba.org\/es\/la-quinta-edicion-de-uhinak-se-celebrara-en-ficoba-el-16-y-17-de-noviembre-de-2022\/#breadcrumb","itemListElement":[{"@type":"ListItem","position":1,"name":"Portada","item":"https:\/\/www.ficoba.org\/es\/"},{"@type":"ListItem","position":2,"name":"La quinta edici\u00f3n de Uhinak se celebrar\u00e1 en Ficoba el 16 y 17 de noviembre de 2022"}]},{"@type":"WebSite","@id":"https:\/\/www.ficoba.org\/es\/#website","url":"https:\/\/www.ficoba.org\/es\/","name":"Ficoba, Recinto Ferial de Gipuzkoa","description":"Ficoba, recinto ferial de Gipuzkoa","publisher":{"@id":"https:\/\/www.ficoba.org\/es\/#organization"},"alternateName":"Ficoba","potentialAction":[{"@type":"SearchAction","target":{"@type":"EntryPoint","urlTemplate":"https:\/\/www.ficoba.org\/es\/?s={search_term_string}"},"query-input":{"@type":"PropertyValueSpecification","valueRequired":true,"valueName":"search_term_string"}}],"inLanguage":"es"},{"@type":"Organization","@id":"https:\/\/www.ficoba.org\/es\/#organization","name":"Ficoba, Reciento Ferial de Gipuzkoa","url":"https:\/\/www.ficoba.org\/es\/","logo":{"@type":"ImageObject","inLanguage":"es","@id":"https:\/\/www.ficoba.org\/es\/#\/schema\/logo\/image\/","url":"https:\/\/www.ficoba.org\/wp-content\/uploads\/2018\/11\/logo_ficoba.png","contentUrl":"https:\/\/www.ficoba.org\/wp-content\/uploads\/2018\/11\/logo_ficoba.png","width":200,"height":124,"caption":"Ficoba, Reciento Ferial de Gipuzkoa"},"image":{"@id":"https:\/\/www.ficoba.org\/es\/#\/schema\/logo\/image\/"},"sameAs":["https:\/\/www.facebook.com\/FICOBAFUNDAZIOA\/","https:\/\/x.com\/FicobaFundazioa","https:\/\/www.youtube.com\/channel\/UCvo2JGluemyCf5KPRmEF9JQ","https:\/\/www.linkedin.com\/company\/ficoba\/","https:\/\/www.instagram.com\/ficobafundazioa\/"]},{"@type":"Person","@id":"https:\/\/www.ficoba.org\/es\/#\/schema\/person\/8a96a121e5dbd393e6e6b5a7ee7ed407","name":"ficoba","image":{"@type":"ImageObject","inLanguage":"es","@id":"https:\/\/www.ficoba.org\/es\/#\/schema\/person\/image\/","url":"https:\/\/secure.gravatar.com\/avatar\/c90cc0e07f75fecbe4165c1906a4cd61b0179a28caae2205d37516e4fb7c30c1?s=96&d=mm&r=g","contentUrl":"https:\/\/secure.gravatar.com\/avatar\/c90cc0e07f75fecbe4165c1906a4cd61b0179a28caae2205d37516e4fb7c30c1?s=96&d=mm&r=g","caption":"ficoba"}}]}},"_links":{"self":[{"href":"https:\/\/www.ficoba.org\/es\/wp-json\/wp\/v2\/posts\/9210","targetHints":{"allow":["GET"]}}],"collection":[{"href":"https:\/\/www.ficoba.org\/es\/wp-json\/wp\/v2\/posts"}],"about":[{"href":"https:\/\/www.ficoba.org\/es\/wp-json\/wp\/v2\/types\/post"}],"author":[{"embeddable":true,"href":"https:\/\/www.ficoba.org\/es\/wp-json\/wp\/v2\/users\/2"}],"replies":[{"embeddable":true,"href":"https:\/\/www.ficoba.org\/es\/wp-json\/wp\/v2\/comments?post=9210"}],"version-history":[{"count":1,"href":"https:\/\/www.ficoba.org\/es\/wp-json\/wp\/v2\/posts\/9210\/revisions"}],"predecessor-version":[{"id":9215,"href":"https:\/\/www.ficoba.org\/es\/wp-json\/wp\/v2\/posts\/9210\/revisions\/9215"}],"wp:featuredmedia":[{"embeddable":true,"href":"https:\/\/www.ficoba.org\/es\/wp-json\/wp\/v2\/media\/9211"}],"wp:attachment":[{"href":"https:\/\/www.ficoba.org\/es\/wp-json\/wp\/v2\/media?parent=9210"}],"wp:term":[{"taxonomy":"category","embeddable":true,"href":"https:\/\/www.ficoba.org\/es\/wp-json\/wp\/v2\/categories?post=9210"},{"taxonomy":"post_tag","embeddable":true,"href":"https:\/\/www.ficoba.org\/es\/wp-json\/wp\/v2\/tags?post=9210"}],"curies":[{"name":"wp","href":"https:\/\/api.w.org\/{rel}","templated":true}]}}