{"id":8913,"date":"2021-10-13T12:36:33","date_gmt":"2021-10-13T10:36:33","guid":{"rendered":"https:\/\/www.ficoba.org\/?p=8913"},"modified":"2021-10-13T12:36:33","modified_gmt":"2021-10-13T10:36:33","slug":"las-bodas-tambien-se-reactivan-vuelve-a-ficoba-la-feria-de-novios-los-munecos-de-la-tarta","status":"publish","type":"post","link":"https:\/\/www.ficoba.org\/es\/las-bodas-tambien-se-reactivan-vuelve-a-ficoba-la-feria-de-novios-los-munecos-de-la-tarta\/","title":{"rendered":"Las bodas tambi\u00e9n se reactivan: vuelve a Ficoba la feria de novios \u2018Los mu\u00f1ecos de la tarta\u2019"},"content":{"rendered":"<ul>\n<li><strong>M\u00e1s de 20 expositores mostrar\u00e1n sus propuestas el 16 y 17 de octubre<\/strong><\/li>\n<li><strong>La entrada y el parking son gratuitos<\/strong><\/li>\n<\/ul>\n<p><strong>\u00a0<\/strong>Los \u00faltimos meses, por causas obvias, se han celebrado menos enlaces. Pero el regreso a la normalidad est\u00e1 haciendo que se vayan retomando estos eventos. Buena muestra de ello es la celebraci\u00f3n en Ficoba de una nueva edici\u00f3n de la feria de novios <strong>Los mu\u00f1ecos de la tarta<\/strong>, el primer evento de estas caracter\u00edsticas que se celebra en Gipuzkoa en 2021.<\/p>\n<p>As\u00ed que la feria se va a convertir en una ocasi\u00f3n \u00fanica para que las novias, los novios y sus acompa\u00f1antes puedan conocer en una sola visita y en un entorno confortable las diferentes propuestas que hay que tener en cuenta a la hora de organizar una boda.<\/p>\n<p>El fin de semana se dar\u00e1n cita en Ficoba m\u00e1s de 20 expositores que mostrar\u00e1n las \u00faltimas tendencias de moda para las novias y los novios, joyer\u00eda y complementos; otros imprescindibles en cualquier enlace como el viaje de novios, fotograf\u00eda, v\u00eddeo, DJs para animar el banquete o la post-fiesta, <em>candy bar <\/em>y carritos de helados para endulzar a los invitados, fotomatones para dejar constancia de la celebraci\u00f3n o coches cl\u00e1sicos para una llegada impactante al enlace.<\/p>\n<p>Y, como no hay nada como ver c\u00f3mo ser\u00eda el resultado final, se han programado pases de modelos en horario de ma\u00f1ana y tarde para que los contrayentes vean c\u00f3mo sientan los vestidos de novia, los trajes de novio y los complementos.<\/p>\n<p><strong>Cita en la web <\/strong><\/p>\n<p>Para que la visita a los m\u00e1s de 20 stands de la feria sea lo m\u00e1s c\u00f3moda y agradable posible para los visitantes, los organizadores de la feria han habilitado este a\u00f1o como novedad la posibilidad de reservar cita a trav\u00e9s de la web (<a href=\"https:\/\/losmunecosdelatarta.es\/\">https:\/\/losmunecosdelatarta.es\/<\/a>). Por supuesto las parejas que decidan asistir sin cita previa, tambi\u00e9n ser\u00e1n bienvenidas.<\/p>\n<p><strong>Los mu\u00f1ecos de la tarta<\/strong> es un evento organizado por Estudio Gover Fotograf\u00eda y la Helader\u00eda Papperino, dos empresas de la comarca del Bidasoa con una amplia experiencia en el mundo de las bodas que, adem\u00e1s de promotores del sal\u00f3n, toman parte en \u00e9l como expositores.<\/p>\n<p><em>\u00a0<\/em><strong>Datos pr\u00e1cticos<\/strong><\/p>\n<p><strong>Los mu\u00f1ecos de la tarta<\/strong> se celebrar\u00e1 el 16 y 17 de octubre en Ficoba en horario de 11.00 a 14.00 horas y de 15.00 a 20.00 horas. Tanto la entrada como el parking son gratuitos.<\/p>\n<p><a href=\"http:\/\/www.losmunecosdelatarta.es\">www.losmunecosdelatarta.es<\/a><\/p>\n","protected":false},"excerpt":{"rendered":"<p>M\u00e1s de 20 expositores mostrar\u00e1n sus propuestas el 16 y 17 de octubre La entrada y el parking son gratuitos \u00a0Los \u00faltimos meses, por causas obvias, se han celebrado menos [&hellip;]<\/p>\n","protected":false},"author":2,"featured_media":8914,"comment_status":"closed","ping_status":"closed","sticky":false,"template":"","format":"standard","meta":{"_et_pb_use_builder":"","_et_pb_old_content":"","_et_gb_content_width":"","footnotes":""},"categories":[3],"tags":[],"class_list":["post-8913","post","type-post","status-publish","format-standard","has-post-thumbnail","hentry","category-eventos-y-ferias"],"yoast_head":"<!-- This site is optimized with the Yoast SEO plugin v26.8 - https:\/\/yoast.com\/product\/yoast-seo-wordpress\/ -->\n<title>Las bodas tambi\u00e9n se reactivan: vuelve a Ficoba la feria de novios \u2018Los mu\u00f1ecos de la tarta\u2019 - Ficoba<\/title>\n<meta name=\"robots\" content=\"index, follow, max-snippet:-1, max-image-preview:large, max-video-preview:-1\" \/>\n<link rel=\"canonical\" href=\"https:\/\/www.ficoba.org\/es\/las-bodas-tambien-se-reactivan-vuelve-a-ficoba-la-feria-de-novios-los-munecos-de-la-tarta\/\" \/>\n<meta name=\"twitter:label1\" content=\"Escrito por\" \/>\n\t<meta name=\"twitter:data1\" content=\"ficoba\" \/>\n\t<meta name=\"twitter:label2\" content=\"Tiempo de lectura\" \/>\n\t<meta name=\"twitter:data2\" content=\"2 minutos\" \/>\n<script type=\"application\/ld+json\" class=\"yoast-schema-graph\">{\"@context\":\"https:\/\/schema.org\",\"@graph\":[{\"@type\":\"Article\",\"@id\":\"https:\/\/www.ficoba.org\/es\/las-bodas-tambien-se-reactivan-vuelve-a-ficoba-la-feria-de-novios-los-munecos-de-la-tarta\/#article\",\"isPartOf\":{\"@id\":\"https:\/\/www.ficoba.org\/es\/las-bodas-tambien-se-reactivan-vuelve-a-ficoba-la-feria-de-novios-los-munecos-de-la-tarta\/\"},\"author\":{\"name\":\"ficoba\",\"@id\":\"https:\/\/www.ficoba.org\/es\/#\/schema\/person\/8a96a121e5dbd393e6e6b5a7ee7ed407\"},\"headline\":\"Las bodas tambi\u00e9n se reactivan: vuelve a Ficoba la feria de novios \u2018Los mu\u00f1ecos de la tarta\u2019\",\"datePublished\":\"2021-10-13T10:36:33+00:00\",\"mainEntityOfPage\":{\"@id\":\"https:\/\/www.ficoba.org\/es\/las-bodas-tambien-se-reactivan-vuelve-a-ficoba-la-feria-de-novios-los-munecos-de-la-tarta\/\"},\"wordCount\":439,\"publisher\":{\"@id\":\"https:\/\/www.ficoba.org\/es\/#organization\"},\"image\":{\"@id\":\"https:\/\/www.ficoba.org\/es\/las-bodas-tambien-se-reactivan-vuelve-a-ficoba-la-feria-de-novios-los-munecos-de-la-tarta\/#primaryimage\"},\"thumbnailUrl\":\"https:\/\/www.ficoba.org\/wp-content\/uploads\/2021\/10\/Novios-2.jpg\",\"articleSection\":[\"Eventos y ferias\"],\"inLanguage\":\"es\"},{\"@type\":\"WebPage\",\"@id\":\"https:\/\/www.ficoba.org\/es\/las-bodas-tambien-se-reactivan-vuelve-a-ficoba-la-feria-de-novios-los-munecos-de-la-tarta\/\",\"url\":\"https:\/\/www.ficoba.org\/es\/las-bodas-tambien-se-reactivan-vuelve-a-ficoba-la-feria-de-novios-los-munecos-de-la-tarta\/\",\"name\":\"Las bodas tambi\u00e9n se reactivan: vuelve a Ficoba la feria de novios \u2018Los mu\u00f1ecos de la tarta\u2019 - Ficoba\",\"isPartOf\":{\"@id\":\"https:\/\/www.ficoba.org\/es\/#website\"},\"primaryImageOfPage\":{\"@id\":\"https:\/\/www.ficoba.org\/es\/las-bodas-tambien-se-reactivan-vuelve-a-ficoba-la-feria-de-novios-los-munecos-de-la-tarta\/#primaryimage\"},\"image\":{\"@id\":\"https:\/\/www.ficoba.org\/es\/las-bodas-tambien-se-reactivan-vuelve-a-ficoba-la-feria-de-novios-los-munecos-de-la-tarta\/#primaryimage\"},\"thumbnailUrl\":\"https:\/\/www.ficoba.org\/wp-content\/uploads\/2021\/10\/Novios-2.jpg\",\"datePublished\":\"2021-10-13T10:36:33+00:00\",\"breadcrumb\":{\"@id\":\"https:\/\/www.ficoba.org\/es\/las-bodas-tambien-se-reactivan-vuelve-a-ficoba-la-feria-de-novios-los-munecos-de-la-tarta\/#breadcrumb\"},\"inLanguage\":\"es\",\"potentialAction\":[{\"@type\":\"ReadAction\",\"target\":[\"https:\/\/www.ficoba.org\/es\/las-bodas-tambien-se-reactivan-vuelve-a-ficoba-la-feria-de-novios-los-munecos-de-la-tarta\/\"]}]},{\"@type\":\"ImageObject\",\"inLanguage\":\"es\",\"@id\":\"https:\/\/www.ficoba.org\/es\/las-bodas-tambien-se-reactivan-vuelve-a-ficoba-la-feria-de-novios-los-munecos-de-la-tarta\/#primaryimage\",\"url\":\"https:\/\/www.ficoba.org\/wp-content\/uploads\/2021\/10\/Novios-2.jpg\",\"contentUrl\":\"https:\/\/www.ficoba.org\/wp-content\/uploads\/2021\/10\/Novios-2.jpg\",\"width\":2016,\"height\":1512},{\"@type\":\"BreadcrumbList\",\"@id\":\"https:\/\/www.ficoba.org\/es\/las-bodas-tambien-se-reactivan-vuelve-a-ficoba-la-feria-de-novios-los-munecos-de-la-tarta\/#breadcrumb\",\"itemListElement\":[{\"@type\":\"ListItem\",\"position\":1,\"name\":\"Portada\",\"item\":\"https:\/\/www.ficoba.org\/es\/\"},{\"@type\":\"ListItem\",\"position\":2,\"name\":\"Las bodas tambi\u00e9n se reactivan: vuelve a Ficoba la feria de novios \u2018Los mu\u00f1ecos de la tarta\u2019\"}]},{\"@type\":\"WebSite\",\"@id\":\"https:\/\/www.ficoba.org\/es\/#website\",\"url\":\"https:\/\/www.ficoba.org\/es\/\",\"name\":\"Ficoba, Recinto Ferial de Gipuzkoa\",\"description\":\"Ficoba, recinto ferial de Gipuzkoa\",\"publisher\":{\"@id\":\"https:\/\/www.ficoba.org\/es\/#organization\"},\"alternateName\":\"Ficoba\",\"potentialAction\":[{\"@type\":\"SearchAction\",\"target\":{\"@type\":\"EntryPoint\",\"urlTemplate\":\"https:\/\/www.ficoba.org\/es\/?s={search_term_string}\"},\"query-input\":{\"@type\":\"PropertyValueSpecification\",\"valueRequired\":true,\"valueName\":\"search_term_string\"}}],\"inLanguage\":\"es\"},{\"@type\":\"Organization\",\"@id\":\"https:\/\/www.ficoba.org\/es\/#organization\",\"name\":\"Ficoba, Reciento Ferial de Gipuzkoa\",\"url\":\"https:\/\/www.ficoba.org\/es\/\",\"logo\":{\"@type\":\"ImageObject\",\"inLanguage\":\"es\",\"@id\":\"https:\/\/www.ficoba.org\/es\/#\/schema\/logo\/image\/\",\"url\":\"https:\/\/www.ficoba.org\/wp-content\/uploads\/2018\/11\/logo_ficoba.png\",\"contentUrl\":\"https:\/\/www.ficoba.org\/wp-content\/uploads\/2018\/11\/logo_ficoba.png\",\"width\":200,\"height\":124,\"caption\":\"Ficoba, Reciento Ferial de Gipuzkoa\"},\"image\":{\"@id\":\"https:\/\/www.ficoba.org\/es\/#\/schema\/logo\/image\/\"},\"sameAs\":[\"https:\/\/www.facebook.com\/FICOBAFUNDAZIOA\/\",\"https:\/\/x.com\/FicobaFundazioa\",\"https:\/\/www.youtube.com\/channel\/UCvo2JGluemyCf5KPRmEF9JQ\",\"https:\/\/www.linkedin.com\/company\/ficoba\/\",\"https:\/\/www.instagram.com\/ficobafundazioa\/\"]},{\"@type\":\"Person\",\"@id\":\"https:\/\/www.ficoba.org\/es\/#\/schema\/person\/8a96a121e5dbd393e6e6b5a7ee7ed407\",\"name\":\"ficoba\",\"image\":{\"@type\":\"ImageObject\",\"inLanguage\":\"es\",\"@id\":\"https:\/\/www.ficoba.org\/es\/#\/schema\/person\/image\/\",\"url\":\"https:\/\/secure.gravatar.com\/avatar\/c90cc0e07f75fecbe4165c1906a4cd61b0179a28caae2205d37516e4fb7c30c1?s=96&d=mm&r=g\",\"contentUrl\":\"https:\/\/secure.gravatar.com\/avatar\/c90cc0e07f75fecbe4165c1906a4cd61b0179a28caae2205d37516e4fb7c30c1?s=96&d=mm&r=g\",\"caption\":\"ficoba\"}}]}<\/script>\n<!-- \/ Yoast SEO plugin. -->","yoast_head_json":{"title":"Las bodas tambi\u00e9n se reactivan: vuelve a Ficoba la feria de novios \u2018Los mu\u00f1ecos de la tarta\u2019 - Ficoba","robots":{"index":"index","follow":"follow","max-snippet":"max-snippet:-1","max-image-preview":"max-image-preview:large","max-video-preview":"max-video-preview:-1"},"canonical":"https:\/\/www.ficoba.org\/es\/las-bodas-tambien-se-reactivan-vuelve-a-ficoba-la-feria-de-novios-los-munecos-de-la-tarta\/","twitter_misc":{"Escrito por":"ficoba","Tiempo de lectura":"2 minutos"},"schema":{"@context":"https:\/\/schema.org","@graph":[{"@type":"Article","@id":"https:\/\/www.ficoba.org\/es\/las-bodas-tambien-se-reactivan-vuelve-a-ficoba-la-feria-de-novios-los-munecos-de-la-tarta\/#article","isPartOf":{"@id":"https:\/\/www.ficoba.org\/es\/las-bodas-tambien-se-reactivan-vuelve-a-ficoba-la-feria-de-novios-los-munecos-de-la-tarta\/"},"author":{"name":"ficoba","@id":"https:\/\/www.ficoba.org\/es\/#\/schema\/person\/8a96a121e5dbd393e6e6b5a7ee7ed407"},"headline":"Las bodas tambi\u00e9n se reactivan: vuelve a Ficoba la feria de novios \u2018Los mu\u00f1ecos de la tarta\u2019","datePublished":"2021-10-13T10:36:33+00:00","mainEntityOfPage":{"@id":"https:\/\/www.ficoba.org\/es\/las-bodas-tambien-se-reactivan-vuelve-a-ficoba-la-feria-de-novios-los-munecos-de-la-tarta\/"},"wordCount":439,"publisher":{"@id":"https:\/\/www.ficoba.org\/es\/#organization"},"image":{"@id":"https:\/\/www.ficoba.org\/es\/las-bodas-tambien-se-reactivan-vuelve-a-ficoba-la-feria-de-novios-los-munecos-de-la-tarta\/#primaryimage"},"thumbnailUrl":"https:\/\/www.ficoba.org\/wp-content\/uploads\/2021\/10\/Novios-2.jpg","articleSection":["Eventos y ferias"],"inLanguage":"es"},{"@type":"WebPage","@id":"https:\/\/www.ficoba.org\/es\/las-bodas-tambien-se-reactivan-vuelve-a-ficoba-la-feria-de-novios-los-munecos-de-la-tarta\/","url":"https:\/\/www.ficoba.org\/es\/las-bodas-tambien-se-reactivan-vuelve-a-ficoba-la-feria-de-novios-los-munecos-de-la-tarta\/","name":"Las bodas tambi\u00e9n se reactivan: vuelve a Ficoba la feria de novios \u2018Los mu\u00f1ecos de la tarta\u2019 - Ficoba","isPartOf":{"@id":"https:\/\/www.ficoba.org\/es\/#website"},"primaryImageOfPage":{"@id":"https:\/\/www.ficoba.org\/es\/las-bodas-tambien-se-reactivan-vuelve-a-ficoba-la-feria-de-novios-los-munecos-de-la-tarta\/#primaryimage"},"image":{"@id":"https:\/\/www.ficoba.org\/es\/las-bodas-tambien-se-reactivan-vuelve-a-ficoba-la-feria-de-novios-los-munecos-de-la-tarta\/#primaryimage"},"thumbnailUrl":"https:\/\/www.ficoba.org\/wp-content\/uploads\/2021\/10\/Novios-2.jpg","datePublished":"2021-10-13T10:36:33+00:00","breadcrumb":{"@id":"https:\/\/www.ficoba.org\/es\/las-bodas-tambien-se-reactivan-vuelve-a-ficoba-la-feria-de-novios-los-munecos-de-la-tarta\/#breadcrumb"},"inLanguage":"es","potentialAction":[{"@type":"ReadAction","target":["https:\/\/www.ficoba.org\/es\/las-bodas-tambien-se-reactivan-vuelve-a-ficoba-la-feria-de-novios-los-munecos-de-la-tarta\/"]}]},{"@type":"ImageObject","inLanguage":"es","@id":"https:\/\/www.ficoba.org\/es\/las-bodas-tambien-se-reactivan-vuelve-a-ficoba-la-feria-de-novios-los-munecos-de-la-tarta\/#primaryimage","url":"https:\/\/www.ficoba.org\/wp-content\/uploads\/2021\/10\/Novios-2.jpg","contentUrl":"https:\/\/www.ficoba.org\/wp-content\/uploads\/2021\/10\/Novios-2.jpg","width":2016,"height":1512},{"@type":"BreadcrumbList","@id":"https:\/\/www.ficoba.org\/es\/las-bodas-tambien-se-reactivan-vuelve-a-ficoba-la-feria-de-novios-los-munecos-de-la-tarta\/#breadcrumb","itemListElement":[{"@type":"ListItem","position":1,"name":"Portada","item":"https:\/\/www.ficoba.org\/es\/"},{"@type":"ListItem","position":2,"name":"Las bodas tambi\u00e9n se reactivan: vuelve a Ficoba la feria de novios \u2018Los mu\u00f1ecos de la tarta\u2019"}]},{"@type":"WebSite","@id":"https:\/\/www.ficoba.org\/es\/#website","url":"https:\/\/www.ficoba.org\/es\/","name":"Ficoba, Recinto Ferial de Gipuzkoa","description":"Ficoba, recinto ferial de Gipuzkoa","publisher":{"@id":"https:\/\/www.ficoba.org\/es\/#organization"},"alternateName":"Ficoba","potentialAction":[{"@type":"SearchAction","target":{"@type":"EntryPoint","urlTemplate":"https:\/\/www.ficoba.org\/es\/?s={search_term_string}"},"query-input":{"@type":"PropertyValueSpecification","valueRequired":true,"valueName":"search_term_string"}}],"inLanguage":"es"},{"@type":"Organization","@id":"https:\/\/www.ficoba.org\/es\/#organization","name":"Ficoba, Reciento Ferial de Gipuzkoa","url":"https:\/\/www.ficoba.org\/es\/","logo":{"@type":"ImageObject","inLanguage":"es","@id":"https:\/\/www.ficoba.org\/es\/#\/schema\/logo\/image\/","url":"https:\/\/www.ficoba.org\/wp-content\/uploads\/2018\/11\/logo_ficoba.png","contentUrl":"https:\/\/www.ficoba.org\/wp-content\/uploads\/2018\/11\/logo_ficoba.png","width":200,"height":124,"caption":"Ficoba, Reciento Ferial de Gipuzkoa"},"image":{"@id":"https:\/\/www.ficoba.org\/es\/#\/schema\/logo\/image\/"},"sameAs":["https:\/\/www.facebook.com\/FICOBAFUNDAZIOA\/","https:\/\/x.com\/FicobaFundazioa","https:\/\/www.youtube.com\/channel\/UCvo2JGluemyCf5KPRmEF9JQ","https:\/\/www.linkedin.com\/company\/ficoba\/","https:\/\/www.instagram.com\/ficobafundazioa\/"]},{"@type":"Person","@id":"https:\/\/www.ficoba.org\/es\/#\/schema\/person\/8a96a121e5dbd393e6e6b5a7ee7ed407","name":"ficoba","image":{"@type":"ImageObject","inLanguage":"es","@id":"https:\/\/www.ficoba.org\/es\/#\/schema\/person\/image\/","url":"https:\/\/secure.gravatar.com\/avatar\/c90cc0e07f75fecbe4165c1906a4cd61b0179a28caae2205d37516e4fb7c30c1?s=96&d=mm&r=g","contentUrl":"https:\/\/secure.gravatar.com\/avatar\/c90cc0e07f75fecbe4165c1906a4cd61b0179a28caae2205d37516e4fb7c30c1?s=96&d=mm&r=g","caption":"ficoba"}}]}},"_links":{"self":[{"href":"https:\/\/www.ficoba.org\/es\/wp-json\/wp\/v2\/posts\/8913","targetHints":{"allow":["GET"]}}],"collection":[{"href":"https:\/\/www.ficoba.org\/es\/wp-json\/wp\/v2\/posts"}],"about":[{"href":"https:\/\/www.ficoba.org\/es\/wp-json\/wp\/v2\/types\/post"}],"author":[{"embeddable":true,"href":"https:\/\/www.ficoba.org\/es\/wp-json\/wp\/v2\/users\/2"}],"replies":[{"embeddable":true,"href":"https:\/\/www.ficoba.org\/es\/wp-json\/wp\/v2\/comments?post=8913"}],"version-history":[{"count":1,"href":"https:\/\/www.ficoba.org\/es\/wp-json\/wp\/v2\/posts\/8913\/revisions"}],"predecessor-version":[{"id":8918,"href":"https:\/\/www.ficoba.org\/es\/wp-json\/wp\/v2\/posts\/8913\/revisions\/8918"}],"wp:featuredmedia":[{"embeddable":true,"href":"https:\/\/www.ficoba.org\/es\/wp-json\/wp\/v2\/media\/8914"}],"wp:attachment":[{"href":"https:\/\/www.ficoba.org\/es\/wp-json\/wp\/v2\/media?parent=8913"}],"wp:term":[{"taxonomy":"category","embeddable":true,"href":"https:\/\/www.ficoba.org\/es\/wp-json\/wp\/v2\/categories?post=8913"},{"taxonomy":"post_tag","embeddable":true,"href":"https:\/\/www.ficoba.org\/es\/wp-json\/wp\/v2\/tags?post=8913"}],"curies":[{"name":"wp","href":"https:\/\/api.w.org\/{rel}","templated":true}]}}