{"id":8873,"date":"2021-09-29T12:51:50","date_gmt":"2021-09-29T10:51:50","guid":{"rendered":"https:\/\/www.ficoba.org\/?p=8873"},"modified":"2021-09-29T12:51:50","modified_gmt":"2021-09-29T10:51:50","slug":"ficoba-arranca-el-curso-pisando-el-acelerador","status":"publish","type":"post","link":"https:\/\/www.ficoba.org\/es\/ficoba-arranca-el-curso-pisando-el-acelerador\/","title":{"rendered":"Ficoba arranca el curso pisando el acelerador"},"content":{"rendered":"<p>Tras el par\u00e9ntesis estival, Ficoba retoma su actividad con un calendario repleto de actividades, en el que muchas propuestas, habituales en ejercicios anteriores, regresan a Ficoba.<\/p>\n<p>Es el caso de <strong>Ekodrive<\/strong>, la Feria del Veh\u00edculo Sostenible, que se celebrar\u00e1 del 1 al 3 de octubre, con su exposici\u00f3n de veh\u00edculos eficientes energ\u00e9ticamente, desde coches el\u00e9ctricos hasta los veh\u00edculos impulsados por nuevas energ\u00edas como h\u00edbridos enchufables, gas licuado, gas natural, etc.<\/p>\n<p>La mejor\u00eda de la situaci\u00f3n sanitaria ha permitido que se vuelvan a celebrar bodas y con ellas ha llegado la reactivaci\u00f3n del sector. Muestra de ello es la celebraci\u00f3n de una nueva edici\u00f3n del sal\u00f3n de bodas <strong>Los mu\u00f1ecos de la tarta<\/strong>, del 15 al 17 de octubre.<\/p>\n<p>Las olimpiadas de la formaci\u00f3n profesional, conocidas como <strong>Eusko Skills <\/strong>(20-21 octubre), han vuelto a elegir Ficoba como sede. Esta competici\u00f3n, impulsada por el departamento de Educaci\u00f3n del Gobierno Vasco, en la que participan centros p\u00fablicos y concertados de formaci\u00f3n profesional de Euskadi, ya se celebr\u00f3 en Ficoba en 2012.<\/p>\n<p>El Instituto de Alfabetizaci\u00f3n y Reeuskaldunizaci\u00f3n de Adultos<strong> HABE<\/strong> tambi\u00e9n repite ex\u00e1menes en Ficoba los d\u00edas 8 y 9 de octubre. En mayo m\u00e1s de 5.000 personas realizaron el examen en los pabellones del recinto ferial para comprobar su nivel de euskera. En esta ocasi\u00f3n se espera la asistencia de alrededor de 2.000 personas.<\/p>\n<p>El congreso <strong>Entre Mares<\/strong> ser\u00e1 el encargado de abrir la programaci\u00f3n de Ficoba el mes de noviembre. Del 3 al 5 de noviembre expertos internacionales abordar\u00e1n las novedades arqueol\u00f3gicas sobre los puertos romanos.<\/p>\n<p>El 10 de noviembre tendr\u00e1 lugar en Ficoba una nueva edici\u00f3n de <strong>la Semana del Empleo<\/strong>, organizada por Bidasoa Activa, y al d\u00eda siguiente un cl\u00e1sico del calendario de Ficoba: los ex\u00e1menes para obtener <strong>titulaciones de embarcaciones de recreo<\/strong>. Y el 13 de noviembre una nueva edici\u00f3n del festival<strong> Irun Zuzenean<\/strong>.<\/p>\n<p>Del 19 al 21 de noviembre, los principales concesionarios y compraventas de Gipuzkoa se dar\u00e1n cita en Ficoba para participar en la novena edici\u00f3n de <strong>Ficoauto<\/strong>, la Feria de Veh\u00edculo de Ocasi\u00f3n. Como en a\u00f1os anteriores, los visitantes encontrar\u00e1n veh\u00edculos de todos los segmentos, gamas y tipos: seminuevos, veh\u00edculos de gerencia, Km 0, procedentes de flotas y de renting a los mejores precios.<\/p>\n<p>Y pondremos fin a noviembre con una nueva edici\u00f3n de la <strong>Exposici\u00f3n Internacional Felina<\/strong>, organizada por el grupo franc\u00e9s AMOBS STAR.<\/p>\n<p>Ya en diciembre, uno de los principales eventos ser\u00e1 el festival vegano <strong>Be Veggie<\/strong>, que tendr\u00e1 lugar del 4 al 6 de diciembre, y con el que Ficoba da respuesta al creciente inter\u00e9s por el veganismo, el cuidado del medio ambiente, el maltrato animal y el cuidado de la salud.<\/p>\n<p>En el apartado musical, el 18 de diciembre se celebrar\u00e1 un nuevo concierto en el marco de <strong>Irun Zuzenean<\/strong>.<\/p>\n<p>La Navidad tambi\u00e9n va a traer buenos motivos para visitar Ficoba gracias a la iniciativa del Ayuntamiento de Irun de instalar una <strong>pista de hielo sint\u00e9tico<\/strong> que quiere ser la de mayor tama\u00f1o de todo el Estado.<\/p>\n<p><strong>Cuatro meses para consolidar la recuperaci\u00f3n<\/strong><\/p>\n<p>La actividad prevista para el \u00faltimo cuatrimestre, confirma la senda de la recuperaci\u00f3n para Ficoba. Los resultados del ejercicio 2021 van a ser mejores que los de 2020, pero sin llegar a los \u00edndices de actividad y de facturaci\u00f3n de antes de la pandemia, como indican los datos del primer semestre.<\/p>\n<p>La suma total de actividades fue de 131, frente a los 78 que se celebraron en 2020. Unas buenas cifras en el contexto actual que, sin embargo, todav\u00eda est\u00e1n lejos de los resultados prepandemia como los obtenidos el a\u00f1o 2019 en el que Ficoba acogi\u00f3 142 eventos en el mismo periodo del a\u00f1o.<\/p>\n<p>La buena noticia es la recuperaci\u00f3n de la actividad ferial y de eventos de gran p\u00fablico que hab\u00edan dejado de celebrarse por la situaci\u00f3n sanitaria. Esto, unido al empuje de eventos que han encontrado en los espacios de Ficoba un lugar seguro donde celebrarse como las OPEs (Ofertas P\u00fablicas de Empleo) y ex\u00e1menes como la EBAU (antigua selectividad) o de HABE y a que numerosas peque\u00f1as y medianas empresas han elegido Ficoba para celebrar sus reuniones, han situado a Ficoba en una buena posici\u00f3n para consolidar su recuperaci\u00f3n.<\/p>\n<p><strong>www.ficoba.org<\/strong><\/p>\n<p>&nbsp;<\/p>\n","protected":false},"excerpt":{"rendered":"<p>Tras el par\u00e9ntesis estival, Ficoba retoma su actividad con un calendario repleto de actividades, en el que muchas propuestas, habituales en ejercicios anteriores, regresan a Ficoba. Es el caso de [&hellip;]<\/p>\n","protected":false},"author":2,"featured_media":8632,"comment_status":"closed","ping_status":"closed","sticky":false,"template":"","format":"standard","meta":{"_et_pb_use_builder":"","_et_pb_old_content":"","_et_gb_content_width":"","footnotes":""},"categories":[1],"tags":[212,253,171,254,230,53,175],"class_list":["post-8873","post","type-post","status-publish","format-standard","has-post-thumbnail","hentry","category-noticias","tag-eventos","tag-eventos-sostenibles","tag-ferias","tag-ferias-de-gran-publico","tag-ferias-profesionales","tag-ficoba-2","tag-grandes-eventos"],"yoast_head":"<!-- This site is optimized with the Yoast SEO plugin v26.8 - https:\/\/yoast.com\/product\/yoast-seo-wordpress\/ -->\n<title>Ficoba arranca el curso pisando el acelerador - Ficoba<\/title>\n<meta name=\"robots\" content=\"index, follow, max-snippet:-1, max-image-preview:large, max-video-preview:-1\" \/>\n<link rel=\"canonical\" href=\"https:\/\/www.ficoba.org\/es\/ficoba-arranca-el-curso-pisando-el-acelerador\/\" \/>\n<meta name=\"twitter:label1\" content=\"Escrito por\" \/>\n\t<meta name=\"twitter:data1\" content=\"ficoba\" \/>\n\t<meta name=\"twitter:label2\" content=\"Tiempo de lectura\" \/>\n\t<meta name=\"twitter:data2\" content=\"4 minutos\" \/>\n<script type=\"application\/ld+json\" class=\"yoast-schema-graph\">{\"@context\":\"https:\/\/schema.org\",\"@graph\":[{\"@type\":\"Article\",\"@id\":\"https:\/\/www.ficoba.org\/es\/ficoba-arranca-el-curso-pisando-el-acelerador\/#article\",\"isPartOf\":{\"@id\":\"https:\/\/www.ficoba.org\/es\/ficoba-arranca-el-curso-pisando-el-acelerador\/\"},\"author\":{\"name\":\"ficoba\",\"@id\":\"https:\/\/www.ficoba.org\/es\/#\/schema\/person\/8a96a121e5dbd393e6e6b5a7ee7ed407\"},\"headline\":\"Ficoba arranca el curso pisando el acelerador\",\"datePublished\":\"2021-09-29T10:51:50+00:00\",\"mainEntityOfPage\":{\"@id\":\"https:\/\/www.ficoba.org\/es\/ficoba-arranca-el-curso-pisando-el-acelerador\/\"},\"wordCount\":746,\"publisher\":{\"@id\":\"https:\/\/www.ficoba.org\/es\/#organization\"},\"image\":{\"@id\":\"https:\/\/www.ficoba.org\/es\/ficoba-arranca-el-curso-pisando-el-acelerador\/#primaryimage\"},\"thumbnailUrl\":\"https:\/\/www.ficoba.org\/wp-content\/uploads\/2021\/06\/1509Ficoba_129b.jpg\",\"keywords\":[\"eventos\",\"eventos sostenibles\",\"ferias\",\"ferias de gran p\u00fablico\",\"ferias profesionales\",\"Ficoba\",\"grandes eventos\"],\"articleSection\":[\"Noticias\"],\"inLanguage\":\"es\"},{\"@type\":\"WebPage\",\"@id\":\"https:\/\/www.ficoba.org\/es\/ficoba-arranca-el-curso-pisando-el-acelerador\/\",\"url\":\"https:\/\/www.ficoba.org\/es\/ficoba-arranca-el-curso-pisando-el-acelerador\/\",\"name\":\"Ficoba arranca el curso pisando el acelerador - Ficoba\",\"isPartOf\":{\"@id\":\"https:\/\/www.ficoba.org\/es\/#website\"},\"primaryImageOfPage\":{\"@id\":\"https:\/\/www.ficoba.org\/es\/ficoba-arranca-el-curso-pisando-el-acelerador\/#primaryimage\"},\"image\":{\"@id\":\"https:\/\/www.ficoba.org\/es\/ficoba-arranca-el-curso-pisando-el-acelerador\/#primaryimage\"},\"thumbnailUrl\":\"https:\/\/www.ficoba.org\/wp-content\/uploads\/2021\/06\/1509Ficoba_129b.jpg\",\"datePublished\":\"2021-09-29T10:51:50+00:00\",\"breadcrumb\":{\"@id\":\"https:\/\/www.ficoba.org\/es\/ficoba-arranca-el-curso-pisando-el-acelerador\/#breadcrumb\"},\"inLanguage\":\"es\",\"potentialAction\":[{\"@type\":\"ReadAction\",\"target\":[\"https:\/\/www.ficoba.org\/es\/ficoba-arranca-el-curso-pisando-el-acelerador\/\"]}]},{\"@type\":\"ImageObject\",\"inLanguage\":\"es\",\"@id\":\"https:\/\/www.ficoba.org\/es\/ficoba-arranca-el-curso-pisando-el-acelerador\/#primaryimage\",\"url\":\"https:\/\/www.ficoba.org\/wp-content\/uploads\/2021\/06\/1509Ficoba_129b.jpg\",\"contentUrl\":\"https:\/\/www.ficoba.org\/wp-content\/uploads\/2021\/06\/1509Ficoba_129b.jpg\",\"width\":1200,\"height\":800},{\"@type\":\"BreadcrumbList\",\"@id\":\"https:\/\/www.ficoba.org\/es\/ficoba-arranca-el-curso-pisando-el-acelerador\/#breadcrumb\",\"itemListElement\":[{\"@type\":\"ListItem\",\"position\":1,\"name\":\"Portada\",\"item\":\"https:\/\/www.ficoba.org\/es\/\"},{\"@type\":\"ListItem\",\"position\":2,\"name\":\"Ficoba arranca el curso pisando el acelerador\"}]},{\"@type\":\"WebSite\",\"@id\":\"https:\/\/www.ficoba.org\/es\/#website\",\"url\":\"https:\/\/www.ficoba.org\/es\/\",\"name\":\"Ficoba, Recinto Ferial de Gipuzkoa\",\"description\":\"Ficoba, recinto ferial de Gipuzkoa\",\"publisher\":{\"@id\":\"https:\/\/www.ficoba.org\/es\/#organization\"},\"alternateName\":\"Ficoba\",\"potentialAction\":[{\"@type\":\"SearchAction\",\"target\":{\"@type\":\"EntryPoint\",\"urlTemplate\":\"https:\/\/www.ficoba.org\/es\/?s={search_term_string}\"},\"query-input\":{\"@type\":\"PropertyValueSpecification\",\"valueRequired\":true,\"valueName\":\"search_term_string\"}}],\"inLanguage\":\"es\"},{\"@type\":\"Organization\",\"@id\":\"https:\/\/www.ficoba.org\/es\/#organization\",\"name\":\"Ficoba, Reciento Ferial de Gipuzkoa\",\"url\":\"https:\/\/www.ficoba.org\/es\/\",\"logo\":{\"@type\":\"ImageObject\",\"inLanguage\":\"es\",\"@id\":\"https:\/\/www.ficoba.org\/es\/#\/schema\/logo\/image\/\",\"url\":\"https:\/\/www.ficoba.org\/wp-content\/uploads\/2018\/11\/logo_ficoba.png\",\"contentUrl\":\"https:\/\/www.ficoba.org\/wp-content\/uploads\/2018\/11\/logo_ficoba.png\",\"width\":200,\"height\":124,\"caption\":\"Ficoba, Reciento Ferial de Gipuzkoa\"},\"image\":{\"@id\":\"https:\/\/www.ficoba.org\/es\/#\/schema\/logo\/image\/\"},\"sameAs\":[\"https:\/\/www.facebook.com\/FICOBAFUNDAZIOA\/\",\"https:\/\/x.com\/FicobaFundazioa\",\"https:\/\/www.youtube.com\/channel\/UCvo2JGluemyCf5KPRmEF9JQ\",\"https:\/\/www.linkedin.com\/company\/ficoba\/\",\"https:\/\/www.instagram.com\/ficobafundazioa\/\"]},{\"@type\":\"Person\",\"@id\":\"https:\/\/www.ficoba.org\/es\/#\/schema\/person\/8a96a121e5dbd393e6e6b5a7ee7ed407\",\"name\":\"ficoba\",\"image\":{\"@type\":\"ImageObject\",\"inLanguage\":\"es\",\"@id\":\"https:\/\/www.ficoba.org\/es\/#\/schema\/person\/image\/\",\"url\":\"https:\/\/secure.gravatar.com\/avatar\/c90cc0e07f75fecbe4165c1906a4cd61b0179a28caae2205d37516e4fb7c30c1?s=96&d=mm&r=g\",\"contentUrl\":\"https:\/\/secure.gravatar.com\/avatar\/c90cc0e07f75fecbe4165c1906a4cd61b0179a28caae2205d37516e4fb7c30c1?s=96&d=mm&r=g\",\"caption\":\"ficoba\"}}]}<\/script>\n<!-- \/ Yoast SEO plugin. -->","yoast_head_json":{"title":"Ficoba arranca el curso pisando el acelerador - Ficoba","robots":{"index":"index","follow":"follow","max-snippet":"max-snippet:-1","max-image-preview":"max-image-preview:large","max-video-preview":"max-video-preview:-1"},"canonical":"https:\/\/www.ficoba.org\/es\/ficoba-arranca-el-curso-pisando-el-acelerador\/","twitter_misc":{"Escrito por":"ficoba","Tiempo de lectura":"4 minutos"},"schema":{"@context":"https:\/\/schema.org","@graph":[{"@type":"Article","@id":"https:\/\/www.ficoba.org\/es\/ficoba-arranca-el-curso-pisando-el-acelerador\/#article","isPartOf":{"@id":"https:\/\/www.ficoba.org\/es\/ficoba-arranca-el-curso-pisando-el-acelerador\/"},"author":{"name":"ficoba","@id":"https:\/\/www.ficoba.org\/es\/#\/schema\/person\/8a96a121e5dbd393e6e6b5a7ee7ed407"},"headline":"Ficoba arranca el curso pisando el acelerador","datePublished":"2021-09-29T10:51:50+00:00","mainEntityOfPage":{"@id":"https:\/\/www.ficoba.org\/es\/ficoba-arranca-el-curso-pisando-el-acelerador\/"},"wordCount":746,"publisher":{"@id":"https:\/\/www.ficoba.org\/es\/#organization"},"image":{"@id":"https:\/\/www.ficoba.org\/es\/ficoba-arranca-el-curso-pisando-el-acelerador\/#primaryimage"},"thumbnailUrl":"https:\/\/www.ficoba.org\/wp-content\/uploads\/2021\/06\/1509Ficoba_129b.jpg","keywords":["eventos","eventos sostenibles","ferias","ferias de gran p\u00fablico","ferias profesionales","Ficoba","grandes eventos"],"articleSection":["Noticias"],"inLanguage":"es"},{"@type":"WebPage","@id":"https:\/\/www.ficoba.org\/es\/ficoba-arranca-el-curso-pisando-el-acelerador\/","url":"https:\/\/www.ficoba.org\/es\/ficoba-arranca-el-curso-pisando-el-acelerador\/","name":"Ficoba arranca el curso pisando el acelerador - Ficoba","isPartOf":{"@id":"https:\/\/www.ficoba.org\/es\/#website"},"primaryImageOfPage":{"@id":"https:\/\/www.ficoba.org\/es\/ficoba-arranca-el-curso-pisando-el-acelerador\/#primaryimage"},"image":{"@id":"https:\/\/www.ficoba.org\/es\/ficoba-arranca-el-curso-pisando-el-acelerador\/#primaryimage"},"thumbnailUrl":"https:\/\/www.ficoba.org\/wp-content\/uploads\/2021\/06\/1509Ficoba_129b.jpg","datePublished":"2021-09-29T10:51:50+00:00","breadcrumb":{"@id":"https:\/\/www.ficoba.org\/es\/ficoba-arranca-el-curso-pisando-el-acelerador\/#breadcrumb"},"inLanguage":"es","potentialAction":[{"@type":"ReadAction","target":["https:\/\/www.ficoba.org\/es\/ficoba-arranca-el-curso-pisando-el-acelerador\/"]}]},{"@type":"ImageObject","inLanguage":"es","@id":"https:\/\/www.ficoba.org\/es\/ficoba-arranca-el-curso-pisando-el-acelerador\/#primaryimage","url":"https:\/\/www.ficoba.org\/wp-content\/uploads\/2021\/06\/1509Ficoba_129b.jpg","contentUrl":"https:\/\/www.ficoba.org\/wp-content\/uploads\/2021\/06\/1509Ficoba_129b.jpg","width":1200,"height":800},{"@type":"BreadcrumbList","@id":"https:\/\/www.ficoba.org\/es\/ficoba-arranca-el-curso-pisando-el-acelerador\/#breadcrumb","itemListElement":[{"@type":"ListItem","position":1,"name":"Portada","item":"https:\/\/www.ficoba.org\/es\/"},{"@type":"ListItem","position":2,"name":"Ficoba arranca el curso pisando el acelerador"}]},{"@type":"WebSite","@id":"https:\/\/www.ficoba.org\/es\/#website","url":"https:\/\/www.ficoba.org\/es\/","name":"Ficoba, Recinto Ferial de Gipuzkoa","description":"Ficoba, recinto ferial de Gipuzkoa","publisher":{"@id":"https:\/\/www.ficoba.org\/es\/#organization"},"alternateName":"Ficoba","potentialAction":[{"@type":"SearchAction","target":{"@type":"EntryPoint","urlTemplate":"https:\/\/www.ficoba.org\/es\/?s={search_term_string}"},"query-input":{"@type":"PropertyValueSpecification","valueRequired":true,"valueName":"search_term_string"}}],"inLanguage":"es"},{"@type":"Organization","@id":"https:\/\/www.ficoba.org\/es\/#organization","name":"Ficoba, Reciento Ferial de Gipuzkoa","url":"https:\/\/www.ficoba.org\/es\/","logo":{"@type":"ImageObject","inLanguage":"es","@id":"https:\/\/www.ficoba.org\/es\/#\/schema\/logo\/image\/","url":"https:\/\/www.ficoba.org\/wp-content\/uploads\/2018\/11\/logo_ficoba.png","contentUrl":"https:\/\/www.ficoba.org\/wp-content\/uploads\/2018\/11\/logo_ficoba.png","width":200,"height":124,"caption":"Ficoba, Reciento Ferial de Gipuzkoa"},"image":{"@id":"https:\/\/www.ficoba.org\/es\/#\/schema\/logo\/image\/"},"sameAs":["https:\/\/www.facebook.com\/FICOBAFUNDAZIOA\/","https:\/\/x.com\/FicobaFundazioa","https:\/\/www.youtube.com\/channel\/UCvo2JGluemyCf5KPRmEF9JQ","https:\/\/www.linkedin.com\/company\/ficoba\/","https:\/\/www.instagram.com\/ficobafundazioa\/"]},{"@type":"Person","@id":"https:\/\/www.ficoba.org\/es\/#\/schema\/person\/8a96a121e5dbd393e6e6b5a7ee7ed407","name":"ficoba","image":{"@type":"ImageObject","inLanguage":"es","@id":"https:\/\/www.ficoba.org\/es\/#\/schema\/person\/image\/","url":"https:\/\/secure.gravatar.com\/avatar\/c90cc0e07f75fecbe4165c1906a4cd61b0179a28caae2205d37516e4fb7c30c1?s=96&d=mm&r=g","contentUrl":"https:\/\/secure.gravatar.com\/avatar\/c90cc0e07f75fecbe4165c1906a4cd61b0179a28caae2205d37516e4fb7c30c1?s=96&d=mm&r=g","caption":"ficoba"}}]}},"_links":{"self":[{"href":"https:\/\/www.ficoba.org\/es\/wp-json\/wp\/v2\/posts\/8873","targetHints":{"allow":["GET"]}}],"collection":[{"href":"https:\/\/www.ficoba.org\/es\/wp-json\/wp\/v2\/posts"}],"about":[{"href":"https:\/\/www.ficoba.org\/es\/wp-json\/wp\/v2\/types\/post"}],"author":[{"embeddable":true,"href":"https:\/\/www.ficoba.org\/es\/wp-json\/wp\/v2\/users\/2"}],"replies":[{"embeddable":true,"href":"https:\/\/www.ficoba.org\/es\/wp-json\/wp\/v2\/comments?post=8873"}],"version-history":[{"count":1,"href":"https:\/\/www.ficoba.org\/es\/wp-json\/wp\/v2\/posts\/8873\/revisions"}],"predecessor-version":[{"id":8874,"href":"https:\/\/www.ficoba.org\/es\/wp-json\/wp\/v2\/posts\/8873\/revisions\/8874"}],"wp:featuredmedia":[{"embeddable":true,"href":"https:\/\/www.ficoba.org\/es\/wp-json\/wp\/v2\/media\/8632"}],"wp:attachment":[{"href":"https:\/\/www.ficoba.org\/es\/wp-json\/wp\/v2\/media?parent=8873"}],"wp:term":[{"taxonomy":"category","embeddable":true,"href":"https:\/\/www.ficoba.org\/es\/wp-json\/wp\/v2\/categories?post=8873"},{"taxonomy":"post_tag","embeddable":true,"href":"https:\/\/www.ficoba.org\/es\/wp-json\/wp\/v2\/tags?post=8873"}],"curies":[{"name":"wp","href":"https:\/\/api.w.org\/{rel}","templated":true}]}}