{"id":8848,"date":"2021-09-24T12:44:39","date_gmt":"2021-09-24T10:44:39","guid":{"rendered":"https:\/\/www.ficoba.org\/?p=8848"},"modified":"2021-09-24T12:44:39","modified_gmt":"2021-09-24T10:44:39","slug":"go-mobility-by-mubil-avanza-en-su-comercializacion-y-cuenta-ya-con-30-expositores-confirmados","status":"publish","type":"post","link":"https:\/\/www.ficoba.org\/es\/go-mobility-by-mubil-avanza-en-su-comercializacion-y-cuenta-ya-con-30-expositores-confirmados\/","title":{"rendered":"Go Mobility by MUBIL avanza en su comercializaci\u00f3n y cuenta ya con 30 expositores confirmados"},"content":{"rendered":"<ul>\n<li><strong>El Comit\u00e9 T\u00e9cnico de la feria se ha reunido esta ma\u00f1ana en Ficoba<\/strong><\/li>\n<li><strong>Go Mobility by MUBIL se celebrar\u00e1 en Ficoba, Irun, el 2 y 3 de marzo bajo el lema \u201cel presente y el futuro de la movilidad sostenible\u201d<\/strong><\/li>\n<\/ul>\n<p>Esta ma\u00f1ana ha tenido lugar en Ficoba la primera reuni\u00f3n del Comit\u00e9 T\u00e9cnico de Go Mobility by MUBIL 2022, en la que se ha informado de la evoluci\u00f3n de la comercializaci\u00f3n de la feria y se han abordado diferentes aspectos sobre la organizaci\u00f3n del evento. A d\u00eda de hoy, son ya 30 los expositores que han confirmado su presencia en esta exposici\u00f3n industrial, referente en el sur de Europa.<\/p>\n<p>Las empresas participantes pertenecen a los diferentes \u00e1mbitos de la cadena de valor de la nueva movilidad, si bien hay que resaltar la presencia de compa\u00f1\u00edas de recarga y almacenamiento de energ\u00eda, as\u00ed como de reutilizaci\u00f3n de las bater\u00edas con criterios de econom\u00eda circular. Un \u00e1mbito que constituye todo un reto para el sector.<\/p>\n<p>El Comit\u00e9 T\u00e9cnico de Go Mobility by MUBIL, que se ha reunido presidido por la directora de MUBIL, Ane Insausti, est\u00e1 integrado por representantes de instituciones p\u00fablicas, empresas, centros tecnol\u00f3gicos y asociaciones ligadas a la movilidad sostenible y a la energ\u00eda.<\/p>\n<p>El Comit\u00e9 se ha enriquecido para esta tercera edici\u00f3n de la feria con cuatro nuevas incorporaciones.<\/p>\n<p>Por una parte, BRTA-Basque Research and Technology Aliance, que re\u00fane a 16 centros tecnol\u00f3gicos y centros de investigaci\u00f3n cooperativa pertenecientes a la Red Vasca de Ciencia, Tecnolog\u00eda e Innovaci\u00f3n, el Gobierno Vasco, las Diputaciones Forales de \u00c1lava, Bizkaia y Gipuzkoa y el Grupo SPRI.<\/p>\n<p>Por otra parte, EIT Innoenergy, organismo de la Uni\u00f3n Europea, que opera en el centro de la transici\u00f3n energ\u00e9tica, aportando la tecnolog\u00eda y las competencias necesarias para apoyar el acuerdo verde y los objetivos de descarbonizaci\u00f3n de Europa<\/p>\n<p>Tambi\u00e9n se ha sumado al Comit\u00e9 T\u00e9cnico de la feria la empresa Indar, Grupo Ingeteam, l\u00edder en el dise\u00f1o y fabricaci\u00f3n de m\u00e1quinas el\u00e9ctricas rotativas: generadores, motores y bombas sumergibles.<\/p>\n<p>Completa las novedades en el Comit\u00e9 T\u00e9cnico de Go Mobility by MUBIL Petronor, l\u00edder en el sector de refino del Estado, con una apuesta clara en el desarrollo tecnol\u00f3gico hacia la descarbonizaci\u00f3n y la sostenibilidad energ\u00e9tica.<\/p>\n<p>La feria Go Mobility by MUBIL celebrar\u00e1 su tercera edici\u00f3n bajo el lema \u201cel presente y el futuro de la movilidad sostenible\u201d los d\u00edas 2 y 3 de marzo de 2022, en el Recinto Ferial Ficoba de Irun. Esta exposici\u00f3n industrial, impulsada por MUBIL Fundazioa, creada dentro del marco Etorkizuna Eraikiz de la Diputaci\u00f3n Foral de Gipuzkoa, y organizada por \u00e9sta en colaboraci\u00f3n con Ficoba, cuenta con el apoyo del propio ente foral y del Gobierno Vasco, y re\u00fane al conjunto de actores de la cadena de valor de la nueva movilidad, que muestran en esta cita las soluciones tecnol\u00f3gicas m\u00e1s avanzadas del mercado.<\/p>\n<p>La transformaci\u00f3n de la movilidad se ha plasmado en un nuevo concepto que ya no pone el acento exclusivamente en la sostenibilidad, sino que visualiza la movilidad como una actividad definida por cuatro caracter\u00edsticas fundamentales: limpia, conectada, segura y accesible.<\/p>\n<p>Siempre bajo estas cuatro premisas, la tercera edici\u00f3n de Go Mobility by MUBIL mostrar\u00e1 las \u00faltimas novedades del mercado desde una doble perspectiva industrial y digital, y lo har\u00e1 con el objetivo de seguir siendo una cita de referencia en el Sur de Europa para todos los agentes del ecosistema de la movilidad sostenible presente y futura. Asimismo, el evento se ha convertido ya en un punto de encuentro para fomentar intercambios de alto valor a\u00f1adido, impulsar proyectos innovadores y promover la transformaci\u00f3n industrial del territorio.<\/p>\n<p><strong>www.gomobility.eus<\/strong><\/p>\n<p><strong>Integrantes del Comit\u00e9 T\u00e9cnico de Go Mobility by MUBIL\u00a0\u00a0\u00a0\u00a0\u00a0\u00a0\u00a0\u00a0\u00a0\u00a0 <\/strong><\/p>\n<ul>\n<li>AEDIVE (Asociaci\u00f3n Empresarial para el desarrollo e impulso del veh\u00edculo el\u00e9ctrico)<\/li>\n<li>BRTA-Basque Research and Technology Alliance<\/li>\n<li>C\u00e1mara de Comercio de Gipuzkoa<\/li>\n<li>Cl\u00faster de Energ\u00eda<\/li>\n<li>Cl\u00faster de Movilidad y Log\u00edstica de Euskadi<\/li>\n<li>Colegio Oficial de Ingenieros industriales de Gipuzkoa<\/li>\n<li>Diputaci\u00f3n Foral de Gipuzkoa<\/li>\n<li>EIT Innoenergy (European Institute of Innovation &amp; Technology)<\/li>\n<li>EIT Urban Mobility (European Institute of Innovation &amp; Technology)<\/li>\n<li>Gobierno Vasco<\/li>\n<li>Grupo CAF<\/li>\n<li>Iberdrola<\/li>\n<li>Ibil<\/li>\n<li>Indar (Grupo Ingeteam)<\/li>\n<li>Irizar e-mobility<\/li>\n<li>Mubil<\/li>\n<li>Oficina de la Eurorregi\u00f3n Euskadi-Navarra-Aquitania<\/li>\n<li>Petronor<\/li>\n<li>Solaris<\/li>\n<li>Tecnalia<\/li>\n<\/ul>\n<p>&nbsp;<\/p>\n","protected":false},"excerpt":{"rendered":"<p>El Comit\u00e9 T\u00e9cnico de la feria se ha reunido esta ma\u00f1ana en Ficoba Go Mobility by MUBIL se celebrar\u00e1 en Ficoba, Irun, el 2 y 3 de marzo bajo el [&hellip;]<\/p>\n","protected":false},"author":2,"featured_media":8849,"comment_status":"closed","ping_status":"closed","sticky":false,"template":"","format":"standard","meta":{"_et_pb_use_builder":"","_et_pb_old_content":"","_et_gb_content_width":"","footnotes":""},"categories":[3],"tags":[157,173,245,243,242,244,118,172,246],"class_list":["post-8848","post","type-post","status-publish","format-standard","has-post-thumbnail","hentry","category-eventos-y-ferias","tag-almacenamiento-de-energia","tag-electromovilidad","tag-movilidad-accesible","tag-movilidad-conectada","tag-movilidad-limpia","tag-movilidad-segura","tag-movilidad-sostenible","tag-nueva-movilidad","tag-recarga-de-energia"],"yoast_head":"<!-- This site is optimized with the Yoast SEO plugin v26.8 - https:\/\/yoast.com\/product\/yoast-seo-wordpress\/ -->\n<title>Go Mobility by MUBIL avanza en su comercializaci\u00f3n y cuenta ya con 30 expositores confirmados - Ficoba<\/title>\n<meta name=\"robots\" content=\"index, follow, max-snippet:-1, max-image-preview:large, max-video-preview:-1\" \/>\n<link rel=\"canonical\" href=\"https:\/\/www.ficoba.org\/es\/go-mobility-by-mubil-avanza-en-su-comercializacion-y-cuenta-ya-con-30-expositores-confirmados\/\" \/>\n<meta name=\"twitter:label1\" content=\"Escrito por\" \/>\n\t<meta name=\"twitter:data1\" content=\"ficoba\" \/>\n\t<meta name=\"twitter:label2\" content=\"Tiempo de lectura\" \/>\n\t<meta name=\"twitter:data2\" content=\"4 minutos\" \/>\n<script type=\"application\/ld+json\" class=\"yoast-schema-graph\">{\"@context\":\"https:\/\/schema.org\",\"@graph\":[{\"@type\":\"Article\",\"@id\":\"https:\/\/www.ficoba.org\/es\/go-mobility-by-mubil-avanza-en-su-comercializacion-y-cuenta-ya-con-30-expositores-confirmados\/#article\",\"isPartOf\":{\"@id\":\"https:\/\/www.ficoba.org\/es\/go-mobility-by-mubil-avanza-en-su-comercializacion-y-cuenta-ya-con-30-expositores-confirmados\/\"},\"author\":{\"name\":\"ficoba\",\"@id\":\"https:\/\/www.ficoba.org\/es\/#\/schema\/person\/8a96a121e5dbd393e6e6b5a7ee7ed407\"},\"headline\":\"Go Mobility by MUBIL avanza en su comercializaci\u00f3n y cuenta ya con 30 expositores confirmados\",\"datePublished\":\"2021-09-24T10:44:39+00:00\",\"mainEntityOfPage\":{\"@id\":\"https:\/\/www.ficoba.org\/es\/go-mobility-by-mubil-avanza-en-su-comercializacion-y-cuenta-ya-con-30-expositores-confirmados\/\"},\"wordCount\":763,\"publisher\":{\"@id\":\"https:\/\/www.ficoba.org\/es\/#organization\"},\"image\":{\"@id\":\"https:\/\/www.ficoba.org\/es\/go-mobility-by-mubil-avanza-en-su-comercializacion-y-cuenta-ya-con-30-expositores-confirmados\/#primaryimage\"},\"thumbnailUrl\":\"https:\/\/www.ficoba.org\/wp-content\/uploads\/2021\/09\/Comite-Tecnico-Go-Mobility-scaled.jpg\",\"keywords\":[\"almacenamiento de energ\u00eda\",\"electromovilidad\",\"movilidad accesible\",\"movilidad conectada\",\"movilidad limpia\",\"movilidad segura\",\"Movilidad sostenible\",\"Nueva movilidad\",\"recarga de energ\u00eda\"],\"articleSection\":[\"Eventos y ferias\"],\"inLanguage\":\"es\"},{\"@type\":\"WebPage\",\"@id\":\"https:\/\/www.ficoba.org\/es\/go-mobility-by-mubil-avanza-en-su-comercializacion-y-cuenta-ya-con-30-expositores-confirmados\/\",\"url\":\"https:\/\/www.ficoba.org\/es\/go-mobility-by-mubil-avanza-en-su-comercializacion-y-cuenta-ya-con-30-expositores-confirmados\/\",\"name\":\"Go Mobility by MUBIL avanza en su comercializaci\u00f3n y cuenta ya con 30 expositores confirmados - Ficoba\",\"isPartOf\":{\"@id\":\"https:\/\/www.ficoba.org\/es\/#website\"},\"primaryImageOfPage\":{\"@id\":\"https:\/\/www.ficoba.org\/es\/go-mobility-by-mubil-avanza-en-su-comercializacion-y-cuenta-ya-con-30-expositores-confirmados\/#primaryimage\"},\"image\":{\"@id\":\"https:\/\/www.ficoba.org\/es\/go-mobility-by-mubil-avanza-en-su-comercializacion-y-cuenta-ya-con-30-expositores-confirmados\/#primaryimage\"},\"thumbnailUrl\":\"https:\/\/www.ficoba.org\/wp-content\/uploads\/2021\/09\/Comite-Tecnico-Go-Mobility-scaled.jpg\",\"datePublished\":\"2021-09-24T10:44:39+00:00\",\"breadcrumb\":{\"@id\":\"https:\/\/www.ficoba.org\/es\/go-mobility-by-mubil-avanza-en-su-comercializacion-y-cuenta-ya-con-30-expositores-confirmados\/#breadcrumb\"},\"inLanguage\":\"es\",\"potentialAction\":[{\"@type\":\"ReadAction\",\"target\":[\"https:\/\/www.ficoba.org\/es\/go-mobility-by-mubil-avanza-en-su-comercializacion-y-cuenta-ya-con-30-expositores-confirmados\/\"]}]},{\"@type\":\"ImageObject\",\"inLanguage\":\"es\",\"@id\":\"https:\/\/www.ficoba.org\/es\/go-mobility-by-mubil-avanza-en-su-comercializacion-y-cuenta-ya-con-30-expositores-confirmados\/#primaryimage\",\"url\":\"https:\/\/www.ficoba.org\/wp-content\/uploads\/2021\/09\/Comite-Tecnico-Go-Mobility-scaled.jpg\",\"contentUrl\":\"https:\/\/www.ficoba.org\/wp-content\/uploads\/2021\/09\/Comite-Tecnico-Go-Mobility-scaled.jpg\",\"width\":2560,\"height\":1920},{\"@type\":\"BreadcrumbList\",\"@id\":\"https:\/\/www.ficoba.org\/es\/go-mobility-by-mubil-avanza-en-su-comercializacion-y-cuenta-ya-con-30-expositores-confirmados\/#breadcrumb\",\"itemListElement\":[{\"@type\":\"ListItem\",\"position\":1,\"name\":\"Portada\",\"item\":\"https:\/\/www.ficoba.org\/es\/\"},{\"@type\":\"ListItem\",\"position\":2,\"name\":\"Go Mobility by MUBIL avanza en su comercializaci\u00f3n y cuenta ya con 30 expositores confirmados\"}]},{\"@type\":\"WebSite\",\"@id\":\"https:\/\/www.ficoba.org\/es\/#website\",\"url\":\"https:\/\/www.ficoba.org\/es\/\",\"name\":\"Ficoba, Recinto Ferial de Gipuzkoa\",\"description\":\"Ficoba, recinto ferial de Gipuzkoa\",\"publisher\":{\"@id\":\"https:\/\/www.ficoba.org\/es\/#organization\"},\"alternateName\":\"Ficoba\",\"potentialAction\":[{\"@type\":\"SearchAction\",\"target\":{\"@type\":\"EntryPoint\",\"urlTemplate\":\"https:\/\/www.ficoba.org\/es\/?s={search_term_string}\"},\"query-input\":{\"@type\":\"PropertyValueSpecification\",\"valueRequired\":true,\"valueName\":\"search_term_string\"}}],\"inLanguage\":\"es\"},{\"@type\":\"Organization\",\"@id\":\"https:\/\/www.ficoba.org\/es\/#organization\",\"name\":\"Ficoba, Reciento Ferial de Gipuzkoa\",\"url\":\"https:\/\/www.ficoba.org\/es\/\",\"logo\":{\"@type\":\"ImageObject\",\"inLanguage\":\"es\",\"@id\":\"https:\/\/www.ficoba.org\/es\/#\/schema\/logo\/image\/\",\"url\":\"https:\/\/www.ficoba.org\/wp-content\/uploads\/2018\/11\/logo_ficoba.png\",\"contentUrl\":\"https:\/\/www.ficoba.org\/wp-content\/uploads\/2018\/11\/logo_ficoba.png\",\"width\":200,\"height\":124,\"caption\":\"Ficoba, Reciento Ferial de Gipuzkoa\"},\"image\":{\"@id\":\"https:\/\/www.ficoba.org\/es\/#\/schema\/logo\/image\/\"},\"sameAs\":[\"https:\/\/www.facebook.com\/FICOBAFUNDAZIOA\/\",\"https:\/\/x.com\/FicobaFundazioa\",\"https:\/\/www.youtube.com\/channel\/UCvo2JGluemyCf5KPRmEF9JQ\",\"https:\/\/www.linkedin.com\/company\/ficoba\/\",\"https:\/\/www.instagram.com\/ficobafundazioa\/\"]},{\"@type\":\"Person\",\"@id\":\"https:\/\/www.ficoba.org\/es\/#\/schema\/person\/8a96a121e5dbd393e6e6b5a7ee7ed407\",\"name\":\"ficoba\",\"image\":{\"@type\":\"ImageObject\",\"inLanguage\":\"es\",\"@id\":\"https:\/\/www.ficoba.org\/es\/#\/schema\/person\/image\/\",\"url\":\"https:\/\/secure.gravatar.com\/avatar\/c90cc0e07f75fecbe4165c1906a4cd61b0179a28caae2205d37516e4fb7c30c1?s=96&d=mm&r=g\",\"contentUrl\":\"https:\/\/secure.gravatar.com\/avatar\/c90cc0e07f75fecbe4165c1906a4cd61b0179a28caae2205d37516e4fb7c30c1?s=96&d=mm&r=g\",\"caption\":\"ficoba\"}}]}<\/script>\n<!-- \/ Yoast SEO plugin. -->","yoast_head_json":{"title":"Go Mobility by MUBIL avanza en su comercializaci\u00f3n y cuenta ya con 30 expositores confirmados - Ficoba","robots":{"index":"index","follow":"follow","max-snippet":"max-snippet:-1","max-image-preview":"max-image-preview:large","max-video-preview":"max-video-preview:-1"},"canonical":"https:\/\/www.ficoba.org\/es\/go-mobility-by-mubil-avanza-en-su-comercializacion-y-cuenta-ya-con-30-expositores-confirmados\/","twitter_misc":{"Escrito por":"ficoba","Tiempo de lectura":"4 minutos"},"schema":{"@context":"https:\/\/schema.org","@graph":[{"@type":"Article","@id":"https:\/\/www.ficoba.org\/es\/go-mobility-by-mubil-avanza-en-su-comercializacion-y-cuenta-ya-con-30-expositores-confirmados\/#article","isPartOf":{"@id":"https:\/\/www.ficoba.org\/es\/go-mobility-by-mubil-avanza-en-su-comercializacion-y-cuenta-ya-con-30-expositores-confirmados\/"},"author":{"name":"ficoba","@id":"https:\/\/www.ficoba.org\/es\/#\/schema\/person\/8a96a121e5dbd393e6e6b5a7ee7ed407"},"headline":"Go Mobility by MUBIL avanza en su comercializaci\u00f3n y cuenta ya con 30 expositores confirmados","datePublished":"2021-09-24T10:44:39+00:00","mainEntityOfPage":{"@id":"https:\/\/www.ficoba.org\/es\/go-mobility-by-mubil-avanza-en-su-comercializacion-y-cuenta-ya-con-30-expositores-confirmados\/"},"wordCount":763,"publisher":{"@id":"https:\/\/www.ficoba.org\/es\/#organization"},"image":{"@id":"https:\/\/www.ficoba.org\/es\/go-mobility-by-mubil-avanza-en-su-comercializacion-y-cuenta-ya-con-30-expositores-confirmados\/#primaryimage"},"thumbnailUrl":"https:\/\/www.ficoba.org\/wp-content\/uploads\/2021\/09\/Comite-Tecnico-Go-Mobility-scaled.jpg","keywords":["almacenamiento de energ\u00eda","electromovilidad","movilidad accesible","movilidad conectada","movilidad limpia","movilidad segura","Movilidad sostenible","Nueva movilidad","recarga de energ\u00eda"],"articleSection":["Eventos y ferias"],"inLanguage":"es"},{"@type":"WebPage","@id":"https:\/\/www.ficoba.org\/es\/go-mobility-by-mubil-avanza-en-su-comercializacion-y-cuenta-ya-con-30-expositores-confirmados\/","url":"https:\/\/www.ficoba.org\/es\/go-mobility-by-mubil-avanza-en-su-comercializacion-y-cuenta-ya-con-30-expositores-confirmados\/","name":"Go Mobility by MUBIL avanza en su comercializaci\u00f3n y cuenta ya con 30 expositores confirmados - Ficoba","isPartOf":{"@id":"https:\/\/www.ficoba.org\/es\/#website"},"primaryImageOfPage":{"@id":"https:\/\/www.ficoba.org\/es\/go-mobility-by-mubil-avanza-en-su-comercializacion-y-cuenta-ya-con-30-expositores-confirmados\/#primaryimage"},"image":{"@id":"https:\/\/www.ficoba.org\/es\/go-mobility-by-mubil-avanza-en-su-comercializacion-y-cuenta-ya-con-30-expositores-confirmados\/#primaryimage"},"thumbnailUrl":"https:\/\/www.ficoba.org\/wp-content\/uploads\/2021\/09\/Comite-Tecnico-Go-Mobility-scaled.jpg","datePublished":"2021-09-24T10:44:39+00:00","breadcrumb":{"@id":"https:\/\/www.ficoba.org\/es\/go-mobility-by-mubil-avanza-en-su-comercializacion-y-cuenta-ya-con-30-expositores-confirmados\/#breadcrumb"},"inLanguage":"es","potentialAction":[{"@type":"ReadAction","target":["https:\/\/www.ficoba.org\/es\/go-mobility-by-mubil-avanza-en-su-comercializacion-y-cuenta-ya-con-30-expositores-confirmados\/"]}]},{"@type":"ImageObject","inLanguage":"es","@id":"https:\/\/www.ficoba.org\/es\/go-mobility-by-mubil-avanza-en-su-comercializacion-y-cuenta-ya-con-30-expositores-confirmados\/#primaryimage","url":"https:\/\/www.ficoba.org\/wp-content\/uploads\/2021\/09\/Comite-Tecnico-Go-Mobility-scaled.jpg","contentUrl":"https:\/\/www.ficoba.org\/wp-content\/uploads\/2021\/09\/Comite-Tecnico-Go-Mobility-scaled.jpg","width":2560,"height":1920},{"@type":"BreadcrumbList","@id":"https:\/\/www.ficoba.org\/es\/go-mobility-by-mubil-avanza-en-su-comercializacion-y-cuenta-ya-con-30-expositores-confirmados\/#breadcrumb","itemListElement":[{"@type":"ListItem","position":1,"name":"Portada","item":"https:\/\/www.ficoba.org\/es\/"},{"@type":"ListItem","position":2,"name":"Go Mobility by MUBIL avanza en su comercializaci\u00f3n y cuenta ya con 30 expositores confirmados"}]},{"@type":"WebSite","@id":"https:\/\/www.ficoba.org\/es\/#website","url":"https:\/\/www.ficoba.org\/es\/","name":"Ficoba, Recinto Ferial de Gipuzkoa","description":"Ficoba, recinto ferial de Gipuzkoa","publisher":{"@id":"https:\/\/www.ficoba.org\/es\/#organization"},"alternateName":"Ficoba","potentialAction":[{"@type":"SearchAction","target":{"@type":"EntryPoint","urlTemplate":"https:\/\/www.ficoba.org\/es\/?s={search_term_string}"},"query-input":{"@type":"PropertyValueSpecification","valueRequired":true,"valueName":"search_term_string"}}],"inLanguage":"es"},{"@type":"Organization","@id":"https:\/\/www.ficoba.org\/es\/#organization","name":"Ficoba, Reciento Ferial de Gipuzkoa","url":"https:\/\/www.ficoba.org\/es\/","logo":{"@type":"ImageObject","inLanguage":"es","@id":"https:\/\/www.ficoba.org\/es\/#\/schema\/logo\/image\/","url":"https:\/\/www.ficoba.org\/wp-content\/uploads\/2018\/11\/logo_ficoba.png","contentUrl":"https:\/\/www.ficoba.org\/wp-content\/uploads\/2018\/11\/logo_ficoba.png","width":200,"height":124,"caption":"Ficoba, Reciento Ferial de Gipuzkoa"},"image":{"@id":"https:\/\/www.ficoba.org\/es\/#\/schema\/logo\/image\/"},"sameAs":["https:\/\/www.facebook.com\/FICOBAFUNDAZIOA\/","https:\/\/x.com\/FicobaFundazioa","https:\/\/www.youtube.com\/channel\/UCvo2JGluemyCf5KPRmEF9JQ","https:\/\/www.linkedin.com\/company\/ficoba\/","https:\/\/www.instagram.com\/ficobafundazioa\/"]},{"@type":"Person","@id":"https:\/\/www.ficoba.org\/es\/#\/schema\/person\/8a96a121e5dbd393e6e6b5a7ee7ed407","name":"ficoba","image":{"@type":"ImageObject","inLanguage":"es","@id":"https:\/\/www.ficoba.org\/es\/#\/schema\/person\/image\/","url":"https:\/\/secure.gravatar.com\/avatar\/c90cc0e07f75fecbe4165c1906a4cd61b0179a28caae2205d37516e4fb7c30c1?s=96&d=mm&r=g","contentUrl":"https:\/\/secure.gravatar.com\/avatar\/c90cc0e07f75fecbe4165c1906a4cd61b0179a28caae2205d37516e4fb7c30c1?s=96&d=mm&r=g","caption":"ficoba"}}]}},"_links":{"self":[{"href":"https:\/\/www.ficoba.org\/es\/wp-json\/wp\/v2\/posts\/8848","targetHints":{"allow":["GET"]}}],"collection":[{"href":"https:\/\/www.ficoba.org\/es\/wp-json\/wp\/v2\/posts"}],"about":[{"href":"https:\/\/www.ficoba.org\/es\/wp-json\/wp\/v2\/types\/post"}],"author":[{"embeddable":true,"href":"https:\/\/www.ficoba.org\/es\/wp-json\/wp\/v2\/users\/2"}],"replies":[{"embeddable":true,"href":"https:\/\/www.ficoba.org\/es\/wp-json\/wp\/v2\/comments?post=8848"}],"version-history":[{"count":1,"href":"https:\/\/www.ficoba.org\/es\/wp-json\/wp\/v2\/posts\/8848\/revisions"}],"predecessor-version":[{"id":8853,"href":"https:\/\/www.ficoba.org\/es\/wp-json\/wp\/v2\/posts\/8848\/revisions\/8853"}],"wp:featuredmedia":[{"embeddable":true,"href":"https:\/\/www.ficoba.org\/es\/wp-json\/wp\/v2\/media\/8849"}],"wp:attachment":[{"href":"https:\/\/www.ficoba.org\/es\/wp-json\/wp\/v2\/media?parent=8848"}],"wp:term":[{"taxonomy":"category","embeddable":true,"href":"https:\/\/www.ficoba.org\/es\/wp-json\/wp\/v2\/categories?post=8848"},{"taxonomy":"post_tag","embeddable":true,"href":"https:\/\/www.ficoba.org\/es\/wp-json\/wp\/v2\/tags?post=8848"}],"curies":[{"name":"wp","href":"https:\/\/api.w.org\/{rel}","templated":true}]}}