{"id":8631,"date":"2021-06-28T11:06:20","date_gmt":"2021-06-28T09:06:20","guid":{"rendered":"https:\/\/www.ficoba.org\/?p=8631"},"modified":"2021-06-28T11:06:20","modified_gmt":"2021-06-28T09:06:20","slug":"ficoba-inicia-el-camino-hacia-la-recuperacion","status":"publish","type":"post","link":"https:\/\/www.ficoba.org\/es\/ficoba-inicia-el-camino-hacia-la-recuperacion\/","title":{"rendered":"Ficoba inicia el camino hacia la recuperaci\u00f3n con un repunte de eventos en junio"},"content":{"rendered":"<ul>\n<li><strong>Ficoba ha acogido 35 actividades, la cifra m\u00e1s alta en los \u00faltimos 4 a\u00f1os<\/strong><\/li>\n<li><strong>En el primer semestre del a\u00f1o se han celebrado 131 eventos, frente a 78 en 2019<\/strong><\/li>\n<\/ul>\n<p>Ficoba ha cerrado el primer semestre con una evoluci\u00f3n positiva en su actividad gracias a la progresiva recuperaci\u00f3n que ha experimentado la celebraci\u00f3n de eventos, hasta el punto de que el mes de junio ha registrado su mejor resultado en los \u00faltimos 4 a\u00f1os (35 eventos).<\/p>\n<p>La suma total de actividades en los seis primeros meses del a\u00f1o ha sido 131, frente a los 78 que se celebraron en 2020. Unas buenas cifras que, sin embargo, todav\u00eda est\u00e1n lejos de los resultados prepandemia como los obtenidos el a\u00f1o 2019 en el que Ficoba acogi\u00f3 142 eventos en el mismo periodo del a\u00f1o.<\/p>\n<p>La recuperaci\u00f3n de la actividad se ha sustentado en el empuje de eventos que han encontrado en los espacios de Ficoba un lugar seguro donde celebrarse. En este \u00e1mbito cabe destacar las OPEs (Ofertas P\u00fablicas de Empleo) y ex\u00e1menes como la EBAU (antigua selectividad) o de HABE. Estos \u00faltimos han reunido a m\u00e1s de 5.000 personas en Ficoba para acreditar el nivel de euskera. Por cierto, HABE ha confirmado Ficoba como sede para sus ex\u00e1menes que tendr\u00e1n lugar el 7-9 de octubre.<\/p>\n<p>Asimismo, Ficoba se ha convertido en el espacio elegido por peque\u00f1as y medianas empresas para realizar sus reuniones, incluso para las comunidades de vecinos.<\/p>\n<p>Este primer semestre de 2021 Ficoba tambi\u00e9n ha podido recuperar su actividad ferial con la celebraci\u00f3n de Caravantur y Bioterra, la Feria de Euskadi de productos ecol\u00f3gicos, bioconstrucci\u00f3n, energ\u00edas renovables y consumo responsable. Ambas han crecido en n\u00famero de expositores y visitantes respecto a las ediciones de 2020.<\/p>\n<p>Las restricciones de aforo y la normativa de distanciamiento social se han traducido en el menor tama\u00f1o de los eventos celebrados en Ficoba. As\u00ed, la media de personas por actividad ha sido de 320, frente a las 1.090 registradas en el ejercicio 2019. Unos datos en los que incide directamente el menor n\u00famero de eventos de gran p\u00fablico, como las ferias.<\/p>\n<p>La actividad que Ficoba ha sido capaz de generar, unida a una gesti\u00f3n austera, ha permitido que el recinto ferial de Gipuzkoa haya cuadrado los ingresos y los gastos en este primer semestre de 2021 y que encare con optimismo la segunda parte del ejercicio.<\/p>\n<p><strong>Calendario para los pr\u00f3ximos meses<\/strong><\/p>\n<p>El equipo de Ficoba ya est\u00e1 trabajando en m\u00faltiples citas para los pr\u00f3ximos meses tanto propias como de terceros. Regresan al formato presencial Ekodrive (1-3 octubre) y Be Veggie (4-6 diciembre) y vuelven al calendario propuestas como la Exposici\u00f3n Felina (27-28 noviembre) y el Sal\u00f3n de Bodas, los mu\u00f1ecos de la tarta (15-17 octubre). Tampoco faltar\u00e1n a su cita habitual Ficoauto (12-14 noviembre) y los conciertos de Irun Zuzenean, que se anuncian para los meses de octubre y diciembre. Y entre las novedades, destaca la celebraci\u00f3n del congreso internacional Entre Mares sobre puertos romanos (3-5 noviembre).<\/p>\n","protected":false},"excerpt":{"rendered":"<p>Ficoba ha acogido 35 actividades, la cifra m\u00e1s alta en los \u00faltimos 4 a\u00f1os En el primer semestre del a\u00f1o se han celebrado 131 eventos, frente a 78 en 2019 [&hellip;]<\/p>\n","protected":false},"author":2,"featured_media":8632,"comment_status":"closed","ping_status":"closed","sticky":false,"template":"","format":"standard","meta":{"_et_pb_use_builder":"","_et_pb_old_content":"","_et_gb_content_width":"","footnotes":""},"categories":[1],"tags":[53,232,233],"class_list":["post-8631","post","type-post","status-publish","format-standard","has-post-thumbnail","hentry","category-noticias","tag-ficoba-2","tag-recinto-ferial-de-gipuzkoa","tag-recintos-feriales"],"yoast_head":"<!-- This site is optimized with the Yoast SEO plugin v26.8 - https:\/\/yoast.com\/product\/yoast-seo-wordpress\/ -->\n<title>Ficoba inicia el camino hacia la recuperaci\u00f3n con un repunte de eventos en junio - Ficoba<\/title>\n<meta name=\"robots\" content=\"index, follow, max-snippet:-1, max-image-preview:large, max-video-preview:-1\" \/>\n<link rel=\"canonical\" href=\"https:\/\/www.ficoba.org\/es\/ficoba-inicia-el-camino-hacia-la-recuperacion\/\" \/>\n<meta name=\"twitter:label1\" content=\"Escrito por\" \/>\n\t<meta name=\"twitter:data1\" content=\"ficoba\" \/>\n\t<meta name=\"twitter:label2\" content=\"Tiempo de lectura\" \/>\n\t<meta name=\"twitter:data2\" content=\"3 minutos\" \/>\n<script type=\"application\/ld+json\" class=\"yoast-schema-graph\">{\"@context\":\"https:\/\/schema.org\",\"@graph\":[{\"@type\":\"Article\",\"@id\":\"https:\/\/www.ficoba.org\/es\/ficoba-inicia-el-camino-hacia-la-recuperacion\/#article\",\"isPartOf\":{\"@id\":\"https:\/\/www.ficoba.org\/es\/ficoba-inicia-el-camino-hacia-la-recuperacion\/\"},\"author\":{\"name\":\"ficoba\",\"@id\":\"https:\/\/www.ficoba.org\/es\/#\/schema\/person\/8a96a121e5dbd393e6e6b5a7ee7ed407\"},\"headline\":\"Ficoba inicia el camino hacia la recuperaci\u00f3n con un repunte de eventos en junio\",\"datePublished\":\"2021-06-28T09:06:20+00:00\",\"mainEntityOfPage\":{\"@id\":\"https:\/\/www.ficoba.org\/es\/ficoba-inicia-el-camino-hacia-la-recuperacion\/\"},\"wordCount\":526,\"publisher\":{\"@id\":\"https:\/\/www.ficoba.org\/es\/#organization\"},\"image\":{\"@id\":\"https:\/\/www.ficoba.org\/es\/ficoba-inicia-el-camino-hacia-la-recuperacion\/#primaryimage\"},\"thumbnailUrl\":\"https:\/\/www.ficoba.org\/wp-content\/uploads\/2021\/06\/1509Ficoba_129b.jpg\",\"keywords\":[\"Ficoba\",\"recinto ferial de Gipuzkoa\",\"recintos feriales\"],\"articleSection\":[\"Noticias\"],\"inLanguage\":\"es\"},{\"@type\":\"WebPage\",\"@id\":\"https:\/\/www.ficoba.org\/es\/ficoba-inicia-el-camino-hacia-la-recuperacion\/\",\"url\":\"https:\/\/www.ficoba.org\/es\/ficoba-inicia-el-camino-hacia-la-recuperacion\/\",\"name\":\"Ficoba inicia el camino hacia la recuperaci\u00f3n con un repunte de eventos en junio - Ficoba\",\"isPartOf\":{\"@id\":\"https:\/\/www.ficoba.org\/es\/#website\"},\"primaryImageOfPage\":{\"@id\":\"https:\/\/www.ficoba.org\/es\/ficoba-inicia-el-camino-hacia-la-recuperacion\/#primaryimage\"},\"image\":{\"@id\":\"https:\/\/www.ficoba.org\/es\/ficoba-inicia-el-camino-hacia-la-recuperacion\/#primaryimage\"},\"thumbnailUrl\":\"https:\/\/www.ficoba.org\/wp-content\/uploads\/2021\/06\/1509Ficoba_129b.jpg\",\"datePublished\":\"2021-06-28T09:06:20+00:00\",\"breadcrumb\":{\"@id\":\"https:\/\/www.ficoba.org\/es\/ficoba-inicia-el-camino-hacia-la-recuperacion\/#breadcrumb\"},\"inLanguage\":\"es\",\"potentialAction\":[{\"@type\":\"ReadAction\",\"target\":[\"https:\/\/www.ficoba.org\/es\/ficoba-inicia-el-camino-hacia-la-recuperacion\/\"]}]},{\"@type\":\"ImageObject\",\"inLanguage\":\"es\",\"@id\":\"https:\/\/www.ficoba.org\/es\/ficoba-inicia-el-camino-hacia-la-recuperacion\/#primaryimage\",\"url\":\"https:\/\/www.ficoba.org\/wp-content\/uploads\/2021\/06\/1509Ficoba_129b.jpg\",\"contentUrl\":\"https:\/\/www.ficoba.org\/wp-content\/uploads\/2021\/06\/1509Ficoba_129b.jpg\",\"width\":1200,\"height\":800},{\"@type\":\"BreadcrumbList\",\"@id\":\"https:\/\/www.ficoba.org\/es\/ficoba-inicia-el-camino-hacia-la-recuperacion\/#breadcrumb\",\"itemListElement\":[{\"@type\":\"ListItem\",\"position\":1,\"name\":\"Portada\",\"item\":\"https:\/\/www.ficoba.org\/es\/\"},{\"@type\":\"ListItem\",\"position\":2,\"name\":\"Ficoba inicia el camino hacia la recuperaci\u00f3n con un repunte de eventos en junio\"}]},{\"@type\":\"WebSite\",\"@id\":\"https:\/\/www.ficoba.org\/es\/#website\",\"url\":\"https:\/\/www.ficoba.org\/es\/\",\"name\":\"Ficoba, Recinto Ferial de Gipuzkoa\",\"description\":\"Ficoba, recinto ferial de Gipuzkoa\",\"publisher\":{\"@id\":\"https:\/\/www.ficoba.org\/es\/#organization\"},\"alternateName\":\"Ficoba\",\"potentialAction\":[{\"@type\":\"SearchAction\",\"target\":{\"@type\":\"EntryPoint\",\"urlTemplate\":\"https:\/\/www.ficoba.org\/es\/?s={search_term_string}\"},\"query-input\":{\"@type\":\"PropertyValueSpecification\",\"valueRequired\":true,\"valueName\":\"search_term_string\"}}],\"inLanguage\":\"es\"},{\"@type\":\"Organization\",\"@id\":\"https:\/\/www.ficoba.org\/es\/#organization\",\"name\":\"Ficoba, Reciento Ferial de Gipuzkoa\",\"url\":\"https:\/\/www.ficoba.org\/es\/\",\"logo\":{\"@type\":\"ImageObject\",\"inLanguage\":\"es\",\"@id\":\"https:\/\/www.ficoba.org\/es\/#\/schema\/logo\/image\/\",\"url\":\"https:\/\/www.ficoba.org\/wp-content\/uploads\/2018\/11\/logo_ficoba.png\",\"contentUrl\":\"https:\/\/www.ficoba.org\/wp-content\/uploads\/2018\/11\/logo_ficoba.png\",\"width\":200,\"height\":124,\"caption\":\"Ficoba, Reciento Ferial de Gipuzkoa\"},\"image\":{\"@id\":\"https:\/\/www.ficoba.org\/es\/#\/schema\/logo\/image\/\"},\"sameAs\":[\"https:\/\/www.facebook.com\/FICOBAFUNDAZIOA\/\",\"https:\/\/x.com\/FicobaFundazioa\",\"https:\/\/www.youtube.com\/channel\/UCvo2JGluemyCf5KPRmEF9JQ\",\"https:\/\/www.linkedin.com\/company\/ficoba\/\",\"https:\/\/www.instagram.com\/ficobafundazioa\/\"]},{\"@type\":\"Person\",\"@id\":\"https:\/\/www.ficoba.org\/es\/#\/schema\/person\/8a96a121e5dbd393e6e6b5a7ee7ed407\",\"name\":\"ficoba\",\"image\":{\"@type\":\"ImageObject\",\"inLanguage\":\"es\",\"@id\":\"https:\/\/www.ficoba.org\/es\/#\/schema\/person\/image\/\",\"url\":\"https:\/\/secure.gravatar.com\/avatar\/c90cc0e07f75fecbe4165c1906a4cd61b0179a28caae2205d37516e4fb7c30c1?s=96&d=mm&r=g\",\"contentUrl\":\"https:\/\/secure.gravatar.com\/avatar\/c90cc0e07f75fecbe4165c1906a4cd61b0179a28caae2205d37516e4fb7c30c1?s=96&d=mm&r=g\",\"caption\":\"ficoba\"}}]}<\/script>\n<!-- \/ Yoast SEO plugin. -->","yoast_head_json":{"title":"Ficoba inicia el camino hacia la recuperaci\u00f3n con un repunte de eventos en junio - Ficoba","robots":{"index":"index","follow":"follow","max-snippet":"max-snippet:-1","max-image-preview":"max-image-preview:large","max-video-preview":"max-video-preview:-1"},"canonical":"https:\/\/www.ficoba.org\/es\/ficoba-inicia-el-camino-hacia-la-recuperacion\/","twitter_misc":{"Escrito por":"ficoba","Tiempo de lectura":"3 minutos"},"schema":{"@context":"https:\/\/schema.org","@graph":[{"@type":"Article","@id":"https:\/\/www.ficoba.org\/es\/ficoba-inicia-el-camino-hacia-la-recuperacion\/#article","isPartOf":{"@id":"https:\/\/www.ficoba.org\/es\/ficoba-inicia-el-camino-hacia-la-recuperacion\/"},"author":{"name":"ficoba","@id":"https:\/\/www.ficoba.org\/es\/#\/schema\/person\/8a96a121e5dbd393e6e6b5a7ee7ed407"},"headline":"Ficoba inicia el camino hacia la recuperaci\u00f3n con un repunte de eventos en junio","datePublished":"2021-06-28T09:06:20+00:00","mainEntityOfPage":{"@id":"https:\/\/www.ficoba.org\/es\/ficoba-inicia-el-camino-hacia-la-recuperacion\/"},"wordCount":526,"publisher":{"@id":"https:\/\/www.ficoba.org\/es\/#organization"},"image":{"@id":"https:\/\/www.ficoba.org\/es\/ficoba-inicia-el-camino-hacia-la-recuperacion\/#primaryimage"},"thumbnailUrl":"https:\/\/www.ficoba.org\/wp-content\/uploads\/2021\/06\/1509Ficoba_129b.jpg","keywords":["Ficoba","recinto ferial de Gipuzkoa","recintos feriales"],"articleSection":["Noticias"],"inLanguage":"es"},{"@type":"WebPage","@id":"https:\/\/www.ficoba.org\/es\/ficoba-inicia-el-camino-hacia-la-recuperacion\/","url":"https:\/\/www.ficoba.org\/es\/ficoba-inicia-el-camino-hacia-la-recuperacion\/","name":"Ficoba inicia el camino hacia la recuperaci\u00f3n con un repunte de eventos en junio - Ficoba","isPartOf":{"@id":"https:\/\/www.ficoba.org\/es\/#website"},"primaryImageOfPage":{"@id":"https:\/\/www.ficoba.org\/es\/ficoba-inicia-el-camino-hacia-la-recuperacion\/#primaryimage"},"image":{"@id":"https:\/\/www.ficoba.org\/es\/ficoba-inicia-el-camino-hacia-la-recuperacion\/#primaryimage"},"thumbnailUrl":"https:\/\/www.ficoba.org\/wp-content\/uploads\/2021\/06\/1509Ficoba_129b.jpg","datePublished":"2021-06-28T09:06:20+00:00","breadcrumb":{"@id":"https:\/\/www.ficoba.org\/es\/ficoba-inicia-el-camino-hacia-la-recuperacion\/#breadcrumb"},"inLanguage":"es","potentialAction":[{"@type":"ReadAction","target":["https:\/\/www.ficoba.org\/es\/ficoba-inicia-el-camino-hacia-la-recuperacion\/"]}]},{"@type":"ImageObject","inLanguage":"es","@id":"https:\/\/www.ficoba.org\/es\/ficoba-inicia-el-camino-hacia-la-recuperacion\/#primaryimage","url":"https:\/\/www.ficoba.org\/wp-content\/uploads\/2021\/06\/1509Ficoba_129b.jpg","contentUrl":"https:\/\/www.ficoba.org\/wp-content\/uploads\/2021\/06\/1509Ficoba_129b.jpg","width":1200,"height":800},{"@type":"BreadcrumbList","@id":"https:\/\/www.ficoba.org\/es\/ficoba-inicia-el-camino-hacia-la-recuperacion\/#breadcrumb","itemListElement":[{"@type":"ListItem","position":1,"name":"Portada","item":"https:\/\/www.ficoba.org\/es\/"},{"@type":"ListItem","position":2,"name":"Ficoba inicia el camino hacia la recuperaci\u00f3n con un repunte de eventos en junio"}]},{"@type":"WebSite","@id":"https:\/\/www.ficoba.org\/es\/#website","url":"https:\/\/www.ficoba.org\/es\/","name":"Ficoba, Recinto Ferial de Gipuzkoa","description":"Ficoba, recinto ferial de Gipuzkoa","publisher":{"@id":"https:\/\/www.ficoba.org\/es\/#organization"},"alternateName":"Ficoba","potentialAction":[{"@type":"SearchAction","target":{"@type":"EntryPoint","urlTemplate":"https:\/\/www.ficoba.org\/es\/?s={search_term_string}"},"query-input":{"@type":"PropertyValueSpecification","valueRequired":true,"valueName":"search_term_string"}}],"inLanguage":"es"},{"@type":"Organization","@id":"https:\/\/www.ficoba.org\/es\/#organization","name":"Ficoba, Reciento Ferial de Gipuzkoa","url":"https:\/\/www.ficoba.org\/es\/","logo":{"@type":"ImageObject","inLanguage":"es","@id":"https:\/\/www.ficoba.org\/es\/#\/schema\/logo\/image\/","url":"https:\/\/www.ficoba.org\/wp-content\/uploads\/2018\/11\/logo_ficoba.png","contentUrl":"https:\/\/www.ficoba.org\/wp-content\/uploads\/2018\/11\/logo_ficoba.png","width":200,"height":124,"caption":"Ficoba, Reciento Ferial de Gipuzkoa"},"image":{"@id":"https:\/\/www.ficoba.org\/es\/#\/schema\/logo\/image\/"},"sameAs":["https:\/\/www.facebook.com\/FICOBAFUNDAZIOA\/","https:\/\/x.com\/FicobaFundazioa","https:\/\/www.youtube.com\/channel\/UCvo2JGluemyCf5KPRmEF9JQ","https:\/\/www.linkedin.com\/company\/ficoba\/","https:\/\/www.instagram.com\/ficobafundazioa\/"]},{"@type":"Person","@id":"https:\/\/www.ficoba.org\/es\/#\/schema\/person\/8a96a121e5dbd393e6e6b5a7ee7ed407","name":"ficoba","image":{"@type":"ImageObject","inLanguage":"es","@id":"https:\/\/www.ficoba.org\/es\/#\/schema\/person\/image\/","url":"https:\/\/secure.gravatar.com\/avatar\/c90cc0e07f75fecbe4165c1906a4cd61b0179a28caae2205d37516e4fb7c30c1?s=96&d=mm&r=g","contentUrl":"https:\/\/secure.gravatar.com\/avatar\/c90cc0e07f75fecbe4165c1906a4cd61b0179a28caae2205d37516e4fb7c30c1?s=96&d=mm&r=g","caption":"ficoba"}}]}},"_links":{"self":[{"href":"https:\/\/www.ficoba.org\/es\/wp-json\/wp\/v2\/posts\/8631","targetHints":{"allow":["GET"]}}],"collection":[{"href":"https:\/\/www.ficoba.org\/es\/wp-json\/wp\/v2\/posts"}],"about":[{"href":"https:\/\/www.ficoba.org\/es\/wp-json\/wp\/v2\/types\/post"}],"author":[{"embeddable":true,"href":"https:\/\/www.ficoba.org\/es\/wp-json\/wp\/v2\/users\/2"}],"replies":[{"embeddable":true,"href":"https:\/\/www.ficoba.org\/es\/wp-json\/wp\/v2\/comments?post=8631"}],"version-history":[{"count":1,"href":"https:\/\/www.ficoba.org\/es\/wp-json\/wp\/v2\/posts\/8631\/revisions"}],"predecessor-version":[{"id":8636,"href":"https:\/\/www.ficoba.org\/es\/wp-json\/wp\/v2\/posts\/8631\/revisions\/8636"}],"wp:featuredmedia":[{"embeddable":true,"href":"https:\/\/www.ficoba.org\/es\/wp-json\/wp\/v2\/media\/8632"}],"wp:attachment":[{"href":"https:\/\/www.ficoba.org\/es\/wp-json\/wp\/v2\/media?parent=8631"}],"wp:term":[{"taxonomy":"category","embeddable":true,"href":"https:\/\/www.ficoba.org\/es\/wp-json\/wp\/v2\/categories?post=8631"},{"taxonomy":"post_tag","embeddable":true,"href":"https:\/\/www.ficoba.org\/es\/wp-json\/wp\/v2\/tags?post=8631"}],"curies":[{"name":"wp","href":"https:\/\/api.w.org\/{rel}","templated":true}]}}