{"id":8370,"date":"2021-05-21T13:41:12","date_gmt":"2021-05-21T11:41:12","guid":{"rendered":"https:\/\/www.ficoba.org\/?p=8370"},"modified":"2021-05-21T13:41:12","modified_gmt":"2021-05-21T11:41:12","slug":"este-fin-de-semana-cita-con-caravantur-en-ficoba","status":"publish","type":"post","link":"https:\/\/www.ficoba.org\/es\/este-fin-de-semana-cita-con-caravantur-en-ficoba\/","title":{"rendered":"Este fin de semana cita con Caravantur en Ficoba"},"content":{"rendered":"<ul>\n<li><strong>La entrada a la feria y el parking son gratuitos<\/strong><\/li>\n<li><strong>Sorteo de 600\u20ac para la compra o alquiler de los veh\u00edculos de la feria<\/strong><\/li>\n<\/ul>\n<p><strong>\u00a0<\/strong>El inter\u00e9s por las autocaravanas, camper y furgonetas sigue en niveles muy altos. Se calcula que en Euskadi se matriculan alrededor de 700 veh\u00edculos al a\u00f1o.No es de extra\u00f1ar, por tanto, la buena respuesta de los expositores a la quinta edici\u00f3n de Caravantur que se celebra del 21 al 23 de mayo en Ficoba. Los tres pabellones de Ficoba estar\u00e1n al completo con una oferta de autocaravanas, camper y furgonetas tanto en venta como en alquiler.<\/p>\n<p>Para facilitar la visita a las personas que este fin de semana se acerquen a Ficoba, la feria se ha estructurado en tres zonas tem\u00e1ticas.En el Pabell\u00f3n 1 estar\u00e1n a disposici\u00f3n de los visitantes, unidades camper de serie de los principales fabricantes. En el Pabell\u00f3n 2 se van a exponer modelos de camperizadores con sus creaciones propias y propuestas de personalizaciones para furgonetas. En el Pabell\u00f3n 3 las protagonistas ser\u00e1n las empresas de alquiler y de accesorios, as\u00ed como la venta de autocaravanas y elementos propios de acampada como complementos y <em>mobil home<\/em>.<\/p>\n<p>En Ficoba se da cita, por tanto, una variada representaci\u00f3n de empresas y concesionarios de caravaning, destacando una vez m\u00e1s el sector camperizador, as\u00ed como la creciente presencia de las empresas de alquiler.<\/p>\n<p>Siguiendo la tendencia de ediciones anteriores, se constata que al amante del turismo sobre ruedas se le est\u00e1 sumando un nuevo perfil de usuario que se inicia en este mundo a trav\u00e9s del alquiler y que puede optar por furgonetas, una opci\u00f3n ideal para una primera experiencia antes de adentrarse m\u00e1s en el mundo del Caravaning. \u00a0Una tendencia que ha adquirido un mayor impulso derivada de la pandemia que hacen visibilizar este tipo de turismo como uno de los m\u00e1s seguros.<\/p>\n<p><strong>Medidas para una visita segura<\/strong><\/p>\n<p>En la 5\u00aa edici\u00f3n de Caravantur en Ficoba, atendiendo a la situaci\u00f3n sanitaria actual, la organizaci\u00f3n ha desplegado todas las medidas sanitarias necesarias en materia de seguridad e higiene para garantizar el bienestar de visitantes y expositores.<\/p>\n<p>.-Se tomar\u00e1 la temperatura\u00a0con term\u00f3metro a distancia.<\/p>\n<p>.-La organizaci\u00f3n supervisar\u00e1 en todo momento el\u00a0uso obligatorio de la mascarilla.<\/p>\n<p>.-Se pondr\u00e1n a disposici\u00f3n del visitante\u00a0dispensadores de gel hidroalcoh\u00f3lico\u00a0en diferentes puntos de la visita.<\/p>\n<p>.-El recinto dispondr\u00e1 de\u00a0amplios pasillos\u00a0y estar\u00e1 dotado de\u00a0se\u00f1al\u00e9tica\u00a0f\u00e1cilmente identificable y comprensible para garantizar la\u00a0circulaci\u00f3n\u00a0de una manera\u00a0segura y c\u00f3moda\u00a0para el visitante.<\/p>\n<p>.-La organizaci\u00f3n ha reforzado la limpieza\u00a0de las zonas m\u00e1s transitadas e incrementado los niveles de renovaci\u00f3n del aire en los espacios interiores.<\/p>\n<p>.-Para comodidad y seguridad del visitante el\u00a0aforo estar\u00e1 controlado en todo momento\u00a0al 50% de la capacidad\u00a0del recinto.<\/p>\n<p>.-Contaremos con servicio sanitario\u00a0durante la celebraci\u00f3n del evento.<\/p>\n<p>.-Para evitar todo contacto, podr\u00e1s\u00a0rellenar online el cup\u00f3n o pedir al expositor que desees el\u00a0QR\u00a0del sorteo de\u00a0600\u20ac\u00a0que ofrece la feria.<\/p>\n<p>.-Si tienes cualquier duda, consulta a nuestro personal\u00a0que estar\u00e1 debidamente identificado.<\/p>\n<p><strong>Datos pr\u00e1cticos<\/strong><\/p>\n<ul>\n<li>Viernes, s\u00e1bado y domingo (10h a 20h)<\/li>\n<li>Entrada y parking gratuitos<\/li>\n<li>Protocolo de seguridad COVID19<\/li>\n<li>Sorteo de 600\u20ac para la compra\/alquiler de los veh\u00edculos de la feria<\/li>\n<li>Posibilidad de estacionar AC previa inscripci\u00f3n<\/li>\n<\/ul>\n<p>www.caravantur.eus<\/p>\n<p>&nbsp;<\/p>\n","protected":false},"excerpt":{"rendered":"<p>La entrada a la feria y el parking son gratuitos Sorteo de 600\u20ac para la compra o alquiler de los veh\u00edculos de la feria \u00a0El inter\u00e9s por las autocaravanas, camper [&hellip;]<\/p>\n","protected":false},"author":2,"featured_media":8371,"comment_status":"closed","ping_status":"closed","sticky":false,"template":"","format":"standard","meta":{"_et_pb_use_builder":"","_et_pb_old_content":"","_et_gb_content_width":"","footnotes":""},"categories":[3],"tags":[185,89,220,88,87,222,221],"class_list":["post-8370","post","type-post","status-publish","format-standard","has-post-thumbnail","hentry","category-eventos-y-ferias","tag-autocaravanas","tag-camper-2","tag-camperizado","tag-caravaning-2","tag-furgonetas","tag-vehiculos-de-ocio","tag-vehiculos-recreacionales"],"yoast_head":"<!-- This site is optimized with the Yoast SEO plugin v26.8 - https:\/\/yoast.com\/product\/yoast-seo-wordpress\/ -->\n<title>Este fin de semana cita con Caravantur en Ficoba - Ficoba<\/title>\n<meta name=\"description\" content=\"Las personas que est\u00e9n planificando sus vacaciones tienen una cita con Caravantur este fin de semana en Ficoba.\" \/>\n<meta name=\"robots\" content=\"index, follow, max-snippet:-1, max-image-preview:large, max-video-preview:-1\" \/>\n<link rel=\"canonical\" href=\"https:\/\/www.ficoba.org\/es\/este-fin-de-semana-cita-con-caravantur-en-ficoba\/\" \/>\n<meta name=\"twitter:label1\" content=\"Escrito por\" \/>\n\t<meta name=\"twitter:data1\" content=\"ficoba\" \/>\n\t<meta name=\"twitter:label2\" content=\"Tiempo de lectura\" \/>\n\t<meta name=\"twitter:data2\" content=\"3 minutos\" \/>\n<script type=\"application\/ld+json\" class=\"yoast-schema-graph\">{\"@context\":\"https:\/\/schema.org\",\"@graph\":[{\"@type\":\"Article\",\"@id\":\"https:\/\/www.ficoba.org\/es\/este-fin-de-semana-cita-con-caravantur-en-ficoba\/#article\",\"isPartOf\":{\"@id\":\"https:\/\/www.ficoba.org\/es\/este-fin-de-semana-cita-con-caravantur-en-ficoba\/\"},\"author\":{\"name\":\"ficoba\",\"@id\":\"https:\/\/www.ficoba.org\/es\/#\/schema\/person\/8a96a121e5dbd393e6e6b5a7ee7ed407\"},\"headline\":\"Este fin de semana cita con Caravantur en Ficoba\",\"datePublished\":\"2021-05-21T11:41:12+00:00\",\"mainEntityOfPage\":{\"@id\":\"https:\/\/www.ficoba.org\/es\/este-fin-de-semana-cita-con-caravantur-en-ficoba\/\"},\"wordCount\":585,\"publisher\":{\"@id\":\"https:\/\/www.ficoba.org\/es\/#organization\"},\"image\":{\"@id\":\"https:\/\/www.ficoba.org\/es\/este-fin-de-semana-cita-con-caravantur-en-ficoba\/#primaryimage\"},\"thumbnailUrl\":\"https:\/\/www.ficoba.org\/wp-content\/uploads\/2021\/05\/Caravantur-1-scaled.jpg\",\"keywords\":[\"autocaravanas\",\"camper\",\"camperizado\",\"caravaning\",\"furgonetas\",\"veh\u00edculos de ocio\",\"veh\u00edculos recreacionales\"],\"articleSection\":[\"Eventos y ferias\"],\"inLanguage\":\"es\"},{\"@type\":\"WebPage\",\"@id\":\"https:\/\/www.ficoba.org\/es\/este-fin-de-semana-cita-con-caravantur-en-ficoba\/\",\"url\":\"https:\/\/www.ficoba.org\/es\/este-fin-de-semana-cita-con-caravantur-en-ficoba\/\",\"name\":\"Este fin de semana cita con Caravantur en Ficoba - Ficoba\",\"isPartOf\":{\"@id\":\"https:\/\/www.ficoba.org\/es\/#website\"},\"primaryImageOfPage\":{\"@id\":\"https:\/\/www.ficoba.org\/es\/este-fin-de-semana-cita-con-caravantur-en-ficoba\/#primaryimage\"},\"image\":{\"@id\":\"https:\/\/www.ficoba.org\/es\/este-fin-de-semana-cita-con-caravantur-en-ficoba\/#primaryimage\"},\"thumbnailUrl\":\"https:\/\/www.ficoba.org\/wp-content\/uploads\/2021\/05\/Caravantur-1-scaled.jpg\",\"datePublished\":\"2021-05-21T11:41:12+00:00\",\"description\":\"Las personas que est\u00e9n planificando sus vacaciones tienen una cita con Caravantur este fin de semana en Ficoba.\",\"breadcrumb\":{\"@id\":\"https:\/\/www.ficoba.org\/es\/este-fin-de-semana-cita-con-caravantur-en-ficoba\/#breadcrumb\"},\"inLanguage\":\"es\",\"potentialAction\":[{\"@type\":\"ReadAction\",\"target\":[\"https:\/\/www.ficoba.org\/es\/este-fin-de-semana-cita-con-caravantur-en-ficoba\/\"]}]},{\"@type\":\"ImageObject\",\"inLanguage\":\"es\",\"@id\":\"https:\/\/www.ficoba.org\/es\/este-fin-de-semana-cita-con-caravantur-en-ficoba\/#primaryimage\",\"url\":\"https:\/\/www.ficoba.org\/wp-content\/uploads\/2021\/05\/Caravantur-1-scaled.jpg\",\"contentUrl\":\"https:\/\/www.ficoba.org\/wp-content\/uploads\/2021\/05\/Caravantur-1-scaled.jpg\",\"width\":2560,\"height\":1920},{\"@type\":\"BreadcrumbList\",\"@id\":\"https:\/\/www.ficoba.org\/es\/este-fin-de-semana-cita-con-caravantur-en-ficoba\/#breadcrumb\",\"itemListElement\":[{\"@type\":\"ListItem\",\"position\":1,\"name\":\"Portada\",\"item\":\"https:\/\/www.ficoba.org\/es\/\"},{\"@type\":\"ListItem\",\"position\":2,\"name\":\"Este fin de semana cita con Caravantur en Ficoba\"}]},{\"@type\":\"WebSite\",\"@id\":\"https:\/\/www.ficoba.org\/es\/#website\",\"url\":\"https:\/\/www.ficoba.org\/es\/\",\"name\":\"Ficoba, Recinto Ferial de Gipuzkoa\",\"description\":\"Ficoba, recinto ferial de Gipuzkoa\",\"publisher\":{\"@id\":\"https:\/\/www.ficoba.org\/es\/#organization\"},\"alternateName\":\"Ficoba\",\"potentialAction\":[{\"@type\":\"SearchAction\",\"target\":{\"@type\":\"EntryPoint\",\"urlTemplate\":\"https:\/\/www.ficoba.org\/es\/?s={search_term_string}\"},\"query-input\":{\"@type\":\"PropertyValueSpecification\",\"valueRequired\":true,\"valueName\":\"search_term_string\"}}],\"inLanguage\":\"es\"},{\"@type\":\"Organization\",\"@id\":\"https:\/\/www.ficoba.org\/es\/#organization\",\"name\":\"Ficoba, Reciento Ferial de Gipuzkoa\",\"url\":\"https:\/\/www.ficoba.org\/es\/\",\"logo\":{\"@type\":\"ImageObject\",\"inLanguage\":\"es\",\"@id\":\"https:\/\/www.ficoba.org\/es\/#\/schema\/logo\/image\/\",\"url\":\"https:\/\/www.ficoba.org\/wp-content\/uploads\/2018\/11\/logo_ficoba.png\",\"contentUrl\":\"https:\/\/www.ficoba.org\/wp-content\/uploads\/2018\/11\/logo_ficoba.png\",\"width\":200,\"height\":124,\"caption\":\"Ficoba, Reciento Ferial de Gipuzkoa\"},\"image\":{\"@id\":\"https:\/\/www.ficoba.org\/es\/#\/schema\/logo\/image\/\"},\"sameAs\":[\"https:\/\/www.facebook.com\/FICOBAFUNDAZIOA\/\",\"https:\/\/x.com\/FicobaFundazioa\",\"https:\/\/www.youtube.com\/channel\/UCvo2JGluemyCf5KPRmEF9JQ\",\"https:\/\/www.linkedin.com\/company\/ficoba\/\",\"https:\/\/www.instagram.com\/ficobafundazioa\/\"]},{\"@type\":\"Person\",\"@id\":\"https:\/\/www.ficoba.org\/es\/#\/schema\/person\/8a96a121e5dbd393e6e6b5a7ee7ed407\",\"name\":\"ficoba\",\"image\":{\"@type\":\"ImageObject\",\"inLanguage\":\"es\",\"@id\":\"https:\/\/www.ficoba.org\/es\/#\/schema\/person\/image\/\",\"url\":\"https:\/\/secure.gravatar.com\/avatar\/c90cc0e07f75fecbe4165c1906a4cd61b0179a28caae2205d37516e4fb7c30c1?s=96&d=mm&r=g\",\"contentUrl\":\"https:\/\/secure.gravatar.com\/avatar\/c90cc0e07f75fecbe4165c1906a4cd61b0179a28caae2205d37516e4fb7c30c1?s=96&d=mm&r=g\",\"caption\":\"ficoba\"}}]}<\/script>\n<!-- \/ Yoast SEO plugin. -->","yoast_head_json":{"title":"Este fin de semana cita con Caravantur en Ficoba - Ficoba","description":"Las personas que est\u00e9n planificando sus vacaciones tienen una cita con Caravantur este fin de semana en Ficoba.","robots":{"index":"index","follow":"follow","max-snippet":"max-snippet:-1","max-image-preview":"max-image-preview:large","max-video-preview":"max-video-preview:-1"},"canonical":"https:\/\/www.ficoba.org\/es\/este-fin-de-semana-cita-con-caravantur-en-ficoba\/","twitter_misc":{"Escrito por":"ficoba","Tiempo de lectura":"3 minutos"},"schema":{"@context":"https:\/\/schema.org","@graph":[{"@type":"Article","@id":"https:\/\/www.ficoba.org\/es\/este-fin-de-semana-cita-con-caravantur-en-ficoba\/#article","isPartOf":{"@id":"https:\/\/www.ficoba.org\/es\/este-fin-de-semana-cita-con-caravantur-en-ficoba\/"},"author":{"name":"ficoba","@id":"https:\/\/www.ficoba.org\/es\/#\/schema\/person\/8a96a121e5dbd393e6e6b5a7ee7ed407"},"headline":"Este fin de semana cita con Caravantur en Ficoba","datePublished":"2021-05-21T11:41:12+00:00","mainEntityOfPage":{"@id":"https:\/\/www.ficoba.org\/es\/este-fin-de-semana-cita-con-caravantur-en-ficoba\/"},"wordCount":585,"publisher":{"@id":"https:\/\/www.ficoba.org\/es\/#organization"},"image":{"@id":"https:\/\/www.ficoba.org\/es\/este-fin-de-semana-cita-con-caravantur-en-ficoba\/#primaryimage"},"thumbnailUrl":"https:\/\/www.ficoba.org\/wp-content\/uploads\/2021\/05\/Caravantur-1-scaled.jpg","keywords":["autocaravanas","camper","camperizado","caravaning","furgonetas","veh\u00edculos de ocio","veh\u00edculos recreacionales"],"articleSection":["Eventos y ferias"],"inLanguage":"es"},{"@type":"WebPage","@id":"https:\/\/www.ficoba.org\/es\/este-fin-de-semana-cita-con-caravantur-en-ficoba\/","url":"https:\/\/www.ficoba.org\/es\/este-fin-de-semana-cita-con-caravantur-en-ficoba\/","name":"Este fin de semana cita con Caravantur en Ficoba - Ficoba","isPartOf":{"@id":"https:\/\/www.ficoba.org\/es\/#website"},"primaryImageOfPage":{"@id":"https:\/\/www.ficoba.org\/es\/este-fin-de-semana-cita-con-caravantur-en-ficoba\/#primaryimage"},"image":{"@id":"https:\/\/www.ficoba.org\/es\/este-fin-de-semana-cita-con-caravantur-en-ficoba\/#primaryimage"},"thumbnailUrl":"https:\/\/www.ficoba.org\/wp-content\/uploads\/2021\/05\/Caravantur-1-scaled.jpg","datePublished":"2021-05-21T11:41:12+00:00","description":"Las personas que est\u00e9n planificando sus vacaciones tienen una cita con Caravantur este fin de semana en Ficoba.","breadcrumb":{"@id":"https:\/\/www.ficoba.org\/es\/este-fin-de-semana-cita-con-caravantur-en-ficoba\/#breadcrumb"},"inLanguage":"es","potentialAction":[{"@type":"ReadAction","target":["https:\/\/www.ficoba.org\/es\/este-fin-de-semana-cita-con-caravantur-en-ficoba\/"]}]},{"@type":"ImageObject","inLanguage":"es","@id":"https:\/\/www.ficoba.org\/es\/este-fin-de-semana-cita-con-caravantur-en-ficoba\/#primaryimage","url":"https:\/\/www.ficoba.org\/wp-content\/uploads\/2021\/05\/Caravantur-1-scaled.jpg","contentUrl":"https:\/\/www.ficoba.org\/wp-content\/uploads\/2021\/05\/Caravantur-1-scaled.jpg","width":2560,"height":1920},{"@type":"BreadcrumbList","@id":"https:\/\/www.ficoba.org\/es\/este-fin-de-semana-cita-con-caravantur-en-ficoba\/#breadcrumb","itemListElement":[{"@type":"ListItem","position":1,"name":"Portada","item":"https:\/\/www.ficoba.org\/es\/"},{"@type":"ListItem","position":2,"name":"Este fin de semana cita con Caravantur en Ficoba"}]},{"@type":"WebSite","@id":"https:\/\/www.ficoba.org\/es\/#website","url":"https:\/\/www.ficoba.org\/es\/","name":"Ficoba, Recinto Ferial de Gipuzkoa","description":"Ficoba, recinto ferial de Gipuzkoa","publisher":{"@id":"https:\/\/www.ficoba.org\/es\/#organization"},"alternateName":"Ficoba","potentialAction":[{"@type":"SearchAction","target":{"@type":"EntryPoint","urlTemplate":"https:\/\/www.ficoba.org\/es\/?s={search_term_string}"},"query-input":{"@type":"PropertyValueSpecification","valueRequired":true,"valueName":"search_term_string"}}],"inLanguage":"es"},{"@type":"Organization","@id":"https:\/\/www.ficoba.org\/es\/#organization","name":"Ficoba, Reciento Ferial de Gipuzkoa","url":"https:\/\/www.ficoba.org\/es\/","logo":{"@type":"ImageObject","inLanguage":"es","@id":"https:\/\/www.ficoba.org\/es\/#\/schema\/logo\/image\/","url":"https:\/\/www.ficoba.org\/wp-content\/uploads\/2018\/11\/logo_ficoba.png","contentUrl":"https:\/\/www.ficoba.org\/wp-content\/uploads\/2018\/11\/logo_ficoba.png","width":200,"height":124,"caption":"Ficoba, Reciento Ferial de Gipuzkoa"},"image":{"@id":"https:\/\/www.ficoba.org\/es\/#\/schema\/logo\/image\/"},"sameAs":["https:\/\/www.facebook.com\/FICOBAFUNDAZIOA\/","https:\/\/x.com\/FicobaFundazioa","https:\/\/www.youtube.com\/channel\/UCvo2JGluemyCf5KPRmEF9JQ","https:\/\/www.linkedin.com\/company\/ficoba\/","https:\/\/www.instagram.com\/ficobafundazioa\/"]},{"@type":"Person","@id":"https:\/\/www.ficoba.org\/es\/#\/schema\/person\/8a96a121e5dbd393e6e6b5a7ee7ed407","name":"ficoba","image":{"@type":"ImageObject","inLanguage":"es","@id":"https:\/\/www.ficoba.org\/es\/#\/schema\/person\/image\/","url":"https:\/\/secure.gravatar.com\/avatar\/c90cc0e07f75fecbe4165c1906a4cd61b0179a28caae2205d37516e4fb7c30c1?s=96&d=mm&r=g","contentUrl":"https:\/\/secure.gravatar.com\/avatar\/c90cc0e07f75fecbe4165c1906a4cd61b0179a28caae2205d37516e4fb7c30c1?s=96&d=mm&r=g","caption":"ficoba"}}]}},"_links":{"self":[{"href":"https:\/\/www.ficoba.org\/es\/wp-json\/wp\/v2\/posts\/8370","targetHints":{"allow":["GET"]}}],"collection":[{"href":"https:\/\/www.ficoba.org\/es\/wp-json\/wp\/v2\/posts"}],"about":[{"href":"https:\/\/www.ficoba.org\/es\/wp-json\/wp\/v2\/types\/post"}],"author":[{"embeddable":true,"href":"https:\/\/www.ficoba.org\/es\/wp-json\/wp\/v2\/users\/2"}],"replies":[{"embeddable":true,"href":"https:\/\/www.ficoba.org\/es\/wp-json\/wp\/v2\/comments?post=8370"}],"version-history":[{"count":1,"href":"https:\/\/www.ficoba.org\/es\/wp-json\/wp\/v2\/posts\/8370\/revisions"}],"predecessor-version":[{"id":8375,"href":"https:\/\/www.ficoba.org\/es\/wp-json\/wp\/v2\/posts\/8370\/revisions\/8375"}],"wp:featuredmedia":[{"embeddable":true,"href":"https:\/\/www.ficoba.org\/es\/wp-json\/wp\/v2\/media\/8371"}],"wp:attachment":[{"href":"https:\/\/www.ficoba.org\/es\/wp-json\/wp\/v2\/media?parent=8370"}],"wp:term":[{"taxonomy":"category","embeddable":true,"href":"https:\/\/www.ficoba.org\/es\/wp-json\/wp\/v2\/categories?post=8370"},{"taxonomy":"post_tag","embeddable":true,"href":"https:\/\/www.ficoba.org\/es\/wp-json\/wp\/v2\/tags?post=8370"}],"curies":[{"name":"wp","href":"https:\/\/api.w.org\/{rel}","templated":true}]}}