{"id":7752,"date":"2020-12-18T13:22:41","date_gmt":"2020-12-18T11:22:41","guid":{"rendered":"https:\/\/www.ficoba.org\/?p=7752"},"modified":"2020-12-18T13:22:41","modified_gmt":"2020-12-18T11:22:41","slug":"ficoauto-feria-de-vehiculos-de-ocasion-en-ficoba","status":"publish","type":"post","link":"https:\/\/www.ficoba.org\/es\/ficoauto-feria-de-vehiculos-de-ocasion-en-ficoba\/","title":{"rendered":"Las mejores ofertas del a\u00f1o en Ficoauto 2020"},"content":{"rendered":"<ul>\n<li><strong>La feria tendr\u00e1 lugar del 18 al 20 de diciembre en Ficoba de 10.00 a 20.00 horas<\/strong><\/li>\n<li><strong>Entrada y parking gratuitos<\/strong><\/li>\n<\/ul>\n<p>Ficoauto, la Feria del Veh\u00edculo de Ocasi\u00f3n de Gipuzkoa, regresa a su cita anual en Ficoba tras retrasar un mes su fecha habitual de celebraci\u00f3n debido a las restricciones de movilidad vigentes el pasado mes noviembre, derivadas de la pandemia.<\/p>\n<p>En los tres pabellones interiores de Ficoba se podr\u00e1 encontrar una gran variedad de gamas y modelos aptos todos los bolsillos, desde utilitarios urbanos hasta modelos de alta gama, unidades Km0, veh\u00edculos<em> DEMO<\/em>, SUV y berlinas de alta gama, coches seminuevos\u2026 Todo ello de la mano de 20 empresas expositoras entre las que se encuentran los principales concesionarios de Gipuzkoa, as\u00ed como empresas especializadas en la compra-venta.<\/p>\n<p>El final del a\u00f1o siempre es el mejor momento para estrenar coche, ya que las marcas y concesionarios ponen en marcha sus promociones m\u00e1s agresivas para liquidar stock antes de finalizar el ejercicio actual. Adem\u00e1s, este a\u00f1o hay un aliciente adicional para la compra de un coche nuevo, ya que el pr\u00f3ximo 1 de enero entra en vigor la normativa europea por la que las emisiones oficiales del coche se homologan bajo el ciclo WLTP. Buena parte de los coches superar\u00e1n el umbral que les deja exentos de tener que pagar el impuesto de matriculaci\u00f3n<strong>,<\/strong><strong>\u00a0<\/strong>mientras que otros cambiar\u00e1n de escal\u00f3n subiendo a\u00fan m\u00e1s su tarifa para el comprador, con un incremento medio del 5% del precio final del veh\u00edculo, seg\u00fan ANFAC, Asociaci\u00f3n Espa\u00f1ola de Fabricantes de Autom\u00f3viles y Camiones.<\/p>\n<p><strong>\u00a0<\/strong><strong>Entorno seguro <\/strong><\/p>\n<p>No podemos olvidar que seguimos en situaci\u00f3n de pandemia, por lo que en Ficoauto se aplicar\u00e1 un protocolo COVID-19, en el que se tomar\u00e1n todas las medidas de seguridad e higiene necesarias como el uso obligatorio de mascarilla, toma de temperatura y un \u00fanico sentido del circuito de visita a la feria para evitar aglomeraciones y preservar la distancia de seguridad, entre otras medidas.<\/p>\n<p>Las dimensiones de Ficoba permiten visitar la feria c\u00f3modamente, con un aforo controlado en todo momento y limitado al 50% de su capacidad. Asimismo, se ha ampliado el horario de la feria, que abrir\u00e1 tambi\u00e9n el viernes por la ma\u00f1ana a partir de las 10.00 horas.<\/p>\n<p><strong>Datos pr\u00e1cticos:<\/strong><\/p>\n<p>&nbsp;<\/p>\n<ul>\n<li>Viernes, s\u00e1bado y domingo (10:00 \u2013 20:00 h.)<\/li>\n<li>Entrada y parking gratuitos.<\/li>\n<li>Recinto ferial Ficoba pabellones 1, 2 y 3<\/li>\n<li>Euskotren: Parada Irun &#8211; Ficoba<\/li>\n<li>Protocolo de seguridad en <a href=\"https:\/\/ficoauto.diariovasco.com\/medidas-higienico-sanitarias.php\">https:\/\/ficoauto.diariovasco.com\/medidas-higienico-sanitarias.php<\/a><\/li>\n<\/ul>\n","protected":false},"excerpt":{"rendered":"<p>La feria tendr\u00e1 lugar del 18 al 20 de diciembre en Ficoba de 10.00 a 20.00 horas Entrada y parking gratuitos Ficoauto, la Feria del Veh\u00edculo de Ocasi\u00f3n de Gipuzkoa, [&hellip;]<\/p>\n","protected":false},"author":2,"featured_media":7785,"comment_status":"closed","ping_status":"closed","sticky":false,"template":"","format":"standard","meta":{"_et_pb_use_builder":"","_et_pb_old_content":"","_et_gb_content_width":"","footnotes":""},"categories":[3],"tags":[211,139,140],"class_list":["post-7752","post","type-post","status-publish","format-standard","has-post-thumbnail","hentry","category-eventos-y-ferias","tag-coches-km0","tag-coches-ocasion","tag-feria-coches"],"yoast_head":"<!-- This site is optimized with the Yoast SEO plugin v26.8 - https:\/\/yoast.com\/product\/yoast-seo-wordpress\/ -->\n<title>Las mejores ofertas del a\u00f1o en Ficoauto 2020 - Ficoba<\/title>\n<meta name=\"description\" content=\"Este fin de semana encontrar\u00e1s en la feria de veh\u00edculos de ocasi\u00f3n de Gipuzkoa, Ficoauto, en Ficoba las mejores ofertas de coches de 2020\" \/>\n<meta name=\"robots\" content=\"index, follow, max-snippet:-1, max-image-preview:large, max-video-preview:-1\" \/>\n<link rel=\"canonical\" href=\"https:\/\/www.ficoba.org\/es\/ficoauto-feria-de-vehiculos-de-ocasion-en-ficoba\/\" \/>\n<meta name=\"twitter:label1\" content=\"Escrito por\" \/>\n\t<meta name=\"twitter:data1\" content=\"ficoba\" \/>\n\t<meta name=\"twitter:label2\" content=\"Tiempo de lectura\" \/>\n\t<meta name=\"twitter:data2\" content=\"2 minutos\" \/>\n<script type=\"application\/ld+json\" class=\"yoast-schema-graph\">{\"@context\":\"https:\/\/schema.org\",\"@graph\":[{\"@type\":\"Article\",\"@id\":\"https:\/\/www.ficoba.org\/es\/ficoauto-feria-de-vehiculos-de-ocasion-en-ficoba\/#article\",\"isPartOf\":{\"@id\":\"https:\/\/www.ficoba.org\/es\/ficoauto-feria-de-vehiculos-de-ocasion-en-ficoba\/\"},\"author\":{\"name\":\"ficoba\",\"@id\":\"https:\/\/www.ficoba.org\/es\/#\/schema\/person\/8a96a121e5dbd393e6e6b5a7ee7ed407\"},\"headline\":\"Las mejores ofertas del a\u00f1o en Ficoauto 2020\",\"datePublished\":\"2020-12-18T11:22:41+00:00\",\"mainEntityOfPage\":{\"@id\":\"https:\/\/www.ficoba.org\/es\/ficoauto-feria-de-vehiculos-de-ocasion-en-ficoba\/\"},\"wordCount\":428,\"publisher\":{\"@id\":\"https:\/\/www.ficoba.org\/es\/#organization\"},\"image\":{\"@id\":\"https:\/\/www.ficoba.org\/es\/ficoauto-feria-de-vehiculos-de-ocasion-en-ficoba\/#primaryimage\"},\"thumbnailUrl\":\"https:\/\/www.ficoba.org\/wp-content\/uploads\/2020\/12\/1080x1080.jpg\",\"keywords\":[\"coches Km0\",\"Coches ocasi\u00f3n\",\"feria coches\"],\"articleSection\":[\"Eventos y ferias\"],\"inLanguage\":\"es\"},{\"@type\":\"WebPage\",\"@id\":\"https:\/\/www.ficoba.org\/es\/ficoauto-feria-de-vehiculos-de-ocasion-en-ficoba\/\",\"url\":\"https:\/\/www.ficoba.org\/es\/ficoauto-feria-de-vehiculos-de-ocasion-en-ficoba\/\",\"name\":\"Las mejores ofertas del a\u00f1o en Ficoauto 2020 - Ficoba\",\"isPartOf\":{\"@id\":\"https:\/\/www.ficoba.org\/es\/#website\"},\"primaryImageOfPage\":{\"@id\":\"https:\/\/www.ficoba.org\/es\/ficoauto-feria-de-vehiculos-de-ocasion-en-ficoba\/#primaryimage\"},\"image\":{\"@id\":\"https:\/\/www.ficoba.org\/es\/ficoauto-feria-de-vehiculos-de-ocasion-en-ficoba\/#primaryimage\"},\"thumbnailUrl\":\"https:\/\/www.ficoba.org\/wp-content\/uploads\/2020\/12\/1080x1080.jpg\",\"datePublished\":\"2020-12-18T11:22:41+00:00\",\"description\":\"Este fin de semana encontrar\u00e1s en la feria de veh\u00edculos de ocasi\u00f3n de Gipuzkoa, Ficoauto, en Ficoba las mejores ofertas de coches de 2020\",\"breadcrumb\":{\"@id\":\"https:\/\/www.ficoba.org\/es\/ficoauto-feria-de-vehiculos-de-ocasion-en-ficoba\/#breadcrumb\"},\"inLanguage\":\"es\",\"potentialAction\":[{\"@type\":\"ReadAction\",\"target\":[\"https:\/\/www.ficoba.org\/es\/ficoauto-feria-de-vehiculos-de-ocasion-en-ficoba\/\"]}]},{\"@type\":\"ImageObject\",\"inLanguage\":\"es\",\"@id\":\"https:\/\/www.ficoba.org\/es\/ficoauto-feria-de-vehiculos-de-ocasion-en-ficoba\/#primaryimage\",\"url\":\"https:\/\/www.ficoba.org\/wp-content\/uploads\/2020\/12\/1080x1080.jpg\",\"contentUrl\":\"https:\/\/www.ficoba.org\/wp-content\/uploads\/2020\/12\/1080x1080.jpg\",\"width\":1080,\"height\":1080},{\"@type\":\"BreadcrumbList\",\"@id\":\"https:\/\/www.ficoba.org\/es\/ficoauto-feria-de-vehiculos-de-ocasion-en-ficoba\/#breadcrumb\",\"itemListElement\":[{\"@type\":\"ListItem\",\"position\":1,\"name\":\"Portada\",\"item\":\"https:\/\/www.ficoba.org\/es\/\"},{\"@type\":\"ListItem\",\"position\":2,\"name\":\"Las mejores ofertas del a\u00f1o en Ficoauto 2020\"}]},{\"@type\":\"WebSite\",\"@id\":\"https:\/\/www.ficoba.org\/es\/#website\",\"url\":\"https:\/\/www.ficoba.org\/es\/\",\"name\":\"Ficoba, Recinto Ferial de Gipuzkoa\",\"description\":\"Ficoba, recinto ferial de Gipuzkoa\",\"publisher\":{\"@id\":\"https:\/\/www.ficoba.org\/es\/#organization\"},\"alternateName\":\"Ficoba\",\"potentialAction\":[{\"@type\":\"SearchAction\",\"target\":{\"@type\":\"EntryPoint\",\"urlTemplate\":\"https:\/\/www.ficoba.org\/es\/?s={search_term_string}\"},\"query-input\":{\"@type\":\"PropertyValueSpecification\",\"valueRequired\":true,\"valueName\":\"search_term_string\"}}],\"inLanguage\":\"es\"},{\"@type\":\"Organization\",\"@id\":\"https:\/\/www.ficoba.org\/es\/#organization\",\"name\":\"Ficoba, Reciento Ferial de Gipuzkoa\",\"url\":\"https:\/\/www.ficoba.org\/es\/\",\"logo\":{\"@type\":\"ImageObject\",\"inLanguage\":\"es\",\"@id\":\"https:\/\/www.ficoba.org\/es\/#\/schema\/logo\/image\/\",\"url\":\"https:\/\/www.ficoba.org\/wp-content\/uploads\/2018\/11\/logo_ficoba.png\",\"contentUrl\":\"https:\/\/www.ficoba.org\/wp-content\/uploads\/2018\/11\/logo_ficoba.png\",\"width\":200,\"height\":124,\"caption\":\"Ficoba, Reciento Ferial de Gipuzkoa\"},\"image\":{\"@id\":\"https:\/\/www.ficoba.org\/es\/#\/schema\/logo\/image\/\"},\"sameAs\":[\"https:\/\/www.facebook.com\/FICOBAFUNDAZIOA\/\",\"https:\/\/x.com\/FicobaFundazioa\",\"https:\/\/www.youtube.com\/channel\/UCvo2JGluemyCf5KPRmEF9JQ\",\"https:\/\/www.linkedin.com\/company\/ficoba\/\",\"https:\/\/www.instagram.com\/ficobafundazioa\/\"]},{\"@type\":\"Person\",\"@id\":\"https:\/\/www.ficoba.org\/es\/#\/schema\/person\/8a96a121e5dbd393e6e6b5a7ee7ed407\",\"name\":\"ficoba\",\"image\":{\"@type\":\"ImageObject\",\"inLanguage\":\"es\",\"@id\":\"https:\/\/www.ficoba.org\/es\/#\/schema\/person\/image\/\",\"url\":\"https:\/\/secure.gravatar.com\/avatar\/c90cc0e07f75fecbe4165c1906a4cd61b0179a28caae2205d37516e4fb7c30c1?s=96&d=mm&r=g\",\"contentUrl\":\"https:\/\/secure.gravatar.com\/avatar\/c90cc0e07f75fecbe4165c1906a4cd61b0179a28caae2205d37516e4fb7c30c1?s=96&d=mm&r=g\",\"caption\":\"ficoba\"}}]}<\/script>\n<!-- \/ Yoast SEO plugin. -->","yoast_head_json":{"title":"Las mejores ofertas del a\u00f1o en Ficoauto 2020 - Ficoba","description":"Este fin de semana encontrar\u00e1s en la feria de veh\u00edculos de ocasi\u00f3n de Gipuzkoa, Ficoauto, en Ficoba las mejores ofertas de coches de 2020","robots":{"index":"index","follow":"follow","max-snippet":"max-snippet:-1","max-image-preview":"max-image-preview:large","max-video-preview":"max-video-preview:-1"},"canonical":"https:\/\/www.ficoba.org\/es\/ficoauto-feria-de-vehiculos-de-ocasion-en-ficoba\/","twitter_misc":{"Escrito por":"ficoba","Tiempo de lectura":"2 minutos"},"schema":{"@context":"https:\/\/schema.org","@graph":[{"@type":"Article","@id":"https:\/\/www.ficoba.org\/es\/ficoauto-feria-de-vehiculos-de-ocasion-en-ficoba\/#article","isPartOf":{"@id":"https:\/\/www.ficoba.org\/es\/ficoauto-feria-de-vehiculos-de-ocasion-en-ficoba\/"},"author":{"name":"ficoba","@id":"https:\/\/www.ficoba.org\/es\/#\/schema\/person\/8a96a121e5dbd393e6e6b5a7ee7ed407"},"headline":"Las mejores ofertas del a\u00f1o en Ficoauto 2020","datePublished":"2020-12-18T11:22:41+00:00","mainEntityOfPage":{"@id":"https:\/\/www.ficoba.org\/es\/ficoauto-feria-de-vehiculos-de-ocasion-en-ficoba\/"},"wordCount":428,"publisher":{"@id":"https:\/\/www.ficoba.org\/es\/#organization"},"image":{"@id":"https:\/\/www.ficoba.org\/es\/ficoauto-feria-de-vehiculos-de-ocasion-en-ficoba\/#primaryimage"},"thumbnailUrl":"https:\/\/www.ficoba.org\/wp-content\/uploads\/2020\/12\/1080x1080.jpg","keywords":["coches Km0","Coches ocasi\u00f3n","feria coches"],"articleSection":["Eventos y ferias"],"inLanguage":"es"},{"@type":"WebPage","@id":"https:\/\/www.ficoba.org\/es\/ficoauto-feria-de-vehiculos-de-ocasion-en-ficoba\/","url":"https:\/\/www.ficoba.org\/es\/ficoauto-feria-de-vehiculos-de-ocasion-en-ficoba\/","name":"Las mejores ofertas del a\u00f1o en Ficoauto 2020 - Ficoba","isPartOf":{"@id":"https:\/\/www.ficoba.org\/es\/#website"},"primaryImageOfPage":{"@id":"https:\/\/www.ficoba.org\/es\/ficoauto-feria-de-vehiculos-de-ocasion-en-ficoba\/#primaryimage"},"image":{"@id":"https:\/\/www.ficoba.org\/es\/ficoauto-feria-de-vehiculos-de-ocasion-en-ficoba\/#primaryimage"},"thumbnailUrl":"https:\/\/www.ficoba.org\/wp-content\/uploads\/2020\/12\/1080x1080.jpg","datePublished":"2020-12-18T11:22:41+00:00","description":"Este fin de semana encontrar\u00e1s en la feria de veh\u00edculos de ocasi\u00f3n de Gipuzkoa, Ficoauto, en Ficoba las mejores ofertas de coches de 2020","breadcrumb":{"@id":"https:\/\/www.ficoba.org\/es\/ficoauto-feria-de-vehiculos-de-ocasion-en-ficoba\/#breadcrumb"},"inLanguage":"es","potentialAction":[{"@type":"ReadAction","target":["https:\/\/www.ficoba.org\/es\/ficoauto-feria-de-vehiculos-de-ocasion-en-ficoba\/"]}]},{"@type":"ImageObject","inLanguage":"es","@id":"https:\/\/www.ficoba.org\/es\/ficoauto-feria-de-vehiculos-de-ocasion-en-ficoba\/#primaryimage","url":"https:\/\/www.ficoba.org\/wp-content\/uploads\/2020\/12\/1080x1080.jpg","contentUrl":"https:\/\/www.ficoba.org\/wp-content\/uploads\/2020\/12\/1080x1080.jpg","width":1080,"height":1080},{"@type":"BreadcrumbList","@id":"https:\/\/www.ficoba.org\/es\/ficoauto-feria-de-vehiculos-de-ocasion-en-ficoba\/#breadcrumb","itemListElement":[{"@type":"ListItem","position":1,"name":"Portada","item":"https:\/\/www.ficoba.org\/es\/"},{"@type":"ListItem","position":2,"name":"Las mejores ofertas del a\u00f1o en Ficoauto 2020"}]},{"@type":"WebSite","@id":"https:\/\/www.ficoba.org\/es\/#website","url":"https:\/\/www.ficoba.org\/es\/","name":"Ficoba, Recinto Ferial de Gipuzkoa","description":"Ficoba, recinto ferial de Gipuzkoa","publisher":{"@id":"https:\/\/www.ficoba.org\/es\/#organization"},"alternateName":"Ficoba","potentialAction":[{"@type":"SearchAction","target":{"@type":"EntryPoint","urlTemplate":"https:\/\/www.ficoba.org\/es\/?s={search_term_string}"},"query-input":{"@type":"PropertyValueSpecification","valueRequired":true,"valueName":"search_term_string"}}],"inLanguage":"es"},{"@type":"Organization","@id":"https:\/\/www.ficoba.org\/es\/#organization","name":"Ficoba, Reciento Ferial de Gipuzkoa","url":"https:\/\/www.ficoba.org\/es\/","logo":{"@type":"ImageObject","inLanguage":"es","@id":"https:\/\/www.ficoba.org\/es\/#\/schema\/logo\/image\/","url":"https:\/\/www.ficoba.org\/wp-content\/uploads\/2018\/11\/logo_ficoba.png","contentUrl":"https:\/\/www.ficoba.org\/wp-content\/uploads\/2018\/11\/logo_ficoba.png","width":200,"height":124,"caption":"Ficoba, Reciento Ferial de Gipuzkoa"},"image":{"@id":"https:\/\/www.ficoba.org\/es\/#\/schema\/logo\/image\/"},"sameAs":["https:\/\/www.facebook.com\/FICOBAFUNDAZIOA\/","https:\/\/x.com\/FicobaFundazioa","https:\/\/www.youtube.com\/channel\/UCvo2JGluemyCf5KPRmEF9JQ","https:\/\/www.linkedin.com\/company\/ficoba\/","https:\/\/www.instagram.com\/ficobafundazioa\/"]},{"@type":"Person","@id":"https:\/\/www.ficoba.org\/es\/#\/schema\/person\/8a96a121e5dbd393e6e6b5a7ee7ed407","name":"ficoba","image":{"@type":"ImageObject","inLanguage":"es","@id":"https:\/\/www.ficoba.org\/es\/#\/schema\/person\/image\/","url":"https:\/\/secure.gravatar.com\/avatar\/c90cc0e07f75fecbe4165c1906a4cd61b0179a28caae2205d37516e4fb7c30c1?s=96&d=mm&r=g","contentUrl":"https:\/\/secure.gravatar.com\/avatar\/c90cc0e07f75fecbe4165c1906a4cd61b0179a28caae2205d37516e4fb7c30c1?s=96&d=mm&r=g","caption":"ficoba"}}]}},"_links":{"self":[{"href":"https:\/\/www.ficoba.org\/es\/wp-json\/wp\/v2\/posts\/7752","targetHints":{"allow":["GET"]}}],"collection":[{"href":"https:\/\/www.ficoba.org\/es\/wp-json\/wp\/v2\/posts"}],"about":[{"href":"https:\/\/www.ficoba.org\/es\/wp-json\/wp\/v2\/types\/post"}],"author":[{"embeddable":true,"href":"https:\/\/www.ficoba.org\/es\/wp-json\/wp\/v2\/users\/2"}],"replies":[{"embeddable":true,"href":"https:\/\/www.ficoba.org\/es\/wp-json\/wp\/v2\/comments?post=7752"}],"version-history":[{"count":1,"href":"https:\/\/www.ficoba.org\/es\/wp-json\/wp\/v2\/posts\/7752\/revisions"}],"predecessor-version":[{"id":7789,"href":"https:\/\/www.ficoba.org\/es\/wp-json\/wp\/v2\/posts\/7752\/revisions\/7789"}],"wp:featuredmedia":[{"embeddable":true,"href":"https:\/\/www.ficoba.org\/es\/wp-json\/wp\/v2\/media\/7785"}],"wp:attachment":[{"href":"https:\/\/www.ficoba.org\/es\/wp-json\/wp\/v2\/media?parent=7752"}],"wp:term":[{"taxonomy":"category","embeddable":true,"href":"https:\/\/www.ficoba.org\/es\/wp-json\/wp\/v2\/categories?post=7752"},{"taxonomy":"post_tag","embeddable":true,"href":"https:\/\/www.ficoba.org\/es\/wp-json\/wp\/v2\/tags?post=7752"}],"curies":[{"name":"wp","href":"https:\/\/api.w.org\/{rel}","templated":true}]}}