{"id":7709,"date":"2020-12-01T14:37:30","date_gmt":"2020-12-01T12:37:30","guid":{"rendered":"https:\/\/www.ficoba.org\/?p=7709"},"modified":"2020-12-01T14:37:30","modified_gmt":"2020-12-01T12:37:30","slug":"este-fin-de-semana-cita-con-be-veggie-fest-mas-de-15-actividades-y-60-expositores-en-formato-online","status":"publish","type":"post","link":"https:\/\/www.ficoba.org\/es\/este-fin-de-semana-cita-con-be-veggie-fest-mas-de-15-actividades-y-60-expositores-en-formato-online\/","title":{"rendered":"Este fin de semana cita con Be Veggie Fest: m\u00e1s de 15 actividades y 60 expositores en formato online"},"content":{"rendered":"<p><strong>El festival vegano se podr\u00e1 seguir en directo en Instagram el 5 y 6 de diciembre y en diferido en YouTube y Facebook<\/strong><\/p>\n<p><strong>El viernes 4 de diciembre para ir calentando motores se celebrar\u00e1 una mesa redonda sobre moda sostenible impulsada por GK Green Fashion<\/strong><\/p>\n<p>Este a\u00f1o el Festival Be Veggie se va a celebrar en formato online. La salud y la seguridad son los primero y, por eso, esta edici\u00f3n los pabellones de Ficoba no podr\u00e1n recibir a todas las personas que buscan alternativas de alimentaci\u00f3n y consumo.<\/p>\n<p>Pero, como mostr\u00f3 la primera edici\u00f3n de Be Veggie, cada vez son m\u00e1s las personas que optan por un consumo responsable con el medio ambiente, sensible con el maltrato animal y el cuidado de la salud.<\/p>\n<p>Pensando en todos ellos, Ficoba ha optado por desarrollar el evento en formato online, mantener as\u00ed la continuidad de Be Veggie y dar respuesta al creciente inter\u00e9s del p\u00fablico y del cada vez m\u00e1s nutrido grupo de empresas que opera en este \u00e1mbito.<\/p>\n<p>De hecho, el n\u00famero de empresas que va a mostrar sus propuestas en el cat\u00e1logo online de Be Veggie, disponible en <a href=\"http:\/\/www.beveggie.eus\">www.beveggie.eus<\/a>, ha superado las 60 compa\u00f1\u00edas.<\/p>\n<p>La presencia de firmas vascas es importante (15), pero es muy significativa la variedad de la procedencia de los expositores que quieren estar presentes en la segunda edici\u00f3n de Be Veggie. En el cat\u00e1logo se pueden encontrar propuestas de empresas navarras, catalanas, madrile\u00f1as, andaluzas, etc.<\/p>\n<p>La suma de todas ellas va a permitir al p\u00fablico conocer, en esta ocasi\u00f3n de forma online, una oferta formada por productos de cosm\u00e9tica, moda, productos para el hogar, alimentaci\u00f3n y bebidas, productos <em>zero waste<\/em>, suplementos alimenticios y santuarios para animales.<\/p>\n<p><strong>Un festival de actividades<\/strong><\/p>\n<p>Las redes sociales van a hacer las veces de los pabellones de Ficoba en esta edici\u00f3n. La retransmisi\u00f3n se realizar\u00e1 en directo en Instagram (beveggie.ficoba), pero tambi\u00e9n se podr\u00e1 seguir en diferido en las cuentas de Facebook (<a href=\"https:\/\/www.facebook.com\/beveggie\">https:\/\/www.facebook.com\/beveggie<\/a>)y YouTube ( <a href=\"https:\/\/www.youtube.com\/watch?v=JoxF6KKBhPw\">https:\/\/www.youtube.com\/watch?v=JoxF6KKBhPw<\/a>) de Be Veggie para conocer \u00a0las nuevas alternativas de consumo ligadas a la filosof\u00eda vegana.<\/p>\n<p>El s\u00e1bado 5 de diciembre participar\u00e1n en Be Veggie Fest \u00d3scar L. S\u00e1nchez, que presentar\u00e1 su libro \u00abDiario de un activista (vegano)\u00bb, y Julia Jim\u00e9nez (@nosequecenar), fundadora y directora de la consulta de psiconutrici\u00f3n \u2018No S\u00e9 Qu\u00e9 Cenar\u2019, que nos acercar\u00e1 a la nutrici\u00f3n consciente.<\/p>\n<p>Desde La Uni\u00f3n Vegetariana Espa\u00f1ola (@unionvegetarianaespanola), nos mostrar\u00e1 el mundo de las legumbres como veh\u00edculo de salud, sostenibilidad y reducci\u00f3n de la explotaci\u00f3n animal.<\/p>\n<p>La cultura vegana es mucho m\u00e1s que alimentaci\u00f3n. Eso lo sabe muy bien Sagrario Dom\u00ednguez, m\u00e1s conocida como @vegantreschic, que mostrar\u00e1 que existe una forma de vestir respetuosa con el planeta.<\/p>\n<p>Conoceremos con Mar\u00eda \u00c1lvarez (<a href=\"https:\/\/www.instagram.com\/maria.galvarez\/?hl=es\">@maria.galvarez<\/a>) la Reserva Hijos del Bosque (<a href=\"https:\/\/www.instagram.com\/reservahijosdelbosque\/?hl=es\">@reservahijosdelbosque<\/a>), una organizaci\u00f3n sin \u00e1nimo de lucro cuyo fin es la creaci\u00f3n y mantenimiento de un Santuario de animales especializado en animales salvajes, sobre todo de especies cineg\u00e9ticas.<\/p>\n<p>Tambi\u00e9n nos preguntaremos si estamos a tiempo de salvar el planeta en una mesa redonda en la que participar\u00e1n Ibai Vegan (<a href=\"https:\/\/www.instagram.com\/ibai_vegan\/\">@ibai_vegan<\/a>), vegano y activista por los animales; Aitor Beltaz de Extinction Rebellion, Jon Kareaga (<a href=\"https:\/\/www.instagram.com\/jonkareaga\/?hl=es\">@jonkareaga<\/a>), co-fundador de Bask y activista medioambiental; y Maite Irulegi (<a href=\"https:\/\/www.instagram.com\/jonkareaga\/?hl=es\">@maiteirulegi<\/a>), vegana y activista por los animales.<\/p>\n<p>Terminaremos la jornada con Helenka Santos (@helekasantos_chef), que llevar\u00e1 a cabo un showcooking sobre c\u00f3mo cocinar prote\u00ednas vegetales y con Zaloa Otadui (<a href=\"https:\/\/www.instagram.com\/farmacook\/?hl=es\">@farmacook<\/a>), que ofrecer\u00e1 una clase pr\u00e1ctica sobre c\u00f3mo cuidar nuestra salud a trav\u00e9s de la alimentaci\u00f3n vegana.<\/p>\n<p>La jornada del domingo comenzar\u00e1 con con Re-conecta- Clase de Vinyasa Flow,un estilo de yoga din\u00e1mico donde el movimiento y la respiraci\u00f3n se conectan mediante una secuencia fluida, a cargo de Mar\u00eda Eskitxabel (@<a href=\"https:\/\/www.instagram.com\/eskymaddi\/\">eskymaddi<\/a>).<\/p>\n<p>Patricia Men\u00e9ndez (@patrimediolimon) nos ense\u00f1ar\u00e1 a preparar hamburguesas de guisante texturizado, alb\u00f3ndigas de seit\u00e1n o Nuggets de tof\u00fa. Sara G\u00f3mez Marquina (@saravegancoach) nos hablar\u00e1 de emprendimiento consciente en su conferencia \u00bfC\u00f3mo emprender desde tu prop\u00f3sito de vida siendo vegana? y asistiremos a un taller de cosm\u00e9tica\u00a0vegana con Celia Ortiz Avi\u00f1\u00f3n (<a href=\"https:\/\/www.instagram.com\/lachicalavanda\/\">@lachicalavanda) del <\/a>Taller flores del Norte (<a href=\"https:\/\/www.instagram.com\/tallerfloresdelnorte\/\">@tallerfloresdelnorte<\/a>).<\/p>\n<p>La asociaci\u00f3n Feumve (@feumve) trabaja para que los men\u00fas veganos se implanten en los comedores escolares. Una opci\u00f3n todav\u00eda no muy frecuente. Nos explicar\u00e1n qu\u00e9 est\u00e1n haciendo para que la opci\u00f3n vegana se incorpore a la alimentaci\u00f3n de los escolares. Y Tamara Alonso (<a href=\"https:\/\/www.instagram.com\/dedondesacolasproteinas\">@dedondesacolasproteinas<\/a>) nos ense\u00f1ar\u00e1 a cocinar dulces y recetas navide\u00f1as veganas.<\/p>\n<p>Y para cerrar esta segunda edici\u00f3n de Be Veggie Fest, m\u00fasica a cargo de Sara Zozaya (<a href=\"https:\/\/www.instagram.com\/sara.zozaya\/\">@sara.zozaya<\/a>), cantautora de Donostia que tras haber pasado por diferentes proyectos musicales como The Roof y en la actualidad cantante del grupo Nerabe, nos presentar\u00e1 \u00a0su proyecto m\u00e1s personal.<\/p>\n<p><strong>Mesa redonda y GK Green Fashion<\/strong><\/p>\n<p>El viernes 4 de diciembre, jornada previa al inicio oficial de Be Veggie Fest, va a tener lugar a las 12.00 horas, retransmitida por Instagram (beveggie.ficoba), una mesa redonda organizada por\u00a0 el Cl\u00faster de la Moda Sostenible de Gipuzkoa-GK Green Fashion, impulsado por el departamento de Medio Ambiente y Obras Hidr\u00e1ulicas de la Diputaci\u00f3n Foral de Gipuzkoa.<\/p>\n<p>Jos\u00e9 Ignacio Asensio, diputado de Medio Ambiente y Obras Hidr\u00e1ulicas de la Diputaci\u00f3n Foral de Gipuzkoa, Gema G\u00f3mez de Slow Fashion Next (@slowfashionnext) especialista en acompa\u00f1ar a las marcas en su camino hacia la sostenibilidad; Ohiane Pardo de la empresa Amarenak (@amarenak_oficial), dedicada a la elaboraci\u00f3n de prendas basadas en la historia y en elementos tradicionales del Pa\u00eds Vasco; y Erika G\u00f3mez (@twinandchic_), que elabora prendas a partir de materiales sostenibles y respetuosos con la piel de los m\u00e1s peque\u00f1os y la naturaleza; reflexionar\u00e1n en torno a la moda sostenible.<\/p>\n<p>Adem\u00e1s de la mesa redonda, la participaci\u00f3n del Cl\u00faster de la Moda Sostenible de Gipuzkoa se va a visibilizar en el cat\u00e1logo online de Be Veggie Fest con la participaci\u00f3n de 4 dise\u00f1adores guipuzcoanos: Amarenak, Laza Clothing, Minusse y Twin and Chic.<\/p>\n<p><strong>S\u00edguenos en IG beveggie.ficoba<\/strong><\/p>\n<p><a href=\"https:\/\/www.facebook.com\/beveggie\"><strong>https:\/\/www.facebook.com\/beveggie<\/strong><\/a><\/p>\n<p><strong>\u00a0<\/strong><a href=\"https:\/\/www.youtube.com\/watch?v=JoxF6KKBhPw\"><strong>https:\/\/www.youtube.com\/watch?v=JoxF6KKBhPw<\/strong><\/a><\/p>\n<p><strong>M\u00e1s informaci\u00f3n. <\/strong><a href=\"http:\/\/www.beveggie.eus\"><strong>www.beveggie.eus<\/strong><\/a><\/p>\n","protected":false},"excerpt":{"rendered":"<p>El festival vegano se podr\u00e1 seguir en directo en Instagram el 5 y 6 de diciembre y en diferido en YouTube y Facebook El viernes 4 de diciembre para ir [&hellip;]<\/p>\n","protected":false},"author":2,"featured_media":7710,"comment_status":"closed","ping_status":"closed","sticky":false,"template":"","format":"standard","meta":{"_et_pb_use_builder":"","_et_pb_old_content":"","_et_gb_content_width":"","footnotes":""},"categories":[3],"tags":[201,206,207,208,141,105],"class_list":["post-7709","post","type-post","status-publish","format-standard","has-post-thumbnail","hentry","category-eventos-y-ferias","tag-alimentacion-vegana","tag-cometica-vegana","tag-conciertos","tag-consumo-vegano","tag-festival-vegano","tag-yoga"],"yoast_head":"<!-- This site is optimized with the Yoast SEO plugin v26.8 - https:\/\/yoast.com\/product\/yoast-seo-wordpress\/ -->\n<title>Este fin de semana cita con Be Veggie Fest: m\u00e1s de 15 actividades y 60 expositores en formato online - Ficoba<\/title>\n<meta name=\"robots\" content=\"index, follow, max-snippet:-1, max-image-preview:large, max-video-preview:-1\" \/>\n<link rel=\"canonical\" href=\"https:\/\/www.ficoba.org\/es\/este-fin-de-semana-cita-con-be-veggie-fest-mas-de-15-actividades-y-60-expositores-en-formato-online\/\" \/>\n<meta name=\"twitter:label1\" content=\"Escrito por\" \/>\n\t<meta name=\"twitter:data1\" content=\"ficoba\" \/>\n\t<meta name=\"twitter:label2\" content=\"Tiempo de lectura\" \/>\n\t<meta name=\"twitter:data2\" content=\"5 minutos\" \/>\n<script type=\"application\/ld+json\" class=\"yoast-schema-graph\">{\"@context\":\"https:\/\/schema.org\",\"@graph\":[{\"@type\":\"Article\",\"@id\":\"https:\/\/www.ficoba.org\/es\/este-fin-de-semana-cita-con-be-veggie-fest-mas-de-15-actividades-y-60-expositores-en-formato-online\/#article\",\"isPartOf\":{\"@id\":\"https:\/\/www.ficoba.org\/es\/este-fin-de-semana-cita-con-be-veggie-fest-mas-de-15-actividades-y-60-expositores-en-formato-online\/\"},\"author\":{\"name\":\"ficoba\",\"@id\":\"https:\/\/www.ficoba.org\/es\/#\/schema\/person\/8a96a121e5dbd393e6e6b5a7ee7ed407\"},\"headline\":\"Este fin de semana cita con Be Veggie Fest: m\u00e1s de 15 actividades y 60 expositores en formato online\",\"datePublished\":\"2020-12-01T12:37:30+00:00\",\"mainEntityOfPage\":{\"@id\":\"https:\/\/www.ficoba.org\/es\/este-fin-de-semana-cita-con-be-veggie-fest-mas-de-15-actividades-y-60-expositores-en-formato-online\/\"},\"wordCount\":1105,\"publisher\":{\"@id\":\"https:\/\/www.ficoba.org\/es\/#organization\"},\"image\":{\"@id\":\"https:\/\/www.ficoba.org\/es\/este-fin-de-semana-cita-con-be-veggie-fest-mas-de-15-actividades-y-60-expositores-en-formato-online\/#primaryimage\"},\"thumbnailUrl\":\"https:\/\/www.ficoba.org\/wp-content\/uploads\/2020\/12\/Rueda-de-prensa-2-scaled.jpg\",\"keywords\":[\"alimentaci\u00f3n vegana\",\"com\u00e9tica vegana\",\"conciertos\",\"consumo vegano\",\"Festival vegano\",\"yoga\"],\"articleSection\":[\"Eventos y ferias\"],\"inLanguage\":\"es\"},{\"@type\":\"WebPage\",\"@id\":\"https:\/\/www.ficoba.org\/es\/este-fin-de-semana-cita-con-be-veggie-fest-mas-de-15-actividades-y-60-expositores-en-formato-online\/\",\"url\":\"https:\/\/www.ficoba.org\/es\/este-fin-de-semana-cita-con-be-veggie-fest-mas-de-15-actividades-y-60-expositores-en-formato-online\/\",\"name\":\"Este fin de semana cita con Be Veggie Fest: m\u00e1s de 15 actividades y 60 expositores en formato online - Ficoba\",\"isPartOf\":{\"@id\":\"https:\/\/www.ficoba.org\/es\/#website\"},\"primaryImageOfPage\":{\"@id\":\"https:\/\/www.ficoba.org\/es\/este-fin-de-semana-cita-con-be-veggie-fest-mas-de-15-actividades-y-60-expositores-en-formato-online\/#primaryimage\"},\"image\":{\"@id\":\"https:\/\/www.ficoba.org\/es\/este-fin-de-semana-cita-con-be-veggie-fest-mas-de-15-actividades-y-60-expositores-en-formato-online\/#primaryimage\"},\"thumbnailUrl\":\"https:\/\/www.ficoba.org\/wp-content\/uploads\/2020\/12\/Rueda-de-prensa-2-scaled.jpg\",\"datePublished\":\"2020-12-01T12:37:30+00:00\",\"breadcrumb\":{\"@id\":\"https:\/\/www.ficoba.org\/es\/este-fin-de-semana-cita-con-be-veggie-fest-mas-de-15-actividades-y-60-expositores-en-formato-online\/#breadcrumb\"},\"inLanguage\":\"es\",\"potentialAction\":[{\"@type\":\"ReadAction\",\"target\":[\"https:\/\/www.ficoba.org\/es\/este-fin-de-semana-cita-con-be-veggie-fest-mas-de-15-actividades-y-60-expositores-en-formato-online\/\"]}]},{\"@type\":\"ImageObject\",\"inLanguage\":\"es\",\"@id\":\"https:\/\/www.ficoba.org\/es\/este-fin-de-semana-cita-con-be-veggie-fest-mas-de-15-actividades-y-60-expositores-en-formato-online\/#primaryimage\",\"url\":\"https:\/\/www.ficoba.org\/wp-content\/uploads\/2020\/12\/Rueda-de-prensa-2-scaled.jpg\",\"contentUrl\":\"https:\/\/www.ficoba.org\/wp-content\/uploads\/2020\/12\/Rueda-de-prensa-2-scaled.jpg\",\"width\":2560,\"height\":1920},{\"@type\":\"BreadcrumbList\",\"@id\":\"https:\/\/www.ficoba.org\/es\/este-fin-de-semana-cita-con-be-veggie-fest-mas-de-15-actividades-y-60-expositores-en-formato-online\/#breadcrumb\",\"itemListElement\":[{\"@type\":\"ListItem\",\"position\":1,\"name\":\"Portada\",\"item\":\"https:\/\/www.ficoba.org\/es\/\"},{\"@type\":\"ListItem\",\"position\":2,\"name\":\"Este fin de semana cita con Be Veggie Fest: m\u00e1s de 15 actividades y 60 expositores en formato online\"}]},{\"@type\":\"WebSite\",\"@id\":\"https:\/\/www.ficoba.org\/es\/#website\",\"url\":\"https:\/\/www.ficoba.org\/es\/\",\"name\":\"Ficoba, Recinto Ferial de Gipuzkoa\",\"description\":\"Ficoba, recinto ferial de Gipuzkoa\",\"publisher\":{\"@id\":\"https:\/\/www.ficoba.org\/es\/#organization\"},\"alternateName\":\"Ficoba\",\"potentialAction\":[{\"@type\":\"SearchAction\",\"target\":{\"@type\":\"EntryPoint\",\"urlTemplate\":\"https:\/\/www.ficoba.org\/es\/?s={search_term_string}\"},\"query-input\":{\"@type\":\"PropertyValueSpecification\",\"valueRequired\":true,\"valueName\":\"search_term_string\"}}],\"inLanguage\":\"es\"},{\"@type\":\"Organization\",\"@id\":\"https:\/\/www.ficoba.org\/es\/#organization\",\"name\":\"Ficoba, Reciento Ferial de Gipuzkoa\",\"url\":\"https:\/\/www.ficoba.org\/es\/\",\"logo\":{\"@type\":\"ImageObject\",\"inLanguage\":\"es\",\"@id\":\"https:\/\/www.ficoba.org\/es\/#\/schema\/logo\/image\/\",\"url\":\"https:\/\/www.ficoba.org\/wp-content\/uploads\/2018\/11\/logo_ficoba.png\",\"contentUrl\":\"https:\/\/www.ficoba.org\/wp-content\/uploads\/2018\/11\/logo_ficoba.png\",\"width\":200,\"height\":124,\"caption\":\"Ficoba, Reciento Ferial de Gipuzkoa\"},\"image\":{\"@id\":\"https:\/\/www.ficoba.org\/es\/#\/schema\/logo\/image\/\"},\"sameAs\":[\"https:\/\/www.facebook.com\/FICOBAFUNDAZIOA\/\",\"https:\/\/x.com\/FicobaFundazioa\",\"https:\/\/www.youtube.com\/channel\/UCvo2JGluemyCf5KPRmEF9JQ\",\"https:\/\/www.linkedin.com\/company\/ficoba\/\",\"https:\/\/www.instagram.com\/ficobafundazioa\/\"]},{\"@type\":\"Person\",\"@id\":\"https:\/\/www.ficoba.org\/es\/#\/schema\/person\/8a96a121e5dbd393e6e6b5a7ee7ed407\",\"name\":\"ficoba\",\"image\":{\"@type\":\"ImageObject\",\"inLanguage\":\"es\",\"@id\":\"https:\/\/www.ficoba.org\/es\/#\/schema\/person\/image\/\",\"url\":\"https:\/\/secure.gravatar.com\/avatar\/c90cc0e07f75fecbe4165c1906a4cd61b0179a28caae2205d37516e4fb7c30c1?s=96&d=mm&r=g\",\"contentUrl\":\"https:\/\/secure.gravatar.com\/avatar\/c90cc0e07f75fecbe4165c1906a4cd61b0179a28caae2205d37516e4fb7c30c1?s=96&d=mm&r=g\",\"caption\":\"ficoba\"}}]}<\/script>\n<!-- \/ Yoast SEO plugin. -->","yoast_head_json":{"title":"Este fin de semana cita con Be Veggie Fest: m\u00e1s de 15 actividades y 60 expositores en formato online - Ficoba","robots":{"index":"index","follow":"follow","max-snippet":"max-snippet:-1","max-image-preview":"max-image-preview:large","max-video-preview":"max-video-preview:-1"},"canonical":"https:\/\/www.ficoba.org\/es\/este-fin-de-semana-cita-con-be-veggie-fest-mas-de-15-actividades-y-60-expositores-en-formato-online\/","twitter_misc":{"Escrito por":"ficoba","Tiempo de lectura":"5 minutos"},"schema":{"@context":"https:\/\/schema.org","@graph":[{"@type":"Article","@id":"https:\/\/www.ficoba.org\/es\/este-fin-de-semana-cita-con-be-veggie-fest-mas-de-15-actividades-y-60-expositores-en-formato-online\/#article","isPartOf":{"@id":"https:\/\/www.ficoba.org\/es\/este-fin-de-semana-cita-con-be-veggie-fest-mas-de-15-actividades-y-60-expositores-en-formato-online\/"},"author":{"name":"ficoba","@id":"https:\/\/www.ficoba.org\/es\/#\/schema\/person\/8a96a121e5dbd393e6e6b5a7ee7ed407"},"headline":"Este fin de semana cita con Be Veggie Fest: m\u00e1s de 15 actividades y 60 expositores en formato online","datePublished":"2020-12-01T12:37:30+00:00","mainEntityOfPage":{"@id":"https:\/\/www.ficoba.org\/es\/este-fin-de-semana-cita-con-be-veggie-fest-mas-de-15-actividades-y-60-expositores-en-formato-online\/"},"wordCount":1105,"publisher":{"@id":"https:\/\/www.ficoba.org\/es\/#organization"},"image":{"@id":"https:\/\/www.ficoba.org\/es\/este-fin-de-semana-cita-con-be-veggie-fest-mas-de-15-actividades-y-60-expositores-en-formato-online\/#primaryimage"},"thumbnailUrl":"https:\/\/www.ficoba.org\/wp-content\/uploads\/2020\/12\/Rueda-de-prensa-2-scaled.jpg","keywords":["alimentaci\u00f3n vegana","com\u00e9tica vegana","conciertos","consumo vegano","Festival vegano","yoga"],"articleSection":["Eventos y ferias"],"inLanguage":"es"},{"@type":"WebPage","@id":"https:\/\/www.ficoba.org\/es\/este-fin-de-semana-cita-con-be-veggie-fest-mas-de-15-actividades-y-60-expositores-en-formato-online\/","url":"https:\/\/www.ficoba.org\/es\/este-fin-de-semana-cita-con-be-veggie-fest-mas-de-15-actividades-y-60-expositores-en-formato-online\/","name":"Este fin de semana cita con Be Veggie Fest: m\u00e1s de 15 actividades y 60 expositores en formato online - Ficoba","isPartOf":{"@id":"https:\/\/www.ficoba.org\/es\/#website"},"primaryImageOfPage":{"@id":"https:\/\/www.ficoba.org\/es\/este-fin-de-semana-cita-con-be-veggie-fest-mas-de-15-actividades-y-60-expositores-en-formato-online\/#primaryimage"},"image":{"@id":"https:\/\/www.ficoba.org\/es\/este-fin-de-semana-cita-con-be-veggie-fest-mas-de-15-actividades-y-60-expositores-en-formato-online\/#primaryimage"},"thumbnailUrl":"https:\/\/www.ficoba.org\/wp-content\/uploads\/2020\/12\/Rueda-de-prensa-2-scaled.jpg","datePublished":"2020-12-01T12:37:30+00:00","breadcrumb":{"@id":"https:\/\/www.ficoba.org\/es\/este-fin-de-semana-cita-con-be-veggie-fest-mas-de-15-actividades-y-60-expositores-en-formato-online\/#breadcrumb"},"inLanguage":"es","potentialAction":[{"@type":"ReadAction","target":["https:\/\/www.ficoba.org\/es\/este-fin-de-semana-cita-con-be-veggie-fest-mas-de-15-actividades-y-60-expositores-en-formato-online\/"]}]},{"@type":"ImageObject","inLanguage":"es","@id":"https:\/\/www.ficoba.org\/es\/este-fin-de-semana-cita-con-be-veggie-fest-mas-de-15-actividades-y-60-expositores-en-formato-online\/#primaryimage","url":"https:\/\/www.ficoba.org\/wp-content\/uploads\/2020\/12\/Rueda-de-prensa-2-scaled.jpg","contentUrl":"https:\/\/www.ficoba.org\/wp-content\/uploads\/2020\/12\/Rueda-de-prensa-2-scaled.jpg","width":2560,"height":1920},{"@type":"BreadcrumbList","@id":"https:\/\/www.ficoba.org\/es\/este-fin-de-semana-cita-con-be-veggie-fest-mas-de-15-actividades-y-60-expositores-en-formato-online\/#breadcrumb","itemListElement":[{"@type":"ListItem","position":1,"name":"Portada","item":"https:\/\/www.ficoba.org\/es\/"},{"@type":"ListItem","position":2,"name":"Este fin de semana cita con Be Veggie Fest: m\u00e1s de 15 actividades y 60 expositores en formato online"}]},{"@type":"WebSite","@id":"https:\/\/www.ficoba.org\/es\/#website","url":"https:\/\/www.ficoba.org\/es\/","name":"Ficoba, Recinto Ferial de Gipuzkoa","description":"Ficoba, recinto ferial de Gipuzkoa","publisher":{"@id":"https:\/\/www.ficoba.org\/es\/#organization"},"alternateName":"Ficoba","potentialAction":[{"@type":"SearchAction","target":{"@type":"EntryPoint","urlTemplate":"https:\/\/www.ficoba.org\/es\/?s={search_term_string}"},"query-input":{"@type":"PropertyValueSpecification","valueRequired":true,"valueName":"search_term_string"}}],"inLanguage":"es"},{"@type":"Organization","@id":"https:\/\/www.ficoba.org\/es\/#organization","name":"Ficoba, Reciento Ferial de Gipuzkoa","url":"https:\/\/www.ficoba.org\/es\/","logo":{"@type":"ImageObject","inLanguage":"es","@id":"https:\/\/www.ficoba.org\/es\/#\/schema\/logo\/image\/","url":"https:\/\/www.ficoba.org\/wp-content\/uploads\/2018\/11\/logo_ficoba.png","contentUrl":"https:\/\/www.ficoba.org\/wp-content\/uploads\/2018\/11\/logo_ficoba.png","width":200,"height":124,"caption":"Ficoba, Reciento Ferial de Gipuzkoa"},"image":{"@id":"https:\/\/www.ficoba.org\/es\/#\/schema\/logo\/image\/"},"sameAs":["https:\/\/www.facebook.com\/FICOBAFUNDAZIOA\/","https:\/\/x.com\/FicobaFundazioa","https:\/\/www.youtube.com\/channel\/UCvo2JGluemyCf5KPRmEF9JQ","https:\/\/www.linkedin.com\/company\/ficoba\/","https:\/\/www.instagram.com\/ficobafundazioa\/"]},{"@type":"Person","@id":"https:\/\/www.ficoba.org\/es\/#\/schema\/person\/8a96a121e5dbd393e6e6b5a7ee7ed407","name":"ficoba","image":{"@type":"ImageObject","inLanguage":"es","@id":"https:\/\/www.ficoba.org\/es\/#\/schema\/person\/image\/","url":"https:\/\/secure.gravatar.com\/avatar\/c90cc0e07f75fecbe4165c1906a4cd61b0179a28caae2205d37516e4fb7c30c1?s=96&d=mm&r=g","contentUrl":"https:\/\/secure.gravatar.com\/avatar\/c90cc0e07f75fecbe4165c1906a4cd61b0179a28caae2205d37516e4fb7c30c1?s=96&d=mm&r=g","caption":"ficoba"}}]}},"_links":{"self":[{"href":"https:\/\/www.ficoba.org\/es\/wp-json\/wp\/v2\/posts\/7709","targetHints":{"allow":["GET"]}}],"collection":[{"href":"https:\/\/www.ficoba.org\/es\/wp-json\/wp\/v2\/posts"}],"about":[{"href":"https:\/\/www.ficoba.org\/es\/wp-json\/wp\/v2\/types\/post"}],"author":[{"embeddable":true,"href":"https:\/\/www.ficoba.org\/es\/wp-json\/wp\/v2\/users\/2"}],"replies":[{"embeddable":true,"href":"https:\/\/www.ficoba.org\/es\/wp-json\/wp\/v2\/comments?post=7709"}],"version-history":[{"count":1,"href":"https:\/\/www.ficoba.org\/es\/wp-json\/wp\/v2\/posts\/7709\/revisions"}],"predecessor-version":[{"id":7714,"href":"https:\/\/www.ficoba.org\/es\/wp-json\/wp\/v2\/posts\/7709\/revisions\/7714"}],"wp:featuredmedia":[{"embeddable":true,"href":"https:\/\/www.ficoba.org\/es\/wp-json\/wp\/v2\/media\/7710"}],"wp:attachment":[{"href":"https:\/\/www.ficoba.org\/es\/wp-json\/wp\/v2\/media?parent=7709"}],"wp:term":[{"taxonomy":"category","embeddable":true,"href":"https:\/\/www.ficoba.org\/es\/wp-json\/wp\/v2\/categories?post=7709"},{"taxonomy":"post_tag","embeddable":true,"href":"https:\/\/www.ficoba.org\/es\/wp-json\/wp\/v2\/tags?post=7709"}],"curies":[{"name":"wp","href":"https:\/\/api.w.org\/{rel}","templated":true}]}}