{"id":7584,"date":"2020-11-06T14:21:38","date_gmt":"2020-11-06T12:21:38","guid":{"rendered":"https:\/\/www.ficoba.org\/?p=7584"},"modified":"2020-11-06T14:21:38","modified_gmt":"2020-11-06T12:21:38","slug":"uhinak-2020-congreso-de-cambio-climatico-y-litoral","status":"publish","type":"post","link":"https:\/\/www.ficoba.org\/es\/uhinak-2020-congreso-de-cambio-climatico-y-litoral\/","title":{"rendered":"Uhinak 2020: \u201cEs hora de empezar a hablar de adaptaci\u00f3n frente a los efectos del cambio clim\u00e1tico\u201d"},"content":{"rendered":"<ul>\n<li><strong>180 personas han participado durante dos d\u00edas en el Congreso Transfronterizo de Cambio Clim\u00e1tico y Litoral, celebrado en formato h\u00edbrido: presencial y on line<\/strong><\/li>\n<li><strong>Cient\u00edficos, t\u00e9cnicos y gestores han participado en 11 seminarios de expertos y m\u00e1s de 40 comunicaciones <\/strong><\/li>\n<\/ul>\n<p><strong>\u00a0<\/strong>El 4 y 5 de noviembre Ficoba se ha convertido en un lugar de di\u00e1logo sobre el conocimiento y la gesti\u00f3n aplicados a los desaf\u00edos de la emergencia clim\u00e1tica sobre los mares, las costas y sus recursos. Los expertos, t\u00e9cnicos y gestores reunidos en el IV Congreso Transfronterizo de Cambio Clim\u00e1tico y Litoral han coincidido en que es necesario continuar con las medidas de mitigaci\u00f3n del cambio clim\u00e1tico, pero que es necesario comenzar a plantear estrategias de adaptaci\u00f3n que eviten las adversas consecuencias del cambio clim\u00e1tico en nuestras costas.<\/p>\n<p>Este enfoque pr\u00e1ctico del congreso en el que se muestran las realidades de las problem\u00e1ticas existentes y las soluciones que se est\u00e1n adoptando o se deber\u00edan adoptar, incluso llegando al detalle del \u00e1mbito local, es una de las se\u00f1as caracter\u00edsticas de Uhinak.<\/p>\n<p>Desde ese punto de vista, en Uhinak se ha analizado el impacto del cambio clim\u00e1tico actual y futuro en el litoral y en nuestra sociedad: ascenso del nivel del mar, erosi\u00f3n, riesgo de inundaciones, p\u00e9rdida de h\u00e1bitats y recursos, etc. Otro de los ejes de este evento, promovido por Ficoba y el centro tecnol\u00f3gico AZTI, ha sido el papel que el oc\u00e9ano desempe\u00f1ar\u00e1 en la mitigaci\u00f3n del cambio clim\u00e1tico: soluciones para captar CO2, recuperaci\u00f3n de ecosistemas, econom\u00eda circular, carbono azul e infraestructuras verdes, etc.<\/p>\n<p>Uhinak ha crecido en su cuarta edici\u00f3n incorporando valiosas contribuciones al estudio del cambio clim\u00e1tico m\u00e1s all\u00e1 del litoral y de nuestros mares cercanos, evaluando la productividad biol\u00f3gica de la plataforma cant\u00e1brica y aquitana, proponiendo una gesti\u00f3n ecosist\u00e9mica de la costa, aprendiendo sobre los efectos de tormentas extremas en el Mediterr\u00e1neo con viento, oleaje y precipitaci\u00f3n torrencial simult\u00e1neos, e incorporando, entre otras, las ideas y experiencias de la Red Mundial de Reservas costeras de la Biosfera.<\/p>\n<p>Pero, no s\u00f3lo se han analizado los riesgos a los que nos enfrentamos, se ha incidido en la capacidad que tenemos como sociedad desarrollada para afrontarlos con \u00e9xito. Se ha profundizado en la importancia de la planificaci\u00f3n territorial: desde el proyecto LIFE IP URBAN KLIMA 2050 de despliegue de la estrategia de cambio clim\u00e1tico en Euskadi Klima 2050 en el \u00e1mbito urbano, pasando por los Planes Territoriales Sectoriales (PTS) de Ordenaci\u00f3n y Protecci\u00f3n del Litoral llegando a la gesti\u00f3n pr\u00f3xima a la ciudan\u00eda propia del \u00e1mbito local, como el municipio de Bakio que se reconoce consciente de su vulnerabilidad frente al Cambio Clim\u00e1tico e implicado en afrontarlo.<\/p>\n<p><strong>Un formato que funciona<\/strong><\/p>\n<p>Una de las novedades de este a\u00f1o ha sido la celebraci\u00f3n de Uhinak en formato h\u00edbrido, combinando la presencia de los ponentes en el Auditorio de Ficoba con la participaci\u00f3n de los congresistas on line.<\/p>\n<p>Este formato ha respondido perfectamente a las necesidades de comunicaci\u00f3n y de compartir reflexiones y debates de un congreso de estas caracter\u00edsticas, que en esta cuarta edici\u00f3n ha contado con 180 participantes.<\/p>\n<p>Cabe resaltar el creciente inter\u00e9s que el congreso est\u00e1 teniendo entre los m\u00faltiples actores del complejo ecosistema del cambio clim\u00e1tico y litoral. Los asistentes del resto del Estado ya suman el 23% de los asistentes, mientras que los procedentes de Francia ascienden a un 13%, haciendo realidad el car\u00e1cter transfronterizo del congreso.<\/p>\n<p><strong>Sobre Uhinak<\/strong><\/p>\n<p>Uhinak, Congreso Transfronterizo de cambio Clim\u00e1tico y Litoral promovido por Ficoba y el centro tecnol\u00f3gico AZTI, cuenta con el respaldo de un Comit\u00e9 T\u00e9cnico integrado por representantes del Gobierno Vasco (Ihobe), la Diputaci\u00f3n Foral de Gipuzkoa, la Communaut\u00e9 d\u2019agglom\u00e9ration Pays<\/p>\n<p>Basque , Adegi, CSIC\/ESADE\/CEAB, Oficina Espa\u00f1ola de Cambio Clim\u00e1tico, BC3, EUCC Atlantic Center, el Colegio de Ingenieros de Caminos, Canales y Puertos del Pa\u00eds Vasco, Fundaci\u00f3n Naturklima, IAHR (International Association for Hydro-Environment Engineering and Research), el Observatorio para la Sostenibilidad-Fundaci\u00f3n Cristina-Enea, la Eurorregi\u00f3n Nueva Aquitania-Euskadi-Navarra y AZTI.<\/p>\n<p>Asimismo, Uhinak tiene el apoyo de m\u00faltiples instituciones como el Departamento de Desarrollo Econ\u00f3mico, Sostenibilidad y Medio Ambiente del Gobierno Vasco a trav\u00e9s de su sociedad p\u00fablica Ihobe,\u00a0la Diputaci\u00f3n Foral de Gipuzkoa (Departamento de Medio Ambiente), Communaut\u00e9 d\u2019agglom\u00e9ration Pays Basque y la Regi\u00f3n Nouvelle Aquitaine.<\/p>\n<p><strong>M\u00e1s informaci\u00f3n:<\/strong> <a href=\"http:\/\/www.uhinak.com\"><strong>www.uhinak.com<\/strong><\/a><\/p>\n","protected":false},"excerpt":{"rendered":"<p>180 personas han participado durante dos d\u00edas en el Congreso Transfronterizo de Cambio Clim\u00e1tico y Litoral, celebrado en formato h\u00edbrido: presencial y on line Cient\u00edficos, t\u00e9cnicos y gestores han participado [&hellip;]<\/p>\n","protected":false},"author":2,"featured_media":7585,"comment_status":"closed","ping_status":"closed","sticky":false,"template":"","format":"standard","meta":{"_et_pb_use_builder":"","_et_pb_old_content":"","_et_gb_content_width":"","footnotes":""},"categories":[3],"tags":[158,187,159,199],"class_list":["post-7584","post","type-post","status-publish","format-standard","has-post-thumbnail","hentry","category-eventos-y-ferias","tag-cambio-climatico","tag-cambio-climatico-y-litoral","tag-emergencia-climatica","tag-emergencia-climatica-y-litoral"],"yoast_head":"<!-- This site is optimized with the Yoast SEO plugin v26.8 - https:\/\/yoast.com\/product\/yoast-seo-wordpress\/ -->\n<title>Uhinak 2020: \u201cEs hora de empezar a hablar de adaptaci\u00f3n frente a los efectos del cambio clim\u00e1tico\u201d - Ficoba<\/title>\n<meta name=\"description\" content=\"Congreso Uhinak 2020: Uhinak 2020: \u201cEs hora de empezar a hablar de adaptaci\u00f3n frente a los efectos del cambio clim\u00e1tico\u201d\" \/>\n<meta name=\"robots\" content=\"index, follow, max-snippet:-1, max-image-preview:large, max-video-preview:-1\" \/>\n<link rel=\"canonical\" href=\"https:\/\/www.ficoba.org\/es\/uhinak-2020-congreso-de-cambio-climatico-y-litoral\/\" \/>\n<meta name=\"twitter:label1\" content=\"Escrito por\" \/>\n\t<meta name=\"twitter:data1\" content=\"ficoba\" \/>\n\t<meta name=\"twitter:label2\" content=\"Tiempo de lectura\" \/>\n\t<meta name=\"twitter:data2\" content=\"4 minutos\" \/>\n<script type=\"application\/ld+json\" class=\"yoast-schema-graph\">{\"@context\":\"https:\/\/schema.org\",\"@graph\":[{\"@type\":\"Article\",\"@id\":\"https:\/\/www.ficoba.org\/es\/uhinak-2020-congreso-de-cambio-climatico-y-litoral\/#article\",\"isPartOf\":{\"@id\":\"https:\/\/www.ficoba.org\/es\/uhinak-2020-congreso-de-cambio-climatico-y-litoral\/\"},\"author\":{\"name\":\"ficoba\",\"@id\":\"https:\/\/www.ficoba.org\/es\/#\/schema\/person\/8a96a121e5dbd393e6e6b5a7ee7ed407\"},\"headline\":\"Uhinak 2020: \u201cEs hora de empezar a hablar de adaptaci\u00f3n frente a los efectos del cambio clim\u00e1tico\u201d\",\"datePublished\":\"2020-11-06T12:21:38+00:00\",\"mainEntityOfPage\":{\"@id\":\"https:\/\/www.ficoba.org\/es\/uhinak-2020-congreso-de-cambio-climatico-y-litoral\/\"},\"wordCount\":795,\"publisher\":{\"@id\":\"https:\/\/www.ficoba.org\/es\/#organization\"},\"image\":{\"@id\":\"https:\/\/www.ficoba.org\/es\/uhinak-2020-congreso-de-cambio-climatico-y-litoral\/#primaryimage\"},\"thumbnailUrl\":\"https:\/\/www.ficoba.org\/wp-content\/uploads\/2020\/11\/UHINAK-20-JU-8-scaled.jpg\",\"keywords\":[\"Cambio clim\u00e1tico\",\"cambio clim\u00e1tico y litoral\",\"emergencia clim\u00e1tica\",\"emergencia clim\u00e1tica y litoral\"],\"articleSection\":[\"Eventos y ferias\"],\"inLanguage\":\"es\"},{\"@type\":\"WebPage\",\"@id\":\"https:\/\/www.ficoba.org\/es\/uhinak-2020-congreso-de-cambio-climatico-y-litoral\/\",\"url\":\"https:\/\/www.ficoba.org\/es\/uhinak-2020-congreso-de-cambio-climatico-y-litoral\/\",\"name\":\"Uhinak 2020: \u201cEs hora de empezar a hablar de adaptaci\u00f3n frente a los efectos del cambio clim\u00e1tico\u201d - Ficoba\",\"isPartOf\":{\"@id\":\"https:\/\/www.ficoba.org\/es\/#website\"},\"primaryImageOfPage\":{\"@id\":\"https:\/\/www.ficoba.org\/es\/uhinak-2020-congreso-de-cambio-climatico-y-litoral\/#primaryimage\"},\"image\":{\"@id\":\"https:\/\/www.ficoba.org\/es\/uhinak-2020-congreso-de-cambio-climatico-y-litoral\/#primaryimage\"},\"thumbnailUrl\":\"https:\/\/www.ficoba.org\/wp-content\/uploads\/2020\/11\/UHINAK-20-JU-8-scaled.jpg\",\"datePublished\":\"2020-11-06T12:21:38+00:00\",\"description\":\"Congreso Uhinak 2020: Uhinak 2020: \u201cEs hora de empezar a hablar de adaptaci\u00f3n frente a los efectos del cambio clim\u00e1tico\u201d\",\"breadcrumb\":{\"@id\":\"https:\/\/www.ficoba.org\/es\/uhinak-2020-congreso-de-cambio-climatico-y-litoral\/#breadcrumb\"},\"inLanguage\":\"es\",\"potentialAction\":[{\"@type\":\"ReadAction\",\"target\":[\"https:\/\/www.ficoba.org\/es\/uhinak-2020-congreso-de-cambio-climatico-y-litoral\/\"]}]},{\"@type\":\"ImageObject\",\"inLanguage\":\"es\",\"@id\":\"https:\/\/www.ficoba.org\/es\/uhinak-2020-congreso-de-cambio-climatico-y-litoral\/#primaryimage\",\"url\":\"https:\/\/www.ficoba.org\/wp-content\/uploads\/2020\/11\/UHINAK-20-JU-8-scaled.jpg\",\"contentUrl\":\"https:\/\/www.ficoba.org\/wp-content\/uploads\/2020\/11\/UHINAK-20-JU-8-scaled.jpg\",\"width\":2560,\"height\":1707},{\"@type\":\"BreadcrumbList\",\"@id\":\"https:\/\/www.ficoba.org\/es\/uhinak-2020-congreso-de-cambio-climatico-y-litoral\/#breadcrumb\",\"itemListElement\":[{\"@type\":\"ListItem\",\"position\":1,\"name\":\"Portada\",\"item\":\"https:\/\/www.ficoba.org\/es\/\"},{\"@type\":\"ListItem\",\"position\":2,\"name\":\"Uhinak 2020: \u201cEs hora de empezar a hablar de adaptaci\u00f3n frente a los efectos del cambio clim\u00e1tico\u201d\"}]},{\"@type\":\"WebSite\",\"@id\":\"https:\/\/www.ficoba.org\/es\/#website\",\"url\":\"https:\/\/www.ficoba.org\/es\/\",\"name\":\"Ficoba, Recinto Ferial de Gipuzkoa\",\"description\":\"Ficoba, recinto ferial de Gipuzkoa\",\"publisher\":{\"@id\":\"https:\/\/www.ficoba.org\/es\/#organization\"},\"alternateName\":\"Ficoba\",\"potentialAction\":[{\"@type\":\"SearchAction\",\"target\":{\"@type\":\"EntryPoint\",\"urlTemplate\":\"https:\/\/www.ficoba.org\/es\/?s={search_term_string}\"},\"query-input\":{\"@type\":\"PropertyValueSpecification\",\"valueRequired\":true,\"valueName\":\"search_term_string\"}}],\"inLanguage\":\"es\"},{\"@type\":\"Organization\",\"@id\":\"https:\/\/www.ficoba.org\/es\/#organization\",\"name\":\"Ficoba, Reciento Ferial de Gipuzkoa\",\"url\":\"https:\/\/www.ficoba.org\/es\/\",\"logo\":{\"@type\":\"ImageObject\",\"inLanguage\":\"es\",\"@id\":\"https:\/\/www.ficoba.org\/es\/#\/schema\/logo\/image\/\",\"url\":\"https:\/\/www.ficoba.org\/wp-content\/uploads\/2018\/11\/logo_ficoba.png\",\"contentUrl\":\"https:\/\/www.ficoba.org\/wp-content\/uploads\/2018\/11\/logo_ficoba.png\",\"width\":200,\"height\":124,\"caption\":\"Ficoba, Reciento Ferial de Gipuzkoa\"},\"image\":{\"@id\":\"https:\/\/www.ficoba.org\/es\/#\/schema\/logo\/image\/\"},\"sameAs\":[\"https:\/\/www.facebook.com\/FICOBAFUNDAZIOA\/\",\"https:\/\/x.com\/FicobaFundazioa\",\"https:\/\/www.youtube.com\/channel\/UCvo2JGluemyCf5KPRmEF9JQ\",\"https:\/\/www.linkedin.com\/company\/ficoba\/\",\"https:\/\/www.instagram.com\/ficobafundazioa\/\"]},{\"@type\":\"Person\",\"@id\":\"https:\/\/www.ficoba.org\/es\/#\/schema\/person\/8a96a121e5dbd393e6e6b5a7ee7ed407\",\"name\":\"ficoba\",\"image\":{\"@type\":\"ImageObject\",\"inLanguage\":\"es\",\"@id\":\"https:\/\/www.ficoba.org\/es\/#\/schema\/person\/image\/\",\"url\":\"https:\/\/secure.gravatar.com\/avatar\/c90cc0e07f75fecbe4165c1906a4cd61b0179a28caae2205d37516e4fb7c30c1?s=96&d=mm&r=g\",\"contentUrl\":\"https:\/\/secure.gravatar.com\/avatar\/c90cc0e07f75fecbe4165c1906a4cd61b0179a28caae2205d37516e4fb7c30c1?s=96&d=mm&r=g\",\"caption\":\"ficoba\"}}]}<\/script>\n<!-- \/ Yoast SEO plugin. -->","yoast_head_json":{"title":"Uhinak 2020: \u201cEs hora de empezar a hablar de adaptaci\u00f3n frente a los efectos del cambio clim\u00e1tico\u201d - Ficoba","description":"Congreso Uhinak 2020: Uhinak 2020: \u201cEs hora de empezar a hablar de adaptaci\u00f3n frente a los efectos del cambio clim\u00e1tico\u201d","robots":{"index":"index","follow":"follow","max-snippet":"max-snippet:-1","max-image-preview":"max-image-preview:large","max-video-preview":"max-video-preview:-1"},"canonical":"https:\/\/www.ficoba.org\/es\/uhinak-2020-congreso-de-cambio-climatico-y-litoral\/","twitter_misc":{"Escrito por":"ficoba","Tiempo de lectura":"4 minutos"},"schema":{"@context":"https:\/\/schema.org","@graph":[{"@type":"Article","@id":"https:\/\/www.ficoba.org\/es\/uhinak-2020-congreso-de-cambio-climatico-y-litoral\/#article","isPartOf":{"@id":"https:\/\/www.ficoba.org\/es\/uhinak-2020-congreso-de-cambio-climatico-y-litoral\/"},"author":{"name":"ficoba","@id":"https:\/\/www.ficoba.org\/es\/#\/schema\/person\/8a96a121e5dbd393e6e6b5a7ee7ed407"},"headline":"Uhinak 2020: \u201cEs hora de empezar a hablar de adaptaci\u00f3n frente a los efectos del cambio clim\u00e1tico\u201d","datePublished":"2020-11-06T12:21:38+00:00","mainEntityOfPage":{"@id":"https:\/\/www.ficoba.org\/es\/uhinak-2020-congreso-de-cambio-climatico-y-litoral\/"},"wordCount":795,"publisher":{"@id":"https:\/\/www.ficoba.org\/es\/#organization"},"image":{"@id":"https:\/\/www.ficoba.org\/es\/uhinak-2020-congreso-de-cambio-climatico-y-litoral\/#primaryimage"},"thumbnailUrl":"https:\/\/www.ficoba.org\/wp-content\/uploads\/2020\/11\/UHINAK-20-JU-8-scaled.jpg","keywords":["Cambio clim\u00e1tico","cambio clim\u00e1tico y litoral","emergencia clim\u00e1tica","emergencia clim\u00e1tica y litoral"],"articleSection":["Eventos y ferias"],"inLanguage":"es"},{"@type":"WebPage","@id":"https:\/\/www.ficoba.org\/es\/uhinak-2020-congreso-de-cambio-climatico-y-litoral\/","url":"https:\/\/www.ficoba.org\/es\/uhinak-2020-congreso-de-cambio-climatico-y-litoral\/","name":"Uhinak 2020: \u201cEs hora de empezar a hablar de adaptaci\u00f3n frente a los efectos del cambio clim\u00e1tico\u201d - Ficoba","isPartOf":{"@id":"https:\/\/www.ficoba.org\/es\/#website"},"primaryImageOfPage":{"@id":"https:\/\/www.ficoba.org\/es\/uhinak-2020-congreso-de-cambio-climatico-y-litoral\/#primaryimage"},"image":{"@id":"https:\/\/www.ficoba.org\/es\/uhinak-2020-congreso-de-cambio-climatico-y-litoral\/#primaryimage"},"thumbnailUrl":"https:\/\/www.ficoba.org\/wp-content\/uploads\/2020\/11\/UHINAK-20-JU-8-scaled.jpg","datePublished":"2020-11-06T12:21:38+00:00","description":"Congreso Uhinak 2020: Uhinak 2020: \u201cEs hora de empezar a hablar de adaptaci\u00f3n frente a los efectos del cambio clim\u00e1tico\u201d","breadcrumb":{"@id":"https:\/\/www.ficoba.org\/es\/uhinak-2020-congreso-de-cambio-climatico-y-litoral\/#breadcrumb"},"inLanguage":"es","potentialAction":[{"@type":"ReadAction","target":["https:\/\/www.ficoba.org\/es\/uhinak-2020-congreso-de-cambio-climatico-y-litoral\/"]}]},{"@type":"ImageObject","inLanguage":"es","@id":"https:\/\/www.ficoba.org\/es\/uhinak-2020-congreso-de-cambio-climatico-y-litoral\/#primaryimage","url":"https:\/\/www.ficoba.org\/wp-content\/uploads\/2020\/11\/UHINAK-20-JU-8-scaled.jpg","contentUrl":"https:\/\/www.ficoba.org\/wp-content\/uploads\/2020\/11\/UHINAK-20-JU-8-scaled.jpg","width":2560,"height":1707},{"@type":"BreadcrumbList","@id":"https:\/\/www.ficoba.org\/es\/uhinak-2020-congreso-de-cambio-climatico-y-litoral\/#breadcrumb","itemListElement":[{"@type":"ListItem","position":1,"name":"Portada","item":"https:\/\/www.ficoba.org\/es\/"},{"@type":"ListItem","position":2,"name":"Uhinak 2020: \u201cEs hora de empezar a hablar de adaptaci\u00f3n frente a los efectos del cambio clim\u00e1tico\u201d"}]},{"@type":"WebSite","@id":"https:\/\/www.ficoba.org\/es\/#website","url":"https:\/\/www.ficoba.org\/es\/","name":"Ficoba, Recinto Ferial de Gipuzkoa","description":"Ficoba, recinto ferial de Gipuzkoa","publisher":{"@id":"https:\/\/www.ficoba.org\/es\/#organization"},"alternateName":"Ficoba","potentialAction":[{"@type":"SearchAction","target":{"@type":"EntryPoint","urlTemplate":"https:\/\/www.ficoba.org\/es\/?s={search_term_string}"},"query-input":{"@type":"PropertyValueSpecification","valueRequired":true,"valueName":"search_term_string"}}],"inLanguage":"es"},{"@type":"Organization","@id":"https:\/\/www.ficoba.org\/es\/#organization","name":"Ficoba, Reciento Ferial de Gipuzkoa","url":"https:\/\/www.ficoba.org\/es\/","logo":{"@type":"ImageObject","inLanguage":"es","@id":"https:\/\/www.ficoba.org\/es\/#\/schema\/logo\/image\/","url":"https:\/\/www.ficoba.org\/wp-content\/uploads\/2018\/11\/logo_ficoba.png","contentUrl":"https:\/\/www.ficoba.org\/wp-content\/uploads\/2018\/11\/logo_ficoba.png","width":200,"height":124,"caption":"Ficoba, Reciento Ferial de Gipuzkoa"},"image":{"@id":"https:\/\/www.ficoba.org\/es\/#\/schema\/logo\/image\/"},"sameAs":["https:\/\/www.facebook.com\/FICOBAFUNDAZIOA\/","https:\/\/x.com\/FicobaFundazioa","https:\/\/www.youtube.com\/channel\/UCvo2JGluemyCf5KPRmEF9JQ","https:\/\/www.linkedin.com\/company\/ficoba\/","https:\/\/www.instagram.com\/ficobafundazioa\/"]},{"@type":"Person","@id":"https:\/\/www.ficoba.org\/es\/#\/schema\/person\/8a96a121e5dbd393e6e6b5a7ee7ed407","name":"ficoba","image":{"@type":"ImageObject","inLanguage":"es","@id":"https:\/\/www.ficoba.org\/es\/#\/schema\/person\/image\/","url":"https:\/\/secure.gravatar.com\/avatar\/c90cc0e07f75fecbe4165c1906a4cd61b0179a28caae2205d37516e4fb7c30c1?s=96&d=mm&r=g","contentUrl":"https:\/\/secure.gravatar.com\/avatar\/c90cc0e07f75fecbe4165c1906a4cd61b0179a28caae2205d37516e4fb7c30c1?s=96&d=mm&r=g","caption":"ficoba"}}]}},"_links":{"self":[{"href":"https:\/\/www.ficoba.org\/es\/wp-json\/wp\/v2\/posts\/7584","targetHints":{"allow":["GET"]}}],"collection":[{"href":"https:\/\/www.ficoba.org\/es\/wp-json\/wp\/v2\/posts"}],"about":[{"href":"https:\/\/www.ficoba.org\/es\/wp-json\/wp\/v2\/types\/post"}],"author":[{"embeddable":true,"href":"https:\/\/www.ficoba.org\/es\/wp-json\/wp\/v2\/users\/2"}],"replies":[{"embeddable":true,"href":"https:\/\/www.ficoba.org\/es\/wp-json\/wp\/v2\/comments?post=7584"}],"version-history":[{"count":1,"href":"https:\/\/www.ficoba.org\/es\/wp-json\/wp\/v2\/posts\/7584\/revisions"}],"predecessor-version":[{"id":7589,"href":"https:\/\/www.ficoba.org\/es\/wp-json\/wp\/v2\/posts\/7584\/revisions\/7589"}],"wp:featuredmedia":[{"embeddable":true,"href":"https:\/\/www.ficoba.org\/es\/wp-json\/wp\/v2\/media\/7585"}],"wp:attachment":[{"href":"https:\/\/www.ficoba.org\/es\/wp-json\/wp\/v2\/media?parent=7584"}],"wp:term":[{"taxonomy":"category","embeddable":true,"href":"https:\/\/www.ficoba.org\/es\/wp-json\/wp\/v2\/categories?post=7584"},{"taxonomy":"post_tag","embeddable":true,"href":"https:\/\/www.ficoba.org\/es\/wp-json\/wp\/v2\/tags?post=7584"}],"curies":[{"name":"wp","href":"https:\/\/api.w.org\/{rel}","templated":true}]}}