{"id":7481,"date":"2020-10-28T14:24:11","date_gmt":"2020-10-28T12:24:11","guid":{"rendered":"https:\/\/www.ficoba.org\/?p=7481"},"modified":"2020-10-28T14:24:11","modified_gmt":"2020-10-28T12:24:11","slug":"uhinak-2020-expertos-y-gestores-debatiran-el-4-y-5-de-noviembre-en-ficoba-sobre-las-medidas-frente-al-cambio-climatico-en-nuestro-litoral","status":"publish","type":"post","link":"https:\/\/www.ficoba.org\/es\/uhinak-2020-expertos-y-gestores-debatiran-el-4-y-5-de-noviembre-en-ficoba-sobre-las-medidas-frente-al-cambio-climatico-en-nuestro-litoral\/","title":{"rendered":"Uhinak 2020: expertos y gestores debatir\u00e1n el 4 y 5 de noviembre en Ficoba sobre las medidas frente al cambio clim\u00e1tico en nuestro litoral"},"content":{"rendered":"<ul>\n<li><strong>M\u00e1s de 150 congresistas han confirmado su participaci\u00f3n<\/strong><\/li>\n<li><strong>El congreso de cambio clim\u00e1tico y litoral contar\u00e1 con 11 seminarios de expertos y m\u00e1s de 40 comunicaciones <\/strong><\/li>\n<li><strong>Uhinak se celebrar\u00e1 en un formato h\u00edbrido: presencial y on line<\/strong><\/li>\n<\/ul>\n<p>Este a\u00f1o el auditorio de Ficoba se convertir\u00e1 en un plat\u00f3 de televisi\u00f3n desde el que se desarrollar\u00e1 en streaming la cuarta edici\u00f3n del Congreso de Cambio Clim\u00e1tico y Litoral, Uhinak. La actual situaci\u00f3n derivada del Covid-19 ha provocado que se haya replanteado el formato para optimizar el desarrollo del propio congreso y garantizar su celebraci\u00f3n en las mejores condiciones para los congresistas. El resultado: un congreso en formato h\u00edbrido, presencial para los ponentes y virtual para los m\u00e1s de 150 congresistas que han confirmado su participaci\u00f3n.<\/p>\n<p>El cambio clim\u00e1tico tampoco es ajeno a la crisis sanitaria y econ\u00f3mica generada por el coronavirus que amenaza con frenar los avances realizados durante los \u00faltimos a\u00f1os. \u201cUn grave error, como se\u00f1ala Guillem Chust, coordinador cient\u00edfico de Uhinak, sobre todo si se tiene en cuenta que la mejor garant\u00eda para construir una sociedad que pueda hacer frente a nuevas pandemias es a trav\u00e9s de pol\u00edticas ambientales que garanticen el desarrollo sostenible. Es imprescindible simultanear la recuperaci\u00f3n pos-COVID-19 con los objetivos clim\u00e1ticos\u201d.<\/p>\n<p>Por eso, este a\u00f1o es m\u00e1s importante que nunca que representantes del sector p\u00fablico, de la pol\u00edtica, de la empresa, t\u00e9cnicos, expertos de centros tecnol\u00f3gicos y de investigaci\u00f3n unan sus voces en Uhinak y ofrezcan argumentos para poner en valor, como reza el eslogan del congreso, la necesidad de movernos para actuar ante la emergencia clim\u00e1tica.<\/p>\n<p>El objetivo principal de este debate multidisciplinar, que se va a desarrollar en Ficoba el 4 y 5 de noviembre, es conocer las necesidades de los gestores que tienen que adoptar medidas frente al cambio clim\u00e1tico y ver qu\u00e9 puede aportar la comunidad cient\u00edfica y tecnol\u00f3gica para solucionarlo. Todo ello en un contexto como Uhinak que favorece el intercambio de experiencias, el conocimiento de buenas pr\u00e1cticas, promueve la colaboraci\u00f3n en la gesti\u00f3n y mantenimiento del litoral a trav\u00e9s de la cooperaci\u00f3n transfronteriza, la creaci\u00f3n de sinergias y nuevas oportunidades empresariales como consecuencia de las medidas que hay que ir adoptando progresivamente para hacer frente al cambio clim\u00e1tico.<\/p>\n<p><strong>Una realidad que evoluciona<\/strong><\/p>\n<p>La reflexi\u00f3n y el debate de los participantes en Uhinak se va a tener lugar en un contexto que ha evolucionado desde que se celebr\u00f3 la primera edici\u00f3n del congreso.<\/p>\n<p>Adolfo Uriarte, director de Valor de AZTI, entidad que organiza Uhinak junto a Ficoba, se\u00f1ala que \u201cdesde 2015, a\u00f1o en el que comenz\u00f3 la andadura del congreso han ocurrido algunos cambios en la percepci\u00f3n de la crisis clim\u00e1tica que merecen ser destacados, pero quiz\u00e1s el de mayor impacto ha sido la declaraci\u00f3n de emergencia clim\u00e1tica de m\u00faltiples gobiernos en diferentes partes del planeta, entre ellos los Gobiernos de la UE, de Espa\u00f1a y de Euskadi. Una emergencia que intenta activar las conciencias pol\u00edticas para comenzar a tomar acci\u00f3n en la crisis ambiental existente.<\/p>\n<p>La \u00faltima reuni\u00f3n de la COP25 en diciembre de 2019, lejos de ser un fracaso total, como algunos promueven, fue tambi\u00e9n una cumbre de compromisos. Uno de ellos, el que probablemente m\u00e1s nos ata\u00f1e dentro del compromiso que hemos adquirido en Uhinak, es el reconocimiento general que se ha dado al papel de la ciencia. Se ha reconocido abiertamente el papel del IPCC (Grupo Intergubernamental de Expertos sobre el Cambio Clim\u00e1tico) y se ha llegado al consenso de que las pol\u00edticas deben ser permanentemente actualizadas en base a los avances de la ciencia.<\/p>\n<p>En ello estamos, trabajamos a nivel local pero cada vez con una visi\u00f3n m\u00e1s global. Tenemos que seguir insistiendo en el mensaje que lanzamos en nuestra primera edici\u00f3n: el coste de no hacer nada ser\u00e1 muy superior al que supone actuar en la mitigaci\u00f3n y adaptaci\u00f3n a los cambios\u201d.<\/p>\n<p><strong>Bloques y ponencias<\/strong><\/p>\n<p>En esta edici\u00f3n Uhinak contar\u00e1 con 11 seminarios de expertos invitados y m\u00e1s de 40 comunicaciones, estructurados en cuatro bloques que cubren los retos de la emergencia clim\u00e1tica para nuestro litoral en 2050, las medidas de adaptaci\u00f3n a los fen\u00f3menos costeros extremos, las medidas de mitigaci\u00f3n del cambio clim\u00e1tico y el llamado carbono azul, y la gobernanza global como herramienta de gesti\u00f3n.<\/p>\n<p>En el <strong>Bloque 1: Emergencia clim\u00e1tica: Nuestro litoral en el 2050<\/strong> se abordar\u00e1n temas como los riesgos derivados de un calentamiento global superior a 1.5\u00baC, el nuevo informe del IPCC (Grupo Intergubernamental de Expertos sobre el Cambio Clim\u00e1tico) sobre los oc\u00e9anos y la cri\u00f3sfera, la resiliencia e impactos en actividades humanas, ecosistemas y sus servicios, y biodiversidad, los archivos paleoclim\u00e1ticos o los escenarios clim\u00e1ticos.<\/p>\n<p>El <strong>Bloque 2 sobre eventos extremos y medidas de adaptaci\u00f3n<\/strong> abordar\u00e1 el oleaje extremo, temporales, mareas meteorol\u00f3gicas, inundaciones, epidemias, olas de calor, gesti\u00f3n del riesgo, los retos en evaluar la contribuci\u00f3n del cambio clim\u00e1tico a los eventos extremos, las redes de observatorios clim\u00e1ticos e instrumentaci\u00f3n innovadora de seguimiento, los efectos y da\u00f1os en playas, puertos, infraestructuras cr\u00edticas y zonas urbanas y la vulnerabilidad, exposici\u00f3n del litoral, actuaciones y estrategias de adaptaci\u00f3n.<\/p>\n<p>En el <strong>Bloque 3, bajo el t\u00edtulo de \u201cEl carbono azul y mitigaci\u00f3n del cambio clim\u00e1tico\u201d<\/strong> se tratar\u00e1n temas como el papel del carbono capturado por los ecosistemas oce\u00e1nicos y costeros (llamado carbono azul) en la mitigaci\u00f3n global, la descarbonizaci\u00f3n de la econom\u00eda azul, la econom\u00eda circular, las evaluaciones econ\u00f3micas y la mitigaci\u00f3n del cambio clim\u00e1tico en el litoral.<\/p>\n<p>Por \u00faltimo, en el <strong>Bloque 4 sobre gobernanza y herramientas de gesti\u00f3n<\/strong>, los expertos debatir\u00e1n sobre gesti\u00f3n integrada de zonas costeras y planificaci\u00f3n espacial marina, gesti\u00f3n ecosist\u00e9mica y soluciones basadas en la naturaleza, herramientas para las alertas tempranas y la toma de decisi\u00f3n, planes y programas de acci\u00f3n por el clima en el litoral, y comunicaci\u00f3n, percepci\u00f3n y participaci\u00f3n ciudadana.<\/p>\n<p>Entre la larga lista de ponentes que participar\u00e1n en Uhinak que ya se puede consultar en la p\u00e1gina web del congreso, destacan participaciones como la del Catedr\u00e1tico de Ecolog\u00eda, miembro del Instituto de Oceanograf\u00eda y Cambio Global de la Universidad de Las Palmas de Gran Canaria. Profesor e Investigador en Oceanograf\u00eda Biol\u00f3gica y Cambio Clim\u00e1tico, Javier Ar\u00edstegi, que ser\u00e1 el encargado de la ponencia inaugural de la primera jornada.<\/p>\n<p>Ar\u00edstegi abordar\u00e1 en su ponencia las soluciones basadas en el oc\u00e9ano para remover CO2: un reto para la ciencia y la gobernanza.<\/p>\n<p>La ponencia inaugural de la segunda jornada de Uhinak correr\u00e1 a cargo de la Dra. Mar\u00eda J. Sanz, profesora Ikerbasque y directora cient\u00edfica del Basque Center for Climate Change (BC3), centro de excelencia del Gobierno Vasco y Unidad de Excelencia Maria de Maeztu, donde lidera un equipo de investigaci\u00f3n multidisciplinar. Su conferencia girar\u00e1 en torno al cambio clim\u00e1tico y el carbono azul.<\/p>\n<p><strong>Sobre Uhinak<\/strong><\/p>\n<p>Uhinak, Congreso Transfronterizo de cambio Clim\u00e1tico y Litoral promovido por Ficoba y el centro tecnol\u00f3gico AZTI, cuenta con el respaldo de un Comit\u00e9 T\u00e9cnico integrado por representantes del Gobierno Vasco (Ihobe), la Diputaci\u00f3n Foral de Gipuzkoa, la Communaut\u00e9 d\u2019agglom\u00e9ration Pays Basque , Adegi, CSIC\/ESADE\/CEAB, Oficina Espa\u00f1ola de Cambio Clim\u00e1tico, BC3, EUCC Atlantic Center, el Colegio de Ingenieros de Caminos, Canales y Puertos del Pa\u00eds Vasco, Fundaci\u00f3n Naturklima, IAHR (International Association for Hydro-Environment Engineering and Research), el Observatorio para la Sostenibilidad-Fundaci\u00f3n Cristina-Enea, la Eurorregi\u00f3n Nueva Aquitania-Euskadi-Navarra y AZTI.<\/p>\n<p><strong>\u00a0<\/strong><\/p>\n<p>Asimismo, Uhinak tiene el apoyo de m\u00faltiples instituciones como el Departamento de Desarrollo Econ\u00f3mico, Sostenibilidad y Medio Ambiente del Gobierno Vasco a trav\u00e9s de su sociedad p\u00fablica Ihobe,\u00a0la Diputaci\u00f3n Foral de Gipuzkoa (Departamento de Medio Ambiente), Communaut\u00e9 d\u2019agglom\u00e9ration Pays Basque y la Regi\u00f3n Nouvelle Aquitaine.<\/p>\n","protected":false},"excerpt":{"rendered":"<p>M\u00e1s de 150 congresistas han confirmado su participaci\u00f3n El congreso de cambio clim\u00e1tico y litoral contar\u00e1 con 11 seminarios de expertos y m\u00e1s de 40 comunicaciones Uhinak se celebrar\u00e1 en [&hellip;]<\/p>\n","protected":false},"author":2,"featured_media":7482,"comment_status":"closed","ping_status":"closed","sticky":false,"template":"","format":"standard","meta":{"_et_pb_use_builder":"","_et_pb_old_content":"","_et_gb_content_width":"","footnotes":""},"categories":[3],"tags":[187,189,159,188],"class_list":["post-7481","post","type-post","status-publish","format-standard","has-post-thumbnail","hentry","category-eventos-y-ferias","tag-cambio-climatico-y-litoral","tag-carbono-azul","tag-emergencia-climatica","tag-eventos-extremos"],"yoast_head":"<!-- This site is optimized with the Yoast SEO plugin v26.8 - https:\/\/yoast.com\/product\/yoast-seo-wordpress\/ -->\n<title>Uhinak 2020: expertos y gestores debatir\u00e1n el 4 y 5 de noviembre en Ficoba sobre las medidas frente al cambio clim\u00e1tico en nuestro litoral - Ficoba<\/title>\n<meta name=\"robots\" content=\"index, follow, max-snippet:-1, max-image-preview:large, max-video-preview:-1\" \/>\n<link rel=\"canonical\" href=\"https:\/\/www.ficoba.org\/es\/uhinak-2020-expertos-y-gestores-debatiran-el-4-y-5-de-noviembre-en-ficoba-sobre-las-medidas-frente-al-cambio-climatico-en-nuestro-litoral\/\" \/>\n<meta name=\"twitter:label1\" content=\"Escrito por\" \/>\n\t<meta name=\"twitter:data1\" content=\"ficoba\" \/>\n\t<meta name=\"twitter:label2\" content=\"Tiempo de lectura\" \/>\n\t<meta name=\"twitter:data2\" content=\"7 minutos\" \/>\n<script type=\"application\/ld+json\" class=\"yoast-schema-graph\">{\"@context\":\"https:\/\/schema.org\",\"@graph\":[{\"@type\":\"Article\",\"@id\":\"https:\/\/www.ficoba.org\/es\/uhinak-2020-expertos-y-gestores-debatiran-el-4-y-5-de-noviembre-en-ficoba-sobre-las-medidas-frente-al-cambio-climatico-en-nuestro-litoral\/#article\",\"isPartOf\":{\"@id\":\"https:\/\/www.ficoba.org\/es\/uhinak-2020-expertos-y-gestores-debatiran-el-4-y-5-de-noviembre-en-ficoba-sobre-las-medidas-frente-al-cambio-climatico-en-nuestro-litoral\/\"},\"author\":{\"name\":\"ficoba\",\"@id\":\"https:\/\/www.ficoba.org\/es\/#\/schema\/person\/8a96a121e5dbd393e6e6b5a7ee7ed407\"},\"headline\":\"Uhinak 2020: expertos y gestores debatir\u00e1n el 4 y 5 de noviembre en Ficoba sobre las medidas frente al cambio clim\u00e1tico en nuestro litoral\",\"datePublished\":\"2020-10-28T12:24:11+00:00\",\"mainEntityOfPage\":{\"@id\":\"https:\/\/www.ficoba.org\/es\/uhinak-2020-expertos-y-gestores-debatiran-el-4-y-5-de-noviembre-en-ficoba-sobre-las-medidas-frente-al-cambio-climatico-en-nuestro-litoral\/\"},\"wordCount\":1402,\"publisher\":{\"@id\":\"https:\/\/www.ficoba.org\/es\/#organization\"},\"image\":{\"@id\":\"https:\/\/www.ficoba.org\/es\/uhinak-2020-expertos-y-gestores-debatiran-el-4-y-5-de-noviembre-en-ficoba-sobre-las-medidas-frente-al-cambio-climatico-en-nuestro-litoral\/#primaryimage\"},\"thumbnailUrl\":\"https:\/\/www.ficoba.org\/wp-content\/uploads\/2020\/10\/Uhinak-1.jpg\",\"keywords\":[\"cambio clim\u00e1tico y litoral\",\"carbono azul\",\"emergencia clim\u00e1tica\",\"eventos extremos\"],\"articleSection\":[\"Eventos y ferias\"],\"inLanguage\":\"es\"},{\"@type\":\"WebPage\",\"@id\":\"https:\/\/www.ficoba.org\/es\/uhinak-2020-expertos-y-gestores-debatiran-el-4-y-5-de-noviembre-en-ficoba-sobre-las-medidas-frente-al-cambio-climatico-en-nuestro-litoral\/\",\"url\":\"https:\/\/www.ficoba.org\/es\/uhinak-2020-expertos-y-gestores-debatiran-el-4-y-5-de-noviembre-en-ficoba-sobre-las-medidas-frente-al-cambio-climatico-en-nuestro-litoral\/\",\"name\":\"Uhinak 2020: expertos y gestores debatir\u00e1n el 4 y 5 de noviembre en Ficoba sobre las medidas frente al cambio clim\u00e1tico en nuestro litoral - Ficoba\",\"isPartOf\":{\"@id\":\"https:\/\/www.ficoba.org\/es\/#website\"},\"primaryImageOfPage\":{\"@id\":\"https:\/\/www.ficoba.org\/es\/uhinak-2020-expertos-y-gestores-debatiran-el-4-y-5-de-noviembre-en-ficoba-sobre-las-medidas-frente-al-cambio-climatico-en-nuestro-litoral\/#primaryimage\"},\"image\":{\"@id\":\"https:\/\/www.ficoba.org\/es\/uhinak-2020-expertos-y-gestores-debatiran-el-4-y-5-de-noviembre-en-ficoba-sobre-las-medidas-frente-al-cambio-climatico-en-nuestro-litoral\/#primaryimage\"},\"thumbnailUrl\":\"https:\/\/www.ficoba.org\/wp-content\/uploads\/2020\/10\/Uhinak-1.jpg\",\"datePublished\":\"2020-10-28T12:24:11+00:00\",\"breadcrumb\":{\"@id\":\"https:\/\/www.ficoba.org\/es\/uhinak-2020-expertos-y-gestores-debatiran-el-4-y-5-de-noviembre-en-ficoba-sobre-las-medidas-frente-al-cambio-climatico-en-nuestro-litoral\/#breadcrumb\"},\"inLanguage\":\"es\",\"potentialAction\":[{\"@type\":\"ReadAction\",\"target\":[\"https:\/\/www.ficoba.org\/es\/uhinak-2020-expertos-y-gestores-debatiran-el-4-y-5-de-noviembre-en-ficoba-sobre-las-medidas-frente-al-cambio-climatico-en-nuestro-litoral\/\"]}]},{\"@type\":\"ImageObject\",\"inLanguage\":\"es\",\"@id\":\"https:\/\/www.ficoba.org\/es\/uhinak-2020-expertos-y-gestores-debatiran-el-4-y-5-de-noviembre-en-ficoba-sobre-las-medidas-frente-al-cambio-climatico-en-nuestro-litoral\/#primaryimage\",\"url\":\"https:\/\/www.ficoba.org\/wp-content\/uploads\/2020\/10\/Uhinak-1.jpg\",\"contentUrl\":\"https:\/\/www.ficoba.org\/wp-content\/uploads\/2020\/10\/Uhinak-1.jpg\",\"width\":2016,\"height\":1512},{\"@type\":\"BreadcrumbList\",\"@id\":\"https:\/\/www.ficoba.org\/es\/uhinak-2020-expertos-y-gestores-debatiran-el-4-y-5-de-noviembre-en-ficoba-sobre-las-medidas-frente-al-cambio-climatico-en-nuestro-litoral\/#breadcrumb\",\"itemListElement\":[{\"@type\":\"ListItem\",\"position\":1,\"name\":\"Portada\",\"item\":\"https:\/\/www.ficoba.org\/es\/\"},{\"@type\":\"ListItem\",\"position\":2,\"name\":\"Uhinak 2020: expertos y gestores debatir\u00e1n el 4 y 5 de noviembre en Ficoba sobre las medidas frente al cambio clim\u00e1tico en nuestro litoral\"}]},{\"@type\":\"WebSite\",\"@id\":\"https:\/\/www.ficoba.org\/es\/#website\",\"url\":\"https:\/\/www.ficoba.org\/es\/\",\"name\":\"Ficoba, Recinto Ferial de Gipuzkoa\",\"description\":\"Ficoba, recinto ferial de Gipuzkoa\",\"publisher\":{\"@id\":\"https:\/\/www.ficoba.org\/es\/#organization\"},\"alternateName\":\"Ficoba\",\"potentialAction\":[{\"@type\":\"SearchAction\",\"target\":{\"@type\":\"EntryPoint\",\"urlTemplate\":\"https:\/\/www.ficoba.org\/es\/?s={search_term_string}\"},\"query-input\":{\"@type\":\"PropertyValueSpecification\",\"valueRequired\":true,\"valueName\":\"search_term_string\"}}],\"inLanguage\":\"es\"},{\"@type\":\"Organization\",\"@id\":\"https:\/\/www.ficoba.org\/es\/#organization\",\"name\":\"Ficoba, Reciento Ferial de Gipuzkoa\",\"url\":\"https:\/\/www.ficoba.org\/es\/\",\"logo\":{\"@type\":\"ImageObject\",\"inLanguage\":\"es\",\"@id\":\"https:\/\/www.ficoba.org\/es\/#\/schema\/logo\/image\/\",\"url\":\"https:\/\/www.ficoba.org\/wp-content\/uploads\/2018\/11\/logo_ficoba.png\",\"contentUrl\":\"https:\/\/www.ficoba.org\/wp-content\/uploads\/2018\/11\/logo_ficoba.png\",\"width\":200,\"height\":124,\"caption\":\"Ficoba, Reciento Ferial de Gipuzkoa\"},\"image\":{\"@id\":\"https:\/\/www.ficoba.org\/es\/#\/schema\/logo\/image\/\"},\"sameAs\":[\"https:\/\/www.facebook.com\/FICOBAFUNDAZIOA\/\",\"https:\/\/x.com\/FicobaFundazioa\",\"https:\/\/www.youtube.com\/channel\/UCvo2JGluemyCf5KPRmEF9JQ\",\"https:\/\/www.linkedin.com\/company\/ficoba\/\",\"https:\/\/www.instagram.com\/ficobafundazioa\/\"]},{\"@type\":\"Person\",\"@id\":\"https:\/\/www.ficoba.org\/es\/#\/schema\/person\/8a96a121e5dbd393e6e6b5a7ee7ed407\",\"name\":\"ficoba\",\"image\":{\"@type\":\"ImageObject\",\"inLanguage\":\"es\",\"@id\":\"https:\/\/www.ficoba.org\/es\/#\/schema\/person\/image\/\",\"url\":\"https:\/\/secure.gravatar.com\/avatar\/c90cc0e07f75fecbe4165c1906a4cd61b0179a28caae2205d37516e4fb7c30c1?s=96&d=mm&r=g\",\"contentUrl\":\"https:\/\/secure.gravatar.com\/avatar\/c90cc0e07f75fecbe4165c1906a4cd61b0179a28caae2205d37516e4fb7c30c1?s=96&d=mm&r=g\",\"caption\":\"ficoba\"}}]}<\/script>\n<!-- \/ Yoast SEO plugin. -->","yoast_head_json":{"title":"Uhinak 2020: expertos y gestores debatir\u00e1n el 4 y 5 de noviembre en Ficoba sobre las medidas frente al cambio clim\u00e1tico en nuestro litoral - Ficoba","robots":{"index":"index","follow":"follow","max-snippet":"max-snippet:-1","max-image-preview":"max-image-preview:large","max-video-preview":"max-video-preview:-1"},"canonical":"https:\/\/www.ficoba.org\/es\/uhinak-2020-expertos-y-gestores-debatiran-el-4-y-5-de-noviembre-en-ficoba-sobre-las-medidas-frente-al-cambio-climatico-en-nuestro-litoral\/","twitter_misc":{"Escrito por":"ficoba","Tiempo de lectura":"7 minutos"},"schema":{"@context":"https:\/\/schema.org","@graph":[{"@type":"Article","@id":"https:\/\/www.ficoba.org\/es\/uhinak-2020-expertos-y-gestores-debatiran-el-4-y-5-de-noviembre-en-ficoba-sobre-las-medidas-frente-al-cambio-climatico-en-nuestro-litoral\/#article","isPartOf":{"@id":"https:\/\/www.ficoba.org\/es\/uhinak-2020-expertos-y-gestores-debatiran-el-4-y-5-de-noviembre-en-ficoba-sobre-las-medidas-frente-al-cambio-climatico-en-nuestro-litoral\/"},"author":{"name":"ficoba","@id":"https:\/\/www.ficoba.org\/es\/#\/schema\/person\/8a96a121e5dbd393e6e6b5a7ee7ed407"},"headline":"Uhinak 2020: expertos y gestores debatir\u00e1n el 4 y 5 de noviembre en Ficoba sobre las medidas frente al cambio clim\u00e1tico en nuestro litoral","datePublished":"2020-10-28T12:24:11+00:00","mainEntityOfPage":{"@id":"https:\/\/www.ficoba.org\/es\/uhinak-2020-expertos-y-gestores-debatiran-el-4-y-5-de-noviembre-en-ficoba-sobre-las-medidas-frente-al-cambio-climatico-en-nuestro-litoral\/"},"wordCount":1402,"publisher":{"@id":"https:\/\/www.ficoba.org\/es\/#organization"},"image":{"@id":"https:\/\/www.ficoba.org\/es\/uhinak-2020-expertos-y-gestores-debatiran-el-4-y-5-de-noviembre-en-ficoba-sobre-las-medidas-frente-al-cambio-climatico-en-nuestro-litoral\/#primaryimage"},"thumbnailUrl":"https:\/\/www.ficoba.org\/wp-content\/uploads\/2020\/10\/Uhinak-1.jpg","keywords":["cambio clim\u00e1tico y litoral","carbono azul","emergencia clim\u00e1tica","eventos extremos"],"articleSection":["Eventos y ferias"],"inLanguage":"es"},{"@type":"WebPage","@id":"https:\/\/www.ficoba.org\/es\/uhinak-2020-expertos-y-gestores-debatiran-el-4-y-5-de-noviembre-en-ficoba-sobre-las-medidas-frente-al-cambio-climatico-en-nuestro-litoral\/","url":"https:\/\/www.ficoba.org\/es\/uhinak-2020-expertos-y-gestores-debatiran-el-4-y-5-de-noviembre-en-ficoba-sobre-las-medidas-frente-al-cambio-climatico-en-nuestro-litoral\/","name":"Uhinak 2020: expertos y gestores debatir\u00e1n el 4 y 5 de noviembre en Ficoba sobre las medidas frente al cambio clim\u00e1tico en nuestro litoral - Ficoba","isPartOf":{"@id":"https:\/\/www.ficoba.org\/es\/#website"},"primaryImageOfPage":{"@id":"https:\/\/www.ficoba.org\/es\/uhinak-2020-expertos-y-gestores-debatiran-el-4-y-5-de-noviembre-en-ficoba-sobre-las-medidas-frente-al-cambio-climatico-en-nuestro-litoral\/#primaryimage"},"image":{"@id":"https:\/\/www.ficoba.org\/es\/uhinak-2020-expertos-y-gestores-debatiran-el-4-y-5-de-noviembre-en-ficoba-sobre-las-medidas-frente-al-cambio-climatico-en-nuestro-litoral\/#primaryimage"},"thumbnailUrl":"https:\/\/www.ficoba.org\/wp-content\/uploads\/2020\/10\/Uhinak-1.jpg","datePublished":"2020-10-28T12:24:11+00:00","breadcrumb":{"@id":"https:\/\/www.ficoba.org\/es\/uhinak-2020-expertos-y-gestores-debatiran-el-4-y-5-de-noviembre-en-ficoba-sobre-las-medidas-frente-al-cambio-climatico-en-nuestro-litoral\/#breadcrumb"},"inLanguage":"es","potentialAction":[{"@type":"ReadAction","target":["https:\/\/www.ficoba.org\/es\/uhinak-2020-expertos-y-gestores-debatiran-el-4-y-5-de-noviembre-en-ficoba-sobre-las-medidas-frente-al-cambio-climatico-en-nuestro-litoral\/"]}]},{"@type":"ImageObject","inLanguage":"es","@id":"https:\/\/www.ficoba.org\/es\/uhinak-2020-expertos-y-gestores-debatiran-el-4-y-5-de-noviembre-en-ficoba-sobre-las-medidas-frente-al-cambio-climatico-en-nuestro-litoral\/#primaryimage","url":"https:\/\/www.ficoba.org\/wp-content\/uploads\/2020\/10\/Uhinak-1.jpg","contentUrl":"https:\/\/www.ficoba.org\/wp-content\/uploads\/2020\/10\/Uhinak-1.jpg","width":2016,"height":1512},{"@type":"BreadcrumbList","@id":"https:\/\/www.ficoba.org\/es\/uhinak-2020-expertos-y-gestores-debatiran-el-4-y-5-de-noviembre-en-ficoba-sobre-las-medidas-frente-al-cambio-climatico-en-nuestro-litoral\/#breadcrumb","itemListElement":[{"@type":"ListItem","position":1,"name":"Portada","item":"https:\/\/www.ficoba.org\/es\/"},{"@type":"ListItem","position":2,"name":"Uhinak 2020: expertos y gestores debatir\u00e1n el 4 y 5 de noviembre en Ficoba sobre las medidas frente al cambio clim\u00e1tico en nuestro litoral"}]},{"@type":"WebSite","@id":"https:\/\/www.ficoba.org\/es\/#website","url":"https:\/\/www.ficoba.org\/es\/","name":"Ficoba, Recinto Ferial de Gipuzkoa","description":"Ficoba, recinto ferial de Gipuzkoa","publisher":{"@id":"https:\/\/www.ficoba.org\/es\/#organization"},"alternateName":"Ficoba","potentialAction":[{"@type":"SearchAction","target":{"@type":"EntryPoint","urlTemplate":"https:\/\/www.ficoba.org\/es\/?s={search_term_string}"},"query-input":{"@type":"PropertyValueSpecification","valueRequired":true,"valueName":"search_term_string"}}],"inLanguage":"es"},{"@type":"Organization","@id":"https:\/\/www.ficoba.org\/es\/#organization","name":"Ficoba, Reciento Ferial de Gipuzkoa","url":"https:\/\/www.ficoba.org\/es\/","logo":{"@type":"ImageObject","inLanguage":"es","@id":"https:\/\/www.ficoba.org\/es\/#\/schema\/logo\/image\/","url":"https:\/\/www.ficoba.org\/wp-content\/uploads\/2018\/11\/logo_ficoba.png","contentUrl":"https:\/\/www.ficoba.org\/wp-content\/uploads\/2018\/11\/logo_ficoba.png","width":200,"height":124,"caption":"Ficoba, Reciento Ferial de Gipuzkoa"},"image":{"@id":"https:\/\/www.ficoba.org\/es\/#\/schema\/logo\/image\/"},"sameAs":["https:\/\/www.facebook.com\/FICOBAFUNDAZIOA\/","https:\/\/x.com\/FicobaFundazioa","https:\/\/www.youtube.com\/channel\/UCvo2JGluemyCf5KPRmEF9JQ","https:\/\/www.linkedin.com\/company\/ficoba\/","https:\/\/www.instagram.com\/ficobafundazioa\/"]},{"@type":"Person","@id":"https:\/\/www.ficoba.org\/es\/#\/schema\/person\/8a96a121e5dbd393e6e6b5a7ee7ed407","name":"ficoba","image":{"@type":"ImageObject","inLanguage":"es","@id":"https:\/\/www.ficoba.org\/es\/#\/schema\/person\/image\/","url":"https:\/\/secure.gravatar.com\/avatar\/c90cc0e07f75fecbe4165c1906a4cd61b0179a28caae2205d37516e4fb7c30c1?s=96&d=mm&r=g","contentUrl":"https:\/\/secure.gravatar.com\/avatar\/c90cc0e07f75fecbe4165c1906a4cd61b0179a28caae2205d37516e4fb7c30c1?s=96&d=mm&r=g","caption":"ficoba"}}]}},"_links":{"self":[{"href":"https:\/\/www.ficoba.org\/es\/wp-json\/wp\/v2\/posts\/7481","targetHints":{"allow":["GET"]}}],"collection":[{"href":"https:\/\/www.ficoba.org\/es\/wp-json\/wp\/v2\/posts"}],"about":[{"href":"https:\/\/www.ficoba.org\/es\/wp-json\/wp\/v2\/types\/post"}],"author":[{"embeddable":true,"href":"https:\/\/www.ficoba.org\/es\/wp-json\/wp\/v2\/users\/2"}],"replies":[{"embeddable":true,"href":"https:\/\/www.ficoba.org\/es\/wp-json\/wp\/v2\/comments?post=7481"}],"version-history":[{"count":1,"href":"https:\/\/www.ficoba.org\/es\/wp-json\/wp\/v2\/posts\/7481\/revisions"}],"predecessor-version":[{"id":7486,"href":"https:\/\/www.ficoba.org\/es\/wp-json\/wp\/v2\/posts\/7481\/revisions\/7486"}],"wp:featuredmedia":[{"embeddable":true,"href":"https:\/\/www.ficoba.org\/es\/wp-json\/wp\/v2\/media\/7482"}],"wp:attachment":[{"href":"https:\/\/www.ficoba.org\/es\/wp-json\/wp\/v2\/media?parent=7481"}],"wp:term":[{"taxonomy":"category","embeddable":true,"href":"https:\/\/www.ficoba.org\/es\/wp-json\/wp\/v2\/categories?post=7481"},{"taxonomy":"post_tag","embeddable":true,"href":"https:\/\/www.ficoba.org\/es\/wp-json\/wp\/v2\/tags?post=7481"}],"curies":[{"name":"wp","href":"https:\/\/api.w.org\/{rel}","templated":true}]}}