{"id":7421,"date":"2020-10-13T11:24:37","date_gmt":"2020-10-13T09:24:37","guid":{"rendered":"https:\/\/www.ficoba.org\/?p=7421"},"modified":"2020-10-13T11:24:37","modified_gmt":"2020-10-13T09:24:37","slug":"el-medio-ambiente-y-la-sostenibilidad-confirman-su-tiron-en-bioterra-2020","status":"publish","type":"post","link":"https:\/\/www.ficoba.org\/es\/el-medio-ambiente-y-la-sostenibilidad-confirman-su-tiron-en-bioterra-2020\/","title":{"rendered":"El medio ambiente y la sostenibilidad confirman su tir\u00f3n en Bioterra 2020"},"content":{"rendered":"<p>Una edici\u00f3n m\u00e1s expositores y visitantes han mostrado su fidelidad con Bioterra, la feria de Euskadi de productos ecol\u00f3gicos, bioconstrucci\u00f3n, energ\u00edas renovables y consumo responsable.<\/p>\n<p>Durante los cuatro d\u00edas que ha durado la feria, uno m\u00e1s de los habituales para garantizar la seguridad y la comodidad de los asistentes, los tres pabellones de Ficoba han acogido a un p\u00fablico con ganas de retomar la asistencia a las ferias, de conocer personalmente la oferta de los 85 expositores de Bioterra y de participar en las diferentes actividades paralelas.<\/p>\n<p>Un p\u00fablico comprometido con la sostenibilidad y medioambiente, que se ha mostrado en todo momento colaborativo a la hora de cumplir las diferentes medidas higi\u00e9nico sanitarias adoptadas por la organizaci\u00f3n del evento.<\/p>\n<p>El hecho de que el aforo m\u00e1ximo permitido no haya superado en ning\u00fan momento las 600 personas ha posibilitado una visita especialmente tranquila a las personas que se han acercado este puente a Ficoba. La mayor\u00eda de ellas han procedido de Gipuzkoa, con un 87%, y de pr\u00e1cticamente todas las comarcas del territorio, especialmente de Irun, Donostialdea y Oarsoaldea. Cabe destacar tambi\u00e9n la participaci\u00f3n del p\u00fablico vizca\u00edno (4%), franc\u00e9s (4%) y navarro (3%).<\/p>\n<p>Como en ediciones precedentes, Bioterra ha sido tambi\u00e9n capaz de atraer a expositores de numerosas comunidades aut\u00f3nomas, as\u00ed como de Francia. Entre las presencias m\u00e1s numerosas ha destacado Euskadi con 28 expositores, 20 de ellos guipuzcoanos, Navarra con 14, Madrid con 8, Catalu\u00f1a y Andaluc\u00eda con 7 respectivamente y la Comunidad valenciana que este a\u00f1o aporta 6 expositores.<\/p>\n<p><a href=\"http:\/\/bioterra.ficoba.org\"><strong>http:\/\/bioterra.ficoba.org<\/strong><\/a><\/p>\n","protected":false},"excerpt":{"rendered":"<p>Una edici\u00f3n m\u00e1s expositores y visitantes han mostrado su fidelidad con Bioterra, la feria de Euskadi de productos ecol\u00f3gicos, bioconstrucci\u00f3n, energ\u00edas renovables y consumo responsable. Durante los cuatro d\u00edas que [&hellip;]<\/p>\n","protected":false},"author":2,"featured_media":7426,"comment_status":"closed","ping_status":"closed","sticky":false,"template":"","format":"standard","meta":{"_et_pb_use_builder":"","_et_pb_old_content":"","_et_gb_content_width":"","footnotes":""},"categories":[3],"tags":[],"class_list":["post-7421","post","type-post","status-publish","format-standard","has-post-thumbnail","hentry","category-eventos-y-ferias"],"yoast_head":"<!-- This site is optimized with the Yoast SEO plugin v26.8 - https:\/\/yoast.com\/product\/yoast-seo-wordpress\/ -->\n<title>El medio ambiente y la sostenibilidad confirman su tir\u00f3n en Bioterra 2020 - Ficoba<\/title>\n<meta name=\"robots\" content=\"index, follow, max-snippet:-1, max-image-preview:large, max-video-preview:-1\" \/>\n<link rel=\"canonical\" href=\"https:\/\/www.ficoba.org\/es\/el-medio-ambiente-y-la-sostenibilidad-confirman-su-tiron-en-bioterra-2020\/\" \/>\n<meta name=\"twitter:label1\" content=\"Escrito por\" \/>\n\t<meta name=\"twitter:data1\" content=\"ficoba\" \/>\n\t<meta name=\"twitter:label2\" content=\"Tiempo de lectura\" \/>\n\t<meta name=\"twitter:data2\" content=\"1 minuto\" \/>\n<script type=\"application\/ld+json\" class=\"yoast-schema-graph\">{\"@context\":\"https:\/\/schema.org\",\"@graph\":[{\"@type\":\"Article\",\"@id\":\"https:\/\/www.ficoba.org\/es\/el-medio-ambiente-y-la-sostenibilidad-confirman-su-tiron-en-bioterra-2020\/#article\",\"isPartOf\":{\"@id\":\"https:\/\/www.ficoba.org\/es\/el-medio-ambiente-y-la-sostenibilidad-confirman-su-tiron-en-bioterra-2020\/\"},\"author\":{\"name\":\"ficoba\",\"@id\":\"https:\/\/www.ficoba.org\/es\/#\/schema\/person\/8a96a121e5dbd393e6e6b5a7ee7ed407\"},\"headline\":\"El medio ambiente y la sostenibilidad confirman su tir\u00f3n en Bioterra 2020\",\"datePublished\":\"2020-10-13T09:24:37+00:00\",\"mainEntityOfPage\":{\"@id\":\"https:\/\/www.ficoba.org\/es\/el-medio-ambiente-y-la-sostenibilidad-confirman-su-tiron-en-bioterra-2020\/\"},\"wordCount\":280,\"publisher\":{\"@id\":\"https:\/\/www.ficoba.org\/es\/#organization\"},\"image\":{\"@id\":\"https:\/\/www.ficoba.org\/es\/el-medio-ambiente-y-la-sostenibilidad-confirman-su-tiron-en-bioterra-2020\/#primaryimage\"},\"thumbnailUrl\":\"https:\/\/www.ficoba.org\/wp-content\/uploads\/2020\/10\/201011-BIO-115-scaled.jpg\",\"articleSection\":[\"Eventos y ferias\"],\"inLanguage\":\"es\"},{\"@type\":\"WebPage\",\"@id\":\"https:\/\/www.ficoba.org\/es\/el-medio-ambiente-y-la-sostenibilidad-confirman-su-tiron-en-bioterra-2020\/\",\"url\":\"https:\/\/www.ficoba.org\/es\/el-medio-ambiente-y-la-sostenibilidad-confirman-su-tiron-en-bioterra-2020\/\",\"name\":\"El medio ambiente y la sostenibilidad confirman su tir\u00f3n en Bioterra 2020 - Ficoba\",\"isPartOf\":{\"@id\":\"https:\/\/www.ficoba.org\/es\/#website\"},\"primaryImageOfPage\":{\"@id\":\"https:\/\/www.ficoba.org\/es\/el-medio-ambiente-y-la-sostenibilidad-confirman-su-tiron-en-bioterra-2020\/#primaryimage\"},\"image\":{\"@id\":\"https:\/\/www.ficoba.org\/es\/el-medio-ambiente-y-la-sostenibilidad-confirman-su-tiron-en-bioterra-2020\/#primaryimage\"},\"thumbnailUrl\":\"https:\/\/www.ficoba.org\/wp-content\/uploads\/2020\/10\/201011-BIO-115-scaled.jpg\",\"datePublished\":\"2020-10-13T09:24:37+00:00\",\"breadcrumb\":{\"@id\":\"https:\/\/www.ficoba.org\/es\/el-medio-ambiente-y-la-sostenibilidad-confirman-su-tiron-en-bioterra-2020\/#breadcrumb\"},\"inLanguage\":\"es\",\"potentialAction\":[{\"@type\":\"ReadAction\",\"target\":[\"https:\/\/www.ficoba.org\/es\/el-medio-ambiente-y-la-sostenibilidad-confirman-su-tiron-en-bioterra-2020\/\"]}]},{\"@type\":\"ImageObject\",\"inLanguage\":\"es\",\"@id\":\"https:\/\/www.ficoba.org\/es\/el-medio-ambiente-y-la-sostenibilidad-confirman-su-tiron-en-bioterra-2020\/#primaryimage\",\"url\":\"https:\/\/www.ficoba.org\/wp-content\/uploads\/2020\/10\/201011-BIO-115-scaled.jpg\",\"contentUrl\":\"https:\/\/www.ficoba.org\/wp-content\/uploads\/2020\/10\/201011-BIO-115-scaled.jpg\",\"width\":2560,\"height\":1707},{\"@type\":\"BreadcrumbList\",\"@id\":\"https:\/\/www.ficoba.org\/es\/el-medio-ambiente-y-la-sostenibilidad-confirman-su-tiron-en-bioterra-2020\/#breadcrumb\",\"itemListElement\":[{\"@type\":\"ListItem\",\"position\":1,\"name\":\"Portada\",\"item\":\"https:\/\/www.ficoba.org\/es\/\"},{\"@type\":\"ListItem\",\"position\":2,\"name\":\"El medio ambiente y la sostenibilidad confirman su tir\u00f3n en Bioterra 2020\"}]},{\"@type\":\"WebSite\",\"@id\":\"https:\/\/www.ficoba.org\/es\/#website\",\"url\":\"https:\/\/www.ficoba.org\/es\/\",\"name\":\"Ficoba, Recinto Ferial de Gipuzkoa\",\"description\":\"Ficoba, recinto ferial de Gipuzkoa\",\"publisher\":{\"@id\":\"https:\/\/www.ficoba.org\/es\/#organization\"},\"alternateName\":\"Ficoba\",\"potentialAction\":[{\"@type\":\"SearchAction\",\"target\":{\"@type\":\"EntryPoint\",\"urlTemplate\":\"https:\/\/www.ficoba.org\/es\/?s={search_term_string}\"},\"query-input\":{\"@type\":\"PropertyValueSpecification\",\"valueRequired\":true,\"valueName\":\"search_term_string\"}}],\"inLanguage\":\"es\"},{\"@type\":\"Organization\",\"@id\":\"https:\/\/www.ficoba.org\/es\/#organization\",\"name\":\"Ficoba, Reciento Ferial de Gipuzkoa\",\"url\":\"https:\/\/www.ficoba.org\/es\/\",\"logo\":{\"@type\":\"ImageObject\",\"inLanguage\":\"es\",\"@id\":\"https:\/\/www.ficoba.org\/es\/#\/schema\/logo\/image\/\",\"url\":\"https:\/\/www.ficoba.org\/wp-content\/uploads\/2018\/11\/logo_ficoba.png\",\"contentUrl\":\"https:\/\/www.ficoba.org\/wp-content\/uploads\/2018\/11\/logo_ficoba.png\",\"width\":200,\"height\":124,\"caption\":\"Ficoba, Reciento Ferial de Gipuzkoa\"},\"image\":{\"@id\":\"https:\/\/www.ficoba.org\/es\/#\/schema\/logo\/image\/\"},\"sameAs\":[\"https:\/\/www.facebook.com\/FICOBAFUNDAZIOA\/\",\"https:\/\/x.com\/FicobaFundazioa\",\"https:\/\/www.youtube.com\/channel\/UCvo2JGluemyCf5KPRmEF9JQ\",\"https:\/\/www.linkedin.com\/company\/ficoba\/\",\"https:\/\/www.instagram.com\/ficobafundazioa\/\"]},{\"@type\":\"Person\",\"@id\":\"https:\/\/www.ficoba.org\/es\/#\/schema\/person\/8a96a121e5dbd393e6e6b5a7ee7ed407\",\"name\":\"ficoba\",\"image\":{\"@type\":\"ImageObject\",\"inLanguage\":\"es\",\"@id\":\"https:\/\/www.ficoba.org\/es\/#\/schema\/person\/image\/\",\"url\":\"https:\/\/secure.gravatar.com\/avatar\/c90cc0e07f75fecbe4165c1906a4cd61b0179a28caae2205d37516e4fb7c30c1?s=96&d=mm&r=g\",\"contentUrl\":\"https:\/\/secure.gravatar.com\/avatar\/c90cc0e07f75fecbe4165c1906a4cd61b0179a28caae2205d37516e4fb7c30c1?s=96&d=mm&r=g\",\"caption\":\"ficoba\"}}]}<\/script>\n<!-- \/ Yoast SEO plugin. -->","yoast_head_json":{"title":"El medio ambiente y la sostenibilidad confirman su tir\u00f3n en Bioterra 2020 - Ficoba","robots":{"index":"index","follow":"follow","max-snippet":"max-snippet:-1","max-image-preview":"max-image-preview:large","max-video-preview":"max-video-preview:-1"},"canonical":"https:\/\/www.ficoba.org\/es\/el-medio-ambiente-y-la-sostenibilidad-confirman-su-tiron-en-bioterra-2020\/","twitter_misc":{"Escrito por":"ficoba","Tiempo de lectura":"1 minuto"},"schema":{"@context":"https:\/\/schema.org","@graph":[{"@type":"Article","@id":"https:\/\/www.ficoba.org\/es\/el-medio-ambiente-y-la-sostenibilidad-confirman-su-tiron-en-bioterra-2020\/#article","isPartOf":{"@id":"https:\/\/www.ficoba.org\/es\/el-medio-ambiente-y-la-sostenibilidad-confirman-su-tiron-en-bioterra-2020\/"},"author":{"name":"ficoba","@id":"https:\/\/www.ficoba.org\/es\/#\/schema\/person\/8a96a121e5dbd393e6e6b5a7ee7ed407"},"headline":"El medio ambiente y la sostenibilidad confirman su tir\u00f3n en Bioterra 2020","datePublished":"2020-10-13T09:24:37+00:00","mainEntityOfPage":{"@id":"https:\/\/www.ficoba.org\/es\/el-medio-ambiente-y-la-sostenibilidad-confirman-su-tiron-en-bioterra-2020\/"},"wordCount":280,"publisher":{"@id":"https:\/\/www.ficoba.org\/es\/#organization"},"image":{"@id":"https:\/\/www.ficoba.org\/es\/el-medio-ambiente-y-la-sostenibilidad-confirman-su-tiron-en-bioterra-2020\/#primaryimage"},"thumbnailUrl":"https:\/\/www.ficoba.org\/wp-content\/uploads\/2020\/10\/201011-BIO-115-scaled.jpg","articleSection":["Eventos y ferias"],"inLanguage":"es"},{"@type":"WebPage","@id":"https:\/\/www.ficoba.org\/es\/el-medio-ambiente-y-la-sostenibilidad-confirman-su-tiron-en-bioterra-2020\/","url":"https:\/\/www.ficoba.org\/es\/el-medio-ambiente-y-la-sostenibilidad-confirman-su-tiron-en-bioterra-2020\/","name":"El medio ambiente y la sostenibilidad confirman su tir\u00f3n en Bioterra 2020 - Ficoba","isPartOf":{"@id":"https:\/\/www.ficoba.org\/es\/#website"},"primaryImageOfPage":{"@id":"https:\/\/www.ficoba.org\/es\/el-medio-ambiente-y-la-sostenibilidad-confirman-su-tiron-en-bioterra-2020\/#primaryimage"},"image":{"@id":"https:\/\/www.ficoba.org\/es\/el-medio-ambiente-y-la-sostenibilidad-confirman-su-tiron-en-bioterra-2020\/#primaryimage"},"thumbnailUrl":"https:\/\/www.ficoba.org\/wp-content\/uploads\/2020\/10\/201011-BIO-115-scaled.jpg","datePublished":"2020-10-13T09:24:37+00:00","breadcrumb":{"@id":"https:\/\/www.ficoba.org\/es\/el-medio-ambiente-y-la-sostenibilidad-confirman-su-tiron-en-bioterra-2020\/#breadcrumb"},"inLanguage":"es","potentialAction":[{"@type":"ReadAction","target":["https:\/\/www.ficoba.org\/es\/el-medio-ambiente-y-la-sostenibilidad-confirman-su-tiron-en-bioterra-2020\/"]}]},{"@type":"ImageObject","inLanguage":"es","@id":"https:\/\/www.ficoba.org\/es\/el-medio-ambiente-y-la-sostenibilidad-confirman-su-tiron-en-bioterra-2020\/#primaryimage","url":"https:\/\/www.ficoba.org\/wp-content\/uploads\/2020\/10\/201011-BIO-115-scaled.jpg","contentUrl":"https:\/\/www.ficoba.org\/wp-content\/uploads\/2020\/10\/201011-BIO-115-scaled.jpg","width":2560,"height":1707},{"@type":"BreadcrumbList","@id":"https:\/\/www.ficoba.org\/es\/el-medio-ambiente-y-la-sostenibilidad-confirman-su-tiron-en-bioterra-2020\/#breadcrumb","itemListElement":[{"@type":"ListItem","position":1,"name":"Portada","item":"https:\/\/www.ficoba.org\/es\/"},{"@type":"ListItem","position":2,"name":"El medio ambiente y la sostenibilidad confirman su tir\u00f3n en Bioterra 2020"}]},{"@type":"WebSite","@id":"https:\/\/www.ficoba.org\/es\/#website","url":"https:\/\/www.ficoba.org\/es\/","name":"Ficoba, Recinto Ferial de Gipuzkoa","description":"Ficoba, recinto ferial de Gipuzkoa","publisher":{"@id":"https:\/\/www.ficoba.org\/es\/#organization"},"alternateName":"Ficoba","potentialAction":[{"@type":"SearchAction","target":{"@type":"EntryPoint","urlTemplate":"https:\/\/www.ficoba.org\/es\/?s={search_term_string}"},"query-input":{"@type":"PropertyValueSpecification","valueRequired":true,"valueName":"search_term_string"}}],"inLanguage":"es"},{"@type":"Organization","@id":"https:\/\/www.ficoba.org\/es\/#organization","name":"Ficoba, Reciento Ferial de Gipuzkoa","url":"https:\/\/www.ficoba.org\/es\/","logo":{"@type":"ImageObject","inLanguage":"es","@id":"https:\/\/www.ficoba.org\/es\/#\/schema\/logo\/image\/","url":"https:\/\/www.ficoba.org\/wp-content\/uploads\/2018\/11\/logo_ficoba.png","contentUrl":"https:\/\/www.ficoba.org\/wp-content\/uploads\/2018\/11\/logo_ficoba.png","width":200,"height":124,"caption":"Ficoba, Reciento Ferial de Gipuzkoa"},"image":{"@id":"https:\/\/www.ficoba.org\/es\/#\/schema\/logo\/image\/"},"sameAs":["https:\/\/www.facebook.com\/FICOBAFUNDAZIOA\/","https:\/\/x.com\/FicobaFundazioa","https:\/\/www.youtube.com\/channel\/UCvo2JGluemyCf5KPRmEF9JQ","https:\/\/www.linkedin.com\/company\/ficoba\/","https:\/\/www.instagram.com\/ficobafundazioa\/"]},{"@type":"Person","@id":"https:\/\/www.ficoba.org\/es\/#\/schema\/person\/8a96a121e5dbd393e6e6b5a7ee7ed407","name":"ficoba","image":{"@type":"ImageObject","inLanguage":"es","@id":"https:\/\/www.ficoba.org\/es\/#\/schema\/person\/image\/","url":"https:\/\/secure.gravatar.com\/avatar\/c90cc0e07f75fecbe4165c1906a4cd61b0179a28caae2205d37516e4fb7c30c1?s=96&d=mm&r=g","contentUrl":"https:\/\/secure.gravatar.com\/avatar\/c90cc0e07f75fecbe4165c1906a4cd61b0179a28caae2205d37516e4fb7c30c1?s=96&d=mm&r=g","caption":"ficoba"}}]}},"_links":{"self":[{"href":"https:\/\/www.ficoba.org\/es\/wp-json\/wp\/v2\/posts\/7421","targetHints":{"allow":["GET"]}}],"collection":[{"href":"https:\/\/www.ficoba.org\/es\/wp-json\/wp\/v2\/posts"}],"about":[{"href":"https:\/\/www.ficoba.org\/es\/wp-json\/wp\/v2\/types\/post"}],"author":[{"embeddable":true,"href":"https:\/\/www.ficoba.org\/es\/wp-json\/wp\/v2\/users\/2"}],"replies":[{"embeddable":true,"href":"https:\/\/www.ficoba.org\/es\/wp-json\/wp\/v2\/comments?post=7421"}],"version-history":[{"count":1,"href":"https:\/\/www.ficoba.org\/es\/wp-json\/wp\/v2\/posts\/7421\/revisions"}],"predecessor-version":[{"id":7430,"href":"https:\/\/www.ficoba.org\/es\/wp-json\/wp\/v2\/posts\/7421\/revisions\/7430"}],"wp:featuredmedia":[{"embeddable":true,"href":"https:\/\/www.ficoba.org\/es\/wp-json\/wp\/v2\/media\/7426"}],"wp:attachment":[{"href":"https:\/\/www.ficoba.org\/es\/wp-json\/wp\/v2\/media?parent=7421"}],"wp:term":[{"taxonomy":"category","embeddable":true,"href":"https:\/\/www.ficoba.org\/es\/wp-json\/wp\/v2\/categories?post=7421"},{"taxonomy":"post_tag","embeddable":true,"href":"https:\/\/www.ficoba.org\/es\/wp-json\/wp\/v2\/tags?post=7421"}],"curies":[{"name":"wp","href":"https:\/\/api.w.org\/{rel}","templated":true}]}}