{"id":7379,"date":"2020-10-05T12:04:32","date_gmt":"2020-10-05T10:04:32","guid":{"rendered":"https:\/\/www.ficoba.org\/?p=7379"},"modified":"2020-10-05T12:04:32","modified_gmt":"2020-10-05T10:04:32","slug":"bioterra-17-anos-poniendo-el-foco-en-la-lucha-del-cambio-climatico","status":"publish","type":"post","link":"https:\/\/www.ficoba.org\/es\/bioterra-17-anos-poniendo-el-foco-en-la-lucha-del-cambio-climatico\/","title":{"rendered":"Bioterra, 17 a\u00f1os poniendo el foco en la lucha del cambio clim\u00e1tico"},"content":{"rendered":"<ul>\n<li><strong>La feria decana de Ficoba se celebrar\u00e1 del 9 al 12 de octubre<\/strong><\/li>\n<li><strong>Bioterra ha adaptado la organizaci\u00f3n y la movilidad en sus espacios para ofrecer las m\u00e1ximas garant\u00edas de prevenci\u00f3n y seguridad<\/strong><\/li>\n<li><strong>85 expositores participan en la feria<\/strong><\/li>\n<li><strong>Este a\u00f1o la entrada ser\u00e1 gratuita<\/strong><\/li>\n<\/ul>\n<p><em>\u201c<\/em>17 a\u00f1os poniendo el foco en la lucha contra el cambio clim\u00e1tico\u201d es la propuesta de Bioterra 2020. Durante estos a\u00f1os, Bioterra ha dado visibilidad al sector ecol\u00f3gico, a la bioconstrucci\u00f3n y a las energ\u00edas renovables y ha ido evolucionando de manera progresiva para cumplir su objetivo de dar a conocer soluciones y productos sostenibles, responsables con el entorno y buenos para la salud. La estabilidad de los ecosistemas, la sostenibilidad y el cambio clim\u00e1tico son su prioridad.<\/p>\n<p>Bioterra 2020 contar\u00e1 con la participaci\u00f3n de 85 expositores que mostrar\u00e1n en Ficoba su oferta de oferta de productos con certificaci\u00f3n ecol\u00f3gica, alimentaci\u00f3n, textil y cosm\u00e9tica; cosm\u00e9tica e higiene natural; textiles y complementos naturales; h\u00e1bitat saludable, accesorios para las terapias naturales, remedios naturales (plantas medicinales, elixires, extractos y esencias), prensa especializada, bioconstrucci\u00f3n, autoconsumo y nueva movilidad.<\/p>\n<p>Como en ediciones precedentes, participan en Bioterra expositores de numerosas comunidades aut\u00f3nomas, as\u00ed como de Francia. Entre las presencias m\u00e1s numerosas destaca Euskadi con 28 expositores, 20 de ellos guipuzcoanos, Navarra con 14, Madrid con 8, Catalu\u00f1a y Andaluc\u00eda con 7 respectivamente y la Comunidad valenciana que este a\u00f1o aporta 6 expositores.<\/p>\n<p><strong>Un programa de conferencias repleto de propuestas<\/strong><\/p>\n<p>Tampoco han querido faltar a su cita anual con Bioterra expertos en las m\u00faltiples \u00e1reas que se abordan en la feria. Durante cuatro d\u00edas se hablar\u00e1 en Bioterra del Valor de los productos y servicios responsables, de las claves para disfrutar del confort y el bienestar en casa, de c\u00f3mo y por qu\u00e9 vivir sin pl\u00e1stico, de la limpieza de t\u00f3xicos para un hogar saludable, de la agroecolog\u00eda, de c\u00f3mo evitar la exposici\u00f3n a disruptores endocrinos, las comunidades energ\u00e9ticas o la dicotom\u00eda entre favorecer la salud o combatir la enfermedad.<\/p>\n<p><strong>Divulgando la cosm\u00e9tica ecol\u00f3gica<\/strong><\/p>\n<p>El espacio Biobeautygunea no deja de sumar adeptos. Personas interesadas en tratar respetuosamente la naturaleza y el medioambiente al tiempo que se cuidan. Durante cuatro d\u00edas las personas que visiten este espacio, con aforo reducido a 15 asistentes, podr\u00e1n participar en charlas y talleres sobre aromateapia y perfumer\u00eda, cuidados b\u00e1sicos del rostro, crear sus propias mascarillas, las flores y las plantas en cosm\u00e9tica, cuidado del rostro en el covid, cosm\u00e9tica capilar bot\u00e1nica y greenwashing, el gran enga\u00f1o, entre otros.<\/p>\n<p><strong>Sukaldean, con las manos en la masa<\/strong><\/p>\n<p>Este a\u00f1o para garantizar las medidas de higiene y distanciamiento recomendadas por las autoridades sanitarias, no habr\u00e1 oferta gastron\u00f3mica para consumir en los espacios de la feria. Pero las personas que visiten Bioterra podr\u00e1n adquirir nuevos conocimientos en torno a la cocina y la gastronom\u00eda en el espacio Sukaldean.<\/p>\n<p>Se han programado showcookings de platos saludables, charlas sobre la cocina crudivegana como una opci\u00f3n para ahorrar energ\u00eda, c\u00f3mo cuidar la salud de los hijos a trav\u00e9s de la alimentaci\u00f3n o aprender a hacer una buena hamburguesa vegetal.<\/p>\n<p><strong>Eraikiz Gunea, mejorando la calidad de edificios y ciudades<\/strong><\/p>\n<p>En este espacio<strong> de conferencias, coordinado por la Comisi\u00f3n de sostenibilidad d<\/strong>el Colegio de Arquitectos Vasco-Navarro de Gipuzkoa (COAVNGI), se dan cita las personas interesadas por las energ\u00edas renovables, la bioconstrucci\u00f3n y la econom\u00eda verde.<\/p>\n<p>Entre las tem\u00e1ticas que se abordar\u00e1n en esta edici\u00f3n de Bioterra destacan la econom\u00eda circular, el impacto del cambio clim\u00e1tico en Gipuzkoa, el mar como fuente de energ\u00eda, la iniciativa ReAct\u00edvate+ que consigue implicar a la ciudadan\u00eda para cambiar sus h\u00e1bitos de vida y as\u00ed avanzar en la sostenibilidad de Euskadi cumpliendo con los objetivos de desarrollo sostenible, la importancia de la ventilaci\u00f3n de las viviendas para garantizar su salubridad y la salud de los habitantes, \u00a0la nueva forma de hacer telas t\u00e9cnicas, techos y paredes para la construcci\u00f3n interior, la renaturalizaci\u00f3n de las ciudades o c\u00f3mo entender la factura el\u00e9ctrica.<\/p>\n<p><strong>Yoga Day y Escape Box<\/strong><\/p>\n<p>La cuarta edici\u00f3n del Yoga Day tendr\u00e1 lugar el lunes 12 de octubre a las 10.30 horas. Una masterclass, para adolescentes y adultos, con plazas limitadas. La inscripci\u00f3n, que es gratuita, se puede hacer en la propia web de Bioterra.<\/p>\n<p>Y los que prefieran los enigmas podr\u00e1n participar el Escape Box organizado por Servicios del Txingudi, ayudando a buscar las soluciones para que el \u201cInforme Tibur\u00f3n\u201d que tiene las claves<\/p>\n<p>para hacer frente al cambio clim\u00e1tico y restituir en tiempo r\u00e9cord los sistemas naturales m\u00e1s afectados del planeta pueda difundirse.<\/p>\n<p><strong>Que la suerte te acompa\u00f1e<\/strong><\/p>\n<p>A los que les acompa\u00f1e la suerte, podr\u00e1n ganar un lote de productos ecol\u00f3gicos de Ekolurra, Consejo de Agricultura y Alimentos Ecol\u00f3gicos de Euskadi, y vales de 100 euros para gastar en la propia feria. Ambos sorteos ser\u00e1n diarios.<\/p>\n<p><strong>Bioterra y los Objetivos de Desarrollo Sostenible<\/strong><\/p>\n<p>Bioterra se ha sumado a la Agenda 2030 de Naciones Unidas, el plan de acci\u00f3n m\u00e1s ambicioso desarrollado nunca en favor de las personas, el planeta y la prosperidad, con 17 Objetivos de Desarrollo Sostenible (ODS) y 169 metas. Ficoba ha dirigido sus esfuerzos a la promoci\u00f3n de los ODS 7, al ODS 12, y al ODS 13, es decir, a la energ\u00eda asequible y no contaminante y a la contribuci\u00f3n al desarrollo socioecon\u00f3mico y la lucha contra el cambio clim\u00e1tico.<\/p>\n<h3>Una parte de esa contribuci\u00f3n se realiza a trav\u00e9s de la celebraci\u00f3n de Bioterra que, tanto en sus espacios expositivos como divulgativos, abordar\u00e1 esta tem\u00e1tica, por ejemplo, a trav\u00e9s de la exposici\u00f3n \u201c17 objetivos para transformar nuestro mundo\u201d UNESCO Etxea o la exposici\u00f3n itinerante \u201cUn medioambiente sostenible en la lucha contra la pobreza\u201d de la Red por la Sostenibilidad Ambiental en la Lucha contra la Pobreza.<\/h3>\n<p><strong>Nuevas fechas, duraci\u00f3n y medidas de seguridad<\/strong><\/p>\n<p>Bioterra se ha trasladado de sus tradicionales fechas de junio y tendr\u00e1 lugar del 9 al 12 de octubre bajo el lema \u201c17 a\u00f1os poniendo el foco en la lucha contra el cambio clim\u00e1tico\u201d.<\/p>\n<p>Durante los \u00faltimos meses, la organizaci\u00f3n de la feria ha trabajado en el dise\u00f1o y despliegue de diferentes medidas para ofrecer las m\u00e1ximas garant\u00edas de prevenci\u00f3n y seguridad a todas las personas que participen en el evento.<\/p>\n<p>As\u00ed, este a\u00f1o Bioterra tendr\u00e1 cuatro d\u00edas de duraci\u00f3n, algo in\u00e9dito en la trayectoria de la feria, para incidir en uno de los aspectos fundamentales en cualquier evento de estas caracter\u00edsticas: mantener el distanciamiento necesario tanto entre los propios expositores como entre los visitantes para garantizar la prevenci\u00f3n frente al Covid-19, pero sin entorpecer el discurrir de las propuestas expositivas, divulgativas, gastron\u00f3micas y de ocio habituales de Bioterra.<\/p>\n<p>Adicionalmente, se han repensado tambi\u00e9n la organizaci\u00f3n y la movilidad dentro de los espacios de Ficoba y, entre otras medidas, se han habilitado pasillos m\u00e1s anchos, de hasta 8 metros.<\/p>\n<p><strong>Datos pr\u00e1cticos<\/strong><\/p>\n<p>La 17 edici\u00f3n de Bioterra abrir\u00e1 sus puertas del viernes 9 de octubre al lunes 12 de octubre.<\/p>\n<p>La feria tendr\u00e1 horario ininterrumpido de 10.00 a 20.00 horas viernes, s\u00e1bado y domingo, mientras que el lunes concluir\u00e1 a las 17.00 horas.<\/p>\n<p>Precio de la entrada: gratuita. Parking gratuito. Parada de Euskotren a 50 metros.<\/p>\n<p><a href=\"http:\/\/bioterra.ficoba.org\"><strong>http:\/\/bioterra.ficoba.org<\/strong><\/a><\/p>\n","protected":false},"excerpt":{"rendered":"<p>La feria decana de Ficoba se celebrar\u00e1 del 9 al 12 de octubre Bioterra ha adaptado la organizaci\u00f3n y la movilidad en sus espacios para ofrecer las m\u00e1ximas garant\u00edas de [&hellip;]<\/p>\n","protected":false},"author":2,"featured_media":7388,"comment_status":"closed","ping_status":"closed","sticky":false,"template":"","format":"standard","meta":{"_et_pb_use_builder":"","_et_pb_old_content":"","_et_gb_content_width":"","footnotes":""},"categories":[3],"tags":[116,186,112,115,105],"class_list":["post-7379","post","type-post","status-publish","format-standard","has-post-thumbnail","hentry","category-eventos-y-ferias","tag-bioconstruccion","tag-consumo-responsable","tag-cosmetica-ecologica","tag-feria-ecologica","tag-yoga"],"yoast_head":"<!-- This site is optimized with the Yoast SEO plugin v26.8 - https:\/\/yoast.com\/product\/yoast-seo-wordpress\/ -->\n<title>Bioterra, 17 a\u00f1os poniendo el foco en la lucha del cambio clim\u00e1tico - Ficoba<\/title>\n<meta name=\"robots\" content=\"index, follow, max-snippet:-1, max-image-preview:large, max-video-preview:-1\" \/>\n<link rel=\"canonical\" href=\"https:\/\/www.ficoba.org\/es\/bioterra-17-anos-poniendo-el-foco-en-la-lucha-del-cambio-climatico\/\" \/>\n<meta name=\"twitter:label1\" content=\"Escrito por\" \/>\n\t<meta name=\"twitter:data1\" content=\"ficoba\" \/>\n\t<meta name=\"twitter:label2\" content=\"Tiempo de lectura\" \/>\n\t<meta name=\"twitter:data2\" content=\"6 minutos\" \/>\n<script type=\"application\/ld+json\" class=\"yoast-schema-graph\">{\"@context\":\"https:\/\/schema.org\",\"@graph\":[{\"@type\":\"Article\",\"@id\":\"https:\/\/www.ficoba.org\/es\/bioterra-17-anos-poniendo-el-foco-en-la-lucha-del-cambio-climatico\/#article\",\"isPartOf\":{\"@id\":\"https:\/\/www.ficoba.org\/es\/bioterra-17-anos-poniendo-el-foco-en-la-lucha-del-cambio-climatico\/\"},\"author\":{\"name\":\"ficoba\",\"@id\":\"https:\/\/www.ficoba.org\/es\/#\/schema\/person\/8a96a121e5dbd393e6e6b5a7ee7ed407\"},\"headline\":\"Bioterra, 17 a\u00f1os poniendo el foco en la lucha del cambio clim\u00e1tico\",\"datePublished\":\"2020-10-05T10:04:32+00:00\",\"mainEntityOfPage\":{\"@id\":\"https:\/\/www.ficoba.org\/es\/bioterra-17-anos-poniendo-el-foco-en-la-lucha-del-cambio-climatico\/\"},\"wordCount\":1279,\"publisher\":{\"@id\":\"https:\/\/www.ficoba.org\/es\/#organization\"},\"image\":{\"@id\":\"https:\/\/www.ficoba.org\/es\/bioterra-17-anos-poniendo-el-foco-en-la-lucha-del-cambio-climatico\/#primaryimage\"},\"thumbnailUrl\":\"https:\/\/www.ficoba.org\/wp-content\/uploads\/2020\/10\/Bioterra-Ficoba.jpg\",\"keywords\":[\"bioconstrucci\u00f3n\",\"consumo responsable\",\"cosm\u00e9tica ecol\u00f3gica\",\"feria ecol\u00f3gica\",\"yoga\"],\"articleSection\":[\"Eventos y ferias\"],\"inLanguage\":\"es\"},{\"@type\":\"WebPage\",\"@id\":\"https:\/\/www.ficoba.org\/es\/bioterra-17-anos-poniendo-el-foco-en-la-lucha-del-cambio-climatico\/\",\"url\":\"https:\/\/www.ficoba.org\/es\/bioterra-17-anos-poniendo-el-foco-en-la-lucha-del-cambio-climatico\/\",\"name\":\"Bioterra, 17 a\u00f1os poniendo el foco en la lucha del cambio clim\u00e1tico - Ficoba\",\"isPartOf\":{\"@id\":\"https:\/\/www.ficoba.org\/es\/#website\"},\"primaryImageOfPage\":{\"@id\":\"https:\/\/www.ficoba.org\/es\/bioterra-17-anos-poniendo-el-foco-en-la-lucha-del-cambio-climatico\/#primaryimage\"},\"image\":{\"@id\":\"https:\/\/www.ficoba.org\/es\/bioterra-17-anos-poniendo-el-foco-en-la-lucha-del-cambio-climatico\/#primaryimage\"},\"thumbnailUrl\":\"https:\/\/www.ficoba.org\/wp-content\/uploads\/2020\/10\/Bioterra-Ficoba.jpg\",\"datePublished\":\"2020-10-05T10:04:32+00:00\",\"breadcrumb\":{\"@id\":\"https:\/\/www.ficoba.org\/es\/bioterra-17-anos-poniendo-el-foco-en-la-lucha-del-cambio-climatico\/#breadcrumb\"},\"inLanguage\":\"es\",\"potentialAction\":[{\"@type\":\"ReadAction\",\"target\":[\"https:\/\/www.ficoba.org\/es\/bioterra-17-anos-poniendo-el-foco-en-la-lucha-del-cambio-climatico\/\"]}]},{\"@type\":\"ImageObject\",\"inLanguage\":\"es\",\"@id\":\"https:\/\/www.ficoba.org\/es\/bioterra-17-anos-poniendo-el-foco-en-la-lucha-del-cambio-climatico\/#primaryimage\",\"url\":\"https:\/\/www.ficoba.org\/wp-content\/uploads\/2020\/10\/Bioterra-Ficoba.jpg\",\"contentUrl\":\"https:\/\/www.ficoba.org\/wp-content\/uploads\/2020\/10\/Bioterra-Ficoba.jpg\",\"width\":1024,\"height\":683},{\"@type\":\"BreadcrumbList\",\"@id\":\"https:\/\/www.ficoba.org\/es\/bioterra-17-anos-poniendo-el-foco-en-la-lucha-del-cambio-climatico\/#breadcrumb\",\"itemListElement\":[{\"@type\":\"ListItem\",\"position\":1,\"name\":\"Portada\",\"item\":\"https:\/\/www.ficoba.org\/es\/\"},{\"@type\":\"ListItem\",\"position\":2,\"name\":\"Bioterra, 17 a\u00f1os poniendo el foco en la lucha del cambio clim\u00e1tico\"}]},{\"@type\":\"WebSite\",\"@id\":\"https:\/\/www.ficoba.org\/es\/#website\",\"url\":\"https:\/\/www.ficoba.org\/es\/\",\"name\":\"Ficoba, Recinto Ferial de Gipuzkoa\",\"description\":\"Ficoba, recinto ferial de Gipuzkoa\",\"publisher\":{\"@id\":\"https:\/\/www.ficoba.org\/es\/#organization\"},\"alternateName\":\"Ficoba\",\"potentialAction\":[{\"@type\":\"SearchAction\",\"target\":{\"@type\":\"EntryPoint\",\"urlTemplate\":\"https:\/\/www.ficoba.org\/es\/?s={search_term_string}\"},\"query-input\":{\"@type\":\"PropertyValueSpecification\",\"valueRequired\":true,\"valueName\":\"search_term_string\"}}],\"inLanguage\":\"es\"},{\"@type\":\"Organization\",\"@id\":\"https:\/\/www.ficoba.org\/es\/#organization\",\"name\":\"Ficoba, Reciento Ferial de Gipuzkoa\",\"url\":\"https:\/\/www.ficoba.org\/es\/\",\"logo\":{\"@type\":\"ImageObject\",\"inLanguage\":\"es\",\"@id\":\"https:\/\/www.ficoba.org\/es\/#\/schema\/logo\/image\/\",\"url\":\"https:\/\/www.ficoba.org\/wp-content\/uploads\/2018\/11\/logo_ficoba.png\",\"contentUrl\":\"https:\/\/www.ficoba.org\/wp-content\/uploads\/2018\/11\/logo_ficoba.png\",\"width\":200,\"height\":124,\"caption\":\"Ficoba, Reciento Ferial de Gipuzkoa\"},\"image\":{\"@id\":\"https:\/\/www.ficoba.org\/es\/#\/schema\/logo\/image\/\"},\"sameAs\":[\"https:\/\/www.facebook.com\/FICOBAFUNDAZIOA\/\",\"https:\/\/x.com\/FicobaFundazioa\",\"https:\/\/www.youtube.com\/channel\/UCvo2JGluemyCf5KPRmEF9JQ\",\"https:\/\/www.linkedin.com\/company\/ficoba\/\",\"https:\/\/www.instagram.com\/ficobafundazioa\/\"]},{\"@type\":\"Person\",\"@id\":\"https:\/\/www.ficoba.org\/es\/#\/schema\/person\/8a96a121e5dbd393e6e6b5a7ee7ed407\",\"name\":\"ficoba\",\"image\":{\"@type\":\"ImageObject\",\"inLanguage\":\"es\",\"@id\":\"https:\/\/www.ficoba.org\/es\/#\/schema\/person\/image\/\",\"url\":\"https:\/\/secure.gravatar.com\/avatar\/c90cc0e07f75fecbe4165c1906a4cd61b0179a28caae2205d37516e4fb7c30c1?s=96&d=mm&r=g\",\"contentUrl\":\"https:\/\/secure.gravatar.com\/avatar\/c90cc0e07f75fecbe4165c1906a4cd61b0179a28caae2205d37516e4fb7c30c1?s=96&d=mm&r=g\",\"caption\":\"ficoba\"}}]}<\/script>\n<!-- \/ Yoast SEO plugin. -->","yoast_head_json":{"title":"Bioterra, 17 a\u00f1os poniendo el foco en la lucha del cambio clim\u00e1tico - Ficoba","robots":{"index":"index","follow":"follow","max-snippet":"max-snippet:-1","max-image-preview":"max-image-preview:large","max-video-preview":"max-video-preview:-1"},"canonical":"https:\/\/www.ficoba.org\/es\/bioterra-17-anos-poniendo-el-foco-en-la-lucha-del-cambio-climatico\/","twitter_misc":{"Escrito por":"ficoba","Tiempo de lectura":"6 minutos"},"schema":{"@context":"https:\/\/schema.org","@graph":[{"@type":"Article","@id":"https:\/\/www.ficoba.org\/es\/bioterra-17-anos-poniendo-el-foco-en-la-lucha-del-cambio-climatico\/#article","isPartOf":{"@id":"https:\/\/www.ficoba.org\/es\/bioterra-17-anos-poniendo-el-foco-en-la-lucha-del-cambio-climatico\/"},"author":{"name":"ficoba","@id":"https:\/\/www.ficoba.org\/es\/#\/schema\/person\/8a96a121e5dbd393e6e6b5a7ee7ed407"},"headline":"Bioterra, 17 a\u00f1os poniendo el foco en la lucha del cambio clim\u00e1tico","datePublished":"2020-10-05T10:04:32+00:00","mainEntityOfPage":{"@id":"https:\/\/www.ficoba.org\/es\/bioterra-17-anos-poniendo-el-foco-en-la-lucha-del-cambio-climatico\/"},"wordCount":1279,"publisher":{"@id":"https:\/\/www.ficoba.org\/es\/#organization"},"image":{"@id":"https:\/\/www.ficoba.org\/es\/bioterra-17-anos-poniendo-el-foco-en-la-lucha-del-cambio-climatico\/#primaryimage"},"thumbnailUrl":"https:\/\/www.ficoba.org\/wp-content\/uploads\/2020\/10\/Bioterra-Ficoba.jpg","keywords":["bioconstrucci\u00f3n","consumo responsable","cosm\u00e9tica ecol\u00f3gica","feria ecol\u00f3gica","yoga"],"articleSection":["Eventos y ferias"],"inLanguage":"es"},{"@type":"WebPage","@id":"https:\/\/www.ficoba.org\/es\/bioterra-17-anos-poniendo-el-foco-en-la-lucha-del-cambio-climatico\/","url":"https:\/\/www.ficoba.org\/es\/bioterra-17-anos-poniendo-el-foco-en-la-lucha-del-cambio-climatico\/","name":"Bioterra, 17 a\u00f1os poniendo el foco en la lucha del cambio clim\u00e1tico - Ficoba","isPartOf":{"@id":"https:\/\/www.ficoba.org\/es\/#website"},"primaryImageOfPage":{"@id":"https:\/\/www.ficoba.org\/es\/bioterra-17-anos-poniendo-el-foco-en-la-lucha-del-cambio-climatico\/#primaryimage"},"image":{"@id":"https:\/\/www.ficoba.org\/es\/bioterra-17-anos-poniendo-el-foco-en-la-lucha-del-cambio-climatico\/#primaryimage"},"thumbnailUrl":"https:\/\/www.ficoba.org\/wp-content\/uploads\/2020\/10\/Bioterra-Ficoba.jpg","datePublished":"2020-10-05T10:04:32+00:00","breadcrumb":{"@id":"https:\/\/www.ficoba.org\/es\/bioterra-17-anos-poniendo-el-foco-en-la-lucha-del-cambio-climatico\/#breadcrumb"},"inLanguage":"es","potentialAction":[{"@type":"ReadAction","target":["https:\/\/www.ficoba.org\/es\/bioterra-17-anos-poniendo-el-foco-en-la-lucha-del-cambio-climatico\/"]}]},{"@type":"ImageObject","inLanguage":"es","@id":"https:\/\/www.ficoba.org\/es\/bioterra-17-anos-poniendo-el-foco-en-la-lucha-del-cambio-climatico\/#primaryimage","url":"https:\/\/www.ficoba.org\/wp-content\/uploads\/2020\/10\/Bioterra-Ficoba.jpg","contentUrl":"https:\/\/www.ficoba.org\/wp-content\/uploads\/2020\/10\/Bioterra-Ficoba.jpg","width":1024,"height":683},{"@type":"BreadcrumbList","@id":"https:\/\/www.ficoba.org\/es\/bioterra-17-anos-poniendo-el-foco-en-la-lucha-del-cambio-climatico\/#breadcrumb","itemListElement":[{"@type":"ListItem","position":1,"name":"Portada","item":"https:\/\/www.ficoba.org\/es\/"},{"@type":"ListItem","position":2,"name":"Bioterra, 17 a\u00f1os poniendo el foco en la lucha del cambio clim\u00e1tico"}]},{"@type":"WebSite","@id":"https:\/\/www.ficoba.org\/es\/#website","url":"https:\/\/www.ficoba.org\/es\/","name":"Ficoba, Recinto Ferial de Gipuzkoa","description":"Ficoba, recinto ferial de Gipuzkoa","publisher":{"@id":"https:\/\/www.ficoba.org\/es\/#organization"},"alternateName":"Ficoba","potentialAction":[{"@type":"SearchAction","target":{"@type":"EntryPoint","urlTemplate":"https:\/\/www.ficoba.org\/es\/?s={search_term_string}"},"query-input":{"@type":"PropertyValueSpecification","valueRequired":true,"valueName":"search_term_string"}}],"inLanguage":"es"},{"@type":"Organization","@id":"https:\/\/www.ficoba.org\/es\/#organization","name":"Ficoba, Reciento Ferial de Gipuzkoa","url":"https:\/\/www.ficoba.org\/es\/","logo":{"@type":"ImageObject","inLanguage":"es","@id":"https:\/\/www.ficoba.org\/es\/#\/schema\/logo\/image\/","url":"https:\/\/www.ficoba.org\/wp-content\/uploads\/2018\/11\/logo_ficoba.png","contentUrl":"https:\/\/www.ficoba.org\/wp-content\/uploads\/2018\/11\/logo_ficoba.png","width":200,"height":124,"caption":"Ficoba, Reciento Ferial de Gipuzkoa"},"image":{"@id":"https:\/\/www.ficoba.org\/es\/#\/schema\/logo\/image\/"},"sameAs":["https:\/\/www.facebook.com\/FICOBAFUNDAZIOA\/","https:\/\/x.com\/FicobaFundazioa","https:\/\/www.youtube.com\/channel\/UCvo2JGluemyCf5KPRmEF9JQ","https:\/\/www.linkedin.com\/company\/ficoba\/","https:\/\/www.instagram.com\/ficobafundazioa\/"]},{"@type":"Person","@id":"https:\/\/www.ficoba.org\/es\/#\/schema\/person\/8a96a121e5dbd393e6e6b5a7ee7ed407","name":"ficoba","image":{"@type":"ImageObject","inLanguage":"es","@id":"https:\/\/www.ficoba.org\/es\/#\/schema\/person\/image\/","url":"https:\/\/secure.gravatar.com\/avatar\/c90cc0e07f75fecbe4165c1906a4cd61b0179a28caae2205d37516e4fb7c30c1?s=96&d=mm&r=g","contentUrl":"https:\/\/secure.gravatar.com\/avatar\/c90cc0e07f75fecbe4165c1906a4cd61b0179a28caae2205d37516e4fb7c30c1?s=96&d=mm&r=g","caption":"ficoba"}}]}},"_links":{"self":[{"href":"https:\/\/www.ficoba.org\/es\/wp-json\/wp\/v2\/posts\/7379","targetHints":{"allow":["GET"]}}],"collection":[{"href":"https:\/\/www.ficoba.org\/es\/wp-json\/wp\/v2\/posts"}],"about":[{"href":"https:\/\/www.ficoba.org\/es\/wp-json\/wp\/v2\/types\/post"}],"author":[{"embeddable":true,"href":"https:\/\/www.ficoba.org\/es\/wp-json\/wp\/v2\/users\/2"}],"replies":[{"embeddable":true,"href":"https:\/\/www.ficoba.org\/es\/wp-json\/wp\/v2\/comments?post=7379"}],"version-history":[{"count":1,"href":"https:\/\/www.ficoba.org\/es\/wp-json\/wp\/v2\/posts\/7379\/revisions"}],"predecessor-version":[{"id":7392,"href":"https:\/\/www.ficoba.org\/es\/wp-json\/wp\/v2\/posts\/7379\/revisions\/7392"}],"wp:featuredmedia":[{"embeddable":true,"href":"https:\/\/www.ficoba.org\/es\/wp-json\/wp\/v2\/media\/7388"}],"wp:attachment":[{"href":"https:\/\/www.ficoba.org\/es\/wp-json\/wp\/v2\/media?parent=7379"}],"wp:term":[{"taxonomy":"category","embeddable":true,"href":"https:\/\/www.ficoba.org\/es\/wp-json\/wp\/v2\/categories?post=7379"},{"taxonomy":"post_tag","embeddable":true,"href":"https:\/\/www.ficoba.org\/es\/wp-json\/wp\/v2\/tags?post=7379"}],"curies":[{"name":"wp","href":"https:\/\/api.w.org\/{rel}","templated":true}]}}