{"id":7363,"date":"2020-09-30T11:27:51","date_gmt":"2020-09-30T09:27:51","guid":{"rendered":"https:\/\/www.ficoba.org\/?p=7363"},"modified":"2020-09-30T11:27:51","modified_gmt":"2020-09-30T09:27:51","slug":"caravantur-2020-del-2-al-4-de-octubre-en-ficoba","status":"publish","type":"post","link":"https:\/\/www.ficoba.org\/es\/caravantur-2020-del-2-al-4-de-octubre-en-ficoba\/","title":{"rendered":"Caravantur 2020, del 2 al 4 de octubre en Ficoba"},"content":{"rendered":"<ul>\n<li><strong>La entrada a la feria y el parking son gratuitos<\/strong><\/li>\n<\/ul>\n<p>Caravantur se celebra este fin de semana tras tener que modificar sus fechas debido al Estado de Alarma en primavera. La cita m\u00e1s campera de Euskadi llega este viernes a Ficoba con una reestructuraci\u00f3n del espacio expositivo, siguiendo el protocolo de seguridad ante el COVID 19 con la aplicaci\u00f3n de medidas para realizar una edici\u00f3n con todas las garant\u00edas sanitarias.<\/p>\n<p>En esta cuarta edici\u00f3n de Caravantur se podr\u00e1n encontrar autocaravanas de todo tipo en formato compra o alquiler, modelos de diferentes gamas que abarcan desde las completas integrales hasta furgonetas camperizables y stands con accesorios para veh\u00edculos recreacionales. En el recinto ferial adem\u00e1s se expondr\u00e1n unidades de veh\u00edculo industrial de los principales concesionarios de la zona, con stand de camperizadores especializados en adaptarlas y personalizarlas.<\/p>\n<p>En Ficoba se da cita, por tanto, una variada representaci\u00f3n de empresas y concesionarios de caravaning, destacando una vez m\u00e1s el sector camperizador, as\u00ed como la creciente presencia de las empresas de alquiler.<\/p>\n<p>Cabe destacar tambi\u00e9n que al amante del turismo sobre ruedas se le suma este a\u00f1o un nuevo perfil de usuario que se inicia en este mundo a trav\u00e9s del alquiler y que puede optar por furgonetas, una opci\u00f3n ideal de cara a \u201cmatar el gusanillo\u201d, y probar la experiencia antes de adentrarse m\u00e1s en el mundo del Caravaning.<\/p>\n<p><strong>El caravaning est\u00e1 de moda<\/strong><\/p>\n<p>Ya son 6 a\u00f1os consecutivos en los que las ventas de autocaravanas han experimentado un paulatino incremento, que en este ejercicio se ha visto ralentizado por el COVID 19, si bien las ventas en el per\u00edodo estival, motivadas en parte por matriculaciones pendientes, han conseguido recuperar parte del acumulado anual y mantener la tendencia alcista en estos \u00faltimos meses.<\/p>\n<p>Las empresas alquiladoras han vivido tambi\u00e9n un aumento significativo de peticiones de sus servicios, con muchas m\u00e1s solicitudes ante la mayor demanda, ya que cada vez son m\u00e1s los interesados en viajar sin restricciones y con la m\u00e1xima libertad que confiere un veh\u00edculo de ocio y recreo.<\/p>\n<p><strong>Furgonetas <em>camperizables<\/em> <\/strong><\/p>\n<p>En Caravantur siempre han tenido un destacado protagonismo las empresas de camperizaci\u00f3n. Las furgonetas adaptadas a vivienda, m\u00e1s conocidas como camper, gozan de gran tir\u00f3n en Euskadi. Y no es de extra\u00f1ar, ya que cuentan pr\u00e1cticamente con las mismas prestaciones que las autocaravanas, pero en unas dimensiones m\u00e1s contenidas.<\/p>\n<p><strong>Medidas para una visita segura<\/strong><\/p>\n<p>En la 4\u00aa edici\u00f3n de Caravantur en Ficoba, atendiendo a la situaci\u00f3n actual generada por el COVID 19, la organizaci\u00f3n ha desplegado todas las medidas sanitarias necesarias en materia de seguridad e higiene para garantizar el bienestar de visitantes y expositores.<\/p>\n<p>.-Se tomar\u00e1 la temperatura\u00a0con term\u00f3metro a distancia.<\/p>\n<p>.-La organizaci\u00f3n supervisar\u00e1 en todo momento el\u00a0uso obligatorio de la mascarilla.<\/p>\n<p>.-Se pondr\u00e1n a disposici\u00f3n del visitante\u00a0dispensadores de gel hidroalcoh\u00f3lico\u00a0en diferentes puntos de la visita.<\/p>\n<p>.-El recinto dispondr\u00e1 de\u00a0amplios pasillos\u00a0y estar\u00e1 dotado de\u00a0se\u00f1al\u00e9tica\u00a0f\u00e1cilmente identificable y comprensible para garantizar la\u00a0circulaci\u00f3n\u00a0de una manera\u00a0segura y c\u00f3moda\u00a0para el visitante.<\/p>\n<p>.-La organizaci\u00f3n ha reforzado la limpieza\u00a0de las zonas m\u00e1s transitadas e incrementado los niveles de renovaci\u00f3n del aire en los espacios interiores.<\/p>\n<p>.-Para comodidad y seguridad del visitante el\u00a0aforo estar\u00e1 controlado en todo momento\u00a0y con menos del 50% de la capacidad\u00a0del recinto.<\/p>\n<p>.-Contaremos con servicio sanitario\u00a0durante la celebraci\u00f3n del evento.<\/p>\n<p>.-Para evitar todo contacto, podr\u00e1s\u00a0rellenar online el cup\u00f3n o pedir al expositor que desees el\u00a0QR\u00a0del sorteo de\u00a0600\u20ac\u00a0que ofrece la feria.<\/p>\n<p>.-Si tienes cualquier duda, consulta a nuestro personal\u00a0que estar\u00e1 debidamente identificado.<\/p>\n<p><strong>Datos pr\u00e1cticos<\/strong><\/p>\n<ul>\n<li>Viernes, s\u00e1bado y domingo (10h a 20h)<\/li>\n<li>Entrada y parking gratuitos<\/li>\n<li>Protocolo de seguridad COVID19<\/li>\n<li>Sorteo de 600\u20ac para la compra\/alquiler de los veh\u00edculos de la feria<\/li>\n<li>Posibilidad de estacionar AC previa inscripci\u00f3n<\/li>\n<\/ul>\n","protected":false},"excerpt":{"rendered":"<p>La entrada a la feria y el parking son gratuitos Caravantur se celebra este fin de semana tras tener que modificar sus fechas debido al Estado de Alarma en primavera. [&hellip;]<\/p>\n","protected":false},"author":2,"featured_media":7368,"comment_status":"closed","ping_status":"closed","sticky":false,"template":"","format":"standard","meta":{"_et_pb_use_builder":"","_et_pb_old_content":"","_et_gb_content_width":"","footnotes":""},"categories":[3],"tags":[185,89,184],"class_list":["post-7363","post","type-post","status-publish","format-standard","has-post-thumbnail","hentry","category-eventos-y-ferias","tag-autocaravanas","tag-camper-2","tag-feria-caravaning"],"yoast_head":"<!-- This site is optimized with the Yoast SEO plugin v26.8 - https:\/\/yoast.com\/product\/yoast-seo-wordpress\/ -->\n<title>Caravantur 2020, del 2 al 4 de octubre en Ficoba - Ficoba<\/title>\n<meta name=\"robots\" content=\"index, follow, max-snippet:-1, max-image-preview:large, max-video-preview:-1\" \/>\n<link rel=\"canonical\" href=\"https:\/\/www.ficoba.org\/es\/caravantur-2020-del-2-al-4-de-octubre-en-ficoba\/\" \/>\n<meta name=\"twitter:label1\" content=\"Escrito por\" \/>\n\t<meta name=\"twitter:data1\" content=\"ficoba\" \/>\n\t<meta name=\"twitter:label2\" content=\"Tiempo de lectura\" \/>\n\t<meta name=\"twitter:data2\" content=\"3 minutos\" \/>\n<script type=\"application\/ld+json\" class=\"yoast-schema-graph\">{\"@context\":\"https:\/\/schema.org\",\"@graph\":[{\"@type\":\"Article\",\"@id\":\"https:\/\/www.ficoba.org\/es\/caravantur-2020-del-2-al-4-de-octubre-en-ficoba\/#article\",\"isPartOf\":{\"@id\":\"https:\/\/www.ficoba.org\/es\/caravantur-2020-del-2-al-4-de-octubre-en-ficoba\/\"},\"author\":{\"name\":\"ficoba\",\"@id\":\"https:\/\/www.ficoba.org\/es\/#\/schema\/person\/8a96a121e5dbd393e6e6b5a7ee7ed407\"},\"headline\":\"Caravantur 2020, del 2 al 4 de octubre en Ficoba\",\"datePublished\":\"2020-09-30T09:27:51+00:00\",\"mainEntityOfPage\":{\"@id\":\"https:\/\/www.ficoba.org\/es\/caravantur-2020-del-2-al-4-de-octubre-en-ficoba\/\"},\"wordCount\":679,\"publisher\":{\"@id\":\"https:\/\/www.ficoba.org\/es\/#organization\"},\"image\":{\"@id\":\"https:\/\/www.ficoba.org\/es\/caravantur-2020-del-2-al-4-de-octubre-en-ficoba\/#primaryimage\"},\"thumbnailUrl\":\"https:\/\/www.ficoba.org\/wp-content\/uploads\/2020\/09\/Caravantur1.jpg\",\"keywords\":[\"autocaravanas\",\"camper\",\"Feria caravaning\"],\"articleSection\":[\"Eventos y ferias\"],\"inLanguage\":\"es\"},{\"@type\":\"WebPage\",\"@id\":\"https:\/\/www.ficoba.org\/es\/caravantur-2020-del-2-al-4-de-octubre-en-ficoba\/\",\"url\":\"https:\/\/www.ficoba.org\/es\/caravantur-2020-del-2-al-4-de-octubre-en-ficoba\/\",\"name\":\"Caravantur 2020, del 2 al 4 de octubre en Ficoba - Ficoba\",\"isPartOf\":{\"@id\":\"https:\/\/www.ficoba.org\/es\/#website\"},\"primaryImageOfPage\":{\"@id\":\"https:\/\/www.ficoba.org\/es\/caravantur-2020-del-2-al-4-de-octubre-en-ficoba\/#primaryimage\"},\"image\":{\"@id\":\"https:\/\/www.ficoba.org\/es\/caravantur-2020-del-2-al-4-de-octubre-en-ficoba\/#primaryimage\"},\"thumbnailUrl\":\"https:\/\/www.ficoba.org\/wp-content\/uploads\/2020\/09\/Caravantur1.jpg\",\"datePublished\":\"2020-09-30T09:27:51+00:00\",\"breadcrumb\":{\"@id\":\"https:\/\/www.ficoba.org\/es\/caravantur-2020-del-2-al-4-de-octubre-en-ficoba\/#breadcrumb\"},\"inLanguage\":\"es\",\"potentialAction\":[{\"@type\":\"ReadAction\",\"target\":[\"https:\/\/www.ficoba.org\/es\/caravantur-2020-del-2-al-4-de-octubre-en-ficoba\/\"]}]},{\"@type\":\"ImageObject\",\"inLanguage\":\"es\",\"@id\":\"https:\/\/www.ficoba.org\/es\/caravantur-2020-del-2-al-4-de-octubre-en-ficoba\/#primaryimage\",\"url\":\"https:\/\/www.ficoba.org\/wp-content\/uploads\/2020\/09\/Caravantur1.jpg\",\"contentUrl\":\"https:\/\/www.ficoba.org\/wp-content\/uploads\/2020\/09\/Caravantur1.jpg\",\"width\":2016,\"height\":1512},{\"@type\":\"BreadcrumbList\",\"@id\":\"https:\/\/www.ficoba.org\/es\/caravantur-2020-del-2-al-4-de-octubre-en-ficoba\/#breadcrumb\",\"itemListElement\":[{\"@type\":\"ListItem\",\"position\":1,\"name\":\"Portada\",\"item\":\"https:\/\/www.ficoba.org\/es\/\"},{\"@type\":\"ListItem\",\"position\":2,\"name\":\"Caravantur 2020, del 2 al 4 de octubre en Ficoba\"}]},{\"@type\":\"WebSite\",\"@id\":\"https:\/\/www.ficoba.org\/es\/#website\",\"url\":\"https:\/\/www.ficoba.org\/es\/\",\"name\":\"Ficoba, Recinto Ferial de Gipuzkoa\",\"description\":\"Ficoba, recinto ferial de Gipuzkoa\",\"publisher\":{\"@id\":\"https:\/\/www.ficoba.org\/es\/#organization\"},\"alternateName\":\"Ficoba\",\"potentialAction\":[{\"@type\":\"SearchAction\",\"target\":{\"@type\":\"EntryPoint\",\"urlTemplate\":\"https:\/\/www.ficoba.org\/es\/?s={search_term_string}\"},\"query-input\":{\"@type\":\"PropertyValueSpecification\",\"valueRequired\":true,\"valueName\":\"search_term_string\"}}],\"inLanguage\":\"es\"},{\"@type\":\"Organization\",\"@id\":\"https:\/\/www.ficoba.org\/es\/#organization\",\"name\":\"Ficoba, Reciento Ferial de Gipuzkoa\",\"url\":\"https:\/\/www.ficoba.org\/es\/\",\"logo\":{\"@type\":\"ImageObject\",\"inLanguage\":\"es\",\"@id\":\"https:\/\/www.ficoba.org\/es\/#\/schema\/logo\/image\/\",\"url\":\"https:\/\/www.ficoba.org\/wp-content\/uploads\/2018\/11\/logo_ficoba.png\",\"contentUrl\":\"https:\/\/www.ficoba.org\/wp-content\/uploads\/2018\/11\/logo_ficoba.png\",\"width\":200,\"height\":124,\"caption\":\"Ficoba, Reciento Ferial de Gipuzkoa\"},\"image\":{\"@id\":\"https:\/\/www.ficoba.org\/es\/#\/schema\/logo\/image\/\"},\"sameAs\":[\"https:\/\/www.facebook.com\/FICOBAFUNDAZIOA\/\",\"https:\/\/x.com\/FicobaFundazioa\",\"https:\/\/www.youtube.com\/channel\/UCvo2JGluemyCf5KPRmEF9JQ\",\"https:\/\/www.linkedin.com\/company\/ficoba\/\",\"https:\/\/www.instagram.com\/ficobafundazioa\/\"]},{\"@type\":\"Person\",\"@id\":\"https:\/\/www.ficoba.org\/es\/#\/schema\/person\/8a96a121e5dbd393e6e6b5a7ee7ed407\",\"name\":\"ficoba\",\"image\":{\"@type\":\"ImageObject\",\"inLanguage\":\"es\",\"@id\":\"https:\/\/www.ficoba.org\/es\/#\/schema\/person\/image\/\",\"url\":\"https:\/\/secure.gravatar.com\/avatar\/c90cc0e07f75fecbe4165c1906a4cd61b0179a28caae2205d37516e4fb7c30c1?s=96&d=mm&r=g\",\"contentUrl\":\"https:\/\/secure.gravatar.com\/avatar\/c90cc0e07f75fecbe4165c1906a4cd61b0179a28caae2205d37516e4fb7c30c1?s=96&d=mm&r=g\",\"caption\":\"ficoba\"}}]}<\/script>\n<!-- \/ Yoast SEO plugin. -->","yoast_head_json":{"title":"Caravantur 2020, del 2 al 4 de octubre en Ficoba - Ficoba","robots":{"index":"index","follow":"follow","max-snippet":"max-snippet:-1","max-image-preview":"max-image-preview:large","max-video-preview":"max-video-preview:-1"},"canonical":"https:\/\/www.ficoba.org\/es\/caravantur-2020-del-2-al-4-de-octubre-en-ficoba\/","twitter_misc":{"Escrito por":"ficoba","Tiempo de lectura":"3 minutos"},"schema":{"@context":"https:\/\/schema.org","@graph":[{"@type":"Article","@id":"https:\/\/www.ficoba.org\/es\/caravantur-2020-del-2-al-4-de-octubre-en-ficoba\/#article","isPartOf":{"@id":"https:\/\/www.ficoba.org\/es\/caravantur-2020-del-2-al-4-de-octubre-en-ficoba\/"},"author":{"name":"ficoba","@id":"https:\/\/www.ficoba.org\/es\/#\/schema\/person\/8a96a121e5dbd393e6e6b5a7ee7ed407"},"headline":"Caravantur 2020, del 2 al 4 de octubre en Ficoba","datePublished":"2020-09-30T09:27:51+00:00","mainEntityOfPage":{"@id":"https:\/\/www.ficoba.org\/es\/caravantur-2020-del-2-al-4-de-octubre-en-ficoba\/"},"wordCount":679,"publisher":{"@id":"https:\/\/www.ficoba.org\/es\/#organization"},"image":{"@id":"https:\/\/www.ficoba.org\/es\/caravantur-2020-del-2-al-4-de-octubre-en-ficoba\/#primaryimage"},"thumbnailUrl":"https:\/\/www.ficoba.org\/wp-content\/uploads\/2020\/09\/Caravantur1.jpg","keywords":["autocaravanas","camper","Feria caravaning"],"articleSection":["Eventos y ferias"],"inLanguage":"es"},{"@type":"WebPage","@id":"https:\/\/www.ficoba.org\/es\/caravantur-2020-del-2-al-4-de-octubre-en-ficoba\/","url":"https:\/\/www.ficoba.org\/es\/caravantur-2020-del-2-al-4-de-octubre-en-ficoba\/","name":"Caravantur 2020, del 2 al 4 de octubre en Ficoba - Ficoba","isPartOf":{"@id":"https:\/\/www.ficoba.org\/es\/#website"},"primaryImageOfPage":{"@id":"https:\/\/www.ficoba.org\/es\/caravantur-2020-del-2-al-4-de-octubre-en-ficoba\/#primaryimage"},"image":{"@id":"https:\/\/www.ficoba.org\/es\/caravantur-2020-del-2-al-4-de-octubre-en-ficoba\/#primaryimage"},"thumbnailUrl":"https:\/\/www.ficoba.org\/wp-content\/uploads\/2020\/09\/Caravantur1.jpg","datePublished":"2020-09-30T09:27:51+00:00","breadcrumb":{"@id":"https:\/\/www.ficoba.org\/es\/caravantur-2020-del-2-al-4-de-octubre-en-ficoba\/#breadcrumb"},"inLanguage":"es","potentialAction":[{"@type":"ReadAction","target":["https:\/\/www.ficoba.org\/es\/caravantur-2020-del-2-al-4-de-octubre-en-ficoba\/"]}]},{"@type":"ImageObject","inLanguage":"es","@id":"https:\/\/www.ficoba.org\/es\/caravantur-2020-del-2-al-4-de-octubre-en-ficoba\/#primaryimage","url":"https:\/\/www.ficoba.org\/wp-content\/uploads\/2020\/09\/Caravantur1.jpg","contentUrl":"https:\/\/www.ficoba.org\/wp-content\/uploads\/2020\/09\/Caravantur1.jpg","width":2016,"height":1512},{"@type":"BreadcrumbList","@id":"https:\/\/www.ficoba.org\/es\/caravantur-2020-del-2-al-4-de-octubre-en-ficoba\/#breadcrumb","itemListElement":[{"@type":"ListItem","position":1,"name":"Portada","item":"https:\/\/www.ficoba.org\/es\/"},{"@type":"ListItem","position":2,"name":"Caravantur 2020, del 2 al 4 de octubre en Ficoba"}]},{"@type":"WebSite","@id":"https:\/\/www.ficoba.org\/es\/#website","url":"https:\/\/www.ficoba.org\/es\/","name":"Ficoba, Recinto Ferial de Gipuzkoa","description":"Ficoba, recinto ferial de Gipuzkoa","publisher":{"@id":"https:\/\/www.ficoba.org\/es\/#organization"},"alternateName":"Ficoba","potentialAction":[{"@type":"SearchAction","target":{"@type":"EntryPoint","urlTemplate":"https:\/\/www.ficoba.org\/es\/?s={search_term_string}"},"query-input":{"@type":"PropertyValueSpecification","valueRequired":true,"valueName":"search_term_string"}}],"inLanguage":"es"},{"@type":"Organization","@id":"https:\/\/www.ficoba.org\/es\/#organization","name":"Ficoba, Reciento Ferial de Gipuzkoa","url":"https:\/\/www.ficoba.org\/es\/","logo":{"@type":"ImageObject","inLanguage":"es","@id":"https:\/\/www.ficoba.org\/es\/#\/schema\/logo\/image\/","url":"https:\/\/www.ficoba.org\/wp-content\/uploads\/2018\/11\/logo_ficoba.png","contentUrl":"https:\/\/www.ficoba.org\/wp-content\/uploads\/2018\/11\/logo_ficoba.png","width":200,"height":124,"caption":"Ficoba, Reciento Ferial de Gipuzkoa"},"image":{"@id":"https:\/\/www.ficoba.org\/es\/#\/schema\/logo\/image\/"},"sameAs":["https:\/\/www.facebook.com\/FICOBAFUNDAZIOA\/","https:\/\/x.com\/FicobaFundazioa","https:\/\/www.youtube.com\/channel\/UCvo2JGluemyCf5KPRmEF9JQ","https:\/\/www.linkedin.com\/company\/ficoba\/","https:\/\/www.instagram.com\/ficobafundazioa\/"]},{"@type":"Person","@id":"https:\/\/www.ficoba.org\/es\/#\/schema\/person\/8a96a121e5dbd393e6e6b5a7ee7ed407","name":"ficoba","image":{"@type":"ImageObject","inLanguage":"es","@id":"https:\/\/www.ficoba.org\/es\/#\/schema\/person\/image\/","url":"https:\/\/secure.gravatar.com\/avatar\/c90cc0e07f75fecbe4165c1906a4cd61b0179a28caae2205d37516e4fb7c30c1?s=96&d=mm&r=g","contentUrl":"https:\/\/secure.gravatar.com\/avatar\/c90cc0e07f75fecbe4165c1906a4cd61b0179a28caae2205d37516e4fb7c30c1?s=96&d=mm&r=g","caption":"ficoba"}}]}},"_links":{"self":[{"href":"https:\/\/www.ficoba.org\/es\/wp-json\/wp\/v2\/posts\/7363","targetHints":{"allow":["GET"]}}],"collection":[{"href":"https:\/\/www.ficoba.org\/es\/wp-json\/wp\/v2\/posts"}],"about":[{"href":"https:\/\/www.ficoba.org\/es\/wp-json\/wp\/v2\/types\/post"}],"author":[{"embeddable":true,"href":"https:\/\/www.ficoba.org\/es\/wp-json\/wp\/v2\/users\/2"}],"replies":[{"embeddable":true,"href":"https:\/\/www.ficoba.org\/es\/wp-json\/wp\/v2\/comments?post=7363"}],"version-history":[{"count":1,"href":"https:\/\/www.ficoba.org\/es\/wp-json\/wp\/v2\/posts\/7363\/revisions"}],"predecessor-version":[{"id":7372,"href":"https:\/\/www.ficoba.org\/es\/wp-json\/wp\/v2\/posts\/7363\/revisions\/7372"}],"wp:featuredmedia":[{"embeddable":true,"href":"https:\/\/www.ficoba.org\/es\/wp-json\/wp\/v2\/media\/7368"}],"wp:attachment":[{"href":"https:\/\/www.ficoba.org\/es\/wp-json\/wp\/v2\/media?parent=7363"}],"wp:term":[{"taxonomy":"category","embeddable":true,"href":"https:\/\/www.ficoba.org\/es\/wp-json\/wp\/v2\/categories?post=7363"},{"taxonomy":"post_tag","embeddable":true,"href":"https:\/\/www.ficoba.org\/es\/wp-json\/wp\/v2\/tags?post=7363"}],"curies":[{"name":"wp","href":"https:\/\/api.w.org\/{rel}","templated":true}]}}