{"id":7269,"date":"2020-09-11T13:56:41","date_gmt":"2020-09-11T11:56:41","guid":{"rendered":"https:\/\/www.ficoba.org\/?p=7269"},"modified":"2020-09-11T13:56:41","modified_gmt":"2020-09-11T11:56:41","slug":"uhinak-estrena-formato","status":"publish","type":"post","link":"https:\/\/www.ficoba.org\/es\/uhinak-estrena-formato\/","title":{"rendered":"Uhinak estrena formato"},"content":{"rendered":"<ul>\n<li><strong>El congreso se celebrar\u00e1 con un formato h\u00edbrido, que combina la participaci\u00f3n presencial de los ponentes y remota para los congresistas<\/strong><\/li>\n<li><strong>Uhinak tendr\u00e1 lugar el 4 y 5 de noviembre en Ficoba <\/strong><\/li>\n<\/ul>\n<p>Uhinak, Congreso Transfronterizo de Cambio Clim\u00e1tico y Litoral, afronta su cuarta edici\u00f3n bajo el lema \u201cNos movemos para actuar ante la emergencia clim\u00e1tica\u201d. Representantes de la comunidad cient\u00edfica, t\u00e9cnica y de la Administraci\u00f3n P\u00fablica reflexionar\u00e1n y debatir\u00e1n, desde una perspectiva multidisciplinar, para conocer las necesidades de los gestores ante el cambio clim\u00e1tico y ver qu\u00e9 puede aportar la comunidad cient\u00edfica para solucionarlas.<\/p>\n<p>A diferencia de ediciones anteriores, el congreso de cambio clim\u00e1tico y litoral se va a desarrollar con un formato h\u00edbrido en el que las ponencias y la propia inauguraci\u00f3n tendr\u00e1n como escenario el Auditorio de Ficoba, mientras que los congresistas participar\u00e1n en remoto gracias a las emisiones en <em>streaming<\/em> de los contenidos de Uhinak.<\/p>\n<p>Para que los congresistas puedan acceder a otros contenidos de Uhinak como los p\u00f3sters se ha habilitado una secci\u00f3n en la web del congreso para acceder a ellos.<\/p>\n<p>Con este nuevo planteamiento Uhinak garantiza una forma \u00f3ptima de acceso a los contenidos del congreso, as\u00ed como la participaci\u00f3n de los congresistas, independientemente de la situaci\u00f3n sanitaria derivada del Covid-19. Adicionalmente, proporciona la posibilidad de llegar con mayor facilidad a visitantes remotos.<\/p>\n<p>Por otra parte, Uhinak contin\u00faa cerrando su programa de contenidos. Hoy mismo estar\u00e1 disponible en la p\u00e1gina web del congreso el programa oficial de ponencias que esta edici\u00f3n se va a desarrollar en torno a 4 bloques: Emergencia clim\u00e1tica: nuestro litoral en 2050; Eventos extremos y medidas de adaptaci\u00f3n; El carbono azul y mitigaci\u00f3n del cambio clim\u00e1tico; y Gobernanza y herramientas de gesti\u00f3n, con un total de 40 ponencias previstas.<\/p>\n<p>Uhinak, Congreso Transfronterizo de cambio Clim\u00e1tico y Litoral promovido por Ficoba y el centro tecnol\u00f3gico AZTI, cuenta con el respaldo de un Comit\u00e9 T\u00e9cnico integrado por representantes del Gobierno Vasco (Ihobe), la Diputaci\u00f3n Foral de Gipuzkoa, la Communaut\u00e9 d\u2019agglom\u00e9ration Pays Basque , Adegi, CSIC\/ESADE\/CEAB, Oficina Espa\u00f1ola de Cambio Clim\u00e1tico, BC3, EUCC Atlantic Center, el Colegio de Ingenieros de Caminos, Canales y Puertos del Pa\u00eds Vasco, Fundaci\u00f3n Naturklima, IAHR (International Association for Hydro-Environment Engineering and Research), el Observatorio para la Sostenibilidad-Fundaci\u00f3n Cristina-Enea, la Eurorregi\u00f3n Nueva Aquitania-Euskadi-Navarra y AZTI.<\/p>\n<p>Asimismo, Uhinak tiene el apoyo de m\u00faltiples instituciones como el Departamento de Medioambiente, Planificaci\u00f3n Territorial y Vivienda del Gobierno Vasco a trav\u00e9s de su sociedad p\u00fablica Ihobe,\u00a0la Diputaci\u00f3n Foral de Gipuzkoa (Departamento de Medio Ambiente), Communaut\u00e9 d\u2019agglom\u00e9ration Pays Basque y la Regi\u00f3n Nouvelle Aquitaine.<\/p>\n<p><strong>M\u00e1s informaci\u00f3n:\u00a0<\/strong><a href=\"http:\/\/www.uhinak.com\/\"><strong>www.uhinak.com<\/strong><\/a><\/p>\n<p>&nbsp;<\/p>\n","protected":false},"excerpt":{"rendered":"<p>El congreso se celebrar\u00e1 con un formato h\u00edbrido, que combina la participaci\u00f3n presencial de los ponentes y remota para los congresistas Uhinak tendr\u00e1 lugar el 4 y 5 de noviembre [&hellip;]<\/p>\n","protected":false},"author":2,"featured_media":7270,"comment_status":"open","ping_status":"open","sticky":false,"template":"","format":"standard","meta":{"_et_pb_use_builder":"","_et_pb_old_content":"","_et_gb_content_width":"","footnotes":""},"categories":[3],"tags":[],"class_list":["post-7269","post","type-post","status-publish","format-standard","has-post-thumbnail","hentry","category-eventos-y-ferias"],"yoast_head":"<!-- This site is optimized with the Yoast SEO plugin v26.8 - https:\/\/yoast.com\/product\/yoast-seo-wordpress\/ -->\n<title>Uhinak estrena formato - Ficoba<\/title>\n<meta name=\"robots\" content=\"index, follow, max-snippet:-1, max-image-preview:large, max-video-preview:-1\" \/>\n<link rel=\"canonical\" href=\"https:\/\/www.ficoba.org\/es\/uhinak-estrena-formato\/\" \/>\n<meta name=\"twitter:label1\" content=\"Escrito por\" \/>\n\t<meta name=\"twitter:data1\" content=\"ficoba\" \/>\n\t<meta name=\"twitter:label2\" content=\"Tiempo de lectura\" \/>\n\t<meta name=\"twitter:data2\" content=\"2 minutos\" \/>\n<script type=\"application\/ld+json\" class=\"yoast-schema-graph\">{\"@context\":\"https:\/\/schema.org\",\"@graph\":[{\"@type\":\"Article\",\"@id\":\"https:\/\/www.ficoba.org\/es\/uhinak-estrena-formato\/#article\",\"isPartOf\":{\"@id\":\"https:\/\/www.ficoba.org\/es\/uhinak-estrena-formato\/\"},\"author\":{\"name\":\"ficoba\",\"@id\":\"https:\/\/www.ficoba.org\/es\/#\/schema\/person\/8a96a121e5dbd393e6e6b5a7ee7ed407\"},\"headline\":\"Uhinak estrena formato\",\"datePublished\":\"2020-09-11T11:56:41+00:00\",\"mainEntityOfPage\":{\"@id\":\"https:\/\/www.ficoba.org\/es\/uhinak-estrena-formato\/\"},\"wordCount\":478,\"commentCount\":0,\"publisher\":{\"@id\":\"https:\/\/www.ficoba.org\/es\/#organization\"},\"image\":{\"@id\":\"https:\/\/www.ficoba.org\/es\/uhinak-estrena-formato\/#primaryimage\"},\"thumbnailUrl\":\"https:\/\/www.ficoba.org\/wp-content\/uploads\/2020\/09\/cabecera-mailing-uhinak_sin_texto-4-5-noviembre-EUS-ES.jpg\",\"articleSection\":[\"Eventos y ferias\"],\"inLanguage\":\"es\",\"potentialAction\":[{\"@type\":\"CommentAction\",\"name\":\"Comment\",\"target\":[\"https:\/\/www.ficoba.org\/es\/uhinak-estrena-formato\/#respond\"]}]},{\"@type\":\"WebPage\",\"@id\":\"https:\/\/www.ficoba.org\/es\/uhinak-estrena-formato\/\",\"url\":\"https:\/\/www.ficoba.org\/es\/uhinak-estrena-formato\/\",\"name\":\"Uhinak estrena formato - Ficoba\",\"isPartOf\":{\"@id\":\"https:\/\/www.ficoba.org\/es\/#website\"},\"primaryImageOfPage\":{\"@id\":\"https:\/\/www.ficoba.org\/es\/uhinak-estrena-formato\/#primaryimage\"},\"image\":{\"@id\":\"https:\/\/www.ficoba.org\/es\/uhinak-estrena-formato\/#primaryimage\"},\"thumbnailUrl\":\"https:\/\/www.ficoba.org\/wp-content\/uploads\/2020\/09\/cabecera-mailing-uhinak_sin_texto-4-5-noviembre-EUS-ES.jpg\",\"datePublished\":\"2020-09-11T11:56:41+00:00\",\"breadcrumb\":{\"@id\":\"https:\/\/www.ficoba.org\/es\/uhinak-estrena-formato\/#breadcrumb\"},\"inLanguage\":\"es\",\"potentialAction\":[{\"@type\":\"ReadAction\",\"target\":[\"https:\/\/www.ficoba.org\/es\/uhinak-estrena-formato\/\"]}]},{\"@type\":\"ImageObject\",\"inLanguage\":\"es\",\"@id\":\"https:\/\/www.ficoba.org\/es\/uhinak-estrena-formato\/#primaryimage\",\"url\":\"https:\/\/www.ficoba.org\/wp-content\/uploads\/2020\/09\/cabecera-mailing-uhinak_sin_texto-4-5-noviembre-EUS-ES.jpg\",\"contentUrl\":\"https:\/\/www.ficoba.org\/wp-content\/uploads\/2020\/09\/cabecera-mailing-uhinak_sin_texto-4-5-noviembre-EUS-ES.jpg\",\"width\":600,\"height\":232},{\"@type\":\"BreadcrumbList\",\"@id\":\"https:\/\/www.ficoba.org\/es\/uhinak-estrena-formato\/#breadcrumb\",\"itemListElement\":[{\"@type\":\"ListItem\",\"position\":1,\"name\":\"Portada\",\"item\":\"https:\/\/www.ficoba.org\/es\/\"},{\"@type\":\"ListItem\",\"position\":2,\"name\":\"Uhinak estrena formato\"}]},{\"@type\":\"WebSite\",\"@id\":\"https:\/\/www.ficoba.org\/es\/#website\",\"url\":\"https:\/\/www.ficoba.org\/es\/\",\"name\":\"Ficoba, Recinto Ferial de Gipuzkoa\",\"description\":\"Ficoba, recinto ferial de Gipuzkoa\",\"publisher\":{\"@id\":\"https:\/\/www.ficoba.org\/es\/#organization\"},\"alternateName\":\"Ficoba\",\"potentialAction\":[{\"@type\":\"SearchAction\",\"target\":{\"@type\":\"EntryPoint\",\"urlTemplate\":\"https:\/\/www.ficoba.org\/es\/?s={search_term_string}\"},\"query-input\":{\"@type\":\"PropertyValueSpecification\",\"valueRequired\":true,\"valueName\":\"search_term_string\"}}],\"inLanguage\":\"es\"},{\"@type\":\"Organization\",\"@id\":\"https:\/\/www.ficoba.org\/es\/#organization\",\"name\":\"Ficoba, Reciento Ferial de Gipuzkoa\",\"url\":\"https:\/\/www.ficoba.org\/es\/\",\"logo\":{\"@type\":\"ImageObject\",\"inLanguage\":\"es\",\"@id\":\"https:\/\/www.ficoba.org\/es\/#\/schema\/logo\/image\/\",\"url\":\"https:\/\/www.ficoba.org\/wp-content\/uploads\/2018\/11\/logo_ficoba.png\",\"contentUrl\":\"https:\/\/www.ficoba.org\/wp-content\/uploads\/2018\/11\/logo_ficoba.png\",\"width\":200,\"height\":124,\"caption\":\"Ficoba, Reciento Ferial de Gipuzkoa\"},\"image\":{\"@id\":\"https:\/\/www.ficoba.org\/es\/#\/schema\/logo\/image\/\"},\"sameAs\":[\"https:\/\/www.facebook.com\/FICOBAFUNDAZIOA\/\",\"https:\/\/x.com\/FicobaFundazioa\",\"https:\/\/www.youtube.com\/channel\/UCvo2JGluemyCf5KPRmEF9JQ\",\"https:\/\/www.linkedin.com\/company\/ficoba\/\",\"https:\/\/www.instagram.com\/ficobafundazioa\/\"]},{\"@type\":\"Person\",\"@id\":\"https:\/\/www.ficoba.org\/es\/#\/schema\/person\/8a96a121e5dbd393e6e6b5a7ee7ed407\",\"name\":\"ficoba\",\"image\":{\"@type\":\"ImageObject\",\"inLanguage\":\"es\",\"@id\":\"https:\/\/www.ficoba.org\/es\/#\/schema\/person\/image\/\",\"url\":\"https:\/\/secure.gravatar.com\/avatar\/c90cc0e07f75fecbe4165c1906a4cd61b0179a28caae2205d37516e4fb7c30c1?s=96&d=mm&r=g\",\"contentUrl\":\"https:\/\/secure.gravatar.com\/avatar\/c90cc0e07f75fecbe4165c1906a4cd61b0179a28caae2205d37516e4fb7c30c1?s=96&d=mm&r=g\",\"caption\":\"ficoba\"}}]}<\/script>\n<!-- \/ Yoast SEO plugin. -->","yoast_head_json":{"title":"Uhinak estrena formato - Ficoba","robots":{"index":"index","follow":"follow","max-snippet":"max-snippet:-1","max-image-preview":"max-image-preview:large","max-video-preview":"max-video-preview:-1"},"canonical":"https:\/\/www.ficoba.org\/es\/uhinak-estrena-formato\/","twitter_misc":{"Escrito por":"ficoba","Tiempo de lectura":"2 minutos"},"schema":{"@context":"https:\/\/schema.org","@graph":[{"@type":"Article","@id":"https:\/\/www.ficoba.org\/es\/uhinak-estrena-formato\/#article","isPartOf":{"@id":"https:\/\/www.ficoba.org\/es\/uhinak-estrena-formato\/"},"author":{"name":"ficoba","@id":"https:\/\/www.ficoba.org\/es\/#\/schema\/person\/8a96a121e5dbd393e6e6b5a7ee7ed407"},"headline":"Uhinak estrena formato","datePublished":"2020-09-11T11:56:41+00:00","mainEntityOfPage":{"@id":"https:\/\/www.ficoba.org\/es\/uhinak-estrena-formato\/"},"wordCount":478,"commentCount":0,"publisher":{"@id":"https:\/\/www.ficoba.org\/es\/#organization"},"image":{"@id":"https:\/\/www.ficoba.org\/es\/uhinak-estrena-formato\/#primaryimage"},"thumbnailUrl":"https:\/\/www.ficoba.org\/wp-content\/uploads\/2020\/09\/cabecera-mailing-uhinak_sin_texto-4-5-noviembre-EUS-ES.jpg","articleSection":["Eventos y ferias"],"inLanguage":"es","potentialAction":[{"@type":"CommentAction","name":"Comment","target":["https:\/\/www.ficoba.org\/es\/uhinak-estrena-formato\/#respond"]}]},{"@type":"WebPage","@id":"https:\/\/www.ficoba.org\/es\/uhinak-estrena-formato\/","url":"https:\/\/www.ficoba.org\/es\/uhinak-estrena-formato\/","name":"Uhinak estrena formato - Ficoba","isPartOf":{"@id":"https:\/\/www.ficoba.org\/es\/#website"},"primaryImageOfPage":{"@id":"https:\/\/www.ficoba.org\/es\/uhinak-estrena-formato\/#primaryimage"},"image":{"@id":"https:\/\/www.ficoba.org\/es\/uhinak-estrena-formato\/#primaryimage"},"thumbnailUrl":"https:\/\/www.ficoba.org\/wp-content\/uploads\/2020\/09\/cabecera-mailing-uhinak_sin_texto-4-5-noviembre-EUS-ES.jpg","datePublished":"2020-09-11T11:56:41+00:00","breadcrumb":{"@id":"https:\/\/www.ficoba.org\/es\/uhinak-estrena-formato\/#breadcrumb"},"inLanguage":"es","potentialAction":[{"@type":"ReadAction","target":["https:\/\/www.ficoba.org\/es\/uhinak-estrena-formato\/"]}]},{"@type":"ImageObject","inLanguage":"es","@id":"https:\/\/www.ficoba.org\/es\/uhinak-estrena-formato\/#primaryimage","url":"https:\/\/www.ficoba.org\/wp-content\/uploads\/2020\/09\/cabecera-mailing-uhinak_sin_texto-4-5-noviembre-EUS-ES.jpg","contentUrl":"https:\/\/www.ficoba.org\/wp-content\/uploads\/2020\/09\/cabecera-mailing-uhinak_sin_texto-4-5-noviembre-EUS-ES.jpg","width":600,"height":232},{"@type":"BreadcrumbList","@id":"https:\/\/www.ficoba.org\/es\/uhinak-estrena-formato\/#breadcrumb","itemListElement":[{"@type":"ListItem","position":1,"name":"Portada","item":"https:\/\/www.ficoba.org\/es\/"},{"@type":"ListItem","position":2,"name":"Uhinak estrena formato"}]},{"@type":"WebSite","@id":"https:\/\/www.ficoba.org\/es\/#website","url":"https:\/\/www.ficoba.org\/es\/","name":"Ficoba, Recinto Ferial de Gipuzkoa","description":"Ficoba, recinto ferial de Gipuzkoa","publisher":{"@id":"https:\/\/www.ficoba.org\/es\/#organization"},"alternateName":"Ficoba","potentialAction":[{"@type":"SearchAction","target":{"@type":"EntryPoint","urlTemplate":"https:\/\/www.ficoba.org\/es\/?s={search_term_string}"},"query-input":{"@type":"PropertyValueSpecification","valueRequired":true,"valueName":"search_term_string"}}],"inLanguage":"es"},{"@type":"Organization","@id":"https:\/\/www.ficoba.org\/es\/#organization","name":"Ficoba, Reciento Ferial de Gipuzkoa","url":"https:\/\/www.ficoba.org\/es\/","logo":{"@type":"ImageObject","inLanguage":"es","@id":"https:\/\/www.ficoba.org\/es\/#\/schema\/logo\/image\/","url":"https:\/\/www.ficoba.org\/wp-content\/uploads\/2018\/11\/logo_ficoba.png","contentUrl":"https:\/\/www.ficoba.org\/wp-content\/uploads\/2018\/11\/logo_ficoba.png","width":200,"height":124,"caption":"Ficoba, Reciento Ferial de Gipuzkoa"},"image":{"@id":"https:\/\/www.ficoba.org\/es\/#\/schema\/logo\/image\/"},"sameAs":["https:\/\/www.facebook.com\/FICOBAFUNDAZIOA\/","https:\/\/x.com\/FicobaFundazioa","https:\/\/www.youtube.com\/channel\/UCvo2JGluemyCf5KPRmEF9JQ","https:\/\/www.linkedin.com\/company\/ficoba\/","https:\/\/www.instagram.com\/ficobafundazioa\/"]},{"@type":"Person","@id":"https:\/\/www.ficoba.org\/es\/#\/schema\/person\/8a96a121e5dbd393e6e6b5a7ee7ed407","name":"ficoba","image":{"@type":"ImageObject","inLanguage":"es","@id":"https:\/\/www.ficoba.org\/es\/#\/schema\/person\/image\/","url":"https:\/\/secure.gravatar.com\/avatar\/c90cc0e07f75fecbe4165c1906a4cd61b0179a28caae2205d37516e4fb7c30c1?s=96&d=mm&r=g","contentUrl":"https:\/\/secure.gravatar.com\/avatar\/c90cc0e07f75fecbe4165c1906a4cd61b0179a28caae2205d37516e4fb7c30c1?s=96&d=mm&r=g","caption":"ficoba"}}]}},"_links":{"self":[{"href":"https:\/\/www.ficoba.org\/es\/wp-json\/wp\/v2\/posts\/7269","targetHints":{"allow":["GET"]}}],"collection":[{"href":"https:\/\/www.ficoba.org\/es\/wp-json\/wp\/v2\/posts"}],"about":[{"href":"https:\/\/www.ficoba.org\/es\/wp-json\/wp\/v2\/types\/post"}],"author":[{"embeddable":true,"href":"https:\/\/www.ficoba.org\/es\/wp-json\/wp\/v2\/users\/2"}],"replies":[{"embeddable":true,"href":"https:\/\/www.ficoba.org\/es\/wp-json\/wp\/v2\/comments?post=7269"}],"version-history":[{"count":1,"href":"https:\/\/www.ficoba.org\/es\/wp-json\/wp\/v2\/posts\/7269\/revisions"}],"predecessor-version":[{"id":7274,"href":"https:\/\/www.ficoba.org\/es\/wp-json\/wp\/v2\/posts\/7269\/revisions\/7274"}],"wp:featuredmedia":[{"embeddable":true,"href":"https:\/\/www.ficoba.org\/es\/wp-json\/wp\/v2\/media\/7270"}],"wp:attachment":[{"href":"https:\/\/www.ficoba.org\/es\/wp-json\/wp\/v2\/media?parent=7269"}],"wp:term":[{"taxonomy":"category","embeddable":true,"href":"https:\/\/www.ficoba.org\/es\/wp-json\/wp\/v2\/categories?post=7269"},{"taxonomy":"post_tag","embeddable":true,"href":"https:\/\/www.ficoba.org\/es\/wp-json\/wp\/v2\/tags?post=7269"}],"curies":[{"name":"wp","href":"https:\/\/api.w.org\/{rel}","templated":true}]}}