{"id":6783,"date":"2020-02-27T15:13:19","date_gmt":"2020-02-27T13:13:19","guid":{"rendered":"https:\/\/www.ficoba.org\/?p=6783"},"modified":"2020-02-27T15:13:19","modified_gmt":"2020-02-27T13:13:19","slug":"2019-otro-buen-ejercicio-para-ficoba-con-cifra-record-de-ferias-y-consolidacion-de-los-ingresos-por-encima-de-los-dos-millones-de-euros","status":"publish","type":"post","link":"https:\/\/www.ficoba.org\/es\/2019-otro-buen-ejercicio-para-ficoba-con-cifra-record-de-ferias-y-consolidacion-de-los-ingresos-por-encima-de-los-dos-millones-de-euros\/","title":{"rendered":"2019, otro buen ejercicio para Ficoba con cifra r\u00e9cord de ferias y consolidaci\u00f3n de los ingresos por encima de los dos millones de euros"},"content":{"rendered":"<ul>\n<li><strong>El super\u00e1vit ha ascendido a 55.000 euros<\/strong><\/li>\n<li><strong>Se han celebrado 19 ferias<\/strong><\/li>\n<li><strong>La cifra de visitantes se ha situado en torno a 234.000<\/strong><\/li>\n<li><strong>El impacto econ\u00f3mico en el entorno ha sido de 31,3 millones de euros<\/strong><\/li>\n<\/ul>\n<p>Ficoba ha firmado un ejercicio excelente y por segundo a\u00f1o consecutivo, ha superado la barrera de los dos millones de facturaci\u00f3n. En 2019 la cifra se ha situado en 2,07 millones de euros, un dato ligeramente inferior al alcanzado en 2018, un ejercicio extraordinario en sus par\u00e1metros, en el que el volumen de negocio se situ\u00f3 en 2,23 millones de euros. Un efecto en las cuentas de Ficoba derivado de la celebraci\u00f3n los a\u00f1os pares de Go Mobility, la feria de la nueva movilidad.<\/p>\n<p>Tambi\u00e9n en 2019 Ficoba ha culminado el ejercicio con un super\u00e1vit de 55.000 euros. Unos datos positivos a los que hay que a\u00f1adir el impacto econ\u00f3mico generado en el entorno, que se ha situado en 31,3 millones de euros.<\/p>\n<p>Sin duda uno de los mejores datos del ejercicio ha sido el nivel de actividad que se ha desarrollado en Ficoba. Las ferias han ascendido a 19 y ha continuado increment\u00e1ndose el n\u00famero de reuniones hasta las 165. Un hecho importante para un recinto ferial, ya que son este tipo de reuniones las que generan una actividad diaria continuada.<\/p>\n<p>El apartado de eventos ha sumado 66 actividades, con los que la suma total asciende en 2019 a 250 actividades que se han traducido en un \u00edndice de ocupaci\u00f3n, sin contar los d\u00edas de montaje y desmontaje, de 250 d\u00edas frente a los 245 de 2018.<\/p>\n<p>En cuanto al n\u00famero de visitantes la cifra se ha situado en torno a las 234.000 personas. La variada oferta tem\u00e1tica de los eventos que se desarrollan en Ficoba contin\u00faa aglutinando a visitantes de todas las comarcas del territorio, y reforzando a Ficoba como el recinto ferial de Gipuzkoa, al tiempo que su capacidad de atracci\u00f3n de visitantes se extiende a zonas lim\u00edtrofes como Bizkaia, Araba, Navarra o Iparralde.<\/p>\n<p><strong>Eventos profesionales y sostenibles<\/strong><\/p>\n<p>Ficoba es desde hace a\u00f1os el referente en eventos de gran p\u00fablico de Gipuzkoa. Pero en los \u00faltimos ejercicios ha puesto en marcha diferentes iniciativas para posicionarse como un referente en la organizaci\u00f3n de eventos profesionales.<\/p>\n<p>Desde esa perspectiva, en 2019 se ha incorporado al calendario de Ficoba propuestas como \u00a0<strong>Kiroltech<\/strong>, <a href=\"https:\/\/www.ficoba.org\/es\/evento\/kiroltech-i-congreso-de-innovacion-y-tecnologia-aplicada-al-deporte\/\">Congreso de Innovaci\u00f3n y Tecnolog\u00eda aplicada al deporte, promovido por\u00a0 <\/a>el Departamento de Cultura y Deporte de la Diputaci\u00f3n Foral de Gipuzkoa.<\/p>\n<p>Tambi\u00e9n hay que resaltar la elecci\u00f3n de Ficoba para celebrar m\u00faltiples convocatorias de <strong>OPE <\/strong>y bolsas de trabajo de la Diputaci\u00f3n Foral de Gipuzkoa, que ponen en valor los espacios y la experiencia de Ficoba en la organizaci\u00f3n de eventos multitudinarios y profesionales.<\/p>\n<p>La sostenibilidad es otra de las se\u00f1as de identidad de Ficoba. En ese \u00e1mbito el pasado ejercicio ha visto el nacimiento de dos nuevas propuestas como la feria vegana <strong>Be Veggie<\/strong> o la feria del veh\u00edculo el\u00e9ctrico <strong>Ekodrive<\/strong>.<\/p>\n<p>Ambas citas se consolidan en el calendario ferial y se suman a la ya veterana feria ecol\u00f3gica Bioterra, y a la propia Go Mobility, que encaja perfectamente en el \u00e1mbito de la sostenibilidad. Un abanico de propuestas con el que Ficoba hace realidad su vocaci\u00f3n de ser un recinto verde fomentando ferias y eventos que promueven un consumo y una forma de vida respetuosa con el planeta.<\/p>\n<p>En 2020 Ficoba va a continuar incidiendo en las l\u00edneas estrat\u00e9gicas de l posicionamiento como recinto para eventos profesionales y sostenibles.<\/p>\n<p>El primer ejemplo va a tener lugar el pr\u00f3ximo 11 y 12 de marzo con la celebraci\u00f3n de la segunda edici\u00f3n de <strong>Go Mobility<\/strong>, la feria de la nueva modalidad, que va a convertir a Ficoba en el epicentro del Sur de Europa de todos los agentes de la cadena de valor de la nueva movilidad.<\/p>\n<p>Otro ejemplo de encuentro profesional es la <strong>Feria Ipardis, <\/strong>una feria privada organizada por un distribuidor de productos alimenticios de primeras marcas europeas en la que re\u00fane a todos sus proveedores y que, tras los buenos resultados de la primera edici\u00f3n, repite formato en Ficoba.<\/p>\n<p>Los congresos profesionales tambi\u00e9n van a tener su espacio en 2020, principalmente con la celebraci\u00f3n de la cuarta edici\u00f3n del congreso de cambio clim\u00e1tico y litoral, <strong>Uhinak<\/strong>.<\/p>\n<p><strong>La Vuelta Ciclista a Espa\u00f1a recala en Ficoba<\/strong><\/p>\n<p>Como recinto especializado en grandes eventos Ficoba va a tener la oportunidad de vivir este verano la experiencia de acoger un evento deportivo de referencia como la Vuelta Ciclista Espa\u00f1a, convirti\u00e9ndose en la oficina t\u00e9cnica con motivo de la celebraci\u00f3n de la etapa Irun-Arrate el martes 18 de agosto.<\/p>\n<p><strong>Calendario de eventos destacados (Confirmados a d\u00eda de hoy)<\/strong><\/p>\n<p>15 enero. <strong>OPE<\/strong> Diputaci\u00f3n Foral de Gipuzkoa.<\/p>\n<p>31 enero. <strong>Proyecto Ocean i3<\/strong>.<\/p>\n<p>13 febrero. <strong>Premios Irun\u00a0 Ekintzan<\/strong>.<\/p>\n<p>18-21 febrero. <strong>JERICO-S3 week #1 <\/strong><strong>Joint European Research Infrastructure of Coastal <\/strong><strong>Observatories: Science, Service, Sustainability<\/strong>.<\/p>\n<p>28 febrero. <strong>Translanekin.<\/strong><\/p>\n<p>5 marzo. <strong>XI Jornada Ferrocarril<\/strong>.<\/p>\n<p>11-12 marzo. <strong>II Go Mobility<\/strong>.<\/p>\n<p>14 marzo. <strong>Topaki C\u00e1ritas<\/strong>.<\/p>\n<p>16-17 marzo. <strong>Sal\u00f3n Ipardis<\/strong>.<\/p>\n<p>20-22 marzo. <strong>Euskadi Tattoo Convention<\/strong>.<\/p>\n<p>28 marzo. <strong>Musical Pauso-k<\/strong>.<\/p>\n<p>Abril. <strong>Ex\u00e1menes deportivos.<\/strong><\/p>\n<p>2 abril. <strong>Feria Krea<\/strong>.<\/p>\n<p>4 abril. <strong>Exposici\u00f3n Internacional Felina<\/strong>.<\/p>\n<p>Mayo. <strong>Semana del Empleo.<\/strong><\/p>\n<p>8-10 mayo. <strong>Caravantur.<\/strong><\/p>\n<p>17 mayo. <strong>XLI Exposici\u00f3n i nternacional Canina de Gipuzkoa<\/strong>. Asociaci\u00f3n Canina de Gipuzkoa<\/p>\n<p>31 mayo. <strong>Alardealdia<\/strong>.<\/p>\n<p>5-7 junio. <strong>Bioterra<\/strong>.<\/p>\n<p>14 junio. <strong>Festival fin de curso Toxic<\/strong>.<\/p>\n<p>24 junio. Comida <strong>Homenaje Tercera Edad.<\/strong><\/p>\n<p>24 junio. <strong>Comida Cuadrilla Betti Gotti<\/strong>.<\/p>\n<p>Agosto. <strong>Oficina Permanente de la Vuelta Ciclista a Espa\u00f1a<\/strong> (Etapa Irun-Arrate)<\/p>\n<p>19-20 septiembre<strong>. Feria del Veh\u00edculo El\u00e9ctrico.<\/strong><\/p>\n<p>Septiembre. <strong>Feria de la Abentura<\/strong>.<\/p>\n<p>30 sept-1 oct. <strong>Congreso Uhinak.<\/strong><\/p>\n<p>9-11 octubre. <strong>Feria Harri Orri Ar.<\/strong><\/p>\n<p>16-18 octubre. <strong>Feria los mu\u00f1ecos de la tarta.<\/strong><\/p>\n<p>22 octubre. <strong>Erromatar Garaiko Portuak Kongresua<\/strong>.<\/p>\n<p>6-7 noviembre. <strong>Feria de la Carrera Behobia San Sebasti\u00e1n<\/strong>.<\/p>\n<p>13-15 noviembre. <strong>Ficoauto, Feria del Veh\u00edculo de Ocasi\u00f3n<\/strong>.<\/p>\n<p>20-21 noviembre. <strong>Bask\u2019n\u2019 Brew Beerfest<\/strong>.<\/p>\n<p>26 diciembre- 4 enero. <strong>Parque Infantil de Navidad<\/strong>.<\/p>\n<p><strong>\u00a0<\/strong><\/p>\n<p><strong>El calendario recoge los eventos de mayor dimensi\u00f3n, principalmente, aquellos que tienen lugar en los pabellones del recinto ferial.<\/strong><\/p>\n<p>&nbsp;<\/p>\n<p>&nbsp;<\/p>\n","protected":false},"excerpt":{"rendered":"<p>El super\u00e1vit ha ascendido a 55.000 euros Se han celebrado 19 ferias La cifra de visitantes se ha situado en torno a 234.000 El impacto econ\u00f3mico en el entorno ha [&hellip;]<\/p>\n","protected":false},"author":2,"featured_media":39,"comment_status":"open","ping_status":"open","sticky":false,"template":"","format":"standard","meta":{"_et_pb_use_builder":"","_et_pb_old_content":"","_et_gb_content_width":"","footnotes":""},"categories":[1],"tags":[53,175,174,68],"class_list":["post-6783","post","type-post","status-publish","format-standard","has-post-thumbnail","hentry","category-noticias","tag-ficoba-2","tag-grandes-eventos","tag-recintro-ferial","tag-sostenibilidad"],"yoast_head":"<!-- This site is optimized with the Yoast SEO plugin v26.8 - https:\/\/yoast.com\/product\/yoast-seo-wordpress\/ -->\n<title>2019, otro buen ejercicio para Ficoba con cifra r\u00e9cord de ferias y consolidaci\u00f3n de los ingresos por encima de los dos millones de euros - Ficoba<\/title>\n<meta name=\"robots\" content=\"index, follow, max-snippet:-1, max-image-preview:large, max-video-preview:-1\" \/>\n<link rel=\"canonical\" href=\"https:\/\/www.ficoba.org\/es\/2019-otro-buen-ejercicio-para-ficoba-con-cifra-record-de-ferias-y-consolidacion-de-los-ingresos-por-encima-de-los-dos-millones-de-euros\/\" \/>\n<meta name=\"twitter:label1\" content=\"Escrito por\" \/>\n\t<meta name=\"twitter:data1\" content=\"ficoba\" \/>\n\t<meta name=\"twitter:label2\" content=\"Tiempo de lectura\" \/>\n\t<meta name=\"twitter:data2\" content=\"5 minutos\" \/>\n<script type=\"application\/ld+json\" class=\"yoast-schema-graph\">{\"@context\":\"https:\/\/schema.org\",\"@graph\":[{\"@type\":\"Article\",\"@id\":\"https:\/\/www.ficoba.org\/es\/2019-otro-buen-ejercicio-para-ficoba-con-cifra-record-de-ferias-y-consolidacion-de-los-ingresos-por-encima-de-los-dos-millones-de-euros\/#article\",\"isPartOf\":{\"@id\":\"https:\/\/www.ficoba.org\/es\/2019-otro-buen-ejercicio-para-ficoba-con-cifra-record-de-ferias-y-consolidacion-de-los-ingresos-por-encima-de-los-dos-millones-de-euros\/\"},\"author\":{\"name\":\"ficoba\",\"@id\":\"https:\/\/www.ficoba.org\/es\/#\/schema\/person\/8a96a121e5dbd393e6e6b5a7ee7ed407\"},\"headline\":\"2019, otro buen ejercicio para Ficoba con cifra r\u00e9cord de ferias y consolidaci\u00f3n de los ingresos por encima de los dos millones de euros\",\"datePublished\":\"2020-02-27T13:13:19+00:00\",\"mainEntityOfPage\":{\"@id\":\"https:\/\/www.ficoba.org\/es\/2019-otro-buen-ejercicio-para-ficoba-con-cifra-record-de-ferias-y-consolidacion-de-los-ingresos-por-encima-de-los-dos-millones-de-euros\/\"},\"wordCount\":1040,\"commentCount\":0,\"publisher\":{\"@id\":\"https:\/\/www.ficoba.org\/es\/#organization\"},\"image\":{\"@id\":\"https:\/\/www.ficoba.org\/es\/2019-otro-buen-ejercicio-para-ficoba-con-cifra-record-de-ferias-y-consolidacion-de-los-ingresos-por-encima-de-los-dos-millones-de-euros\/#primaryimage\"},\"thumbnailUrl\":\"https:\/\/www.ficoba.org\/wp-content\/uploads\/2018\/06\/ficoba-exterior.jpg\",\"keywords\":[\"Ficoba\",\"grandes eventos\",\"recintro ferial\",\"sostenibilidad\"],\"articleSection\":[\"Noticias\"],\"inLanguage\":\"es\",\"potentialAction\":[{\"@type\":\"CommentAction\",\"name\":\"Comment\",\"target\":[\"https:\/\/www.ficoba.org\/es\/2019-otro-buen-ejercicio-para-ficoba-con-cifra-record-de-ferias-y-consolidacion-de-los-ingresos-por-encima-de-los-dos-millones-de-euros\/#respond\"]}]},{\"@type\":\"WebPage\",\"@id\":\"https:\/\/www.ficoba.org\/es\/2019-otro-buen-ejercicio-para-ficoba-con-cifra-record-de-ferias-y-consolidacion-de-los-ingresos-por-encima-de-los-dos-millones-de-euros\/\",\"url\":\"https:\/\/www.ficoba.org\/es\/2019-otro-buen-ejercicio-para-ficoba-con-cifra-record-de-ferias-y-consolidacion-de-los-ingresos-por-encima-de-los-dos-millones-de-euros\/\",\"name\":\"2019, otro buen ejercicio para Ficoba con cifra r\u00e9cord de ferias y consolidaci\u00f3n de los ingresos por encima de los dos millones de euros - Ficoba\",\"isPartOf\":{\"@id\":\"https:\/\/www.ficoba.org\/es\/#website\"},\"primaryImageOfPage\":{\"@id\":\"https:\/\/www.ficoba.org\/es\/2019-otro-buen-ejercicio-para-ficoba-con-cifra-record-de-ferias-y-consolidacion-de-los-ingresos-por-encima-de-los-dos-millones-de-euros\/#primaryimage\"},\"image\":{\"@id\":\"https:\/\/www.ficoba.org\/es\/2019-otro-buen-ejercicio-para-ficoba-con-cifra-record-de-ferias-y-consolidacion-de-los-ingresos-por-encima-de-los-dos-millones-de-euros\/#primaryimage\"},\"thumbnailUrl\":\"https:\/\/www.ficoba.org\/wp-content\/uploads\/2018\/06\/ficoba-exterior.jpg\",\"datePublished\":\"2020-02-27T13:13:19+00:00\",\"breadcrumb\":{\"@id\":\"https:\/\/www.ficoba.org\/es\/2019-otro-buen-ejercicio-para-ficoba-con-cifra-record-de-ferias-y-consolidacion-de-los-ingresos-por-encima-de-los-dos-millones-de-euros\/#breadcrumb\"},\"inLanguage\":\"es\",\"potentialAction\":[{\"@type\":\"ReadAction\",\"target\":[\"https:\/\/www.ficoba.org\/es\/2019-otro-buen-ejercicio-para-ficoba-con-cifra-record-de-ferias-y-consolidacion-de-los-ingresos-por-encima-de-los-dos-millones-de-euros\/\"]}]},{\"@type\":\"ImageObject\",\"inLanguage\":\"es\",\"@id\":\"https:\/\/www.ficoba.org\/es\/2019-otro-buen-ejercicio-para-ficoba-con-cifra-record-de-ferias-y-consolidacion-de-los-ingresos-por-encima-de-los-dos-millones-de-euros\/#primaryimage\",\"url\":\"https:\/\/www.ficoba.org\/wp-content\/uploads\/2018\/06\/ficoba-exterior.jpg\",\"contentUrl\":\"https:\/\/www.ficoba.org\/wp-content\/uploads\/2018\/06\/ficoba-exterior.jpg\",\"width\":1600,\"height\":786},{\"@type\":\"BreadcrumbList\",\"@id\":\"https:\/\/www.ficoba.org\/es\/2019-otro-buen-ejercicio-para-ficoba-con-cifra-record-de-ferias-y-consolidacion-de-los-ingresos-por-encima-de-los-dos-millones-de-euros\/#breadcrumb\",\"itemListElement\":[{\"@type\":\"ListItem\",\"position\":1,\"name\":\"Portada\",\"item\":\"https:\/\/www.ficoba.org\/es\/\"},{\"@type\":\"ListItem\",\"position\":2,\"name\":\"2019, otro buen ejercicio para Ficoba con cifra r\u00e9cord de ferias y consolidaci\u00f3n de los ingresos por encima de los dos millones de euros\"}]},{\"@type\":\"WebSite\",\"@id\":\"https:\/\/www.ficoba.org\/es\/#website\",\"url\":\"https:\/\/www.ficoba.org\/es\/\",\"name\":\"Ficoba, Recinto Ferial de Gipuzkoa\",\"description\":\"Ficoba, recinto ferial de Gipuzkoa\",\"publisher\":{\"@id\":\"https:\/\/www.ficoba.org\/es\/#organization\"},\"alternateName\":\"Ficoba\",\"potentialAction\":[{\"@type\":\"SearchAction\",\"target\":{\"@type\":\"EntryPoint\",\"urlTemplate\":\"https:\/\/www.ficoba.org\/es\/?s={search_term_string}\"},\"query-input\":{\"@type\":\"PropertyValueSpecification\",\"valueRequired\":true,\"valueName\":\"search_term_string\"}}],\"inLanguage\":\"es\"},{\"@type\":\"Organization\",\"@id\":\"https:\/\/www.ficoba.org\/es\/#organization\",\"name\":\"Ficoba, Reciento Ferial de Gipuzkoa\",\"url\":\"https:\/\/www.ficoba.org\/es\/\",\"logo\":{\"@type\":\"ImageObject\",\"inLanguage\":\"es\",\"@id\":\"https:\/\/www.ficoba.org\/es\/#\/schema\/logo\/image\/\",\"url\":\"https:\/\/www.ficoba.org\/wp-content\/uploads\/2018\/11\/logo_ficoba.png\",\"contentUrl\":\"https:\/\/www.ficoba.org\/wp-content\/uploads\/2018\/11\/logo_ficoba.png\",\"width\":200,\"height\":124,\"caption\":\"Ficoba, Reciento Ferial de Gipuzkoa\"},\"image\":{\"@id\":\"https:\/\/www.ficoba.org\/es\/#\/schema\/logo\/image\/\"},\"sameAs\":[\"https:\/\/www.facebook.com\/FICOBAFUNDAZIOA\/\",\"https:\/\/x.com\/FicobaFundazioa\",\"https:\/\/www.youtube.com\/channel\/UCvo2JGluemyCf5KPRmEF9JQ\",\"https:\/\/www.linkedin.com\/company\/ficoba\/\",\"https:\/\/www.instagram.com\/ficobafundazioa\/\"]},{\"@type\":\"Person\",\"@id\":\"https:\/\/www.ficoba.org\/es\/#\/schema\/person\/8a96a121e5dbd393e6e6b5a7ee7ed407\",\"name\":\"ficoba\",\"image\":{\"@type\":\"ImageObject\",\"inLanguage\":\"es\",\"@id\":\"https:\/\/www.ficoba.org\/es\/#\/schema\/person\/image\/\",\"url\":\"https:\/\/secure.gravatar.com\/avatar\/c90cc0e07f75fecbe4165c1906a4cd61b0179a28caae2205d37516e4fb7c30c1?s=96&d=mm&r=g\",\"contentUrl\":\"https:\/\/secure.gravatar.com\/avatar\/c90cc0e07f75fecbe4165c1906a4cd61b0179a28caae2205d37516e4fb7c30c1?s=96&d=mm&r=g\",\"caption\":\"ficoba\"}}]}<\/script>\n<!-- \/ Yoast SEO plugin. -->","yoast_head_json":{"title":"2019, otro buen ejercicio para Ficoba con cifra r\u00e9cord de ferias y consolidaci\u00f3n de los ingresos por encima de los dos millones de euros - Ficoba","robots":{"index":"index","follow":"follow","max-snippet":"max-snippet:-1","max-image-preview":"max-image-preview:large","max-video-preview":"max-video-preview:-1"},"canonical":"https:\/\/www.ficoba.org\/es\/2019-otro-buen-ejercicio-para-ficoba-con-cifra-record-de-ferias-y-consolidacion-de-los-ingresos-por-encima-de-los-dos-millones-de-euros\/","twitter_misc":{"Escrito por":"ficoba","Tiempo de lectura":"5 minutos"},"schema":{"@context":"https:\/\/schema.org","@graph":[{"@type":"Article","@id":"https:\/\/www.ficoba.org\/es\/2019-otro-buen-ejercicio-para-ficoba-con-cifra-record-de-ferias-y-consolidacion-de-los-ingresos-por-encima-de-los-dos-millones-de-euros\/#article","isPartOf":{"@id":"https:\/\/www.ficoba.org\/es\/2019-otro-buen-ejercicio-para-ficoba-con-cifra-record-de-ferias-y-consolidacion-de-los-ingresos-por-encima-de-los-dos-millones-de-euros\/"},"author":{"name":"ficoba","@id":"https:\/\/www.ficoba.org\/es\/#\/schema\/person\/8a96a121e5dbd393e6e6b5a7ee7ed407"},"headline":"2019, otro buen ejercicio para Ficoba con cifra r\u00e9cord de ferias y consolidaci\u00f3n de los ingresos por encima de los dos millones de euros","datePublished":"2020-02-27T13:13:19+00:00","mainEntityOfPage":{"@id":"https:\/\/www.ficoba.org\/es\/2019-otro-buen-ejercicio-para-ficoba-con-cifra-record-de-ferias-y-consolidacion-de-los-ingresos-por-encima-de-los-dos-millones-de-euros\/"},"wordCount":1040,"commentCount":0,"publisher":{"@id":"https:\/\/www.ficoba.org\/es\/#organization"},"image":{"@id":"https:\/\/www.ficoba.org\/es\/2019-otro-buen-ejercicio-para-ficoba-con-cifra-record-de-ferias-y-consolidacion-de-los-ingresos-por-encima-de-los-dos-millones-de-euros\/#primaryimage"},"thumbnailUrl":"https:\/\/www.ficoba.org\/wp-content\/uploads\/2018\/06\/ficoba-exterior.jpg","keywords":["Ficoba","grandes eventos","recintro ferial","sostenibilidad"],"articleSection":["Noticias"],"inLanguage":"es","potentialAction":[{"@type":"CommentAction","name":"Comment","target":["https:\/\/www.ficoba.org\/es\/2019-otro-buen-ejercicio-para-ficoba-con-cifra-record-de-ferias-y-consolidacion-de-los-ingresos-por-encima-de-los-dos-millones-de-euros\/#respond"]}]},{"@type":"WebPage","@id":"https:\/\/www.ficoba.org\/es\/2019-otro-buen-ejercicio-para-ficoba-con-cifra-record-de-ferias-y-consolidacion-de-los-ingresos-por-encima-de-los-dos-millones-de-euros\/","url":"https:\/\/www.ficoba.org\/es\/2019-otro-buen-ejercicio-para-ficoba-con-cifra-record-de-ferias-y-consolidacion-de-los-ingresos-por-encima-de-los-dos-millones-de-euros\/","name":"2019, otro buen ejercicio para Ficoba con cifra r\u00e9cord de ferias y consolidaci\u00f3n de los ingresos por encima de los dos millones de euros - Ficoba","isPartOf":{"@id":"https:\/\/www.ficoba.org\/es\/#website"},"primaryImageOfPage":{"@id":"https:\/\/www.ficoba.org\/es\/2019-otro-buen-ejercicio-para-ficoba-con-cifra-record-de-ferias-y-consolidacion-de-los-ingresos-por-encima-de-los-dos-millones-de-euros\/#primaryimage"},"image":{"@id":"https:\/\/www.ficoba.org\/es\/2019-otro-buen-ejercicio-para-ficoba-con-cifra-record-de-ferias-y-consolidacion-de-los-ingresos-por-encima-de-los-dos-millones-de-euros\/#primaryimage"},"thumbnailUrl":"https:\/\/www.ficoba.org\/wp-content\/uploads\/2018\/06\/ficoba-exterior.jpg","datePublished":"2020-02-27T13:13:19+00:00","breadcrumb":{"@id":"https:\/\/www.ficoba.org\/es\/2019-otro-buen-ejercicio-para-ficoba-con-cifra-record-de-ferias-y-consolidacion-de-los-ingresos-por-encima-de-los-dos-millones-de-euros\/#breadcrumb"},"inLanguage":"es","potentialAction":[{"@type":"ReadAction","target":["https:\/\/www.ficoba.org\/es\/2019-otro-buen-ejercicio-para-ficoba-con-cifra-record-de-ferias-y-consolidacion-de-los-ingresos-por-encima-de-los-dos-millones-de-euros\/"]}]},{"@type":"ImageObject","inLanguage":"es","@id":"https:\/\/www.ficoba.org\/es\/2019-otro-buen-ejercicio-para-ficoba-con-cifra-record-de-ferias-y-consolidacion-de-los-ingresos-por-encima-de-los-dos-millones-de-euros\/#primaryimage","url":"https:\/\/www.ficoba.org\/wp-content\/uploads\/2018\/06\/ficoba-exterior.jpg","contentUrl":"https:\/\/www.ficoba.org\/wp-content\/uploads\/2018\/06\/ficoba-exterior.jpg","width":1600,"height":786},{"@type":"BreadcrumbList","@id":"https:\/\/www.ficoba.org\/es\/2019-otro-buen-ejercicio-para-ficoba-con-cifra-record-de-ferias-y-consolidacion-de-los-ingresos-por-encima-de-los-dos-millones-de-euros\/#breadcrumb","itemListElement":[{"@type":"ListItem","position":1,"name":"Portada","item":"https:\/\/www.ficoba.org\/es\/"},{"@type":"ListItem","position":2,"name":"2019, otro buen ejercicio para Ficoba con cifra r\u00e9cord de ferias y consolidaci\u00f3n de los ingresos por encima de los dos millones de euros"}]},{"@type":"WebSite","@id":"https:\/\/www.ficoba.org\/es\/#website","url":"https:\/\/www.ficoba.org\/es\/","name":"Ficoba, Recinto Ferial de Gipuzkoa","description":"Ficoba, recinto ferial de Gipuzkoa","publisher":{"@id":"https:\/\/www.ficoba.org\/es\/#organization"},"alternateName":"Ficoba","potentialAction":[{"@type":"SearchAction","target":{"@type":"EntryPoint","urlTemplate":"https:\/\/www.ficoba.org\/es\/?s={search_term_string}"},"query-input":{"@type":"PropertyValueSpecification","valueRequired":true,"valueName":"search_term_string"}}],"inLanguage":"es"},{"@type":"Organization","@id":"https:\/\/www.ficoba.org\/es\/#organization","name":"Ficoba, Reciento Ferial de Gipuzkoa","url":"https:\/\/www.ficoba.org\/es\/","logo":{"@type":"ImageObject","inLanguage":"es","@id":"https:\/\/www.ficoba.org\/es\/#\/schema\/logo\/image\/","url":"https:\/\/www.ficoba.org\/wp-content\/uploads\/2018\/11\/logo_ficoba.png","contentUrl":"https:\/\/www.ficoba.org\/wp-content\/uploads\/2018\/11\/logo_ficoba.png","width":200,"height":124,"caption":"Ficoba, Reciento Ferial de Gipuzkoa"},"image":{"@id":"https:\/\/www.ficoba.org\/es\/#\/schema\/logo\/image\/"},"sameAs":["https:\/\/www.facebook.com\/FICOBAFUNDAZIOA\/","https:\/\/x.com\/FicobaFundazioa","https:\/\/www.youtube.com\/channel\/UCvo2JGluemyCf5KPRmEF9JQ","https:\/\/www.linkedin.com\/company\/ficoba\/","https:\/\/www.instagram.com\/ficobafundazioa\/"]},{"@type":"Person","@id":"https:\/\/www.ficoba.org\/es\/#\/schema\/person\/8a96a121e5dbd393e6e6b5a7ee7ed407","name":"ficoba","image":{"@type":"ImageObject","inLanguage":"es","@id":"https:\/\/www.ficoba.org\/es\/#\/schema\/person\/image\/","url":"https:\/\/secure.gravatar.com\/avatar\/c90cc0e07f75fecbe4165c1906a4cd61b0179a28caae2205d37516e4fb7c30c1?s=96&d=mm&r=g","contentUrl":"https:\/\/secure.gravatar.com\/avatar\/c90cc0e07f75fecbe4165c1906a4cd61b0179a28caae2205d37516e4fb7c30c1?s=96&d=mm&r=g","caption":"ficoba"}}]}},"_links":{"self":[{"href":"https:\/\/www.ficoba.org\/es\/wp-json\/wp\/v2\/posts\/6783","targetHints":{"allow":["GET"]}}],"collection":[{"href":"https:\/\/www.ficoba.org\/es\/wp-json\/wp\/v2\/posts"}],"about":[{"href":"https:\/\/www.ficoba.org\/es\/wp-json\/wp\/v2\/types\/post"}],"author":[{"embeddable":true,"href":"https:\/\/www.ficoba.org\/es\/wp-json\/wp\/v2\/users\/2"}],"replies":[{"embeddable":true,"href":"https:\/\/www.ficoba.org\/es\/wp-json\/wp\/v2\/comments?post=6783"}],"version-history":[{"count":1,"href":"https:\/\/www.ficoba.org\/es\/wp-json\/wp\/v2\/posts\/6783\/revisions"}],"predecessor-version":[{"id":6784,"href":"https:\/\/www.ficoba.org\/es\/wp-json\/wp\/v2\/posts\/6783\/revisions\/6784"}],"wp:featuredmedia":[{"embeddable":true,"href":"https:\/\/www.ficoba.org\/es\/wp-json\/wp\/v2\/media\/39"}],"wp:attachment":[{"href":"https:\/\/www.ficoba.org\/es\/wp-json\/wp\/v2\/media?parent=6783"}],"wp:term":[{"taxonomy":"category","embeddable":true,"href":"https:\/\/www.ficoba.org\/es\/wp-json\/wp\/v2\/categories?post=6783"},{"taxonomy":"post_tag","embeddable":true,"href":"https:\/\/www.ficoba.org\/es\/wp-json\/wp\/v2\/tags?post=6783"}],"curies":[{"name":"wp","href":"https:\/\/api.w.org\/{rel}","templated":true}]}}