{"id":6124,"date":"2019-11-18T14:43:25","date_gmt":"2019-11-18T12:43:25","guid":{"rendered":"https:\/\/www.ficoba.org\/?p=6124"},"modified":"2019-11-18T14:43:25","modified_gmt":"2019-11-18T12:43:25","slug":"las-cifras-de-ventas-y-visitantes-consolidan-a-ficoauto-como-la-gran-cita-de-la-venta-de-vehiculo-de-ocasion","status":"publish","type":"post","link":"https:\/\/www.ficoba.org\/es\/las-cifras-de-ventas-y-visitantes-consolidan-a-ficoauto-como-la-gran-cita-de-la-venta-de-vehiculo-de-ocasion\/","title":{"rendered":"Las cifras de ventas y visitantes consolidan a Ficoauto como la gran cita de la venta de veh\u00edculo de ocasi\u00f3n"},"content":{"rendered":"<p>El mal tiempo registrado este fin de semana no ha amedrentado a las personas que han acudido este fin de semana a su cita anual con Ficoauto, la Feria del Veh\u00edculo de Ocasi\u00f3n de Gipuzkoa, celebrada en Ficoba.<\/p>\n<p>M\u00e1s de 9.000 personas han llenado los tres pabellones del recinto ferial y la zona exterior de exposici\u00f3n, donde m\u00e1s de 1.000 veh\u00edculos de todo tipo de segmentos y para todos los bolsillos, esperaban comprador.<\/p>\n<p>Del total de coches en venta, desde coches seminuevos o de ocasi\u00f3n, hasta unidades de gerencia, demo y Kil\u00f3metro 0, utilitarios, grandes berlinas, y SUV (Sport Utility Vehicle), 450 coches, seg\u00fan los datos provisionales de ventas, han sido adquiridos en los tres d\u00edas que ha durado Ficoauto.<\/p>\n<p>Las transacciones realizadas tambi\u00e9n han sido cuantiosas y han alcanzado los 5,5 millones de euros gracias a que 5 de cada cien personas que han visitado Ficoauto han tomado la decisi\u00f3n de adquirir un coche.<\/p>\n<p>Ficoauto ha contado con la participaci\u00f3n de los principales concesionarios de Gipuzkoa y el entorno que han mostrado su oferta en una superficie de exposici\u00f3n de 12.000m<sup>2<\/sup>.<\/p>\n<p><strong>www.ficoauto.es<\/strong><\/p>\n<p>&nbsp;<\/p>\n","protected":false},"excerpt":{"rendered":"<p>El mal tiempo registrado este fin de semana no ha amedrentado a las personas que han acudido este fin de semana a su cita anual con Ficoauto, la Feria del [&hellip;]<\/p>\n","protected":false},"author":2,"featured_media":6125,"comment_status":"open","ping_status":"open","sticky":false,"template":"","format":"standard","meta":{"_et_pb_use_builder":"","_et_pb_old_content":"","_et_gb_content_width":"","footnotes":""},"categories":[3],"tags":[146],"class_list":["post-6124","post","type-post","status-publish","format-standard","has-post-thumbnail","hentry","category-eventos-y-ferias","tag-feria-vehiculos-ocasion"],"yoast_head":"<!-- This site is optimized with the Yoast SEO plugin v26.8 - https:\/\/yoast.com\/product\/yoast-seo-wordpress\/ -->\n<title>Las cifras de ventas y visitantes consolidan a Ficoauto como la gran cita de la venta de veh\u00edculo de ocasi\u00f3n - Ficoba<\/title>\n<meta name=\"robots\" content=\"index, follow, max-snippet:-1, max-image-preview:large, max-video-preview:-1\" \/>\n<link rel=\"canonical\" href=\"https:\/\/www.ficoba.org\/es\/las-cifras-de-ventas-y-visitantes-consolidan-a-ficoauto-como-la-gran-cita-de-la-venta-de-vehiculo-de-ocasion\/\" \/>\n<meta name=\"twitter:label1\" content=\"Escrito por\" \/>\n\t<meta name=\"twitter:data1\" content=\"ficoba\" \/>\n\t<meta name=\"twitter:label2\" content=\"Tiempo de lectura\" \/>\n\t<meta name=\"twitter:data2\" content=\"1 minuto\" \/>\n<script type=\"application\/ld+json\" class=\"yoast-schema-graph\">{\"@context\":\"https:\/\/schema.org\",\"@graph\":[{\"@type\":\"Article\",\"@id\":\"https:\/\/www.ficoba.org\/es\/las-cifras-de-ventas-y-visitantes-consolidan-a-ficoauto-como-la-gran-cita-de-la-venta-de-vehiculo-de-ocasion\/#article\",\"isPartOf\":{\"@id\":\"https:\/\/www.ficoba.org\/es\/las-cifras-de-ventas-y-visitantes-consolidan-a-ficoauto-como-la-gran-cita-de-la-venta-de-vehiculo-de-ocasion\/\"},\"author\":{\"name\":\"ficoba\",\"@id\":\"https:\/\/www.ficoba.org\/es\/#\/schema\/person\/8a96a121e5dbd393e6e6b5a7ee7ed407\"},\"headline\":\"Las cifras de ventas y visitantes consolidan a Ficoauto como la gran cita de la venta de veh\u00edculo de ocasi\u00f3n\",\"datePublished\":\"2019-11-18T12:43:25+00:00\",\"mainEntityOfPage\":{\"@id\":\"https:\/\/www.ficoba.org\/es\/las-cifras-de-ventas-y-visitantes-consolidan-a-ficoauto-como-la-gran-cita-de-la-venta-de-vehiculo-de-ocasion\/\"},\"wordCount\":216,\"commentCount\":0,\"publisher\":{\"@id\":\"https:\/\/www.ficoba.org\/es\/#organization\"},\"image\":{\"@id\":\"https:\/\/www.ficoba.org\/es\/las-cifras-de-ventas-y-visitantes-consolidan-a-ficoauto-como-la-gran-cita-de-la-venta-de-vehiculo-de-ocasion\/#primaryimage\"},\"thumbnailUrl\":\"https:\/\/www.ficoba.org\/wp-content\/uploads\/2019\/11\/15-e1574080974643.jpg\",\"keywords\":[\"Feria veh\u00edculos ocasi\u00f3n\"],\"articleSection\":[\"Eventos y ferias\"],\"inLanguage\":\"es\",\"potentialAction\":[{\"@type\":\"CommentAction\",\"name\":\"Comment\",\"target\":[\"https:\/\/www.ficoba.org\/es\/las-cifras-de-ventas-y-visitantes-consolidan-a-ficoauto-como-la-gran-cita-de-la-venta-de-vehiculo-de-ocasion\/#respond\"]}]},{\"@type\":\"WebPage\",\"@id\":\"https:\/\/www.ficoba.org\/es\/las-cifras-de-ventas-y-visitantes-consolidan-a-ficoauto-como-la-gran-cita-de-la-venta-de-vehiculo-de-ocasion\/\",\"url\":\"https:\/\/www.ficoba.org\/es\/las-cifras-de-ventas-y-visitantes-consolidan-a-ficoauto-como-la-gran-cita-de-la-venta-de-vehiculo-de-ocasion\/\",\"name\":\"Las cifras de ventas y visitantes consolidan a Ficoauto como la gran cita de la venta de veh\u00edculo de ocasi\u00f3n - Ficoba\",\"isPartOf\":{\"@id\":\"https:\/\/www.ficoba.org\/es\/#website\"},\"primaryImageOfPage\":{\"@id\":\"https:\/\/www.ficoba.org\/es\/las-cifras-de-ventas-y-visitantes-consolidan-a-ficoauto-como-la-gran-cita-de-la-venta-de-vehiculo-de-ocasion\/#primaryimage\"},\"image\":{\"@id\":\"https:\/\/www.ficoba.org\/es\/las-cifras-de-ventas-y-visitantes-consolidan-a-ficoauto-como-la-gran-cita-de-la-venta-de-vehiculo-de-ocasion\/#primaryimage\"},\"thumbnailUrl\":\"https:\/\/www.ficoba.org\/wp-content\/uploads\/2019\/11\/15-e1574080974643.jpg\",\"datePublished\":\"2019-11-18T12:43:25+00:00\",\"breadcrumb\":{\"@id\":\"https:\/\/www.ficoba.org\/es\/las-cifras-de-ventas-y-visitantes-consolidan-a-ficoauto-como-la-gran-cita-de-la-venta-de-vehiculo-de-ocasion\/#breadcrumb\"},\"inLanguage\":\"es\",\"potentialAction\":[{\"@type\":\"ReadAction\",\"target\":[\"https:\/\/www.ficoba.org\/es\/las-cifras-de-ventas-y-visitantes-consolidan-a-ficoauto-como-la-gran-cita-de-la-venta-de-vehiculo-de-ocasion\/\"]}]},{\"@type\":\"ImageObject\",\"inLanguage\":\"es\",\"@id\":\"https:\/\/www.ficoba.org\/es\/las-cifras-de-ventas-y-visitantes-consolidan-a-ficoauto-como-la-gran-cita-de-la-venta-de-vehiculo-de-ocasion\/#primaryimage\",\"url\":\"https:\/\/www.ficoba.org\/wp-content\/uploads\/2019\/11\/15-e1574080974643.jpg\",\"contentUrl\":\"https:\/\/www.ficoba.org\/wp-content\/uploads\/2019\/11\/15-e1574080974643.jpg\",\"width\":1512,\"height\":2016},{\"@type\":\"BreadcrumbList\",\"@id\":\"https:\/\/www.ficoba.org\/es\/las-cifras-de-ventas-y-visitantes-consolidan-a-ficoauto-como-la-gran-cita-de-la-venta-de-vehiculo-de-ocasion\/#breadcrumb\",\"itemListElement\":[{\"@type\":\"ListItem\",\"position\":1,\"name\":\"Portada\",\"item\":\"https:\/\/www.ficoba.org\/es\/\"},{\"@type\":\"ListItem\",\"position\":2,\"name\":\"Las cifras de ventas y visitantes consolidan a Ficoauto como la gran cita de la venta de veh\u00edculo de ocasi\u00f3n\"}]},{\"@type\":\"WebSite\",\"@id\":\"https:\/\/www.ficoba.org\/es\/#website\",\"url\":\"https:\/\/www.ficoba.org\/es\/\",\"name\":\"Ficoba, Recinto Ferial de Gipuzkoa\",\"description\":\"Ficoba, recinto ferial de Gipuzkoa\",\"publisher\":{\"@id\":\"https:\/\/www.ficoba.org\/es\/#organization\"},\"alternateName\":\"Ficoba\",\"potentialAction\":[{\"@type\":\"SearchAction\",\"target\":{\"@type\":\"EntryPoint\",\"urlTemplate\":\"https:\/\/www.ficoba.org\/es\/?s={search_term_string}\"},\"query-input\":{\"@type\":\"PropertyValueSpecification\",\"valueRequired\":true,\"valueName\":\"search_term_string\"}}],\"inLanguage\":\"es\"},{\"@type\":\"Organization\",\"@id\":\"https:\/\/www.ficoba.org\/es\/#organization\",\"name\":\"Ficoba, Reciento Ferial de Gipuzkoa\",\"url\":\"https:\/\/www.ficoba.org\/es\/\",\"logo\":{\"@type\":\"ImageObject\",\"inLanguage\":\"es\",\"@id\":\"https:\/\/www.ficoba.org\/es\/#\/schema\/logo\/image\/\",\"url\":\"https:\/\/www.ficoba.org\/wp-content\/uploads\/2018\/11\/logo_ficoba.png\",\"contentUrl\":\"https:\/\/www.ficoba.org\/wp-content\/uploads\/2018\/11\/logo_ficoba.png\",\"width\":200,\"height\":124,\"caption\":\"Ficoba, Reciento Ferial de Gipuzkoa\"},\"image\":{\"@id\":\"https:\/\/www.ficoba.org\/es\/#\/schema\/logo\/image\/\"},\"sameAs\":[\"https:\/\/www.facebook.com\/FICOBAFUNDAZIOA\/\",\"https:\/\/x.com\/FicobaFundazioa\",\"https:\/\/www.youtube.com\/channel\/UCvo2JGluemyCf5KPRmEF9JQ\",\"https:\/\/www.linkedin.com\/company\/ficoba\/\",\"https:\/\/www.instagram.com\/ficobafundazioa\/\"]},{\"@type\":\"Person\",\"@id\":\"https:\/\/www.ficoba.org\/es\/#\/schema\/person\/8a96a121e5dbd393e6e6b5a7ee7ed407\",\"name\":\"ficoba\",\"image\":{\"@type\":\"ImageObject\",\"inLanguage\":\"es\",\"@id\":\"https:\/\/www.ficoba.org\/es\/#\/schema\/person\/image\/\",\"url\":\"https:\/\/secure.gravatar.com\/avatar\/c90cc0e07f75fecbe4165c1906a4cd61b0179a28caae2205d37516e4fb7c30c1?s=96&d=mm&r=g\",\"contentUrl\":\"https:\/\/secure.gravatar.com\/avatar\/c90cc0e07f75fecbe4165c1906a4cd61b0179a28caae2205d37516e4fb7c30c1?s=96&d=mm&r=g\",\"caption\":\"ficoba\"}}]}<\/script>\n<!-- \/ Yoast SEO plugin. -->","yoast_head_json":{"title":"Las cifras de ventas y visitantes consolidan a Ficoauto como la gran cita de la venta de veh\u00edculo de ocasi\u00f3n - Ficoba","robots":{"index":"index","follow":"follow","max-snippet":"max-snippet:-1","max-image-preview":"max-image-preview:large","max-video-preview":"max-video-preview:-1"},"canonical":"https:\/\/www.ficoba.org\/es\/las-cifras-de-ventas-y-visitantes-consolidan-a-ficoauto-como-la-gran-cita-de-la-venta-de-vehiculo-de-ocasion\/","twitter_misc":{"Escrito por":"ficoba","Tiempo de lectura":"1 minuto"},"schema":{"@context":"https:\/\/schema.org","@graph":[{"@type":"Article","@id":"https:\/\/www.ficoba.org\/es\/las-cifras-de-ventas-y-visitantes-consolidan-a-ficoauto-como-la-gran-cita-de-la-venta-de-vehiculo-de-ocasion\/#article","isPartOf":{"@id":"https:\/\/www.ficoba.org\/es\/las-cifras-de-ventas-y-visitantes-consolidan-a-ficoauto-como-la-gran-cita-de-la-venta-de-vehiculo-de-ocasion\/"},"author":{"name":"ficoba","@id":"https:\/\/www.ficoba.org\/es\/#\/schema\/person\/8a96a121e5dbd393e6e6b5a7ee7ed407"},"headline":"Las cifras de ventas y visitantes consolidan a Ficoauto como la gran cita de la venta de veh\u00edculo de ocasi\u00f3n","datePublished":"2019-11-18T12:43:25+00:00","mainEntityOfPage":{"@id":"https:\/\/www.ficoba.org\/es\/las-cifras-de-ventas-y-visitantes-consolidan-a-ficoauto-como-la-gran-cita-de-la-venta-de-vehiculo-de-ocasion\/"},"wordCount":216,"commentCount":0,"publisher":{"@id":"https:\/\/www.ficoba.org\/es\/#organization"},"image":{"@id":"https:\/\/www.ficoba.org\/es\/las-cifras-de-ventas-y-visitantes-consolidan-a-ficoauto-como-la-gran-cita-de-la-venta-de-vehiculo-de-ocasion\/#primaryimage"},"thumbnailUrl":"https:\/\/www.ficoba.org\/wp-content\/uploads\/2019\/11\/15-e1574080974643.jpg","keywords":["Feria veh\u00edculos ocasi\u00f3n"],"articleSection":["Eventos y ferias"],"inLanguage":"es","potentialAction":[{"@type":"CommentAction","name":"Comment","target":["https:\/\/www.ficoba.org\/es\/las-cifras-de-ventas-y-visitantes-consolidan-a-ficoauto-como-la-gran-cita-de-la-venta-de-vehiculo-de-ocasion\/#respond"]}]},{"@type":"WebPage","@id":"https:\/\/www.ficoba.org\/es\/las-cifras-de-ventas-y-visitantes-consolidan-a-ficoauto-como-la-gran-cita-de-la-venta-de-vehiculo-de-ocasion\/","url":"https:\/\/www.ficoba.org\/es\/las-cifras-de-ventas-y-visitantes-consolidan-a-ficoauto-como-la-gran-cita-de-la-venta-de-vehiculo-de-ocasion\/","name":"Las cifras de ventas y visitantes consolidan a Ficoauto como la gran cita de la venta de veh\u00edculo de ocasi\u00f3n - Ficoba","isPartOf":{"@id":"https:\/\/www.ficoba.org\/es\/#website"},"primaryImageOfPage":{"@id":"https:\/\/www.ficoba.org\/es\/las-cifras-de-ventas-y-visitantes-consolidan-a-ficoauto-como-la-gran-cita-de-la-venta-de-vehiculo-de-ocasion\/#primaryimage"},"image":{"@id":"https:\/\/www.ficoba.org\/es\/las-cifras-de-ventas-y-visitantes-consolidan-a-ficoauto-como-la-gran-cita-de-la-venta-de-vehiculo-de-ocasion\/#primaryimage"},"thumbnailUrl":"https:\/\/www.ficoba.org\/wp-content\/uploads\/2019\/11\/15-e1574080974643.jpg","datePublished":"2019-11-18T12:43:25+00:00","breadcrumb":{"@id":"https:\/\/www.ficoba.org\/es\/las-cifras-de-ventas-y-visitantes-consolidan-a-ficoauto-como-la-gran-cita-de-la-venta-de-vehiculo-de-ocasion\/#breadcrumb"},"inLanguage":"es","potentialAction":[{"@type":"ReadAction","target":["https:\/\/www.ficoba.org\/es\/las-cifras-de-ventas-y-visitantes-consolidan-a-ficoauto-como-la-gran-cita-de-la-venta-de-vehiculo-de-ocasion\/"]}]},{"@type":"ImageObject","inLanguage":"es","@id":"https:\/\/www.ficoba.org\/es\/las-cifras-de-ventas-y-visitantes-consolidan-a-ficoauto-como-la-gran-cita-de-la-venta-de-vehiculo-de-ocasion\/#primaryimage","url":"https:\/\/www.ficoba.org\/wp-content\/uploads\/2019\/11\/15-e1574080974643.jpg","contentUrl":"https:\/\/www.ficoba.org\/wp-content\/uploads\/2019\/11\/15-e1574080974643.jpg","width":1512,"height":2016},{"@type":"BreadcrumbList","@id":"https:\/\/www.ficoba.org\/es\/las-cifras-de-ventas-y-visitantes-consolidan-a-ficoauto-como-la-gran-cita-de-la-venta-de-vehiculo-de-ocasion\/#breadcrumb","itemListElement":[{"@type":"ListItem","position":1,"name":"Portada","item":"https:\/\/www.ficoba.org\/es\/"},{"@type":"ListItem","position":2,"name":"Las cifras de ventas y visitantes consolidan a Ficoauto como la gran cita de la venta de veh\u00edculo de ocasi\u00f3n"}]},{"@type":"WebSite","@id":"https:\/\/www.ficoba.org\/es\/#website","url":"https:\/\/www.ficoba.org\/es\/","name":"Ficoba, Recinto Ferial de Gipuzkoa","description":"Ficoba, recinto ferial de Gipuzkoa","publisher":{"@id":"https:\/\/www.ficoba.org\/es\/#organization"},"alternateName":"Ficoba","potentialAction":[{"@type":"SearchAction","target":{"@type":"EntryPoint","urlTemplate":"https:\/\/www.ficoba.org\/es\/?s={search_term_string}"},"query-input":{"@type":"PropertyValueSpecification","valueRequired":true,"valueName":"search_term_string"}}],"inLanguage":"es"},{"@type":"Organization","@id":"https:\/\/www.ficoba.org\/es\/#organization","name":"Ficoba, Reciento Ferial de Gipuzkoa","url":"https:\/\/www.ficoba.org\/es\/","logo":{"@type":"ImageObject","inLanguage":"es","@id":"https:\/\/www.ficoba.org\/es\/#\/schema\/logo\/image\/","url":"https:\/\/www.ficoba.org\/wp-content\/uploads\/2018\/11\/logo_ficoba.png","contentUrl":"https:\/\/www.ficoba.org\/wp-content\/uploads\/2018\/11\/logo_ficoba.png","width":200,"height":124,"caption":"Ficoba, Reciento Ferial de Gipuzkoa"},"image":{"@id":"https:\/\/www.ficoba.org\/es\/#\/schema\/logo\/image\/"},"sameAs":["https:\/\/www.facebook.com\/FICOBAFUNDAZIOA\/","https:\/\/x.com\/FicobaFundazioa","https:\/\/www.youtube.com\/channel\/UCvo2JGluemyCf5KPRmEF9JQ","https:\/\/www.linkedin.com\/company\/ficoba\/","https:\/\/www.instagram.com\/ficobafundazioa\/"]},{"@type":"Person","@id":"https:\/\/www.ficoba.org\/es\/#\/schema\/person\/8a96a121e5dbd393e6e6b5a7ee7ed407","name":"ficoba","image":{"@type":"ImageObject","inLanguage":"es","@id":"https:\/\/www.ficoba.org\/es\/#\/schema\/person\/image\/","url":"https:\/\/secure.gravatar.com\/avatar\/c90cc0e07f75fecbe4165c1906a4cd61b0179a28caae2205d37516e4fb7c30c1?s=96&d=mm&r=g","contentUrl":"https:\/\/secure.gravatar.com\/avatar\/c90cc0e07f75fecbe4165c1906a4cd61b0179a28caae2205d37516e4fb7c30c1?s=96&d=mm&r=g","caption":"ficoba"}}]}},"_links":{"self":[{"href":"https:\/\/www.ficoba.org\/es\/wp-json\/wp\/v2\/posts\/6124","targetHints":{"allow":["GET"]}}],"collection":[{"href":"https:\/\/www.ficoba.org\/es\/wp-json\/wp\/v2\/posts"}],"about":[{"href":"https:\/\/www.ficoba.org\/es\/wp-json\/wp\/v2\/types\/post"}],"author":[{"embeddable":true,"href":"https:\/\/www.ficoba.org\/es\/wp-json\/wp\/v2\/users\/2"}],"replies":[{"embeddable":true,"href":"https:\/\/www.ficoba.org\/es\/wp-json\/wp\/v2\/comments?post=6124"}],"version-history":[{"count":1,"href":"https:\/\/www.ficoba.org\/es\/wp-json\/wp\/v2\/posts\/6124\/revisions"}],"predecessor-version":[{"id":6133,"href":"https:\/\/www.ficoba.org\/es\/wp-json\/wp\/v2\/posts\/6124\/revisions\/6133"}],"wp:featuredmedia":[{"embeddable":true,"href":"https:\/\/www.ficoba.org\/es\/wp-json\/wp\/v2\/media\/6125"}],"wp:attachment":[{"href":"https:\/\/www.ficoba.org\/es\/wp-json\/wp\/v2\/media?parent=6124"}],"wp:term":[{"taxonomy":"category","embeddable":true,"href":"https:\/\/www.ficoba.org\/es\/wp-json\/wp\/v2\/categories?post=6124"},{"taxonomy":"post_tag","embeddable":true,"href":"https:\/\/www.ficoba.org\/es\/wp-json\/wp\/v2\/tags?post=6124"}],"curies":[{"name":"wp","href":"https:\/\/api.w.org\/{rel}","templated":true}]}}