{"id":6091,"date":"2019-11-13T13:58:49","date_gmt":"2019-11-13T11:58:49","guid":{"rendered":"https:\/\/www.ficoba.org\/?p=6091"},"modified":"2019-11-13T14:09:54","modified_gmt":"2019-11-13T12:09:54","slug":"ficoauto-2019-un-millar-de-coches-a-la-venta-este-fin-de-semana-en-ficoba","status":"publish","type":"post","link":"https:\/\/www.ficoba.org\/es\/ficoauto-2019-un-millar-de-coches-a-la-venta-este-fin-de-semana-en-ficoba\/","title":{"rendered":"Ficoauto 2019: un millar de coches a la venta este fin de semana en Ficoba"},"content":{"rendered":"<p>Todas las personas que est\u00e9n pensando en renovar su veh\u00edculo tienen una cita este fin de semana en Ficoba con la VII edici\u00f3n de Ficoauto, la Feria de Veh\u00edculos de Ocasi\u00f3n de Gipuzkoa. Sus m\u00e1s de 12.000 m<sup>2<\/sup> de exposici\u00f3n y mil coches en venta convierten a Ficoauto en el mayor mercado automovil\u00edstico de la regi\u00f3n.<\/p>\n<p>Ficoauto abrir\u00e1 sus puertas el viernes 15 de noviembre a las 16.00 horas. Hasta el domingo 17 de noviembre a las 20.00 horas, las personas que se acerquen a Ficoba tendr\u00e1n a su disposici\u00f3n modelos de todo tipo de segmentos y para todos los bolsillos. Desde coches seminuevos o de ocasi\u00f3n, hasta unidades de gerencia, demo y Kil\u00f3metro 0; desde utilitarios hasta grandes berlinas, pasando por los SUV (Sport Utility Vehicle).<\/p>\n<p>Los veh\u00edculos industriales, de carga o para pasajeros, y las furgonetas de ocio tambi\u00e9n tendr\u00e1n su espacio junto a las autocaravanas tanto para alquilar como para vender.<\/p>\n<p>Todas las personas que se decidan a comprar un veh\u00edculo este fin de semana en Ficoba, contar\u00e1n con todas las garant\u00edas de los concesionarios y de las empresas de compraventa.<\/p>\n<p>En Ficoauto no solo se puede comprar, tambi\u00e9n es el momento oportuno de probar los diferentes coches expuestos en la feria y proyectar la compra a futuro.<\/p>\n<p>Entre los servicios adicionales que se ofrecen a los visitantes en Ficoauto destacan la financiaci\u00f3n, la gesti\u00f3n de seguros o conocer c\u00f3mo transformar un coche para que utilice energ\u00eda GLP.<\/p>\n<p>La entrada a <strong>esta VII edici\u00f3n de Ficoauto<\/strong> es gratuita, as\u00ed como el aparcamiento en Ficoba. Tambi\u00e9n se puede optar por acercarse en Topo, parada Irun-Ficoba.<\/p>\n<p><strong>El\u00a0horario\u00a0de la exposici\u00f3n ser\u00e1\u00a0el viernes de 16:00 a 20:00 horas y s\u00e1bado y domingo de 10:00 a 20:00 horas\u00a0de manera continuada.<\/strong><\/p>\n<p><strong><a href=\"http:\/\/www.ficoauto.es\/\">www.ficoauto.es<\/a><\/strong><\/p>\n","protected":false},"excerpt":{"rendered":"<p>Todas las personas que est\u00e9n pensando en renovar su veh\u00edculo tienen una cita este fin de semana en Ficoba con la VII edici\u00f3n de Ficoauto, la Feria de Veh\u00edculos de [&hellip;]<\/p>\n","protected":false},"author":2,"featured_media":6104,"comment_status":"open","ping_status":"open","sticky":false,"template":"","format":"standard","meta":{"_et_pb_use_builder":"","_et_pb_old_content":"","_et_gb_content_width":"","footnotes":""},"categories":[3],"tags":[139,140,53],"class_list":["post-6091","post","type-post","status-publish","format-standard","has-post-thumbnail","hentry","category-eventos-y-ferias","tag-coches-ocasion","tag-feria-coches","tag-ficoba-2"],"yoast_head":"<!-- This site is optimized with the Yoast SEO plugin v26.8 - https:\/\/yoast.com\/product\/yoast-seo-wordpress\/ -->\n<title>Ficoauto 2019: un millar de coches a la venta este fin de semana en Ficoba - Ficoba<\/title>\n<meta name=\"robots\" content=\"index, follow, max-snippet:-1, max-image-preview:large, max-video-preview:-1\" \/>\n<link rel=\"canonical\" href=\"https:\/\/www.ficoba.org\/es\/ficoauto-2019-un-millar-de-coches-a-la-venta-este-fin-de-semana-en-ficoba\/\" \/>\n<meta name=\"twitter:label1\" content=\"Escrito por\" \/>\n\t<meta name=\"twitter:data1\" content=\"ficoba\" \/>\n\t<meta name=\"twitter:label2\" content=\"Tiempo de lectura\" \/>\n\t<meta name=\"twitter:data2\" content=\"2 minutos\" \/>\n<script type=\"application\/ld+json\" class=\"yoast-schema-graph\">{\"@context\":\"https:\/\/schema.org\",\"@graph\":[{\"@type\":\"Article\",\"@id\":\"https:\/\/www.ficoba.org\/es\/ficoauto-2019-un-millar-de-coches-a-la-venta-este-fin-de-semana-en-ficoba\/#article\",\"isPartOf\":{\"@id\":\"https:\/\/www.ficoba.org\/es\/ficoauto-2019-un-millar-de-coches-a-la-venta-este-fin-de-semana-en-ficoba\/\"},\"author\":{\"name\":\"ficoba\",\"@id\":\"https:\/\/www.ficoba.org\/es\/#\/schema\/person\/8a96a121e5dbd393e6e6b5a7ee7ed407\"},\"headline\":\"Ficoauto 2019: un millar de coches a la venta este fin de semana en Ficoba\",\"datePublished\":\"2019-11-13T11:58:49+00:00\",\"dateModified\":\"2019-11-13T12:09:54+00:00\",\"mainEntityOfPage\":{\"@id\":\"https:\/\/www.ficoba.org\/es\/ficoauto-2019-un-millar-de-coches-a-la-venta-este-fin-de-semana-en-ficoba\/\"},\"wordCount\":327,\"commentCount\":0,\"publisher\":{\"@id\":\"https:\/\/www.ficoba.org\/es\/#organization\"},\"image\":{\"@id\":\"https:\/\/www.ficoba.org\/es\/ficoauto-2019-un-millar-de-coches-a-la-venta-este-fin-de-semana-en-ficoba\/#primaryimage\"},\"thumbnailUrl\":\"https:\/\/www.ficoba.org\/wp-content\/uploads\/2019\/11\/Ficoauto-3-1-e1573646155328.jpg\",\"keywords\":[\"Coches ocasi\u00f3n\",\"feria coches\",\"Ficoba\"],\"articleSection\":[\"Eventos y ferias\"],\"inLanguage\":\"es\",\"potentialAction\":[{\"@type\":\"CommentAction\",\"name\":\"Comment\",\"target\":[\"https:\/\/www.ficoba.org\/es\/ficoauto-2019-un-millar-de-coches-a-la-venta-este-fin-de-semana-en-ficoba\/#respond\"]}]},{\"@type\":\"WebPage\",\"@id\":\"https:\/\/www.ficoba.org\/es\/ficoauto-2019-un-millar-de-coches-a-la-venta-este-fin-de-semana-en-ficoba\/\",\"url\":\"https:\/\/www.ficoba.org\/es\/ficoauto-2019-un-millar-de-coches-a-la-venta-este-fin-de-semana-en-ficoba\/\",\"name\":\"Ficoauto 2019: un millar de coches a la venta este fin de semana en Ficoba - Ficoba\",\"isPartOf\":{\"@id\":\"https:\/\/www.ficoba.org\/es\/#website\"},\"primaryImageOfPage\":{\"@id\":\"https:\/\/www.ficoba.org\/es\/ficoauto-2019-un-millar-de-coches-a-la-venta-este-fin-de-semana-en-ficoba\/#primaryimage\"},\"image\":{\"@id\":\"https:\/\/www.ficoba.org\/es\/ficoauto-2019-un-millar-de-coches-a-la-venta-este-fin-de-semana-en-ficoba\/#primaryimage\"},\"thumbnailUrl\":\"https:\/\/www.ficoba.org\/wp-content\/uploads\/2019\/11\/Ficoauto-3-1-e1573646155328.jpg\",\"datePublished\":\"2019-11-13T11:58:49+00:00\",\"dateModified\":\"2019-11-13T12:09:54+00:00\",\"breadcrumb\":{\"@id\":\"https:\/\/www.ficoba.org\/es\/ficoauto-2019-un-millar-de-coches-a-la-venta-este-fin-de-semana-en-ficoba\/#breadcrumb\"},\"inLanguage\":\"es\",\"potentialAction\":[{\"@type\":\"ReadAction\",\"target\":[\"https:\/\/www.ficoba.org\/es\/ficoauto-2019-un-millar-de-coches-a-la-venta-este-fin-de-semana-en-ficoba\/\"]}]},{\"@type\":\"ImageObject\",\"inLanguage\":\"es\",\"@id\":\"https:\/\/www.ficoba.org\/es\/ficoauto-2019-un-millar-de-coches-a-la-venta-este-fin-de-semana-en-ficoba\/#primaryimage\",\"url\":\"https:\/\/www.ficoba.org\/wp-content\/uploads\/2019\/11\/Ficoauto-3-1-e1573646155328.jpg\",\"contentUrl\":\"https:\/\/www.ficoba.org\/wp-content\/uploads\/2019\/11\/Ficoauto-3-1-e1573646155328.jpg\",\"width\":2592,\"height\":1936},{\"@type\":\"BreadcrumbList\",\"@id\":\"https:\/\/www.ficoba.org\/es\/ficoauto-2019-un-millar-de-coches-a-la-venta-este-fin-de-semana-en-ficoba\/#breadcrumb\",\"itemListElement\":[{\"@type\":\"ListItem\",\"position\":1,\"name\":\"Portada\",\"item\":\"https:\/\/www.ficoba.org\/es\/\"},{\"@type\":\"ListItem\",\"position\":2,\"name\":\"Ficoauto 2019: un millar de coches a la venta este fin de semana en Ficoba\"}]},{\"@type\":\"WebSite\",\"@id\":\"https:\/\/www.ficoba.org\/es\/#website\",\"url\":\"https:\/\/www.ficoba.org\/es\/\",\"name\":\"Ficoba, Recinto Ferial de Gipuzkoa\",\"description\":\"Ficoba, recinto ferial de Gipuzkoa\",\"publisher\":{\"@id\":\"https:\/\/www.ficoba.org\/es\/#organization\"},\"alternateName\":\"Ficoba\",\"potentialAction\":[{\"@type\":\"SearchAction\",\"target\":{\"@type\":\"EntryPoint\",\"urlTemplate\":\"https:\/\/www.ficoba.org\/es\/?s={search_term_string}\"},\"query-input\":{\"@type\":\"PropertyValueSpecification\",\"valueRequired\":true,\"valueName\":\"search_term_string\"}}],\"inLanguage\":\"es\"},{\"@type\":\"Organization\",\"@id\":\"https:\/\/www.ficoba.org\/es\/#organization\",\"name\":\"Ficoba, Reciento Ferial de Gipuzkoa\",\"url\":\"https:\/\/www.ficoba.org\/es\/\",\"logo\":{\"@type\":\"ImageObject\",\"inLanguage\":\"es\",\"@id\":\"https:\/\/www.ficoba.org\/es\/#\/schema\/logo\/image\/\",\"url\":\"https:\/\/www.ficoba.org\/wp-content\/uploads\/2018\/11\/logo_ficoba.png\",\"contentUrl\":\"https:\/\/www.ficoba.org\/wp-content\/uploads\/2018\/11\/logo_ficoba.png\",\"width\":200,\"height\":124,\"caption\":\"Ficoba, Reciento Ferial de Gipuzkoa\"},\"image\":{\"@id\":\"https:\/\/www.ficoba.org\/es\/#\/schema\/logo\/image\/\"},\"sameAs\":[\"https:\/\/www.facebook.com\/FICOBAFUNDAZIOA\/\",\"https:\/\/x.com\/FicobaFundazioa\",\"https:\/\/www.youtube.com\/channel\/UCvo2JGluemyCf5KPRmEF9JQ\",\"https:\/\/www.linkedin.com\/company\/ficoba\/\",\"https:\/\/www.instagram.com\/ficobafundazioa\/\"]},{\"@type\":\"Person\",\"@id\":\"https:\/\/www.ficoba.org\/es\/#\/schema\/person\/8a96a121e5dbd393e6e6b5a7ee7ed407\",\"name\":\"ficoba\",\"image\":{\"@type\":\"ImageObject\",\"inLanguage\":\"es\",\"@id\":\"https:\/\/www.ficoba.org\/es\/#\/schema\/person\/image\/\",\"url\":\"https:\/\/secure.gravatar.com\/avatar\/c90cc0e07f75fecbe4165c1906a4cd61b0179a28caae2205d37516e4fb7c30c1?s=96&d=mm&r=g\",\"contentUrl\":\"https:\/\/secure.gravatar.com\/avatar\/c90cc0e07f75fecbe4165c1906a4cd61b0179a28caae2205d37516e4fb7c30c1?s=96&d=mm&r=g\",\"caption\":\"ficoba\"}}]}<\/script>\n<!-- \/ Yoast SEO plugin. -->","yoast_head_json":{"title":"Ficoauto 2019: un millar de coches a la venta este fin de semana en Ficoba - Ficoba","robots":{"index":"index","follow":"follow","max-snippet":"max-snippet:-1","max-image-preview":"max-image-preview:large","max-video-preview":"max-video-preview:-1"},"canonical":"https:\/\/www.ficoba.org\/es\/ficoauto-2019-un-millar-de-coches-a-la-venta-este-fin-de-semana-en-ficoba\/","twitter_misc":{"Escrito por":"ficoba","Tiempo de lectura":"2 minutos"},"schema":{"@context":"https:\/\/schema.org","@graph":[{"@type":"Article","@id":"https:\/\/www.ficoba.org\/es\/ficoauto-2019-un-millar-de-coches-a-la-venta-este-fin-de-semana-en-ficoba\/#article","isPartOf":{"@id":"https:\/\/www.ficoba.org\/es\/ficoauto-2019-un-millar-de-coches-a-la-venta-este-fin-de-semana-en-ficoba\/"},"author":{"name":"ficoba","@id":"https:\/\/www.ficoba.org\/es\/#\/schema\/person\/8a96a121e5dbd393e6e6b5a7ee7ed407"},"headline":"Ficoauto 2019: un millar de coches a la venta este fin de semana en Ficoba","datePublished":"2019-11-13T11:58:49+00:00","dateModified":"2019-11-13T12:09:54+00:00","mainEntityOfPage":{"@id":"https:\/\/www.ficoba.org\/es\/ficoauto-2019-un-millar-de-coches-a-la-venta-este-fin-de-semana-en-ficoba\/"},"wordCount":327,"commentCount":0,"publisher":{"@id":"https:\/\/www.ficoba.org\/es\/#organization"},"image":{"@id":"https:\/\/www.ficoba.org\/es\/ficoauto-2019-un-millar-de-coches-a-la-venta-este-fin-de-semana-en-ficoba\/#primaryimage"},"thumbnailUrl":"https:\/\/www.ficoba.org\/wp-content\/uploads\/2019\/11\/Ficoauto-3-1-e1573646155328.jpg","keywords":["Coches ocasi\u00f3n","feria coches","Ficoba"],"articleSection":["Eventos y ferias"],"inLanguage":"es","potentialAction":[{"@type":"CommentAction","name":"Comment","target":["https:\/\/www.ficoba.org\/es\/ficoauto-2019-un-millar-de-coches-a-la-venta-este-fin-de-semana-en-ficoba\/#respond"]}]},{"@type":"WebPage","@id":"https:\/\/www.ficoba.org\/es\/ficoauto-2019-un-millar-de-coches-a-la-venta-este-fin-de-semana-en-ficoba\/","url":"https:\/\/www.ficoba.org\/es\/ficoauto-2019-un-millar-de-coches-a-la-venta-este-fin-de-semana-en-ficoba\/","name":"Ficoauto 2019: un millar de coches a la venta este fin de semana en Ficoba - Ficoba","isPartOf":{"@id":"https:\/\/www.ficoba.org\/es\/#website"},"primaryImageOfPage":{"@id":"https:\/\/www.ficoba.org\/es\/ficoauto-2019-un-millar-de-coches-a-la-venta-este-fin-de-semana-en-ficoba\/#primaryimage"},"image":{"@id":"https:\/\/www.ficoba.org\/es\/ficoauto-2019-un-millar-de-coches-a-la-venta-este-fin-de-semana-en-ficoba\/#primaryimage"},"thumbnailUrl":"https:\/\/www.ficoba.org\/wp-content\/uploads\/2019\/11\/Ficoauto-3-1-e1573646155328.jpg","datePublished":"2019-11-13T11:58:49+00:00","dateModified":"2019-11-13T12:09:54+00:00","breadcrumb":{"@id":"https:\/\/www.ficoba.org\/es\/ficoauto-2019-un-millar-de-coches-a-la-venta-este-fin-de-semana-en-ficoba\/#breadcrumb"},"inLanguage":"es","potentialAction":[{"@type":"ReadAction","target":["https:\/\/www.ficoba.org\/es\/ficoauto-2019-un-millar-de-coches-a-la-venta-este-fin-de-semana-en-ficoba\/"]}]},{"@type":"ImageObject","inLanguage":"es","@id":"https:\/\/www.ficoba.org\/es\/ficoauto-2019-un-millar-de-coches-a-la-venta-este-fin-de-semana-en-ficoba\/#primaryimage","url":"https:\/\/www.ficoba.org\/wp-content\/uploads\/2019\/11\/Ficoauto-3-1-e1573646155328.jpg","contentUrl":"https:\/\/www.ficoba.org\/wp-content\/uploads\/2019\/11\/Ficoauto-3-1-e1573646155328.jpg","width":2592,"height":1936},{"@type":"BreadcrumbList","@id":"https:\/\/www.ficoba.org\/es\/ficoauto-2019-un-millar-de-coches-a-la-venta-este-fin-de-semana-en-ficoba\/#breadcrumb","itemListElement":[{"@type":"ListItem","position":1,"name":"Portada","item":"https:\/\/www.ficoba.org\/es\/"},{"@type":"ListItem","position":2,"name":"Ficoauto 2019: un millar de coches a la venta este fin de semana en Ficoba"}]},{"@type":"WebSite","@id":"https:\/\/www.ficoba.org\/es\/#website","url":"https:\/\/www.ficoba.org\/es\/","name":"Ficoba, Recinto Ferial de Gipuzkoa","description":"Ficoba, recinto ferial de Gipuzkoa","publisher":{"@id":"https:\/\/www.ficoba.org\/es\/#organization"},"alternateName":"Ficoba","potentialAction":[{"@type":"SearchAction","target":{"@type":"EntryPoint","urlTemplate":"https:\/\/www.ficoba.org\/es\/?s={search_term_string}"},"query-input":{"@type":"PropertyValueSpecification","valueRequired":true,"valueName":"search_term_string"}}],"inLanguage":"es"},{"@type":"Organization","@id":"https:\/\/www.ficoba.org\/es\/#organization","name":"Ficoba, Reciento Ferial de Gipuzkoa","url":"https:\/\/www.ficoba.org\/es\/","logo":{"@type":"ImageObject","inLanguage":"es","@id":"https:\/\/www.ficoba.org\/es\/#\/schema\/logo\/image\/","url":"https:\/\/www.ficoba.org\/wp-content\/uploads\/2018\/11\/logo_ficoba.png","contentUrl":"https:\/\/www.ficoba.org\/wp-content\/uploads\/2018\/11\/logo_ficoba.png","width":200,"height":124,"caption":"Ficoba, Reciento Ferial de Gipuzkoa"},"image":{"@id":"https:\/\/www.ficoba.org\/es\/#\/schema\/logo\/image\/"},"sameAs":["https:\/\/www.facebook.com\/FICOBAFUNDAZIOA\/","https:\/\/x.com\/FicobaFundazioa","https:\/\/www.youtube.com\/channel\/UCvo2JGluemyCf5KPRmEF9JQ","https:\/\/www.linkedin.com\/company\/ficoba\/","https:\/\/www.instagram.com\/ficobafundazioa\/"]},{"@type":"Person","@id":"https:\/\/www.ficoba.org\/es\/#\/schema\/person\/8a96a121e5dbd393e6e6b5a7ee7ed407","name":"ficoba","image":{"@type":"ImageObject","inLanguage":"es","@id":"https:\/\/www.ficoba.org\/es\/#\/schema\/person\/image\/","url":"https:\/\/secure.gravatar.com\/avatar\/c90cc0e07f75fecbe4165c1906a4cd61b0179a28caae2205d37516e4fb7c30c1?s=96&d=mm&r=g","contentUrl":"https:\/\/secure.gravatar.com\/avatar\/c90cc0e07f75fecbe4165c1906a4cd61b0179a28caae2205d37516e4fb7c30c1?s=96&d=mm&r=g","caption":"ficoba"}}]}},"_links":{"self":[{"href":"https:\/\/www.ficoba.org\/es\/wp-json\/wp\/v2\/posts\/6091","targetHints":{"allow":["GET"]}}],"collection":[{"href":"https:\/\/www.ficoba.org\/es\/wp-json\/wp\/v2\/posts"}],"about":[{"href":"https:\/\/www.ficoba.org\/es\/wp-json\/wp\/v2\/types\/post"}],"author":[{"embeddable":true,"href":"https:\/\/www.ficoba.org\/es\/wp-json\/wp\/v2\/users\/2"}],"replies":[{"embeddable":true,"href":"https:\/\/www.ficoba.org\/es\/wp-json\/wp\/v2\/comments?post=6091"}],"version-history":[{"count":2,"href":"https:\/\/www.ficoba.org\/es\/wp-json\/wp\/v2\/posts\/6091\/revisions"}],"predecessor-version":[{"id":6111,"href":"https:\/\/www.ficoba.org\/es\/wp-json\/wp\/v2\/posts\/6091\/revisions\/6111"}],"wp:featuredmedia":[{"embeddable":true,"href":"https:\/\/www.ficoba.org\/es\/wp-json\/wp\/v2\/media\/6104"}],"wp:attachment":[{"href":"https:\/\/www.ficoba.org\/es\/wp-json\/wp\/v2\/media?parent=6091"}],"wp:term":[{"taxonomy":"category","embeddable":true,"href":"https:\/\/www.ficoba.org\/es\/wp-json\/wp\/v2\/categories?post=6091"},{"taxonomy":"post_tag","embeddable":true,"href":"https:\/\/www.ficoba.org\/es\/wp-json\/wp\/v2\/tags?post=6091"}],"curies":[{"name":"wp","href":"https:\/\/api.w.org\/{rel}","templated":true}]}}