{"id":5913,"date":"2019-10-14T12:17:31","date_gmt":"2019-10-14T10:17:31","guid":{"rendered":"https:\/\/www.ficoba.org\/?p=5913"},"modified":"2019-10-14T12:17:31","modified_gmt":"2019-10-14T10:17:31","slug":"mas-de-5-000-personas-se-han-acercado-este-fin-de-semana-a-ficoba-para-visitar-el-festival-harri-orri-ar-y-la-feria-de-novios-los-munecos-de-la-tarta","status":"publish","type":"post","link":"https:\/\/www.ficoba.org\/es\/mas-de-5-000-personas-se-han-acercado-este-fin-de-semana-a-ficoba-para-visitar-el-festival-harri-orri-ar-y-la-feria-de-novios-los-munecos-de-la-tarta\/","title":{"rendered":"M\u00e1s de 5.000 personas se han acercado este fin de semana a Ficoba para visitar el festival Harri-Orri-Ar y la feria de novios \u201cLos mu\u00f1ecos de la tarta\u201d"},"content":{"rendered":"<p>A pesar del buen tiempo, que invitaba a disfrutar del aire libre, las dos propuestas de Ficoba para este fin de semana han recibido el inter\u00e9s del p\u00fablico.<\/p>\n<p>El festival del<em> handmade<\/em> \u00a0Harri-Orri-Ar ha recibido la visita de 4.300 personas. Este a\u00f1o se ha ampliado la procedencia geogr\u00e1fica de los visitantes, principalmente de los provenientes de Francia que han supuesto alrededor del 12%.<\/p>\n<p>Tambi\u00e9n es destacable el n\u00famero de personas que se han acercado desde Navarra (8%) y de Bizkaia (8%). Incluso se han recibido visitas desde Soria, Tarragona, etc., personas que llegaban principalmente atra\u00eddas por el cartel de \u201cembajadoras\u201d con el que ha contado esta edici\u00f3n Harri-Orri-ar como @itzidreams, @samigarra, @steffido e @ladyselva que han impartido unas exitosas <em>masterclass<\/em>.<\/p>\n<p>La tercera edici\u00f3n de Harri-Orri-Ar se ha celebrado en Ficoba del 11 al 13 de octubre con la participaci\u00f3n de 30 expositores y una amplia propuesta de m\u00e1s de 70 talleres.<\/p>\n<p>El festival de manualidades no ha sido la \u00fanica raz\u00f3n para acercarse a Ficoba. El s\u00e1bado y el domingo ha tenido lugar la cuarta edici\u00f3n de la feria de novios \u201cLos mu\u00f1ecos de la tarta\u201d. Una vez m\u00e1s, la feria ha tenido una excelente respuesta por parte de las parejas que van a casarse en 2020 y 2021.<\/p>\n<p>M\u00e1s de 200 parejas han podido conocer de primera mano todos aquellos servicios y productos que van a necesitar para organizar su futura boda: Moda para la novia y el novio, joyer\u00eda, belleza, zapater\u00eda, fotograf\u00eda, restauraci\u00f3n, florister\u00eda, DJs, viajes, autocares, propuestas para la post-boda, animaci\u00f3n y eventos, v\u00eddeo\u2026<\/p>\n<p>Por su parte los expositores, han puesto en valor la calidad del p\u00fablico, parejas con fecha cerrada de boda que vienen a contratar servicios y a adquirir todo lo que necesitan para ese d\u00eda.<\/p>\n<p><a href=\"http:\/\/www.harri-orri-ar.com\"><strong>www.harri-orri-ar.com<\/strong><\/a><\/p>\n<p><strong>\u00a0<\/strong><\/p>\n<p><strong>www.losmunecosdelatarta.com<\/strong><\/p>\n","protected":false},"excerpt":{"rendered":"<p>A pesar del buen tiempo, que invitaba a disfrutar del aire libre, las dos propuestas de Ficoba para este fin de semana han recibido el inter\u00e9s del p\u00fablico. El festival [&hellip;]<\/p>\n","protected":false},"author":2,"featured_media":5914,"comment_status":"open","ping_status":"open","sticky":false,"template":"","format":"standard","meta":{"_et_pb_use_builder":"","_et_pb_old_content":"","_et_gb_content_width":"","footnotes":""},"categories":[3],"tags":[],"class_list":["post-5913","post","type-post","status-publish","format-standard","has-post-thumbnail","hentry","category-eventos-y-ferias"],"yoast_head":"<!-- This site is optimized with the Yoast SEO plugin v26.8 - https:\/\/yoast.com\/product\/yoast-seo-wordpress\/ -->\n<title>M\u00e1s de 5.000 personas se han acercado este fin de semana a Ficoba para visitar el festival Harri-Orri-Ar y la feria de novios \u201cLos mu\u00f1ecos de la tarta\u201d - Ficoba<\/title>\n<meta name=\"robots\" content=\"index, follow, max-snippet:-1, max-image-preview:large, max-video-preview:-1\" \/>\n<link rel=\"canonical\" href=\"https:\/\/www.ficoba.org\/es\/mas-de-5-000-personas-se-han-acercado-este-fin-de-semana-a-ficoba-para-visitar-el-festival-harri-orri-ar-y-la-feria-de-novios-los-munecos-de-la-tarta\/\" \/>\n<meta name=\"twitter:label1\" content=\"Escrito por\" \/>\n\t<meta name=\"twitter:data1\" content=\"ficoba\" \/>\n\t<meta name=\"twitter:label2\" content=\"Tiempo de lectura\" \/>\n\t<meta name=\"twitter:data2\" content=\"2 minutos\" \/>\n<script type=\"application\/ld+json\" class=\"yoast-schema-graph\">{\"@context\":\"https:\/\/schema.org\",\"@graph\":[{\"@type\":\"Article\",\"@id\":\"https:\/\/www.ficoba.org\/es\/mas-de-5-000-personas-se-han-acercado-este-fin-de-semana-a-ficoba-para-visitar-el-festival-harri-orri-ar-y-la-feria-de-novios-los-munecos-de-la-tarta\/#article\",\"isPartOf\":{\"@id\":\"https:\/\/www.ficoba.org\/es\/mas-de-5-000-personas-se-han-acercado-este-fin-de-semana-a-ficoba-para-visitar-el-festival-harri-orri-ar-y-la-feria-de-novios-los-munecos-de-la-tarta\/\"},\"author\":{\"name\":\"ficoba\",\"@id\":\"https:\/\/www.ficoba.org\/es\/#\/schema\/person\/8a96a121e5dbd393e6e6b5a7ee7ed407\"},\"headline\":\"M\u00e1s de 5.000 personas se han acercado este fin de semana a Ficoba para visitar el festival Harri-Orri-Ar y la feria de novios \u201cLos mu\u00f1ecos de la tarta\u201d\",\"datePublished\":\"2019-10-14T10:17:31+00:00\",\"mainEntityOfPage\":{\"@id\":\"https:\/\/www.ficoba.org\/es\/mas-de-5-000-personas-se-han-acercado-este-fin-de-semana-a-ficoba-para-visitar-el-festival-harri-orri-ar-y-la-feria-de-novios-los-munecos-de-la-tarta\/\"},\"wordCount\":341,\"commentCount\":0,\"publisher\":{\"@id\":\"https:\/\/www.ficoba.org\/es\/#organization\"},\"image\":{\"@id\":\"https:\/\/www.ficoba.org\/es\/mas-de-5-000-personas-se-han-acercado-este-fin-de-semana-a-ficoba-para-visitar-el-festival-harri-orri-ar-y-la-feria-de-novios-los-munecos-de-la-tarta\/#primaryimage\"},\"thumbnailUrl\":\"https:\/\/www.ficoba.org\/wp-content\/uploads\/2019\/10\/harri-Orri-Ar-1.jpg\",\"articleSection\":[\"Eventos y ferias\"],\"inLanguage\":\"es\",\"potentialAction\":[{\"@type\":\"CommentAction\",\"name\":\"Comment\",\"target\":[\"https:\/\/www.ficoba.org\/es\/mas-de-5-000-personas-se-han-acercado-este-fin-de-semana-a-ficoba-para-visitar-el-festival-harri-orri-ar-y-la-feria-de-novios-los-munecos-de-la-tarta\/#respond\"]}]},{\"@type\":\"WebPage\",\"@id\":\"https:\/\/www.ficoba.org\/es\/mas-de-5-000-personas-se-han-acercado-este-fin-de-semana-a-ficoba-para-visitar-el-festival-harri-orri-ar-y-la-feria-de-novios-los-munecos-de-la-tarta\/\",\"url\":\"https:\/\/www.ficoba.org\/es\/mas-de-5-000-personas-se-han-acercado-este-fin-de-semana-a-ficoba-para-visitar-el-festival-harri-orri-ar-y-la-feria-de-novios-los-munecos-de-la-tarta\/\",\"name\":\"M\u00e1s de 5.000 personas se han acercado este fin de semana a Ficoba para visitar el festival Harri-Orri-Ar y la feria de novios \u201cLos mu\u00f1ecos de la tarta\u201d - Ficoba\",\"isPartOf\":{\"@id\":\"https:\/\/www.ficoba.org\/es\/#website\"},\"primaryImageOfPage\":{\"@id\":\"https:\/\/www.ficoba.org\/es\/mas-de-5-000-personas-se-han-acercado-este-fin-de-semana-a-ficoba-para-visitar-el-festival-harri-orri-ar-y-la-feria-de-novios-los-munecos-de-la-tarta\/#primaryimage\"},\"image\":{\"@id\":\"https:\/\/www.ficoba.org\/es\/mas-de-5-000-personas-se-han-acercado-este-fin-de-semana-a-ficoba-para-visitar-el-festival-harri-orri-ar-y-la-feria-de-novios-los-munecos-de-la-tarta\/#primaryimage\"},\"thumbnailUrl\":\"https:\/\/www.ficoba.org\/wp-content\/uploads\/2019\/10\/harri-Orri-Ar-1.jpg\",\"datePublished\":\"2019-10-14T10:17:31+00:00\",\"breadcrumb\":{\"@id\":\"https:\/\/www.ficoba.org\/es\/mas-de-5-000-personas-se-han-acercado-este-fin-de-semana-a-ficoba-para-visitar-el-festival-harri-orri-ar-y-la-feria-de-novios-los-munecos-de-la-tarta\/#breadcrumb\"},\"inLanguage\":\"es\",\"potentialAction\":[{\"@type\":\"ReadAction\",\"target\":[\"https:\/\/www.ficoba.org\/es\/mas-de-5-000-personas-se-han-acercado-este-fin-de-semana-a-ficoba-para-visitar-el-festival-harri-orri-ar-y-la-feria-de-novios-los-munecos-de-la-tarta\/\"]}]},{\"@type\":\"ImageObject\",\"inLanguage\":\"es\",\"@id\":\"https:\/\/www.ficoba.org\/es\/mas-de-5-000-personas-se-han-acercado-este-fin-de-semana-a-ficoba-para-visitar-el-festival-harri-orri-ar-y-la-feria-de-novios-los-munecos-de-la-tarta\/#primaryimage\",\"url\":\"https:\/\/www.ficoba.org\/wp-content\/uploads\/2019\/10\/harri-Orri-Ar-1.jpg\",\"contentUrl\":\"https:\/\/www.ficoba.org\/wp-content\/uploads\/2019\/10\/harri-Orri-Ar-1.jpg\",\"width\":320,\"height\":320},{\"@type\":\"BreadcrumbList\",\"@id\":\"https:\/\/www.ficoba.org\/es\/mas-de-5-000-personas-se-han-acercado-este-fin-de-semana-a-ficoba-para-visitar-el-festival-harri-orri-ar-y-la-feria-de-novios-los-munecos-de-la-tarta\/#breadcrumb\",\"itemListElement\":[{\"@type\":\"ListItem\",\"position\":1,\"name\":\"Portada\",\"item\":\"https:\/\/www.ficoba.org\/es\/\"},{\"@type\":\"ListItem\",\"position\":2,\"name\":\"M\u00e1s de 5.000 personas se han acercado este fin de semana a Ficoba para visitar el festival Harri-Orri-Ar y la feria de novios \u201cLos mu\u00f1ecos de la tarta\u201d\"}]},{\"@type\":\"WebSite\",\"@id\":\"https:\/\/www.ficoba.org\/es\/#website\",\"url\":\"https:\/\/www.ficoba.org\/es\/\",\"name\":\"Ficoba, Recinto Ferial de Gipuzkoa\",\"description\":\"Ficoba, recinto ferial de Gipuzkoa\",\"publisher\":{\"@id\":\"https:\/\/www.ficoba.org\/es\/#organization\"},\"alternateName\":\"Ficoba\",\"potentialAction\":[{\"@type\":\"SearchAction\",\"target\":{\"@type\":\"EntryPoint\",\"urlTemplate\":\"https:\/\/www.ficoba.org\/es\/?s={search_term_string}\"},\"query-input\":{\"@type\":\"PropertyValueSpecification\",\"valueRequired\":true,\"valueName\":\"search_term_string\"}}],\"inLanguage\":\"es\"},{\"@type\":\"Organization\",\"@id\":\"https:\/\/www.ficoba.org\/es\/#organization\",\"name\":\"Ficoba, Reciento Ferial de Gipuzkoa\",\"url\":\"https:\/\/www.ficoba.org\/es\/\",\"logo\":{\"@type\":\"ImageObject\",\"inLanguage\":\"es\",\"@id\":\"https:\/\/www.ficoba.org\/es\/#\/schema\/logo\/image\/\",\"url\":\"https:\/\/www.ficoba.org\/wp-content\/uploads\/2018\/11\/logo_ficoba.png\",\"contentUrl\":\"https:\/\/www.ficoba.org\/wp-content\/uploads\/2018\/11\/logo_ficoba.png\",\"width\":200,\"height\":124,\"caption\":\"Ficoba, Reciento Ferial de Gipuzkoa\"},\"image\":{\"@id\":\"https:\/\/www.ficoba.org\/es\/#\/schema\/logo\/image\/\"},\"sameAs\":[\"https:\/\/www.facebook.com\/FICOBAFUNDAZIOA\/\",\"https:\/\/x.com\/FicobaFundazioa\",\"https:\/\/www.youtube.com\/channel\/UCvo2JGluemyCf5KPRmEF9JQ\",\"https:\/\/www.linkedin.com\/company\/ficoba\/\",\"https:\/\/www.instagram.com\/ficobafundazioa\/\"]},{\"@type\":\"Person\",\"@id\":\"https:\/\/www.ficoba.org\/es\/#\/schema\/person\/8a96a121e5dbd393e6e6b5a7ee7ed407\",\"name\":\"ficoba\",\"image\":{\"@type\":\"ImageObject\",\"inLanguage\":\"es\",\"@id\":\"https:\/\/www.ficoba.org\/es\/#\/schema\/person\/image\/\",\"url\":\"https:\/\/secure.gravatar.com\/avatar\/c90cc0e07f75fecbe4165c1906a4cd61b0179a28caae2205d37516e4fb7c30c1?s=96&d=mm&r=g\",\"contentUrl\":\"https:\/\/secure.gravatar.com\/avatar\/c90cc0e07f75fecbe4165c1906a4cd61b0179a28caae2205d37516e4fb7c30c1?s=96&d=mm&r=g\",\"caption\":\"ficoba\"}}]}<\/script>\n<!-- \/ Yoast SEO plugin. -->","yoast_head_json":{"title":"M\u00e1s de 5.000 personas se han acercado este fin de semana a Ficoba para visitar el festival Harri-Orri-Ar y la feria de novios \u201cLos mu\u00f1ecos de la tarta\u201d - Ficoba","robots":{"index":"index","follow":"follow","max-snippet":"max-snippet:-1","max-image-preview":"max-image-preview:large","max-video-preview":"max-video-preview:-1"},"canonical":"https:\/\/www.ficoba.org\/es\/mas-de-5-000-personas-se-han-acercado-este-fin-de-semana-a-ficoba-para-visitar-el-festival-harri-orri-ar-y-la-feria-de-novios-los-munecos-de-la-tarta\/","twitter_misc":{"Escrito por":"ficoba","Tiempo de lectura":"2 minutos"},"schema":{"@context":"https:\/\/schema.org","@graph":[{"@type":"Article","@id":"https:\/\/www.ficoba.org\/es\/mas-de-5-000-personas-se-han-acercado-este-fin-de-semana-a-ficoba-para-visitar-el-festival-harri-orri-ar-y-la-feria-de-novios-los-munecos-de-la-tarta\/#article","isPartOf":{"@id":"https:\/\/www.ficoba.org\/es\/mas-de-5-000-personas-se-han-acercado-este-fin-de-semana-a-ficoba-para-visitar-el-festival-harri-orri-ar-y-la-feria-de-novios-los-munecos-de-la-tarta\/"},"author":{"name":"ficoba","@id":"https:\/\/www.ficoba.org\/es\/#\/schema\/person\/8a96a121e5dbd393e6e6b5a7ee7ed407"},"headline":"M\u00e1s de 5.000 personas se han acercado este fin de semana a Ficoba para visitar el festival Harri-Orri-Ar y la feria de novios \u201cLos mu\u00f1ecos de la tarta\u201d","datePublished":"2019-10-14T10:17:31+00:00","mainEntityOfPage":{"@id":"https:\/\/www.ficoba.org\/es\/mas-de-5-000-personas-se-han-acercado-este-fin-de-semana-a-ficoba-para-visitar-el-festival-harri-orri-ar-y-la-feria-de-novios-los-munecos-de-la-tarta\/"},"wordCount":341,"commentCount":0,"publisher":{"@id":"https:\/\/www.ficoba.org\/es\/#organization"},"image":{"@id":"https:\/\/www.ficoba.org\/es\/mas-de-5-000-personas-se-han-acercado-este-fin-de-semana-a-ficoba-para-visitar-el-festival-harri-orri-ar-y-la-feria-de-novios-los-munecos-de-la-tarta\/#primaryimage"},"thumbnailUrl":"https:\/\/www.ficoba.org\/wp-content\/uploads\/2019\/10\/harri-Orri-Ar-1.jpg","articleSection":["Eventos y ferias"],"inLanguage":"es","potentialAction":[{"@type":"CommentAction","name":"Comment","target":["https:\/\/www.ficoba.org\/es\/mas-de-5-000-personas-se-han-acercado-este-fin-de-semana-a-ficoba-para-visitar-el-festival-harri-orri-ar-y-la-feria-de-novios-los-munecos-de-la-tarta\/#respond"]}]},{"@type":"WebPage","@id":"https:\/\/www.ficoba.org\/es\/mas-de-5-000-personas-se-han-acercado-este-fin-de-semana-a-ficoba-para-visitar-el-festival-harri-orri-ar-y-la-feria-de-novios-los-munecos-de-la-tarta\/","url":"https:\/\/www.ficoba.org\/es\/mas-de-5-000-personas-se-han-acercado-este-fin-de-semana-a-ficoba-para-visitar-el-festival-harri-orri-ar-y-la-feria-de-novios-los-munecos-de-la-tarta\/","name":"M\u00e1s de 5.000 personas se han acercado este fin de semana a Ficoba para visitar el festival Harri-Orri-Ar y la feria de novios \u201cLos mu\u00f1ecos de la tarta\u201d - Ficoba","isPartOf":{"@id":"https:\/\/www.ficoba.org\/es\/#website"},"primaryImageOfPage":{"@id":"https:\/\/www.ficoba.org\/es\/mas-de-5-000-personas-se-han-acercado-este-fin-de-semana-a-ficoba-para-visitar-el-festival-harri-orri-ar-y-la-feria-de-novios-los-munecos-de-la-tarta\/#primaryimage"},"image":{"@id":"https:\/\/www.ficoba.org\/es\/mas-de-5-000-personas-se-han-acercado-este-fin-de-semana-a-ficoba-para-visitar-el-festival-harri-orri-ar-y-la-feria-de-novios-los-munecos-de-la-tarta\/#primaryimage"},"thumbnailUrl":"https:\/\/www.ficoba.org\/wp-content\/uploads\/2019\/10\/harri-Orri-Ar-1.jpg","datePublished":"2019-10-14T10:17:31+00:00","breadcrumb":{"@id":"https:\/\/www.ficoba.org\/es\/mas-de-5-000-personas-se-han-acercado-este-fin-de-semana-a-ficoba-para-visitar-el-festival-harri-orri-ar-y-la-feria-de-novios-los-munecos-de-la-tarta\/#breadcrumb"},"inLanguage":"es","potentialAction":[{"@type":"ReadAction","target":["https:\/\/www.ficoba.org\/es\/mas-de-5-000-personas-se-han-acercado-este-fin-de-semana-a-ficoba-para-visitar-el-festival-harri-orri-ar-y-la-feria-de-novios-los-munecos-de-la-tarta\/"]}]},{"@type":"ImageObject","inLanguage":"es","@id":"https:\/\/www.ficoba.org\/es\/mas-de-5-000-personas-se-han-acercado-este-fin-de-semana-a-ficoba-para-visitar-el-festival-harri-orri-ar-y-la-feria-de-novios-los-munecos-de-la-tarta\/#primaryimage","url":"https:\/\/www.ficoba.org\/wp-content\/uploads\/2019\/10\/harri-Orri-Ar-1.jpg","contentUrl":"https:\/\/www.ficoba.org\/wp-content\/uploads\/2019\/10\/harri-Orri-Ar-1.jpg","width":320,"height":320},{"@type":"BreadcrumbList","@id":"https:\/\/www.ficoba.org\/es\/mas-de-5-000-personas-se-han-acercado-este-fin-de-semana-a-ficoba-para-visitar-el-festival-harri-orri-ar-y-la-feria-de-novios-los-munecos-de-la-tarta\/#breadcrumb","itemListElement":[{"@type":"ListItem","position":1,"name":"Portada","item":"https:\/\/www.ficoba.org\/es\/"},{"@type":"ListItem","position":2,"name":"M\u00e1s de 5.000 personas se han acercado este fin de semana a Ficoba para visitar el festival Harri-Orri-Ar y la feria de novios \u201cLos mu\u00f1ecos de la tarta\u201d"}]},{"@type":"WebSite","@id":"https:\/\/www.ficoba.org\/es\/#website","url":"https:\/\/www.ficoba.org\/es\/","name":"Ficoba, Recinto Ferial de Gipuzkoa","description":"Ficoba, recinto ferial de Gipuzkoa","publisher":{"@id":"https:\/\/www.ficoba.org\/es\/#organization"},"alternateName":"Ficoba","potentialAction":[{"@type":"SearchAction","target":{"@type":"EntryPoint","urlTemplate":"https:\/\/www.ficoba.org\/es\/?s={search_term_string}"},"query-input":{"@type":"PropertyValueSpecification","valueRequired":true,"valueName":"search_term_string"}}],"inLanguage":"es"},{"@type":"Organization","@id":"https:\/\/www.ficoba.org\/es\/#organization","name":"Ficoba, Reciento Ferial de Gipuzkoa","url":"https:\/\/www.ficoba.org\/es\/","logo":{"@type":"ImageObject","inLanguage":"es","@id":"https:\/\/www.ficoba.org\/es\/#\/schema\/logo\/image\/","url":"https:\/\/www.ficoba.org\/wp-content\/uploads\/2018\/11\/logo_ficoba.png","contentUrl":"https:\/\/www.ficoba.org\/wp-content\/uploads\/2018\/11\/logo_ficoba.png","width":200,"height":124,"caption":"Ficoba, Reciento Ferial de Gipuzkoa"},"image":{"@id":"https:\/\/www.ficoba.org\/es\/#\/schema\/logo\/image\/"},"sameAs":["https:\/\/www.facebook.com\/FICOBAFUNDAZIOA\/","https:\/\/x.com\/FicobaFundazioa","https:\/\/www.youtube.com\/channel\/UCvo2JGluemyCf5KPRmEF9JQ","https:\/\/www.linkedin.com\/company\/ficoba\/","https:\/\/www.instagram.com\/ficobafundazioa\/"]},{"@type":"Person","@id":"https:\/\/www.ficoba.org\/es\/#\/schema\/person\/8a96a121e5dbd393e6e6b5a7ee7ed407","name":"ficoba","image":{"@type":"ImageObject","inLanguage":"es","@id":"https:\/\/www.ficoba.org\/es\/#\/schema\/person\/image\/","url":"https:\/\/secure.gravatar.com\/avatar\/c90cc0e07f75fecbe4165c1906a4cd61b0179a28caae2205d37516e4fb7c30c1?s=96&d=mm&r=g","contentUrl":"https:\/\/secure.gravatar.com\/avatar\/c90cc0e07f75fecbe4165c1906a4cd61b0179a28caae2205d37516e4fb7c30c1?s=96&d=mm&r=g","caption":"ficoba"}}]}},"_links":{"self":[{"href":"https:\/\/www.ficoba.org\/es\/wp-json\/wp\/v2\/posts\/5913","targetHints":{"allow":["GET"]}}],"collection":[{"href":"https:\/\/www.ficoba.org\/es\/wp-json\/wp\/v2\/posts"}],"about":[{"href":"https:\/\/www.ficoba.org\/es\/wp-json\/wp\/v2\/types\/post"}],"author":[{"embeddable":true,"href":"https:\/\/www.ficoba.org\/es\/wp-json\/wp\/v2\/users\/2"}],"replies":[{"embeddable":true,"href":"https:\/\/www.ficoba.org\/es\/wp-json\/wp\/v2\/comments?post=5913"}],"version-history":[{"count":1,"href":"https:\/\/www.ficoba.org\/es\/wp-json\/wp\/v2\/posts\/5913\/revisions"}],"predecessor-version":[{"id":5918,"href":"https:\/\/www.ficoba.org\/es\/wp-json\/wp\/v2\/posts\/5913\/revisions\/5918"}],"wp:featuredmedia":[{"embeddable":true,"href":"https:\/\/www.ficoba.org\/es\/wp-json\/wp\/v2\/media\/5914"}],"wp:attachment":[{"href":"https:\/\/www.ficoba.org\/es\/wp-json\/wp\/v2\/media?parent=5913"}],"wp:term":[{"taxonomy":"category","embeddable":true,"href":"https:\/\/www.ficoba.org\/es\/wp-json\/wp\/v2\/categories?post=5913"},{"taxonomy":"post_tag","embeddable":true,"href":"https:\/\/www.ficoba.org\/es\/wp-json\/wp\/v2\/tags?post=5913"}],"curies":[{"name":"wp","href":"https:\/\/api.w.org\/{rel}","templated":true}]}}