{"id":5189,"date":"2019-06-03T12:39:24","date_gmt":"2019-06-03T10:39:24","guid":{"rendered":"https:\/\/www.ficoba.org\/?p=5189"},"modified":"2019-07-17T13:53:16","modified_gmt":"2019-07-17T11:53:16","slug":"llega-bioterra-2019-una-experiencia-eco-unica-en-nuestro-entorno","status":"publish","type":"post","link":"https:\/\/www.ficoba.org\/es\/llega-bioterra-2019-una-experiencia-eco-unica-en-nuestro-entorno\/","title":{"rendered":"Bioterra una experiencia Eco"},"content":{"rendered":"<p><strong>Los mares, la agricultura ecol\u00f3gica, la cosm\u00e9tica natural, el bienestar, la bioconstrucci\u00f3n, la alimentaci\u00f3n saludable, los veh\u00edculos sostenibles\u2026<\/strong><strong> en estos \u00e1mbitos, y en muchos m\u00e1s, se libra la batalla de la sostenibilidad. Todos ellos van a estar representados en Bioterra a trav\u00e9s de expositores, conferenciantes, talleres o demostraciones, convirtiendo a Bioterra en una experiencia eco \u00fanica en nuestro entorno.<\/strong><\/p>\n<p>Bioterra celebra su decimosexta edici\u00f3n del 7 al 9 de junio. 160 expositores ser\u00e1n los encargados de mostrar al p\u00fablico las principales propuestas de productos y servicios del sector. Estar\u00e1n representados los principales productores y elaboradores de Euskadi y del Estado y tambi\u00e9n un buen n\u00famero de expositores franceses (8%).<\/p>\n<p>Como viene siendo habitual en todas sus ediciones, Bioterra ha alcanzado el 100% los objetivos de comercializaci\u00f3n, por lo que la feria ofrecer\u00e1 una amplia oferta a los visitantes en los tres pabellones y la zona de exposici\u00f3n exterior de Ficoba.<\/p>\n<p><strong>Por un mar sin pl\u00e1sticos<\/strong><\/p>\n<p>Cada a\u00f1o Bioterra pone el acento en uno de los grandes temas relacionados con la salud de nuestro planeta. La asfixiante acumulaci\u00f3n de pl\u00e1sticos en los mares y oc\u00e9anos ha hecho que personas y entidades hayan puesto su foco de atenci\u00f3n en ellos.<\/p>\n<p>En Bioterra nos queremos sumar al trabajo que est\u00e1n realizando y nos hemos adherido a la iniciativa de \u2018Mares sin Pl\u00e1stico\u2019. Tambi\u00e9n hemos puesto nuestro peque\u00f1o grano de arena impulsando junto a Surfrider una recogida de residuos marinos en una zona especialmente sensible de nuestro entorno como es el Parque Ecol\u00f3gico de Plaiaundi, que tendr\u00e1 su continuidad en Bioterra con los <strong>talleres de clasificaci\u00f3n de residuos<\/strong> marinos, tanto para adultos como para ni\u00f1os.<\/p>\n<p><strong>Eficiencia energ\u00e9tica<\/strong><\/p>\n<p>Cuando se trata de promover la eficiencia energ\u00e9tica un aspecto fundamental es el fomento de la movilidad sostenible. En este \u00e1mbito, Bioterra ofrecer\u00e1 la posibilidad de conducir un coche el\u00e9ctrico o una bicicleta el\u00e9ctrica en el <strong>circuito de Movilidad Sostenible<\/strong> de la Bioterraza. Una actividad impulsada por el Ente Vasco de la Energ\u00eda (EVE).<\/p>\n<p>Entre la oferta expositiva los visitantes tambi\u00e9n podr\u00e1n encontrar veh\u00edculos el\u00e9ctricos, h\u00edbridos el\u00e9ctricos o de gas e, incluso, un expositor especializado en transformar veh\u00edculos convencionales en veh\u00edculos propulsados por gas.<\/p>\n<p>En el \u00e1mbito de la bioconstrucci\u00f3n, las soluciones profesionales para una construcci\u00f3n saludable y respetuosa con el medio ambiente, las energ\u00edas renovables, las instalaciones con menor impacto ambiental, mayor ahorro y aprovechamiento de las energ\u00edas naturales, se presentar\u00e1n instalaciones de autoconsumo para viviendas y empresas, de energ\u00eda fotovoltaica o paneles aislantes para construcciones sostenibles, entre otras propuestas. Todo ello en el Espacio Geobat, que tambi\u00e9n un programa propio de conferencias que coordina el Colegio de Arquitectos Vasco-Navarro de Gipuzkoa (COAVNGI).<\/p>\n<p><strong>Un modo de vida <em>saludable<\/em><\/strong><\/p>\n<p>La moda, la belleza, la salud\u2026 Tambi\u00e9n tienen su vertiente eco y los visitantes de Bioterra demandan, cada vez m\u00e1s, conocer consejos y tendencias en estos \u00e1mbitos.<\/p>\n<p>En Bioterra los visitantes tendr\u00e1n la oportunidad de asistir a conferencias de destacados ponentes del estilo de vida saludable y sostenible como <strong>Juan Llorca <\/strong>chef y responsable de Valencia Montessori School, primera escuela 100% Montessori en Valencia y primera de Espa\u00f1a con un Chef KM0 con el sello slow food; <strong>Brenda Ch\u00e1vez<\/strong>, periodista especializada en sostenibilidad y cultura; <strong>Mar\u00eda Cabanillas Ballesteros<\/strong> creadora de Health Studio, CEO Earth Beat; <strong>Marc Casabosch<\/strong>, autor del libro <em>Cultivando la vida. 365 d\u00edas en el huerto que lo cambiar\u00e1n todo<\/em>, una gu\u00eda pr\u00e1ctica para crear un huerto ecol\u00f3gico incluso en el balc\u00f3n de casa que acompa\u00f1a de reflexiones que bien pueden germinar en un mundo mejor; <strong>Virginia <\/strong><\/p>\n<p><strong>Ceballos Alonso<\/strong>, fundadora y creadora de Trucos Naturales; <strong>Ana Gonz\u00e1lez Nevado, <\/strong>creadora y asesora en Hendaye Style, que hablar\u00e1 sobre por qu\u00e9 contamina la moda y c\u00f3mo podemos evitarlo; o <strong>Tamara Franco Lara<\/strong>, creadora de Viviendo con V.<\/p>\n<p><strong>Actividades para una visi\u00f3n global de la sostenibilidad<\/strong><\/p>\n<p>El programa de actividades es una de las principales propuestas de Bioterra, que tiene en la divulgaci\u00f3n uno de sus objetivos. Adem\u00e1s de las actividades ya descritas, destaca el <strong>programa de conferencias<\/strong> a cargo de reconocidos expertos, que se desarrolla a lo largo de los tres d\u00edas de la feria con una tem\u00e1tica muy variada en la que se abordan temas como el despilfarro alimentario, contaminaci\u00f3n interna y salud, la permacultura\u2026 Un amplio programa que invitamos a consultar en la p\u00e1gina web de la feria <strong>bioterra.ficoba.org<\/strong>.<\/p>\n<p>Los talleres son otra de las propuestas de Bioterra. Este a\u00f1o contaremos con talleres de<strong> clasificaci\u00f3n de residuos marinos<\/strong> y de<strong> horticultura <\/strong>(plantaci\u00f3n de plantel y lombricompostador).<\/p>\n<p><strong>\u00a0<\/strong>En el espacio <strong>Sukaldean <\/strong>habr\u00e1 demostraciones sobre cocina Zero Waste, cenas vegetales, sustitutos vegetales del queso, la limpieza natural de la cocina, picnic saludable para toda la familia y un showcooking para mostrar la importancia de una nutrici\u00f3n responsable.<\/p>\n<p>Asimismo, habr\u00e1<strong> demostraciones de geobiolog\u00eda<\/strong>; propuestas que se pueden conocer de forma detallada en la web de Bioterra.<\/p>\n<p>Y para reponer fuerzas entre actividad y actividad, la <strong>Bioterraza<\/strong>, un espacio gastron\u00f3mico en la zona de exposici\u00f3n exterior donde los visitantes pueden degustar una estupenda oferta de restauraci\u00f3n a cargo de los expositores de la feria.<\/p>\n<p>Este a\u00f1o tambi\u00e9n destaca la oferta para las personas veganas que, adem\u00e1s de propuestas de alimentaci\u00f3n, encontrar\u00e1n productos de maquillaje y cosm\u00e9tica ecol\u00f3gica y calzado.<\/p>\n<p><strong>\u00a0<\/strong><strong>Biobeautygunea, por una cosm\u00e9tica sostenible<\/strong><\/p>\n<p>Este espacio, que celebra ya su cuarto a\u00f1o, ofrece a los visitantes la posibilidad de tratar respetuosamente la naturaleza y el medioambiente mientras nos cuidamos. A trav\u00e9s de talleres y charlas se dan a conocer los ingredientes que conforman la cosm\u00e9tica ecol\u00f3gica y el<\/p>\n<p>cuidado de la piel, siempre libre de derivados t\u00f3xicos, petroqu\u00edmicos, sint\u00e9ticos, pesticidas, transg\u00e9nicos y colorantes.<\/p>\n<p><strong>Bioterra Yoga Day<\/strong><\/p>\n<p>El 9 de junio Bioterra acoger\u00e1 la tercera edici\u00f3n del Yoga Day. Una master class en la que todos los niveles son bienvenidos.<\/p>\n<p><strong>Los sorteos<\/strong><\/p>\n<p>Participar en Bioterra tiene premio, Cada hora se sortear\u00e1n lotes ecol\u00f3gicos de la mano de ENEEK, Consejo de Agricultura y alimentos ecol\u00f3gicos de Euskadi: una bolsa de yute repleta de productos ecol\u00f3gicos de Euskadi y vales de compra por valor de 125\u20ac para gastar en productos de la feria, tambi\u00e9n cada d\u00eda.<\/p>\n<p><strong>Billete especial Bioterra<\/strong><\/p>\n<p>Continuando con la iniciativa puesta en marcha por primera vez en la edici\u00f3n de 2017, Bioterra ha alcanzado un acuerdo con<a href=\"http:\/\/www.euskotren.eus\"> <strong>EuskoTren<\/strong> <\/a>para crear un <strong>billete especial Bioterra<\/strong>, con coste reducido y entrada gratuita a la feria, que estar\u00e1 disponible para los usuarios de la <strong>l\u00ednea Lasarte-Hendaia<\/strong>.<\/p>\n<p><strong>\u00a0<\/strong><strong>Datos pr\u00e1cticos<\/strong><\/p>\n<p>La 16 edici\u00f3n de Bioterra abrir\u00e1 sus puertas del <strong>viernes 7 de junio al domingo 9<\/strong> de junio.<\/p>\n<p>La inauguraci\u00f3n oficial de la feria se celebrar\u00e1 el viernes 7 de junio a las 12.00 horas.<\/p>\n<p>La feria tendr\u00e1 <strong>horario ininterrumpido<\/strong> de 10.00 a 20.00 horas el viernes y el domingo, mientras que el s\u00e1bado se prolongar\u00e1 hasta las 21.00 horas. Precio de la entrada: <strong>3\u20ac\u00a0(ni\u00f1os hasta 12 a\u00f1os, gratuito)<\/strong>. <strong>Parking gratuito<\/strong>. Parada de Euskotren a 50 metros.<\/p>\n<p>&nbsp;<\/p>\n<p><strong><a href=\"http:\/\/bioterra.ficoba.org\/\">http:\/\/bioterra.ficoba.org<\/a><\/strong><\/p>\n<p>&nbsp;<\/p>\n","protected":false},"excerpt":{"rendered":"<p>Los mares, la agricultura ecol\u00f3gica, la cosm\u00e9tica natural, el bienestar, la bioconstrucci\u00f3n, la alimentaci\u00f3n saludable, los veh\u00edculos sostenibles\u2026 en estos \u00e1mbitos, y en muchos m\u00e1s, se libra la batalla de [&hellip;]<\/p>\n","protected":false},"author":2,"featured_media":5190,"comment_status":"open","ping_status":"open","sticky":false,"template":"","format":"standard","meta":{"_et_pb_use_builder":"","_et_pb_old_content":"","_et_gb_content_width":"","footnotes":""},"categories":[3],"tags":[70,112,67,68],"class_list":["post-5189","post","type-post","status-publish","format-standard","has-post-thumbnail","hentry","category-eventos-y-ferias","tag-agricultura-ecologica","tag-cosmetica-ecologica","tag-ecologia","tag-sostenibilidad"],"yoast_head":"<!-- This site is optimized with the Yoast SEO plugin v26.8 - https:\/\/yoast.com\/product\/yoast-seo-wordpress\/ -->\n<title>Bioterra una experiencia Eco - Ficoba<\/title>\n<meta name=\"description\" content=\"Los mares, la agricultura ecol\u00f3gica, la bioconstrucci\u00f3n\u2026 en ellos se libra la batalla de la sostenibilidad. Todos van a estar representados en Bioterra\" \/>\n<meta name=\"robots\" content=\"index, follow, max-snippet:-1, max-image-preview:large, max-video-preview:-1\" \/>\n<link rel=\"canonical\" href=\"https:\/\/www.ficoba.org\/es\/llega-bioterra-2019-una-experiencia-eco-unica-en-nuestro-entorno\/\" \/>\n<meta name=\"twitter:label1\" content=\"Escrito por\" \/>\n\t<meta name=\"twitter:data1\" content=\"ficoba\" \/>\n\t<meta name=\"twitter:label2\" content=\"Tiempo de lectura\" \/>\n\t<meta name=\"twitter:data2\" content=\"6 minutos\" \/>\n<script type=\"application\/ld+json\" class=\"yoast-schema-graph\">{\"@context\":\"https:\/\/schema.org\",\"@graph\":[{\"@type\":\"Article\",\"@id\":\"https:\/\/www.ficoba.org\/es\/llega-bioterra-2019-una-experiencia-eco-unica-en-nuestro-entorno\/#article\",\"isPartOf\":{\"@id\":\"https:\/\/www.ficoba.org\/es\/llega-bioterra-2019-una-experiencia-eco-unica-en-nuestro-entorno\/\"},\"author\":{\"name\":\"ficoba\",\"@id\":\"https:\/\/www.ficoba.org\/es\/#\/schema\/person\/8a96a121e5dbd393e6e6b5a7ee7ed407\"},\"headline\":\"Bioterra una experiencia Eco\",\"datePublished\":\"2019-06-03T10:39:24+00:00\",\"dateModified\":\"2019-07-17T11:53:16+00:00\",\"mainEntityOfPage\":{\"@id\":\"https:\/\/www.ficoba.org\/es\/llega-bioterra-2019-una-experiencia-eco-unica-en-nuestro-entorno\/\"},\"wordCount\":1233,\"commentCount\":0,\"publisher\":{\"@id\":\"https:\/\/www.ficoba.org\/es\/#organization\"},\"image\":{\"@id\":\"https:\/\/www.ficoba.org\/es\/llega-bioterra-2019-una-experiencia-eco-unica-en-nuestro-entorno\/#primaryimage\"},\"thumbnailUrl\":\"https:\/\/www.ficoba.org\/wp-content\/uploads\/2019\/06\/Bioterra-NP.jpg\",\"keywords\":[\"agricultura ecol\u00f3gica\",\"cosm\u00e9tica ecol\u00f3gica\",\"ecolog\u00eda\",\"sostenibilidad\"],\"articleSection\":[\"Eventos y ferias\"],\"inLanguage\":\"es\",\"potentialAction\":[{\"@type\":\"CommentAction\",\"name\":\"Comment\",\"target\":[\"https:\/\/www.ficoba.org\/es\/llega-bioterra-2019-una-experiencia-eco-unica-en-nuestro-entorno\/#respond\"]}]},{\"@type\":\"WebPage\",\"@id\":\"https:\/\/www.ficoba.org\/es\/llega-bioterra-2019-una-experiencia-eco-unica-en-nuestro-entorno\/\",\"url\":\"https:\/\/www.ficoba.org\/es\/llega-bioterra-2019-una-experiencia-eco-unica-en-nuestro-entorno\/\",\"name\":\"Bioterra una experiencia Eco - Ficoba\",\"isPartOf\":{\"@id\":\"https:\/\/www.ficoba.org\/es\/#website\"},\"primaryImageOfPage\":{\"@id\":\"https:\/\/www.ficoba.org\/es\/llega-bioterra-2019-una-experiencia-eco-unica-en-nuestro-entorno\/#primaryimage\"},\"image\":{\"@id\":\"https:\/\/www.ficoba.org\/es\/llega-bioterra-2019-una-experiencia-eco-unica-en-nuestro-entorno\/#primaryimage\"},\"thumbnailUrl\":\"https:\/\/www.ficoba.org\/wp-content\/uploads\/2019\/06\/Bioterra-NP.jpg\",\"datePublished\":\"2019-06-03T10:39:24+00:00\",\"dateModified\":\"2019-07-17T11:53:16+00:00\",\"description\":\"Los mares, la agricultura ecol\u00f3gica, la bioconstrucci\u00f3n\u2026 en ellos se libra la batalla de la sostenibilidad. Todos van a estar representados en Bioterra\",\"breadcrumb\":{\"@id\":\"https:\/\/www.ficoba.org\/es\/llega-bioterra-2019-una-experiencia-eco-unica-en-nuestro-entorno\/#breadcrumb\"},\"inLanguage\":\"es\",\"potentialAction\":[{\"@type\":\"ReadAction\",\"target\":[\"https:\/\/www.ficoba.org\/es\/llega-bioterra-2019-una-experiencia-eco-unica-en-nuestro-entorno\/\"]}]},{\"@type\":\"ImageObject\",\"inLanguage\":\"es\",\"@id\":\"https:\/\/www.ficoba.org\/es\/llega-bioterra-2019-una-experiencia-eco-unica-en-nuestro-entorno\/#primaryimage\",\"url\":\"https:\/\/www.ficoba.org\/wp-content\/uploads\/2019\/06\/Bioterra-NP.jpg\",\"contentUrl\":\"https:\/\/www.ficoba.org\/wp-content\/uploads\/2019\/06\/Bioterra-NP.jpg\",\"width\":1632,\"height\":1224,\"caption\":\"Presentaci\u00f3n Bioterra 2019\"},{\"@type\":\"BreadcrumbList\",\"@id\":\"https:\/\/www.ficoba.org\/es\/llega-bioterra-2019-una-experiencia-eco-unica-en-nuestro-entorno\/#breadcrumb\",\"itemListElement\":[{\"@type\":\"ListItem\",\"position\":1,\"name\":\"Portada\",\"item\":\"https:\/\/www.ficoba.org\/es\/\"},{\"@type\":\"ListItem\",\"position\":2,\"name\":\"Bioterra una experiencia Eco\"}]},{\"@type\":\"WebSite\",\"@id\":\"https:\/\/www.ficoba.org\/es\/#website\",\"url\":\"https:\/\/www.ficoba.org\/es\/\",\"name\":\"Ficoba, Recinto Ferial de Gipuzkoa\",\"description\":\"Ficoba, recinto ferial de Gipuzkoa\",\"publisher\":{\"@id\":\"https:\/\/www.ficoba.org\/es\/#organization\"},\"alternateName\":\"Ficoba\",\"potentialAction\":[{\"@type\":\"SearchAction\",\"target\":{\"@type\":\"EntryPoint\",\"urlTemplate\":\"https:\/\/www.ficoba.org\/es\/?s={search_term_string}\"},\"query-input\":{\"@type\":\"PropertyValueSpecification\",\"valueRequired\":true,\"valueName\":\"search_term_string\"}}],\"inLanguage\":\"es\"},{\"@type\":\"Organization\",\"@id\":\"https:\/\/www.ficoba.org\/es\/#organization\",\"name\":\"Ficoba, Reciento Ferial de Gipuzkoa\",\"url\":\"https:\/\/www.ficoba.org\/es\/\",\"logo\":{\"@type\":\"ImageObject\",\"inLanguage\":\"es\",\"@id\":\"https:\/\/www.ficoba.org\/es\/#\/schema\/logo\/image\/\",\"url\":\"https:\/\/www.ficoba.org\/wp-content\/uploads\/2018\/11\/logo_ficoba.png\",\"contentUrl\":\"https:\/\/www.ficoba.org\/wp-content\/uploads\/2018\/11\/logo_ficoba.png\",\"width\":200,\"height\":124,\"caption\":\"Ficoba, Reciento Ferial de Gipuzkoa\"},\"image\":{\"@id\":\"https:\/\/www.ficoba.org\/es\/#\/schema\/logo\/image\/\"},\"sameAs\":[\"https:\/\/www.facebook.com\/FICOBAFUNDAZIOA\/\",\"https:\/\/x.com\/FicobaFundazioa\",\"https:\/\/www.youtube.com\/channel\/UCvo2JGluemyCf5KPRmEF9JQ\",\"https:\/\/www.linkedin.com\/company\/ficoba\/\",\"https:\/\/www.instagram.com\/ficobafundazioa\/\"]},{\"@type\":\"Person\",\"@id\":\"https:\/\/www.ficoba.org\/es\/#\/schema\/person\/8a96a121e5dbd393e6e6b5a7ee7ed407\",\"name\":\"ficoba\",\"image\":{\"@type\":\"ImageObject\",\"inLanguage\":\"es\",\"@id\":\"https:\/\/www.ficoba.org\/es\/#\/schema\/person\/image\/\",\"url\":\"https:\/\/secure.gravatar.com\/avatar\/c90cc0e07f75fecbe4165c1906a4cd61b0179a28caae2205d37516e4fb7c30c1?s=96&d=mm&r=g\",\"contentUrl\":\"https:\/\/secure.gravatar.com\/avatar\/c90cc0e07f75fecbe4165c1906a4cd61b0179a28caae2205d37516e4fb7c30c1?s=96&d=mm&r=g\",\"caption\":\"ficoba\"}}]}<\/script>\n<!-- \/ Yoast SEO plugin. -->","yoast_head_json":{"title":"Bioterra una experiencia Eco - Ficoba","description":"Los mares, la agricultura ecol\u00f3gica, la bioconstrucci\u00f3n\u2026 en ellos se libra la batalla de la sostenibilidad. Todos van a estar representados en Bioterra","robots":{"index":"index","follow":"follow","max-snippet":"max-snippet:-1","max-image-preview":"max-image-preview:large","max-video-preview":"max-video-preview:-1"},"canonical":"https:\/\/www.ficoba.org\/es\/llega-bioterra-2019-una-experiencia-eco-unica-en-nuestro-entorno\/","twitter_misc":{"Escrito por":"ficoba","Tiempo de lectura":"6 minutos"},"schema":{"@context":"https:\/\/schema.org","@graph":[{"@type":"Article","@id":"https:\/\/www.ficoba.org\/es\/llega-bioterra-2019-una-experiencia-eco-unica-en-nuestro-entorno\/#article","isPartOf":{"@id":"https:\/\/www.ficoba.org\/es\/llega-bioterra-2019-una-experiencia-eco-unica-en-nuestro-entorno\/"},"author":{"name":"ficoba","@id":"https:\/\/www.ficoba.org\/es\/#\/schema\/person\/8a96a121e5dbd393e6e6b5a7ee7ed407"},"headline":"Bioterra una experiencia Eco","datePublished":"2019-06-03T10:39:24+00:00","dateModified":"2019-07-17T11:53:16+00:00","mainEntityOfPage":{"@id":"https:\/\/www.ficoba.org\/es\/llega-bioterra-2019-una-experiencia-eco-unica-en-nuestro-entorno\/"},"wordCount":1233,"commentCount":0,"publisher":{"@id":"https:\/\/www.ficoba.org\/es\/#organization"},"image":{"@id":"https:\/\/www.ficoba.org\/es\/llega-bioterra-2019-una-experiencia-eco-unica-en-nuestro-entorno\/#primaryimage"},"thumbnailUrl":"https:\/\/www.ficoba.org\/wp-content\/uploads\/2019\/06\/Bioterra-NP.jpg","keywords":["agricultura ecol\u00f3gica","cosm\u00e9tica ecol\u00f3gica","ecolog\u00eda","sostenibilidad"],"articleSection":["Eventos y ferias"],"inLanguage":"es","potentialAction":[{"@type":"CommentAction","name":"Comment","target":["https:\/\/www.ficoba.org\/es\/llega-bioterra-2019-una-experiencia-eco-unica-en-nuestro-entorno\/#respond"]}]},{"@type":"WebPage","@id":"https:\/\/www.ficoba.org\/es\/llega-bioterra-2019-una-experiencia-eco-unica-en-nuestro-entorno\/","url":"https:\/\/www.ficoba.org\/es\/llega-bioterra-2019-una-experiencia-eco-unica-en-nuestro-entorno\/","name":"Bioterra una experiencia Eco - Ficoba","isPartOf":{"@id":"https:\/\/www.ficoba.org\/es\/#website"},"primaryImageOfPage":{"@id":"https:\/\/www.ficoba.org\/es\/llega-bioterra-2019-una-experiencia-eco-unica-en-nuestro-entorno\/#primaryimage"},"image":{"@id":"https:\/\/www.ficoba.org\/es\/llega-bioterra-2019-una-experiencia-eco-unica-en-nuestro-entorno\/#primaryimage"},"thumbnailUrl":"https:\/\/www.ficoba.org\/wp-content\/uploads\/2019\/06\/Bioterra-NP.jpg","datePublished":"2019-06-03T10:39:24+00:00","dateModified":"2019-07-17T11:53:16+00:00","description":"Los mares, la agricultura ecol\u00f3gica, la bioconstrucci\u00f3n\u2026 en ellos se libra la batalla de la sostenibilidad. Todos van a estar representados en Bioterra","breadcrumb":{"@id":"https:\/\/www.ficoba.org\/es\/llega-bioterra-2019-una-experiencia-eco-unica-en-nuestro-entorno\/#breadcrumb"},"inLanguage":"es","potentialAction":[{"@type":"ReadAction","target":["https:\/\/www.ficoba.org\/es\/llega-bioterra-2019-una-experiencia-eco-unica-en-nuestro-entorno\/"]}]},{"@type":"ImageObject","inLanguage":"es","@id":"https:\/\/www.ficoba.org\/es\/llega-bioterra-2019-una-experiencia-eco-unica-en-nuestro-entorno\/#primaryimage","url":"https:\/\/www.ficoba.org\/wp-content\/uploads\/2019\/06\/Bioterra-NP.jpg","contentUrl":"https:\/\/www.ficoba.org\/wp-content\/uploads\/2019\/06\/Bioterra-NP.jpg","width":1632,"height":1224,"caption":"Presentaci\u00f3n Bioterra 2019"},{"@type":"BreadcrumbList","@id":"https:\/\/www.ficoba.org\/es\/llega-bioterra-2019-una-experiencia-eco-unica-en-nuestro-entorno\/#breadcrumb","itemListElement":[{"@type":"ListItem","position":1,"name":"Portada","item":"https:\/\/www.ficoba.org\/es\/"},{"@type":"ListItem","position":2,"name":"Bioterra una experiencia Eco"}]},{"@type":"WebSite","@id":"https:\/\/www.ficoba.org\/es\/#website","url":"https:\/\/www.ficoba.org\/es\/","name":"Ficoba, Recinto Ferial de Gipuzkoa","description":"Ficoba, recinto ferial de Gipuzkoa","publisher":{"@id":"https:\/\/www.ficoba.org\/es\/#organization"},"alternateName":"Ficoba","potentialAction":[{"@type":"SearchAction","target":{"@type":"EntryPoint","urlTemplate":"https:\/\/www.ficoba.org\/es\/?s={search_term_string}"},"query-input":{"@type":"PropertyValueSpecification","valueRequired":true,"valueName":"search_term_string"}}],"inLanguage":"es"},{"@type":"Organization","@id":"https:\/\/www.ficoba.org\/es\/#organization","name":"Ficoba, Reciento Ferial de Gipuzkoa","url":"https:\/\/www.ficoba.org\/es\/","logo":{"@type":"ImageObject","inLanguage":"es","@id":"https:\/\/www.ficoba.org\/es\/#\/schema\/logo\/image\/","url":"https:\/\/www.ficoba.org\/wp-content\/uploads\/2018\/11\/logo_ficoba.png","contentUrl":"https:\/\/www.ficoba.org\/wp-content\/uploads\/2018\/11\/logo_ficoba.png","width":200,"height":124,"caption":"Ficoba, Reciento Ferial de Gipuzkoa"},"image":{"@id":"https:\/\/www.ficoba.org\/es\/#\/schema\/logo\/image\/"},"sameAs":["https:\/\/www.facebook.com\/FICOBAFUNDAZIOA\/","https:\/\/x.com\/FicobaFundazioa","https:\/\/www.youtube.com\/channel\/UCvo2JGluemyCf5KPRmEF9JQ","https:\/\/www.linkedin.com\/company\/ficoba\/","https:\/\/www.instagram.com\/ficobafundazioa\/"]},{"@type":"Person","@id":"https:\/\/www.ficoba.org\/es\/#\/schema\/person\/8a96a121e5dbd393e6e6b5a7ee7ed407","name":"ficoba","image":{"@type":"ImageObject","inLanguage":"es","@id":"https:\/\/www.ficoba.org\/es\/#\/schema\/person\/image\/","url":"https:\/\/secure.gravatar.com\/avatar\/c90cc0e07f75fecbe4165c1906a4cd61b0179a28caae2205d37516e4fb7c30c1?s=96&d=mm&r=g","contentUrl":"https:\/\/secure.gravatar.com\/avatar\/c90cc0e07f75fecbe4165c1906a4cd61b0179a28caae2205d37516e4fb7c30c1?s=96&d=mm&r=g","caption":"ficoba"}}]}},"_links":{"self":[{"href":"https:\/\/www.ficoba.org\/es\/wp-json\/wp\/v2\/posts\/5189","targetHints":{"allow":["GET"]}}],"collection":[{"href":"https:\/\/www.ficoba.org\/es\/wp-json\/wp\/v2\/posts"}],"about":[{"href":"https:\/\/www.ficoba.org\/es\/wp-json\/wp\/v2\/types\/post"}],"author":[{"embeddable":true,"href":"https:\/\/www.ficoba.org\/es\/wp-json\/wp\/v2\/users\/2"}],"replies":[{"embeddable":true,"href":"https:\/\/www.ficoba.org\/es\/wp-json\/wp\/v2\/comments?post=5189"}],"version-history":[{"count":3,"href":"https:\/\/www.ficoba.org\/es\/wp-json\/wp\/v2\/posts\/5189\/revisions"}],"predecessor-version":[{"id":5528,"href":"https:\/\/www.ficoba.org\/es\/wp-json\/wp\/v2\/posts\/5189\/revisions\/5528"}],"wp:featuredmedia":[{"embeddable":true,"href":"https:\/\/www.ficoba.org\/es\/wp-json\/wp\/v2\/media\/5190"}],"wp:attachment":[{"href":"https:\/\/www.ficoba.org\/es\/wp-json\/wp\/v2\/media?parent=5189"}],"wp:term":[{"taxonomy":"category","embeddable":true,"href":"https:\/\/www.ficoba.org\/es\/wp-json\/wp\/v2\/categories?post=5189"},{"taxonomy":"post_tag","embeddable":true,"href":"https:\/\/www.ficoba.org\/es\/wp-json\/wp\/v2\/tags?post=5189"}],"curies":[{"name":"wp","href":"https:\/\/api.w.org\/{rel}","templated":true}]}}