{"id":4969,"date":"2019-05-10T12:13:37","date_gmt":"2019-05-10T10:13:37","guid":{"rendered":"https:\/\/www.ficoba.org\/?p=4969"},"modified":"2019-05-10T12:13:37","modified_gmt":"2019-05-10T10:13:37","slug":"este-fin-de-semana-cita-con-caravantur-2019-en-ficoba","status":"publish","type":"post","link":"https:\/\/www.ficoba.org\/es\/este-fin-de-semana-cita-con-caravantur-2019-en-ficoba\/","title":{"rendered":"Este fin de semana cita con Caravantur 2019 en Ficoba"},"content":{"rendered":"<p>Este fin de semana comienza en Ficoba la tercera edici\u00f3n de Caravantur, la feria de caravaning, campers y furgonetas, que tendr\u00e1 lugar del viernes 10 de mayo al domingo 12 de mayo.<\/p>\n<p>Los tres pabellones de Ficoba volver\u00e1n a llenarse con las propuestas de venta y de alquiler de una veintena de expositores que representan productos de 40 marcas diferentes. Una interesante oferta en la que los aficionados a este tipo de turismo encontrar\u00e1n veh\u00edculos que abarcan todos los segmentos caravaning, desde el pr\u00e1ctico remolque tienda hasta la m\u00e1s completa autocaravana integral de lujo.<\/p>\n<p><strong>Las \u2018camper\u2019, protagonistas<\/strong><\/p>\n<p>Las\u2019camper\u2019 estar\u00e1n representadas en Caravantur en sus m\u00faltiples facetas:\u00a0 desde los modelos de las firmas propiamente de caravaning a las furgonetas de serie de los concesionarios de automoci\u00f3n de la zona, as\u00ed como las transformaciones personalizadas que realizan los diferentes camperizadores de la regi\u00f3n.<\/p>\n<p><strong>Los remolques tienda y la posibilidad de pernoctar como novedad<\/strong><\/p>\n<p>Los remolques tienda son una caravana que se extiende a la hora de acampar y es m\u00e1s f\u00e1cil transportarla con el coche, manteniendo unas contenidas dimensiones cuando se recoge al plegarse su estructura superior.<\/p>\n<p>La presencia de caravanas tambi\u00e9n estar\u00e1 cubierta esta edici\u00f3n con las distribuciones de plano m\u00e1s demandadas en el mercado y los modelos asequibles.<\/p>\n<p>Adem\u00e1s, esta edici\u00f3n, los visitantes que vengan de fuera y quieran estacionar por la noche su autocaravana o camper en el parking de Ficoba podr\u00e1n hacerlo inscribi\u00e9ndose a trav\u00e9s de la web de la feria (caravantur.ficoba.org).<\/p>\n<p>Caravantur es una feria coorganizada por Ficoba y El Diario Vasco y se plantea como la respuesta al creciente inter\u00e9s que genera este tipo de veh\u00edculos de recreo y ocio en nuestro entorno.<\/p>\n<p>Como aliciente adicional, durante la feria se sortear\u00e1 un <strong>vale de 600 euros<\/strong> a descontar en la compra o alquiler de los veh\u00edculos, se ha instalado una <strong>zona de ocio infantil<\/strong> con <strong>hinchables<\/strong> y para reponer fuerzas habr\u00e1 una zona con <strong><em>food trucks<\/em><\/strong>.<\/p>\n<p><strong>Datos Pr\u00e1cticos<\/strong><\/p>\n<p>Horario:<\/p>\n<p>Viernes, s\u00e1bado y domingo: 10.00 a 20.00<\/p>\n<p>Entrada y parking gratuitos<\/p>\n","protected":false},"excerpt":{"rendered":"<p>Este fin de semana comienza en Ficoba la tercera edici\u00f3n de Caravantur, la feria de caravaning, campers y furgonetas, que tendr\u00e1 lugar del viernes 10 de mayo al domingo 12 [&hellip;]<\/p>\n","protected":false},"author":2,"featured_media":4970,"comment_status":"open","ping_status":"open","sticky":false,"template":"","format":"standard","meta":{"_et_pb_use_builder":"","_et_pb_old_content":"","_et_gb_content_width":"","footnotes":""},"categories":[3],"tags":[74,75],"class_list":["post-4969","post","type-post","status-publish","format-standard","has-post-thumbnail","hentry","category-eventos-y-ferias","tag-caravanas","tag-ocio"],"yoast_head":"<!-- This site is optimized with the Yoast SEO plugin v26.8 - https:\/\/yoast.com\/product\/yoast-seo-wordpress\/ -->\n<title>Este fin de semana cita con Caravantur 2019 en Ficoba - Ficoba<\/title>\n<meta name=\"robots\" content=\"index, follow, max-snippet:-1, max-image-preview:large, max-video-preview:-1\" \/>\n<link rel=\"canonical\" href=\"https:\/\/www.ficoba.org\/es\/este-fin-de-semana-cita-con-caravantur-2019-en-ficoba\/\" \/>\n<meta name=\"twitter:label1\" content=\"Escrito por\" \/>\n\t<meta name=\"twitter:data1\" content=\"ficoba\" \/>\n\t<meta name=\"twitter:label2\" content=\"Tiempo de lectura\" \/>\n\t<meta name=\"twitter:data2\" content=\"2 minutos\" \/>\n<script type=\"application\/ld+json\" class=\"yoast-schema-graph\">{\"@context\":\"https:\/\/schema.org\",\"@graph\":[{\"@type\":\"Article\",\"@id\":\"https:\/\/www.ficoba.org\/es\/este-fin-de-semana-cita-con-caravantur-2019-en-ficoba\/#article\",\"isPartOf\":{\"@id\":\"https:\/\/www.ficoba.org\/es\/este-fin-de-semana-cita-con-caravantur-2019-en-ficoba\/\"},\"author\":{\"name\":\"ficoba\",\"@id\":\"https:\/\/www.ficoba.org\/es\/#\/schema\/person\/8a96a121e5dbd393e6e6b5a7ee7ed407\"},\"headline\":\"Este fin de semana cita con Caravantur 2019 en Ficoba\",\"datePublished\":\"2019-05-10T10:13:37+00:00\",\"mainEntityOfPage\":{\"@id\":\"https:\/\/www.ficoba.org\/es\/este-fin-de-semana-cita-con-caravantur-2019-en-ficoba\/\"},\"wordCount\":365,\"commentCount\":0,\"publisher\":{\"@id\":\"https:\/\/www.ficoba.org\/es\/#organization\"},\"image\":{\"@id\":\"https:\/\/www.ficoba.org\/es\/este-fin-de-semana-cita-con-caravantur-2019-en-ficoba\/#primaryimage\"},\"thumbnailUrl\":\"https:\/\/www.ficoba.org\/wp-content\/uploads\/2019\/05\/Caravantur-1.jpg\",\"keywords\":[\"Caravanas\",\"ocio\"],\"articleSection\":[\"Eventos y ferias\"],\"inLanguage\":\"es\",\"potentialAction\":[{\"@type\":\"CommentAction\",\"name\":\"Comment\",\"target\":[\"https:\/\/www.ficoba.org\/es\/este-fin-de-semana-cita-con-caravantur-2019-en-ficoba\/#respond\"]}]},{\"@type\":\"WebPage\",\"@id\":\"https:\/\/www.ficoba.org\/es\/este-fin-de-semana-cita-con-caravantur-2019-en-ficoba\/\",\"url\":\"https:\/\/www.ficoba.org\/es\/este-fin-de-semana-cita-con-caravantur-2019-en-ficoba\/\",\"name\":\"Este fin de semana cita con Caravantur 2019 en Ficoba - Ficoba\",\"isPartOf\":{\"@id\":\"https:\/\/www.ficoba.org\/es\/#website\"},\"primaryImageOfPage\":{\"@id\":\"https:\/\/www.ficoba.org\/es\/este-fin-de-semana-cita-con-caravantur-2019-en-ficoba\/#primaryimage\"},\"image\":{\"@id\":\"https:\/\/www.ficoba.org\/es\/este-fin-de-semana-cita-con-caravantur-2019-en-ficoba\/#primaryimage\"},\"thumbnailUrl\":\"https:\/\/www.ficoba.org\/wp-content\/uploads\/2019\/05\/Caravantur-1.jpg\",\"datePublished\":\"2019-05-10T10:13:37+00:00\",\"breadcrumb\":{\"@id\":\"https:\/\/www.ficoba.org\/es\/este-fin-de-semana-cita-con-caravantur-2019-en-ficoba\/#breadcrumb\"},\"inLanguage\":\"es\",\"potentialAction\":[{\"@type\":\"ReadAction\",\"target\":[\"https:\/\/www.ficoba.org\/es\/este-fin-de-semana-cita-con-caravantur-2019-en-ficoba\/\"]}]},{\"@type\":\"ImageObject\",\"inLanguage\":\"es\",\"@id\":\"https:\/\/www.ficoba.org\/es\/este-fin-de-semana-cita-con-caravantur-2019-en-ficoba\/#primaryimage\",\"url\":\"https:\/\/www.ficoba.org\/wp-content\/uploads\/2019\/05\/Caravantur-1.jpg\",\"contentUrl\":\"https:\/\/www.ficoba.org\/wp-content\/uploads\/2019\/05\/Caravantur-1.jpg\",\"width\":2592,\"height\":1936},{\"@type\":\"BreadcrumbList\",\"@id\":\"https:\/\/www.ficoba.org\/es\/este-fin-de-semana-cita-con-caravantur-2019-en-ficoba\/#breadcrumb\",\"itemListElement\":[{\"@type\":\"ListItem\",\"position\":1,\"name\":\"Portada\",\"item\":\"https:\/\/www.ficoba.org\/es\/\"},{\"@type\":\"ListItem\",\"position\":2,\"name\":\"Este fin de semana cita con Caravantur 2019 en Ficoba\"}]},{\"@type\":\"WebSite\",\"@id\":\"https:\/\/www.ficoba.org\/es\/#website\",\"url\":\"https:\/\/www.ficoba.org\/es\/\",\"name\":\"Ficoba, Recinto Ferial de Gipuzkoa\",\"description\":\"Ficoba, recinto ferial de Gipuzkoa\",\"publisher\":{\"@id\":\"https:\/\/www.ficoba.org\/es\/#organization\"},\"alternateName\":\"Ficoba\",\"potentialAction\":[{\"@type\":\"SearchAction\",\"target\":{\"@type\":\"EntryPoint\",\"urlTemplate\":\"https:\/\/www.ficoba.org\/es\/?s={search_term_string}\"},\"query-input\":{\"@type\":\"PropertyValueSpecification\",\"valueRequired\":true,\"valueName\":\"search_term_string\"}}],\"inLanguage\":\"es\"},{\"@type\":\"Organization\",\"@id\":\"https:\/\/www.ficoba.org\/es\/#organization\",\"name\":\"Ficoba, Reciento Ferial de Gipuzkoa\",\"url\":\"https:\/\/www.ficoba.org\/es\/\",\"logo\":{\"@type\":\"ImageObject\",\"inLanguage\":\"es\",\"@id\":\"https:\/\/www.ficoba.org\/es\/#\/schema\/logo\/image\/\",\"url\":\"https:\/\/www.ficoba.org\/wp-content\/uploads\/2018\/11\/logo_ficoba.png\",\"contentUrl\":\"https:\/\/www.ficoba.org\/wp-content\/uploads\/2018\/11\/logo_ficoba.png\",\"width\":200,\"height\":124,\"caption\":\"Ficoba, Reciento Ferial de Gipuzkoa\"},\"image\":{\"@id\":\"https:\/\/www.ficoba.org\/es\/#\/schema\/logo\/image\/\"},\"sameAs\":[\"https:\/\/www.facebook.com\/FICOBAFUNDAZIOA\/\",\"https:\/\/x.com\/FicobaFundazioa\",\"https:\/\/www.youtube.com\/channel\/UCvo2JGluemyCf5KPRmEF9JQ\",\"https:\/\/www.linkedin.com\/company\/ficoba\/\",\"https:\/\/www.instagram.com\/ficobafundazioa\/\"]},{\"@type\":\"Person\",\"@id\":\"https:\/\/www.ficoba.org\/es\/#\/schema\/person\/8a96a121e5dbd393e6e6b5a7ee7ed407\",\"name\":\"ficoba\",\"image\":{\"@type\":\"ImageObject\",\"inLanguage\":\"es\",\"@id\":\"https:\/\/www.ficoba.org\/es\/#\/schema\/person\/image\/\",\"url\":\"https:\/\/secure.gravatar.com\/avatar\/c90cc0e07f75fecbe4165c1906a4cd61b0179a28caae2205d37516e4fb7c30c1?s=96&d=mm&r=g\",\"contentUrl\":\"https:\/\/secure.gravatar.com\/avatar\/c90cc0e07f75fecbe4165c1906a4cd61b0179a28caae2205d37516e4fb7c30c1?s=96&d=mm&r=g\",\"caption\":\"ficoba\"}}]}<\/script>\n<!-- \/ Yoast SEO plugin. -->","yoast_head_json":{"title":"Este fin de semana cita con Caravantur 2019 en Ficoba - Ficoba","robots":{"index":"index","follow":"follow","max-snippet":"max-snippet:-1","max-image-preview":"max-image-preview:large","max-video-preview":"max-video-preview:-1"},"canonical":"https:\/\/www.ficoba.org\/es\/este-fin-de-semana-cita-con-caravantur-2019-en-ficoba\/","twitter_misc":{"Escrito por":"ficoba","Tiempo de lectura":"2 minutos"},"schema":{"@context":"https:\/\/schema.org","@graph":[{"@type":"Article","@id":"https:\/\/www.ficoba.org\/es\/este-fin-de-semana-cita-con-caravantur-2019-en-ficoba\/#article","isPartOf":{"@id":"https:\/\/www.ficoba.org\/es\/este-fin-de-semana-cita-con-caravantur-2019-en-ficoba\/"},"author":{"name":"ficoba","@id":"https:\/\/www.ficoba.org\/es\/#\/schema\/person\/8a96a121e5dbd393e6e6b5a7ee7ed407"},"headline":"Este fin de semana cita con Caravantur 2019 en Ficoba","datePublished":"2019-05-10T10:13:37+00:00","mainEntityOfPage":{"@id":"https:\/\/www.ficoba.org\/es\/este-fin-de-semana-cita-con-caravantur-2019-en-ficoba\/"},"wordCount":365,"commentCount":0,"publisher":{"@id":"https:\/\/www.ficoba.org\/es\/#organization"},"image":{"@id":"https:\/\/www.ficoba.org\/es\/este-fin-de-semana-cita-con-caravantur-2019-en-ficoba\/#primaryimage"},"thumbnailUrl":"https:\/\/www.ficoba.org\/wp-content\/uploads\/2019\/05\/Caravantur-1.jpg","keywords":["Caravanas","ocio"],"articleSection":["Eventos y ferias"],"inLanguage":"es","potentialAction":[{"@type":"CommentAction","name":"Comment","target":["https:\/\/www.ficoba.org\/es\/este-fin-de-semana-cita-con-caravantur-2019-en-ficoba\/#respond"]}]},{"@type":"WebPage","@id":"https:\/\/www.ficoba.org\/es\/este-fin-de-semana-cita-con-caravantur-2019-en-ficoba\/","url":"https:\/\/www.ficoba.org\/es\/este-fin-de-semana-cita-con-caravantur-2019-en-ficoba\/","name":"Este fin de semana cita con Caravantur 2019 en Ficoba - Ficoba","isPartOf":{"@id":"https:\/\/www.ficoba.org\/es\/#website"},"primaryImageOfPage":{"@id":"https:\/\/www.ficoba.org\/es\/este-fin-de-semana-cita-con-caravantur-2019-en-ficoba\/#primaryimage"},"image":{"@id":"https:\/\/www.ficoba.org\/es\/este-fin-de-semana-cita-con-caravantur-2019-en-ficoba\/#primaryimage"},"thumbnailUrl":"https:\/\/www.ficoba.org\/wp-content\/uploads\/2019\/05\/Caravantur-1.jpg","datePublished":"2019-05-10T10:13:37+00:00","breadcrumb":{"@id":"https:\/\/www.ficoba.org\/es\/este-fin-de-semana-cita-con-caravantur-2019-en-ficoba\/#breadcrumb"},"inLanguage":"es","potentialAction":[{"@type":"ReadAction","target":["https:\/\/www.ficoba.org\/es\/este-fin-de-semana-cita-con-caravantur-2019-en-ficoba\/"]}]},{"@type":"ImageObject","inLanguage":"es","@id":"https:\/\/www.ficoba.org\/es\/este-fin-de-semana-cita-con-caravantur-2019-en-ficoba\/#primaryimage","url":"https:\/\/www.ficoba.org\/wp-content\/uploads\/2019\/05\/Caravantur-1.jpg","contentUrl":"https:\/\/www.ficoba.org\/wp-content\/uploads\/2019\/05\/Caravantur-1.jpg","width":2592,"height":1936},{"@type":"BreadcrumbList","@id":"https:\/\/www.ficoba.org\/es\/este-fin-de-semana-cita-con-caravantur-2019-en-ficoba\/#breadcrumb","itemListElement":[{"@type":"ListItem","position":1,"name":"Portada","item":"https:\/\/www.ficoba.org\/es\/"},{"@type":"ListItem","position":2,"name":"Este fin de semana cita con Caravantur 2019 en Ficoba"}]},{"@type":"WebSite","@id":"https:\/\/www.ficoba.org\/es\/#website","url":"https:\/\/www.ficoba.org\/es\/","name":"Ficoba, Recinto Ferial de Gipuzkoa","description":"Ficoba, recinto ferial de Gipuzkoa","publisher":{"@id":"https:\/\/www.ficoba.org\/es\/#organization"},"alternateName":"Ficoba","potentialAction":[{"@type":"SearchAction","target":{"@type":"EntryPoint","urlTemplate":"https:\/\/www.ficoba.org\/es\/?s={search_term_string}"},"query-input":{"@type":"PropertyValueSpecification","valueRequired":true,"valueName":"search_term_string"}}],"inLanguage":"es"},{"@type":"Organization","@id":"https:\/\/www.ficoba.org\/es\/#organization","name":"Ficoba, Reciento Ferial de Gipuzkoa","url":"https:\/\/www.ficoba.org\/es\/","logo":{"@type":"ImageObject","inLanguage":"es","@id":"https:\/\/www.ficoba.org\/es\/#\/schema\/logo\/image\/","url":"https:\/\/www.ficoba.org\/wp-content\/uploads\/2018\/11\/logo_ficoba.png","contentUrl":"https:\/\/www.ficoba.org\/wp-content\/uploads\/2018\/11\/logo_ficoba.png","width":200,"height":124,"caption":"Ficoba, Reciento Ferial de Gipuzkoa"},"image":{"@id":"https:\/\/www.ficoba.org\/es\/#\/schema\/logo\/image\/"},"sameAs":["https:\/\/www.facebook.com\/FICOBAFUNDAZIOA\/","https:\/\/x.com\/FicobaFundazioa","https:\/\/www.youtube.com\/channel\/UCvo2JGluemyCf5KPRmEF9JQ","https:\/\/www.linkedin.com\/company\/ficoba\/","https:\/\/www.instagram.com\/ficobafundazioa\/"]},{"@type":"Person","@id":"https:\/\/www.ficoba.org\/es\/#\/schema\/person\/8a96a121e5dbd393e6e6b5a7ee7ed407","name":"ficoba","image":{"@type":"ImageObject","inLanguage":"es","@id":"https:\/\/www.ficoba.org\/es\/#\/schema\/person\/image\/","url":"https:\/\/secure.gravatar.com\/avatar\/c90cc0e07f75fecbe4165c1906a4cd61b0179a28caae2205d37516e4fb7c30c1?s=96&d=mm&r=g","contentUrl":"https:\/\/secure.gravatar.com\/avatar\/c90cc0e07f75fecbe4165c1906a4cd61b0179a28caae2205d37516e4fb7c30c1?s=96&d=mm&r=g","caption":"ficoba"}}]}},"_links":{"self":[{"href":"https:\/\/www.ficoba.org\/es\/wp-json\/wp\/v2\/posts\/4969","targetHints":{"allow":["GET"]}}],"collection":[{"href":"https:\/\/www.ficoba.org\/es\/wp-json\/wp\/v2\/posts"}],"about":[{"href":"https:\/\/www.ficoba.org\/es\/wp-json\/wp\/v2\/types\/post"}],"author":[{"embeddable":true,"href":"https:\/\/www.ficoba.org\/es\/wp-json\/wp\/v2\/users\/2"}],"replies":[{"embeddable":true,"href":"https:\/\/www.ficoba.org\/es\/wp-json\/wp\/v2\/comments?post=4969"}],"version-history":[{"count":0,"href":"https:\/\/www.ficoba.org\/es\/wp-json\/wp\/v2\/posts\/4969\/revisions"}],"wp:featuredmedia":[{"embeddable":true,"href":"https:\/\/www.ficoba.org\/es\/wp-json\/wp\/v2\/media\/4970"}],"wp:attachment":[{"href":"https:\/\/www.ficoba.org\/es\/wp-json\/wp\/v2\/media?parent=4969"}],"wp:term":[{"taxonomy":"category","embeddable":true,"href":"https:\/\/www.ficoba.org\/es\/wp-json\/wp\/v2\/categories?post=4969"},{"taxonomy":"post_tag","embeddable":true,"href":"https:\/\/www.ficoba.org\/es\/wp-json\/wp\/v2\/tags?post=4969"}],"curies":[{"name":"wp","href":"https:\/\/api.w.org\/{rel}","templated":true}]}}